{"id":9802,"date":"2010-11-10T10:03:39","date_gmt":"2010-11-10T09:03:39","guid":{"rendered":"http:\/\/konsumpf.de\/?p=9802"},"modified":"2010-11-07T22:34:38","modified_gmt":"2010-11-07T21:34:38","slug":"die-transition-konferenz-in-hannover","status":"publish","type":"post","link":"https:\/\/konsumpf.de\/?p=9802","title":{"rendered":"Die Transition-Konferenz in Hannover"},"content":{"rendered":"<p><img loading=\"lazy\" decoding=\"async\" class=\"aligncenter size-full wp-image-9805\" title=\"transitionhouses\" src=\"http:\/\/konsumpf.de\/wp-content\/uploads\/2010\/11\/transitionhouses2.jpg\" alt=\"\" width=\"499\" height=\"179\" srcset=\"https:\/\/konsumpf.de\/wp-content\/uploads\/2010\/11\/transitionhouses2.jpg 640w, https:\/\/konsumpf.de\/wp-content\/uploads\/2010\/11\/transitionhouses2-250x89.jpg 250w, https:\/\/konsumpf.de\/wp-content\/uploads\/2010\/11\/transitionhouses2-300x107.jpg 300w\" sizes=\"(max-width: 499px) 100vw, 499px\" \/><\/p>\n<p>Wer darauf hofft, dass die Politiker in Berlin irgendwelche ernstzunehmenden Schritte in Richtung Selbstversorgung, lebenswerte Zukunft und Nachhaltigkeit f\u00fcr die Gesellschaft untenehmen werden, kann vermutlich lange warten, wie man an den katastrophalen Entscheidungen der letzten Jahre &amp; Jahrzehnte sieht. Aus diesem Grunde hat sich seit einigen Jahre in mehreren L\u00e4ndern die sog.<strong> Transition Town<\/strong>-Bewegung gebildet, \u00fcber die ich hier im Blog ja auch schon berichtete (<a href=\"http:\/\/konsumpf.de\/?p=7425\">HIER<\/a>) und die die B\u00fcrger aktivieren will, selbst etwas vor Ort zu unernehmen. Noch mal kurz rekapituliert bzw. aus Wikipedia zitiert, worum es bei den Transition Towns geht:<\/p>\n<blockquote><p>Im Rahmen des <strong>Transition Town<\/strong> Movement (etwa &#8220;Bewegung f\u00fcr eine  Stadt des \u00dcbergangs\/Wandels&#8221;) proben seit 2006 Umwelt- und  Nachhaltigkeitsinitiativen in vielen St\u00e4dten und Gemeinden der Welt den  geplanten \u00dcbergang in eine postfossile, relokalisierte Wirtschaft. Die  Bewegung, initiiert von dem irischen Permakulturalisten <a href=\"http:\/\/www.transitionculture.org\/\" target=\"_blank\"><strong>Rob Hopkins<\/strong><\/a>,  l\u00e4sst sich dem v.a. in den USA weit verbreiteten Gedanken des  &#8220;Eco-Communalism&#8221; zuordnen, einer Umweltphilosophie, die angesichts  schwindender Rohstoffe und negativer \u00f6kologischer Auswirkungen der  Globalisierung die Idee des &#8220;einfachen Lebens&#8221;, der Regional- bzw.  lokalen Wirtschaft sowie der Nachhaltigkeit und der wirtschaftlichen  Selbstversorgung propagiert. Eine wichtige Rolle spielen auch die  Gestaltungsprinzipien der Permakultur, die es insbesondere  landwirtschaftlichen, aber auch allgemein-gesellschaftlichen Systemen  erm\u00f6glichen sollen, so effizient und energiesparend zu funktionieren wie  ein nat\u00fcrliches \u00d6kosystem.<\/p><\/blockquote>\n<p>Auch in Deutschland gibt es immer mehr solche Initiativen, die nat\u00fcrlich meist noch am Anfang stehen. Um f\u00fcr eine gr\u00f6\u00dfere Vernetzung und einen Informationsaustausch zu sorgen, wird vom <strong>19.\u201321.11. in Hannover<\/strong> die erste <strong>Transiton Konferenz<\/strong> stattfinden. Auf der <a href=\"http:\/\/www.transition-initiativen.de\/page\/transition-konferenz\">Website der Konferenz<\/a> k\u00f6nnt Ihr Euch ausf\u00fchrlicher informieren, hier ein kurzer \u00dcberblick:<\/p>\n<blockquote><p><strong>Allgemeines:<\/strong><\/p>\n<p>Die erste deutschsprachige Transition-Konferenz findet vom 19.-21.11.2010 in Hannover statt. Eingeladen sind alle, die sich der Transition-Bewegung verbunden f\u00fchlen und selbst zum Wandel in Deutschland, der Schweiz, \u00d6sterreich und den Benelux-L\u00e4ndern beitragen m\u00f6chten.<\/p>\n<p>Erfolgreiche Transition-Initiativen werden ihre Erfahrungen teilen; zahlreiche Fachvortr\u00e4ge und -Workshops zu allen Themenbereichen des Energie- und Kulturwandels sind geplant.<\/p>\n<p>Wir wollen uns vernetzen und gemeinsam erforschen, was Transition im deutschsprachigen Raum sein kann und sein sollte. Wir m\u00f6chten zusammen diskutieren, lernen und lachen, tanzen und feiern.<\/p>\n<p><strong>Wann, wo, was?<\/strong><\/p>\n<p>&#8211; 19.11., 14 Uhr bis 21.11., 16 Uhr;<\/p>\n<p>&#8211; Stadtteilzentrum KroKuS, Hannover-Kronsberg;<\/p>\n<p>&#8211; Es ist Platz f\u00fcr 150 &#8211; max. 200 Teilnehmer\/innen<\/p>\n<p>Die Konferenz findet parallel zu den zeitgleichen Transition-Konferenzen in Schottland (Thema &#8220;Broadening&#8221;) und Brasilien statt; mit denen wir uns thematisch verlinken werden.<\/p>\n<p><strong>Programm:<\/strong><\/p>\n<p>Die Konferenz lebt vom Engagement ihrer Teilnehmer! Jeder kann, darf und sollte etwas beitragen, um die Konferenz zu einem echten Ereignis werden zu lassen. Wir haben viel voneinander zu lernen, also lasst uns miteinander in Austausch treten!<br \/>\nZu unterschiedlichsten Themen wird es Diskussionen und Vortr\u00e4ge, World Caf\u00e9s und Open Spaces geben.<br \/>\nDetails zum Programm finden sich hier:<a href=\"http:\/\/www.transition-initiativen.de\/page\/konferenz-programm\"><br \/>\nhttp:\/\/www.transition-initiativen.de\/page\/konferenz-programm<\/a><\/p>\n<p><strong>Das Drumherum:<\/strong><br \/>\nDamit das leibliche Wohl nicht zu kurz kommt, werden wir insgesamt dreimal (Samstagmittags und -abends, Sonntagmittags) mit vegetarischer Biokost von regionalen Erzeugern versorgt.<\/p><\/blockquote>\n<h3 class='related_post_title'>Verwandte Beitr\u00e4ge:<\/h3><ul class='related_post'><li><a href=\"http:\/\/konsumpf.de\/?p=4230\" title=\"Lesetipps: Gefr\u00e4\u00dfigmacher Glutamat | Selbstmorde trotz \u201egr\u00fcnem\u201c Apfel | Selbstversorgung: blo\u00df nicht zu streng sein\">Lesetipps: Gefr\u00e4\u00dfigmacher Glutamat | Selbstmorde trotz \u201egr\u00fcnem\u201c Apfel | Selbstversorgung: blo\u00df nicht zu streng sein<\/a><\/li><li><a href=\"http:\/\/konsumpf.de\/?p=15349\" title=\"Schluss mit schnell \u2013 Alternativen zur Turbo-Konsumgesellschaft\">Schluss mit schnell \u2013 Alternativen zur Turbo-Konsumgesellschaft<\/a><\/li><li><a href=\"http:\/\/konsumpf.de\/?p=15161\" title=\"Guerilla-Strom\">Guerilla-Strom<\/a><\/li><li><a href=\"http:\/\/konsumpf.de\/?p=14301\" title=\"Die Energiewende als unsoziales Projekt auf dem R\u00fccken der B\u00fcrger\">Die Energiewende als unsoziales Projekt auf dem R\u00fccken der B\u00fcrger<\/a><\/li><li><a href=\"http:\/\/konsumpf.de\/?p=14248\" title=\"Zwei interessante Veranstaltungen \u2013 Transition-Konferenz und Umundu-Festival\">Zwei interessante Veranstaltungen \u2013 Transition-Konferenz und Umundu-Festival<\/a><\/li><\/ul>","protected":false},"excerpt":{"rendered":"<p>Wer darauf hofft, dass die Politiker in Berlin irgendwelche ernstzunehmenden Schritte in Richtung Selbstversorgung, lebenswerte Zukunft und Nachhaltigkeit f\u00fcr die Gesellschaft untenehmen werden, kann vermutlich lange warten, wie man an den katastrophalen Entscheidungen der letzten Jahre &amp; Jahrzehnte sieht. Aus diesem Grunde hat sich seit einigen Jahre in mehreren L\u00e4ndern die sog. Transition Town-Bewegung gebildet, [&hellip;]<\/p>\n","protected":false},"author":1,"featured_media":0,"comment_status":"open","ping_status":"open","sticky":false,"template":"","format":"standard","meta":{"footnotes":""},"categories":[311,256,259,12,54,78],"tags":[896,1800,1103,1351,2868],"yoast_head":"<!-- This site is optimized with the Yoast SEO plugin v24.4 - https:\/\/yoast.com\/wordpress\/plugins\/seo\/ -->\n<title>Die Transition-Konferenz in Hannover - Konsumpf - Forum f\u00fcr kreative Konsumkritik - Culture Jamming, Nachhaltigkeit, Konzernkritik, Adbusting<\/title>\n<meta name=\"robots\" content=\"index, follow, max-snippet:-1, max-image-preview:large, max-video-preview:-1\" \/>\n<link rel=\"canonical\" href=\"https:\/\/konsumpf.de\/?p=9802\" \/>\n<meta property=\"og:locale\" content=\"de_DE\" \/>\n<meta property=\"og:type\" content=\"article\" \/>\n<meta property=\"og:title\" content=\"Die Transition-Konferenz in Hannover - Konsumpf - Forum f\u00fcr kreative Konsumkritik - Culture Jamming, Nachhaltigkeit, Konzernkritik, Adbusting\" \/>\n<meta property=\"og:description\" content=\"Wer darauf hofft, dass die Politiker in Berlin irgendwelche ernstzunehmenden Schritte in Richtung Selbstversorgung, lebenswerte Zukunft und Nachhaltigkeit f\u00fcr die Gesellschaft untenehmen werden, kann vermutlich lange warten, wie man an den katastrophalen Entscheidungen der letzten Jahre &amp; Jahrzehnte sieht. Aus diesem Grunde hat sich seit einigen Jahre in mehreren L\u00e4ndern die sog. Transition Town-Bewegung gebildet, [&hellip;]\" \/>\n<meta property=\"og:url\" content=\"https:\/\/konsumpf.de\/?p=9802\" \/>\n<meta property=\"og:site_name\" content=\"Konsumpf - Forum f\u00fcr kreative Konsumkritik - Culture Jamming, Nachhaltigkeit, Konzernkritik, Adbusting\" \/>\n<meta property=\"article:published_time\" content=\"2010-11-10T09:03:39+00:00\" \/>\n<meta property=\"og:image\" content=\"http:\/\/konsumpf.de\/wp-content\/uploads\/2010\/11\/transitionhouses2.jpg\" \/>\n<meta name=\"author\" content=\"Peter M.\" \/>\n<meta name=\"twitter:card\" content=\"summary_large_image\" \/>\n<meta name=\"twitter:label1\" content=\"Verfasst von\" \/>\n\t<meta name=\"twitter:data1\" content=\"Peter M.\" \/>\n\t<meta name=\"twitter:label2\" content=\"Gesch\u00e4tzte Lesezeit\" \/>\n\t<meta name=\"twitter:data2\" content=\"2\u00a0Minuten\" \/>\n<script type=\"application\/ld+json\" class=\"yoast-schema-graph\">{\"@context\":\"https:\/\/schema.org\",\"@graph\":[{\"@type\":\"WebPage\",\"@id\":\"https:\/\/konsumpf.de\/?p=9802\",\"url\":\"https:\/\/konsumpf.de\/?p=9802\",\"name\":\"Die Transition-Konferenz in Hannover - Konsumpf - Forum f\u00fcr kreative Konsumkritik - Culture Jamming, Nachhaltigkeit, Konzernkritik, Adbusting\",\"isPartOf\":{\"@id\":\"https:\/\/konsumpf.de\/#website\"},\"primaryImageOfPage\":{\"@id\":\"https:\/\/konsumpf.de\/?p=9802#primaryimage\"},\"image\":{\"@id\":\"https:\/\/konsumpf.de\/?p=9802#primaryimage\"},\"thumbnailUrl\":\"http:\/\/konsumpf.de\/wp-content\/uploads\/2010\/11\/transitionhouses2.jpg\",\"datePublished\":\"2010-11-10T09:03:39+00:00\",\"author\":{\"@id\":\"https:\/\/konsumpf.de\/#\/schema\/person\/e595a6d286b26994e7e0926d70699070\"},\"breadcrumb\":{\"@id\":\"https:\/\/konsumpf.de\/?p=9802#breadcrumb\"},\"inLanguage\":\"de\",\"potentialAction\":[{\"@type\":\"ReadAction\",\"target\":[\"https:\/\/konsumpf.de\/?p=9802\"]}]},{\"@type\":\"ImageObject\",\"inLanguage\":\"de\",\"@id\":\"https:\/\/konsumpf.de\/?p=9802#primaryimage\",\"url\":\"https:\/\/konsumpf.de\/wp-content\/uploads\/2010\/11\/transitionhouses2.jpg\",\"contentUrl\":\"https:\/\/konsumpf.de\/wp-content\/uploads\/2010\/11\/transitionhouses2.jpg\",\"width\":\"640\",\"height\":\"230\"},{\"@type\":\"BreadcrumbList\",\"@id\":\"https:\/\/konsumpf.de\/?p=9802#breadcrumb\",\"itemListElement\":[{\"@type\":\"ListItem\",\"position\":1,\"name\":\"Startseite\",\"item\":\"https:\/\/konsumpf.de\/\"},{\"@type\":\"ListItem\",\"position\":2,\"name\":\"Die Transition-Konferenz in Hannover\"}]},{\"@type\":\"WebSite\",\"@id\":\"https:\/\/konsumpf.de\/#website\",\"url\":\"https:\/\/konsumpf.de\/\",\"name\":\"Konsumpf - Forum f\u00fcr kreative Konsumkritik - Culture Jamming, Nachhaltigkeit, Konzernkritik, Adbusting\",\"description\":\"\",\"potentialAction\":[{\"@type\":\"SearchAction\",\"target\":{\"@type\":\"EntryPoint\",\"urlTemplate\":\"https:\/\/konsumpf.de\/?s={search_term_string}\"},\"query-input\":{\"@type\":\"PropertyValueSpecification\",\"valueRequired\":true,\"valueName\":\"search_term_string\"}}],\"inLanguage\":\"de\"},{\"@type\":\"Person\",\"@id\":\"https:\/\/konsumpf.de\/#\/schema\/person\/e595a6d286b26994e7e0926d70699070\",\"name\":\"Peter M.\",\"sameAs\":[\"http:\/\/konsumpf.de\"]}]}<\/script>\n<!-- \/ Yoast SEO plugin. -->","yoast_head_json":{"title":"Die Transition-Konferenz in Hannover - Konsumpf - Forum f\u00fcr kreative Konsumkritik - Culture Jamming, Nachhaltigkeit, Konzernkritik, Adbusting","robots":{"index":"index","follow":"follow","max-snippet":"max-snippet:-1","max-image-preview":"max-image-preview:large","max-video-preview":"max-video-preview:-1"},"canonical":"https:\/\/konsumpf.de\/?p=9802","og_locale":"de_DE","og_type":"article","og_title":"Die Transition-Konferenz in Hannover - Konsumpf - Forum f\u00fcr kreative Konsumkritik - Culture Jamming, Nachhaltigkeit, Konzernkritik, Adbusting","og_description":"Wer darauf hofft, dass die Politiker in Berlin irgendwelche ernstzunehmenden Schritte in Richtung Selbstversorgung, lebenswerte Zukunft und Nachhaltigkeit f\u00fcr die Gesellschaft untenehmen werden, kann vermutlich lange warten, wie man an den katastrophalen Entscheidungen der letzten Jahre &amp; Jahrzehnte sieht. Aus diesem Grunde hat sich seit einigen Jahre in mehreren L\u00e4ndern die sog. Transition Town-Bewegung gebildet, [&hellip;]","og_url":"https:\/\/konsumpf.de\/?p=9802","og_site_name":"Konsumpf - Forum f\u00fcr kreative Konsumkritik - Culture Jamming, Nachhaltigkeit, Konzernkritik, Adbusting","article_published_time":"2010-11-10T09:03:39+00:00","og_image":[{"url":"http:\/\/konsumpf.de\/wp-content\/uploads\/2010\/11\/transitionhouses2.jpg","type":"","width":"","height":""}],"author":"Peter M.","twitter_card":"summary_large_image","twitter_misc":{"Verfasst von":"Peter M.","Gesch\u00e4tzte Lesezeit":"2\u00a0Minuten"},"schema":{"@context":"https:\/\/schema.org","@graph":[{"@type":"WebPage","@id":"https:\/\/konsumpf.de\/?p=9802","url":"https:\/\/konsumpf.de\/?p=9802","name":"Die Transition-Konferenz in Hannover - Konsumpf - Forum f\u00fcr kreative Konsumkritik - Culture Jamming, Nachhaltigkeit, Konzernkritik, Adbusting","isPartOf":{"@id":"https:\/\/konsumpf.de\/#website"},"primaryImageOfPage":{"@id":"https:\/\/konsumpf.de\/?p=9802#primaryimage"},"image":{"@id":"https:\/\/konsumpf.de\/?p=9802#primaryimage"},"thumbnailUrl":"http:\/\/konsumpf.de\/wp-content\/uploads\/2010\/11\/transitionhouses2.jpg","datePublished":"2010-11-10T09:03:39+00:00","author":{"@id":"https:\/\/konsumpf.de\/#\/schema\/person\/e595a6d286b26994e7e0926d70699070"},"breadcrumb":{"@id":"https:\/\/konsumpf.de\/?p=9802#breadcrumb"},"inLanguage":"de","potentialAction":[{"@type":"ReadAction","target":["https:\/\/konsumpf.de\/?p=9802"]}]},{"@type":"ImageObject","inLanguage":"de","@id":"https:\/\/konsumpf.de\/?p=9802#primaryimage","url":"https:\/\/konsumpf.de\/wp-content\/uploads\/2010\/11\/transitionhouses2.jpg","contentUrl":"https:\/\/konsumpf.de\/wp-content\/uploads\/2010\/11\/transitionhouses2.jpg","width":"640","height":"230"},{"@type":"BreadcrumbList","@id":"https:\/\/konsumpf.de\/?p=9802#breadcrumb","itemListElement":[{"@type":"ListItem","position":1,"name":"Startseite","item":"https:\/\/konsumpf.de\/"},{"@type":"ListItem","position":2,"name":"Die Transition-Konferenz in Hannover"}]},{"@type":"WebSite","@id":"https:\/\/konsumpf.de\/#website","url":"https:\/\/konsumpf.de\/","name":"Konsumpf - Forum f\u00fcr kreative Konsumkritik - Culture Jamming, Nachhaltigkeit, Konzernkritik, Adbusting","description":"","potentialAction":[{"@type":"SearchAction","target":{"@type":"EntryPoint","urlTemplate":"https:\/\/konsumpf.de\/?s={search_term_string}"},"query-input":{"@type":"PropertyValueSpecification","valueRequired":true,"valueName":"search_term_string"}}],"inLanguage":"de"},{"@type":"Person","@id":"https:\/\/konsumpf.de\/#\/schema\/person\/e595a6d286b26994e7e0926d70699070","name":"Peter M.","sameAs":["http:\/\/konsumpf.de"]}]}},"_links":{"self":[{"href":"https:\/\/konsumpf.de\/index.php?rest_route=\/wp\/v2\/posts\/9802"}],"collection":[{"href":"https:\/\/konsumpf.de\/index.php?rest_route=\/wp\/v2\/posts"}],"about":[{"href":"https:\/\/konsumpf.de\/index.php?rest_route=\/wp\/v2\/types\/post"}],"author":[{"embeddable":true,"href":"https:\/\/konsumpf.de\/index.php?rest_route=\/wp\/v2\/users\/1"}],"replies":[{"embeddable":true,"href":"https:\/\/konsumpf.de\/index.php?rest_route=%2Fwp%2Fv2%2Fcomments&post=9802"}],"version-history":[{"count":7,"href":"https:\/\/konsumpf.de\/index.php?rest_route=\/wp\/v2\/posts\/9802\/revisions"}],"predecessor-version":[{"id":9812,"href":"https:\/\/konsumpf.de\/index.php?rest_route=\/wp\/v2\/posts\/9802\/revisions\/9812"}],"wp:attachment":[{"href":"https:\/\/konsumpf.de\/index.php?rest_route=%2Fwp%2Fv2%2Fmedia&parent=9802"}],"wp:term":[{"taxonomy":"category","embeddable":true,"href":"https:\/\/konsumpf.de\/index.php?rest_route=%2Fwp%2Fv2%2Fcategories&post=9802"},{"taxonomy":"post_tag","embeddable":true,"href":"https:\/\/konsumpf.de\/index.php?rest_route=%2Fwp%2Fv2%2Ftags&post=9802"}],"curies":[{"name":"wp","href":"https:\/\/api.w.org\/{rel}","templated":true}]}}