{"id":9798,"date":"2010-11-12T10:12:11","date_gmt":"2010-11-12T09:12:11","guid":{"rendered":"http:\/\/konsumpf.de\/?p=9798"},"modified":"2010-11-12T11:44:07","modified_gmt":"2010-11-12T10:44:07","slug":"meine-kundigung-der-fernsehzeitschrift","status":"publish","type":"post","link":"https:\/\/konsumpf.de\/?p=9798","title":{"rendered":"Meine K\u00fcndigung der Fernsehzeitschrift&#8230;"},"content":{"rendered":"<p><img loading=\"lazy\" decoding=\"async\" class=\"alignright size-full wp-image-9836\" title=\"tv_discarded\" src=\"http:\/\/konsumpf.de\/wp-content\/uploads\/2010\/11\/tv_discarded.jpg\" alt=\"\" width=\"230\" height=\"176\" srcset=\"https:\/\/konsumpf.de\/wp-content\/uploads\/2010\/11\/tv_discarded.jpg 300w, https:\/\/konsumpf.de\/wp-content\/uploads\/2010\/11\/tv_discarded-250x191.jpg 250w\" sizes=\"(max-width: 230px) 100vw, 230px\" \/>&#8230; liegt nun gl\u00fccklicherweise schon weit \u00fcber zwei Jahre zur\u00fcck, geschah also noch in der Vor-Konsumpf-Zeit, aber als ich neulich zuf\u00e4llig \u00fcber mein K\u00fcndigungsschreiben an die TV Today stie\u00df, dachte ich, dass dieses sehr gut in meinem Blog passt. Zu dem damaligen Zeitpunkt hatte ich sowieso nur noch sporadisch in diese Zeitschrift geschaut, da mich das Fernsehprogramm nicht mehr nennenswert interessierte \u2013 die Sendetermine der paar interessanten Dokus und kritischen Magazine bekommt man schlie\u00dflich auch so mit. Auf jeden Fall nervte mich die TVT schon seit l\u00e4ngerem mit der ganzen Aufmachung und den (abseits des Programmteils) grauenhaften kommerziellen Inhalten, so dass ich mich dazu gen\u00f6tigt f\u00fchlte, meine K\u00fcndigung mit folgendem Schreiben zu begleiten:<br \/>\n<!--more--><br \/>\n&#8212;&#8212;&#8212;&#8212;&#8212;<\/p>\n<p>Guten Tag!<\/p>\n<p>Ich habe mich nach l\u00e4ngerem Hin- und Her\u00fcberlegen heute dazu entschlossen,<br \/>\nmein langj\u00e4hriges TV Today-Abo zum n\u00e4chstm\u00f6glichen Zeitpunkt zu k\u00fcndigen.<br \/>\nDamit Sie diese K\u00fcndigung auch zur redaktionellen Selbsterkenntnis nutzen<br \/>\nk\u00f6nnen, will ich Ihnen meine Gr\u00fcnde kurz schildern:<\/p>\n<p>1. Das Titelblatt \u2013 seit jeher nervte mich diese langweilige, stereotype,<br \/>\nmit Photoshop aufgesch\u00f6nte Darstellung irgendwelcher (nahezu immer<br \/>\nweiblichen) \u201cStars\u201d. Ich wei\u00df nicht, ob Sie mal in einen Laden gegangen sind<br \/>\nund sich das dortige Regal mit Fernsehzeitschriften angeschaut haben \u2013 sie<br \/>\nsehen alle gleich aus, man kann keinen Unterschied feststellen, lediglich in<br \/>\nder Wahl des Motivs gibt es mal Variationen. Das ist so unglaublich<br \/>\nl\u00e4cherlich, es sollte Ihrem Verlag eigentlich selbst peinlich sein, denn ich<br \/>\nbin ja sicher nicht der einzige, dem das auff\u00e4llt. (\u00dcbrigens lassen viele<br \/>\nIhrer Retuschen, die Sie den Frauen auf dem Titelblatt angedeihen lassen,<br \/>\ndiese wie Zombies aussehen, vollkommen k\u00fcnstlich und leblos.)<\/p>\n<p>2. Ihr Heft ist (wie ja leider alle anderen auch) mit Reklame so<br \/>\nzugepflastert, dass das Durchbl\u00e4ttern eine Qual ist. Besonders schlimm finde<br \/>\nich die Reklameverherrlichung in Ihrer eigens dem Konsummarketing gewidmeten<br \/>\nRubrik gegen Ende des Hefts, wo Leser die besten Werbespots usw. w\u00e4hlen. Das<br \/>\nfinde ich sehr \u00fcbel, da man Reklame nicht noch zur eigenen Kunstform<br \/>\nhochstilisieren sollte. Werbung dient n\u00e4mlich einzig und allein dem Zweck,<br \/>\ndass die Leute kaufen, kaufen, kaufen &#8211; durch Ihre Rubrik wird das &#8220;sch\u00f6n&#8221;<br \/>\nverschleiert bzw. die Reklamespots dem Leser noch mal nachtr\u00e4glich ins<br \/>\nBewusstsein gerufen.<\/p>\n<p>3. In der letzten Ausgabe fand ich eine Formulierung, die leider auch als<br \/>\nEssenz von Ihrem und vergleichbaren &#8220;Lifestyle&#8221;-Heften gelten kann:<\/p>\n<p>&#8220;Pop liebt Hollywood &#8211; Wir sehen sie auf der Leinwand, \u00fcberlebensgro\u00df, und<br \/>\nhinterher geistern sie durch unsere Tr\u00e4ume. Hollywood-Stars sind der Stoff,<br \/>\nder Fantasien befeuert.&#8221;<\/p>\n<p>F\u00fcr mich gilt diese Aussage gl\u00fccklicherweise nicht, aber ich m\u00f6chte auch<br \/>\nkein Heft lesen &amp; mit meinem Geld unterst\u00fctzen, das so etwas noch f\u00f6rdert &amp;<br \/>\npropagiert (z.B. durch die Titelblattwahl).<\/p>\n<p>\u00dcbrigens, keine Angst, ich werde auch nicht auf eine Ihrer<br \/>\nKonkurrenzzeitschriften ausweichen, da obige Punkte ja letztlich f\u00fcr die<br \/>\nmeisten (irgendwie geklont wirkenden) TV-Magazine heutzutage zutreffen.<\/p>\n<p>Viele Gr\u00fc\u00dfe,<br \/>\nPeter Marwitz<br \/>\nKiel<\/p>\n<p>&#8212;&#8212;&#8212;<\/p>\n<p><img loading=\"lazy\" decoding=\"async\" class=\"alignright size-medium wp-image-9833\" title=\"ps disastershibloodyseido\" src=\"http:\/\/konsumpf.de\/wp-content\/uploads\/2010\/11\/ps-disastershibloodyseido-230x300.jpg\" alt=\"\" width=\"230\" height=\"300\" srcset=\"https:\/\/konsumpf.de\/wp-content\/uploads\/2010\/11\/ps-disastershibloodyseido-230x300.jpg 230w, https:\/\/konsumpf.de\/wp-content\/uploads\/2010\/11\/ps-disastershibloodyseido-191x249.jpg 191w, https:\/\/konsumpf.de\/wp-content\/uploads\/2010\/11\/ps-disastershibloodyseido.jpg 590w\" sizes=\"(max-width: 230px) 100vw, 230px\" \/>Eine richtige Antwort bekam ich darauf nat\u00fcrlich nicht, nur das \u00fcbliche Standardschreiben und einen Anruf einer Mitarbeiterin, die den Brief offenbar gar nicht gelesen hatte (und der ich dann in Kurzform meine Beweggr\u00fcnde noch mal darlegte). \u00dcbrigens, zum Thema \u201ezu Tode-Photoshoppen\u201c von Models\/Stars etc. empfehle ich auch den immer sehr am\u00fcsanten Blog <a href=\"http:\/\/www.psdisasters.com\"><strong>Photoshop Disasters<\/strong><\/a>, der die vielen v\u00f6llig danebengegangenen Versuche, Promis zu retouchieren und \u201enoch\u201c sexier etc. zu machen, dokumentiert.<br \/>\n<img loading=\"lazy\" decoding=\"async\" src=\"http:\/\/vg07.met.vgwort.de\/na\/68da7ae6054b431bafc94f66a817f904\" width=\"1\" height=\"1\" alt=\"\"><\/p>\n<h3 class='related_post_title'>Verwandte Beitr\u00e4ge:<\/h3><ul class='related_post'><li><a href=\"http:\/\/konsumpf.de\/?p=11392\" title=\"Dauerwerbesendung als Programm \u2013 RTL und der \u201eUndercover Boss\u201c\">Dauerwerbesendung als Programm \u2013 RTL und der \u201eUndercover Boss\u201c<\/a><\/li><li><a href=\"http:\/\/konsumpf.de\/?p=9135\" title=\"Die verdeckte PR im Boulevard\">Die verdeckte PR im Boulevard<\/a><\/li><li><a href=\"http:\/\/konsumpf.de\/?p=5167\" title=\"Product Placement im Fernsehen wird zuk\u00fcnftig noch pr\u00e4senter werden\">Product Placement im Fernsehen wird zuk\u00fcnftig noch pr\u00e4senter werden<\/a><\/li><li><a href=\"http:\/\/konsumpf.de\/?p=13191\" title=\"Schleichwerbung macht sich breit\">Schleichwerbung macht sich breit<\/a><\/li><li><a href=\"http:\/\/konsumpf.de\/?p=10731\" title=\"Eine kurze Geschichte des Product Placement in Filmen\">Eine kurze Geschichte des Product Placement in Filmen<\/a><\/li><\/ul>","protected":false},"excerpt":{"rendered":"<p>&#8230; liegt nun gl\u00fccklicherweise schon weit \u00fcber zwei Jahre zur\u00fcck, geschah also noch in der Vor-Konsumpf-Zeit, aber als ich neulich zuf\u00e4llig \u00fcber mein K\u00fcndigungsschreiben an die TV Today stie\u00df, dachte ich, dass dieses sehr gut in meinem Blog passt. Zu dem damaligen Zeitpunkt hatte ich sowieso nur noch sporadisch in diese Zeitschrift geschaut, da mich [&hellip;]<\/p>\n","protected":false},"author":1,"featured_media":0,"comment_status":"open","ping_status":"open","sticky":false,"template":"","format":"standard","meta":{"footnotes":""},"categories":[34,20],"tags":[2864,2867,1808,459,906,2859,1740,1806,1807],"yoast_head":"<!-- This site is optimized with the Yoast SEO plugin v24.4 - https:\/\/yoast.com\/wordpress\/plugins\/seo\/ -->\n<title>Meine K\u00fcndigung der Fernsehzeitschrift... - Konsumpf - Forum f\u00fcr kreative Konsumkritik - Culture Jamming, Nachhaltigkeit, Konzernkritik, Adbusting<\/title>\n<meta name=\"robots\" content=\"index, follow, max-snippet:-1, max-image-preview:large, max-video-preview:-1\" \/>\n<link rel=\"canonical\" href=\"https:\/\/konsumpf.de\/?p=9798\" \/>\n<meta property=\"og:locale\" content=\"de_DE\" \/>\n<meta property=\"og:type\" content=\"article\" \/>\n<meta property=\"og:title\" content=\"Meine K\u00fcndigung der Fernsehzeitschrift... - Konsumpf - Forum f\u00fcr kreative Konsumkritik - Culture Jamming, Nachhaltigkeit, Konzernkritik, Adbusting\" \/>\n<meta property=\"og:description\" content=\"&#8230; liegt nun gl\u00fccklicherweise schon weit \u00fcber zwei Jahre zur\u00fcck, geschah also noch in der Vor-Konsumpf-Zeit, aber als ich neulich zuf\u00e4llig \u00fcber mein K\u00fcndigungsschreiben an die TV Today stie\u00df, dachte ich, dass dieses sehr gut in meinem Blog passt. Zu dem damaligen Zeitpunkt hatte ich sowieso nur noch sporadisch in diese Zeitschrift geschaut, da mich [&hellip;]\" \/>\n<meta property=\"og:url\" content=\"https:\/\/konsumpf.de\/?p=9798\" \/>\n<meta property=\"og:site_name\" content=\"Konsumpf - Forum f\u00fcr kreative Konsumkritik - Culture Jamming, Nachhaltigkeit, Konzernkritik, Adbusting\" \/>\n<meta property=\"article:published_time\" content=\"2010-11-12T09:12:11+00:00\" \/>\n<meta property=\"article:modified_time\" content=\"2010-11-12T10:44:07+00:00\" \/>\n<meta property=\"og:image\" content=\"http:\/\/konsumpf.de\/wp-content\/uploads\/2010\/11\/tv_discarded.jpg\" \/>\n<meta name=\"author\" content=\"Peter M.\" \/>\n<meta name=\"twitter:card\" content=\"summary_large_image\" \/>\n<meta name=\"twitter:label1\" content=\"Verfasst von\" \/>\n\t<meta name=\"twitter:data1\" content=\"Peter M.\" \/>\n\t<meta name=\"twitter:label2\" content=\"Gesch\u00e4tzte Lesezeit\" \/>\n\t<meta name=\"twitter:data2\" content=\"3\u00a0Minuten\" \/>\n<script type=\"application\/ld+json\" class=\"yoast-schema-graph\">{\"@context\":\"https:\/\/schema.org\",\"@graph\":[{\"@type\":\"WebPage\",\"@id\":\"https:\/\/konsumpf.de\/?p=9798\",\"url\":\"https:\/\/konsumpf.de\/?p=9798\",\"name\":\"Meine K\u00fcndigung der Fernsehzeitschrift... - Konsumpf - Forum f\u00fcr kreative Konsumkritik - Culture Jamming, Nachhaltigkeit, Konzernkritik, Adbusting\",\"isPartOf\":{\"@id\":\"https:\/\/konsumpf.de\/#website\"},\"primaryImageOfPage\":{\"@id\":\"https:\/\/konsumpf.de\/?p=9798#primaryimage\"},\"image\":{\"@id\":\"https:\/\/konsumpf.de\/?p=9798#primaryimage\"},\"thumbnailUrl\":\"http:\/\/konsumpf.de\/wp-content\/uploads\/2010\/11\/tv_discarded.jpg\",\"datePublished\":\"2010-11-12T09:12:11+00:00\",\"dateModified\":\"2010-11-12T10:44:07+00:00\",\"author\":{\"@id\":\"https:\/\/konsumpf.de\/#\/schema\/person\/e595a6d286b26994e7e0926d70699070\"},\"breadcrumb\":{\"@id\":\"https:\/\/konsumpf.de\/?p=9798#breadcrumb\"},\"inLanguage\":\"de\",\"potentialAction\":[{\"@type\":\"ReadAction\",\"target\":[\"https:\/\/konsumpf.de\/?p=9798\"]}]},{\"@type\":\"ImageObject\",\"inLanguage\":\"de\",\"@id\":\"https:\/\/konsumpf.de\/?p=9798#primaryimage\",\"url\":\"https:\/\/konsumpf.de\/wp-content\/uploads\/2010\/11\/tv_discarded.jpg\",\"contentUrl\":\"https:\/\/konsumpf.de\/wp-content\/uploads\/2010\/11\/tv_discarded.jpg\",\"width\":\"300\",\"height\":\"230\"},{\"@type\":\"BreadcrumbList\",\"@id\":\"https:\/\/konsumpf.de\/?p=9798#breadcrumb\",\"itemListElement\":[{\"@type\":\"ListItem\",\"position\":1,\"name\":\"Startseite\",\"item\":\"https:\/\/konsumpf.de\/\"},{\"@type\":\"ListItem\",\"position\":2,\"name\":\"Meine K\u00fcndigung der Fernsehzeitschrift&#8230;\"}]},{\"@type\":\"WebSite\",\"@id\":\"https:\/\/konsumpf.de\/#website\",\"url\":\"https:\/\/konsumpf.de\/\",\"name\":\"Konsumpf - Forum f\u00fcr kreative Konsumkritik - Culture Jamming, Nachhaltigkeit, Konzernkritik, Adbusting\",\"description\":\"\",\"potentialAction\":[{\"@type\":\"SearchAction\",\"target\":{\"@type\":\"EntryPoint\",\"urlTemplate\":\"https:\/\/konsumpf.de\/?s={search_term_string}\"},\"query-input\":{\"@type\":\"PropertyValueSpecification\",\"valueRequired\":true,\"valueName\":\"search_term_string\"}}],\"inLanguage\":\"de\"},{\"@type\":\"Person\",\"@id\":\"https:\/\/konsumpf.de\/#\/schema\/person\/e595a6d286b26994e7e0926d70699070\",\"name\":\"Peter M.\",\"sameAs\":[\"http:\/\/konsumpf.de\"]}]}<\/script>\n<!-- \/ Yoast SEO plugin. -->","yoast_head_json":{"title":"Meine K\u00fcndigung der Fernsehzeitschrift... - Konsumpf - Forum f\u00fcr kreative Konsumkritik - Culture Jamming, Nachhaltigkeit, Konzernkritik, Adbusting","robots":{"index":"index","follow":"follow","max-snippet":"max-snippet:-1","max-image-preview":"max-image-preview:large","max-video-preview":"max-video-preview:-1"},"canonical":"https:\/\/konsumpf.de\/?p=9798","og_locale":"de_DE","og_type":"article","og_title":"Meine K\u00fcndigung der Fernsehzeitschrift... - Konsumpf - Forum f\u00fcr kreative Konsumkritik - Culture Jamming, Nachhaltigkeit, Konzernkritik, Adbusting","og_description":"&#8230; liegt nun gl\u00fccklicherweise schon weit \u00fcber zwei Jahre zur\u00fcck, geschah also noch in der Vor-Konsumpf-Zeit, aber als ich neulich zuf\u00e4llig \u00fcber mein K\u00fcndigungsschreiben an die TV Today stie\u00df, dachte ich, dass dieses sehr gut in meinem Blog passt. Zu dem damaligen Zeitpunkt hatte ich sowieso nur noch sporadisch in diese Zeitschrift geschaut, da mich [&hellip;]","og_url":"https:\/\/konsumpf.de\/?p=9798","og_site_name":"Konsumpf - Forum f\u00fcr kreative Konsumkritik - Culture Jamming, Nachhaltigkeit, Konzernkritik, Adbusting","article_published_time":"2010-11-12T09:12:11+00:00","article_modified_time":"2010-11-12T10:44:07+00:00","og_image":[{"url":"http:\/\/konsumpf.de\/wp-content\/uploads\/2010\/11\/tv_discarded.jpg","type":"","width":"","height":""}],"author":"Peter M.","twitter_card":"summary_large_image","twitter_misc":{"Verfasst von":"Peter M.","Gesch\u00e4tzte Lesezeit":"3\u00a0Minuten"},"schema":{"@context":"https:\/\/schema.org","@graph":[{"@type":"WebPage","@id":"https:\/\/konsumpf.de\/?p=9798","url":"https:\/\/konsumpf.de\/?p=9798","name":"Meine K\u00fcndigung der Fernsehzeitschrift... - Konsumpf - Forum f\u00fcr kreative Konsumkritik - Culture Jamming, Nachhaltigkeit, Konzernkritik, Adbusting","isPartOf":{"@id":"https:\/\/konsumpf.de\/#website"},"primaryImageOfPage":{"@id":"https:\/\/konsumpf.de\/?p=9798#primaryimage"},"image":{"@id":"https:\/\/konsumpf.de\/?p=9798#primaryimage"},"thumbnailUrl":"http:\/\/konsumpf.de\/wp-content\/uploads\/2010\/11\/tv_discarded.jpg","datePublished":"2010-11-12T09:12:11+00:00","dateModified":"2010-11-12T10:44:07+00:00","author":{"@id":"https:\/\/konsumpf.de\/#\/schema\/person\/e595a6d286b26994e7e0926d70699070"},"breadcrumb":{"@id":"https:\/\/konsumpf.de\/?p=9798#breadcrumb"},"inLanguage":"de","potentialAction":[{"@type":"ReadAction","target":["https:\/\/konsumpf.de\/?p=9798"]}]},{"@type":"ImageObject","inLanguage":"de","@id":"https:\/\/konsumpf.de\/?p=9798#primaryimage","url":"https:\/\/konsumpf.de\/wp-content\/uploads\/2010\/11\/tv_discarded.jpg","contentUrl":"https:\/\/konsumpf.de\/wp-content\/uploads\/2010\/11\/tv_discarded.jpg","width":"300","height":"230"},{"@type":"BreadcrumbList","@id":"https:\/\/konsumpf.de\/?p=9798#breadcrumb","itemListElement":[{"@type":"ListItem","position":1,"name":"Startseite","item":"https:\/\/konsumpf.de\/"},{"@type":"ListItem","position":2,"name":"Meine K\u00fcndigung der Fernsehzeitschrift&#8230;"}]},{"@type":"WebSite","@id":"https:\/\/konsumpf.de\/#website","url":"https:\/\/konsumpf.de\/","name":"Konsumpf - Forum f\u00fcr kreative Konsumkritik - Culture Jamming, Nachhaltigkeit, Konzernkritik, Adbusting","description":"","potentialAction":[{"@type":"SearchAction","target":{"@type":"EntryPoint","urlTemplate":"https:\/\/konsumpf.de\/?s={search_term_string}"},"query-input":{"@type":"PropertyValueSpecification","valueRequired":true,"valueName":"search_term_string"}}],"inLanguage":"de"},{"@type":"Person","@id":"https:\/\/konsumpf.de\/#\/schema\/person\/e595a6d286b26994e7e0926d70699070","name":"Peter M.","sameAs":["http:\/\/konsumpf.de"]}]}},"_links":{"self":[{"href":"https:\/\/konsumpf.de\/index.php?rest_route=\/wp\/v2\/posts\/9798"}],"collection":[{"href":"https:\/\/konsumpf.de\/index.php?rest_route=\/wp\/v2\/posts"}],"about":[{"href":"https:\/\/konsumpf.de\/index.php?rest_route=\/wp\/v2\/types\/post"}],"author":[{"embeddable":true,"href":"https:\/\/konsumpf.de\/index.php?rest_route=\/wp\/v2\/users\/1"}],"replies":[{"embeddable":true,"href":"https:\/\/konsumpf.de\/index.php?rest_route=%2Fwp%2Fv2%2Fcomments&post=9798"}],"version-history":[{"count":11,"href":"https:\/\/konsumpf.de\/index.php?rest_route=\/wp\/v2\/posts\/9798\/revisions"}],"predecessor-version":[{"id":9908,"href":"https:\/\/konsumpf.de\/index.php?rest_route=\/wp\/v2\/posts\/9798\/revisions\/9908"}],"wp:attachment":[{"href":"https:\/\/konsumpf.de\/index.php?rest_route=%2Fwp%2Fv2%2Fmedia&parent=9798"}],"wp:term":[{"taxonomy":"category","embeddable":true,"href":"https:\/\/konsumpf.de\/index.php?rest_route=%2Fwp%2Fv2%2Fcategories&post=9798"},{"taxonomy":"post_tag","embeddable":true,"href":"https:\/\/konsumpf.de\/index.php?rest_route=%2Fwp%2Fv2%2Ftags&post=9798"}],"curies":[{"name":"wp","href":"https:\/\/api.w.org\/{rel}","templated":true}]}}