{"id":9397,"date":"2010-10-25T17:47:43","date_gmt":"2010-10-25T15:47:43","guid":{"rendered":"http:\/\/konsumpf.de\/?p=9397"},"modified":"2010-10-26T19:11:36","modified_gmt":"2010-10-26T17:11:36","slug":"fernsehtipp-%e2%80%9ehunger%e2%80%9c-ard-2245-uhr","status":"publish","type":"post","link":"https:\/\/konsumpf.de\/?p=9397","title":{"rendered":"Fernsehtipp: \u201eHunger\u201c, ARD, 22:45 Uhr"},"content":{"rendered":"<p>In der ARD ist ja gerade Themenwoche Ern\u00e4hrung, und so l\u00e4uft heute um 22:45 Uhr die Dokumentation \u201e<a href=\"http:\/\/programm.ard.de\/TV\/daserste\/hunger\/eid_281066065641995#top\"><strong>Hunger<\/strong><\/a>\u201c von <strong>Marcus Vetter und Karin Steinberger<\/strong>:<\/p>\n<blockquote><p>Der Dokumentarfilm &#8220;Hunger&#8221; erz\u00e4hlt, wie Menschen, Gruppen und  Organisationen darum ringen, eine der schlimmsten sozialen, politischen  und \u00f6konomischen Trag\u00f6dien unserer Tage zu bew\u00e4ltigen: den Hunger in der  Welt.<\/p>\n<p>In f\u00fcnf L\u00e4ndern, oft jenseits der Grenzen von  Zivilisation und menschenw\u00fcrdiger Existenz, stellen Marcus Vetter (SWR)  und Karin Steinberger (SZ) die Frage, warum bisher viele Konzepte von  Entwicklungspolitik versagt haben. Von Haiti, wo die mittellosen Bauern  mit den Zauberworten Freihandelspolitik und Strukturanpassung gelockt  wurden, bis nach Kenia, wo die Eingeborenen wegen riesiger  Blumenplantagen einen unbezahlbaren Preis f\u00fcr Wasser entrichten sollen.  Warum ist die Bek\u00e4mpfung von Hunger so schwierig? Fakt ist: Es werden  zehn Prozent mehr Lebensmittel produziert als man ben\u00f6tigt, um alle  Menschen satt zu bekommen. Marcus Vetter und Karin Steinberger sind in  f\u00fcnf L\u00e4ndern auf Spurensuche gewesen: Was sind die Gr\u00fcnde f\u00fcr Hunger?<\/p><\/blockquote>\n<h3 class='related_post_title'>Verwandte Beitr\u00e4ge:<\/h3><ul class='related_post'><li><a href=\"http:\/\/konsumpf.de\/?p=14310\" title=\"Lesetipps: Propaganda f\u00fcr Agro-Konzerne | Konzerne sind Pl\u00fcnderer | Occupy Apple | Mann ohne Geld\">Lesetipps: Propaganda f\u00fcr Agro-Konzerne | Konzerne sind Pl\u00fcnderer | Occupy Apple | Mann ohne Geld<\/a><\/li><li><a href=\"http:\/\/konsumpf.de\/?p=12525\" title=\"Jean Ziegler &#8211; \u201eDer Aufstand des Gewissens\u201c\">Jean Ziegler &#8211; \u201eDer Aufstand des Gewissens\u201c<\/a><\/li><li><a href=\"http:\/\/konsumpf.de\/?p=10578\" title=\"Die Millenniums-Ziele kritisch und humorvoll beleuchtet\">Die Millenniums-Ziele kritisch und humorvoll beleuchtet<\/a><\/li><li><a href=\"http:\/\/konsumpf.de\/?p=3673\" title=\"Fernsehtipp: Gnadenlos billig \u2013 Der Handyboom und seine Folgen\">Fernsehtipp: Gnadenlos billig \u2013 Der Handyboom und seine Folgen<\/a><\/li><li><a href=\"http:\/\/konsumpf.de\/?p=15349\" title=\"Schluss mit schnell \u2013 Alternativen zur Turbo-Konsumgesellschaft\">Schluss mit schnell \u2013 Alternativen zur Turbo-Konsumgesellschaft<\/a><\/li><\/ul>","protected":false},"excerpt":{"rendered":"<p>In der ARD ist ja gerade Themenwoche Ern\u00e4hrung, und so l\u00e4uft heute um 22:45 Uhr die Dokumentation \u201eHunger\u201c von Marcus Vetter und Karin Steinberger:<\/p>\n<p>    Der Dokumentarfilm &#8220;Hunger&#8221; erz\u00e4hlt, wie Menschen, Gruppen und Organisationen darum ringen, eine der schlimmsten sozialen, politischen und \u00f6konomischen Trag\u00f6dien unserer Tage zu bew\u00e4ltigen: den Hunger in der Welt.<\/p>\n","protected":false},"author":1,"featured_media":0,"comment_status":"open","ping_status":"open","sticky":false,"template":"","format":"standard","meta":{"footnotes":""},"categories":[34,259,37,12],"tags":[656,2865,1513],"yoast_head":"<!-- This site is optimized with the Yoast SEO plugin v24.4 - https:\/\/yoast.com\/wordpress\/plugins\/seo\/ -->\n<title>Fernsehtipp: \u201eHunger\u201c, ARD, 22:45 Uhr - Konsumpf - Forum f\u00fcr kreative Konsumkritik - Culture Jamming, Nachhaltigkeit, Konzernkritik, Adbusting<\/title>\n<meta name=\"robots\" content=\"index, follow, max-snippet:-1, max-image-preview:large, max-video-preview:-1\" \/>\n<link rel=\"canonical\" href=\"https:\/\/konsumpf.de\/?p=9397\" \/>\n<meta property=\"og:locale\" content=\"de_DE\" \/>\n<meta property=\"og:type\" content=\"article\" \/>\n<meta property=\"og:title\" content=\"Fernsehtipp: \u201eHunger\u201c, ARD, 22:45 Uhr - Konsumpf - Forum f\u00fcr kreative Konsumkritik - Culture Jamming, Nachhaltigkeit, Konzernkritik, Adbusting\" \/>\n<meta property=\"og:description\" content=\"In der ARD ist ja gerade Themenwoche Ern\u00e4hrung, und so l\u00e4uft heute um 22:45 Uhr die Dokumentation \u201eHunger\u201c von Marcus Vetter und Karin Steinberger:    Der Dokumentarfilm &quot;Hunger&quot; erz\u00e4hlt, wie Menschen, Gruppen und Organisationen darum ringen, eine der schlimmsten sozialen, politischen und \u00f6konomischen Trag\u00f6dien unserer Tage zu bew\u00e4ltigen: den Hunger in der Welt.\" \/>\n<meta property=\"og:url\" content=\"https:\/\/konsumpf.de\/?p=9397\" \/>\n<meta property=\"og:site_name\" content=\"Konsumpf - Forum f\u00fcr kreative Konsumkritik - Culture Jamming, Nachhaltigkeit, Konzernkritik, Adbusting\" \/>\n<meta property=\"article:published_time\" content=\"2010-10-25T15:47:43+00:00\" \/>\n<meta property=\"article:modified_time\" content=\"2010-10-26T17:11:36+00:00\" \/>\n<meta name=\"author\" content=\"Peter M.\" \/>\n<meta name=\"twitter:card\" content=\"summary_large_image\" \/>\n<meta name=\"twitter:label1\" content=\"Verfasst von\" \/>\n\t<meta name=\"twitter:data1\" content=\"Peter M.\" \/>\n\t<meta name=\"twitter:label2\" content=\"Gesch\u00e4tzte Lesezeit\" \/>\n\t<meta name=\"twitter:data2\" content=\"1\u00a0Minute\" \/>\n<script type=\"application\/ld+json\" class=\"yoast-schema-graph\">{\"@context\":\"https:\/\/schema.org\",\"@graph\":[{\"@type\":\"WebPage\",\"@id\":\"https:\/\/konsumpf.de\/?p=9397\",\"url\":\"https:\/\/konsumpf.de\/?p=9397\",\"name\":\"Fernsehtipp: \u201eHunger\u201c, ARD, 22:45 Uhr - Konsumpf - Forum f\u00fcr kreative Konsumkritik - Culture Jamming, Nachhaltigkeit, Konzernkritik, Adbusting\",\"isPartOf\":{\"@id\":\"https:\/\/konsumpf.de\/#website\"},\"datePublished\":\"2010-10-25T15:47:43+00:00\",\"dateModified\":\"2010-10-26T17:11:36+00:00\",\"author\":{\"@id\":\"https:\/\/konsumpf.de\/#\/schema\/person\/e595a6d286b26994e7e0926d70699070\"},\"breadcrumb\":{\"@id\":\"https:\/\/konsumpf.de\/?p=9397#breadcrumb\"},\"inLanguage\":\"de\",\"potentialAction\":[{\"@type\":\"ReadAction\",\"target\":[\"https:\/\/konsumpf.de\/?p=9397\"]}]},{\"@type\":\"BreadcrumbList\",\"@id\":\"https:\/\/konsumpf.de\/?p=9397#breadcrumb\",\"itemListElement\":[{\"@type\":\"ListItem\",\"position\":1,\"name\":\"Startseite\",\"item\":\"https:\/\/konsumpf.de\/\"},{\"@type\":\"ListItem\",\"position\":2,\"name\":\"Fernsehtipp: \u201eHunger\u201c, ARD, 22:45 Uhr\"}]},{\"@type\":\"WebSite\",\"@id\":\"https:\/\/konsumpf.de\/#website\",\"url\":\"https:\/\/konsumpf.de\/\",\"name\":\"Konsumpf - Forum f\u00fcr kreative Konsumkritik - Culture Jamming, Nachhaltigkeit, Konzernkritik, Adbusting\",\"description\":\"\",\"potentialAction\":[{\"@type\":\"SearchAction\",\"target\":{\"@type\":\"EntryPoint\",\"urlTemplate\":\"https:\/\/konsumpf.de\/?s={search_term_string}\"},\"query-input\":{\"@type\":\"PropertyValueSpecification\",\"valueRequired\":true,\"valueName\":\"search_term_string\"}}],\"inLanguage\":\"de\"},{\"@type\":\"Person\",\"@id\":\"https:\/\/konsumpf.de\/#\/schema\/person\/e595a6d286b26994e7e0926d70699070\",\"name\":\"Peter M.\",\"sameAs\":[\"http:\/\/konsumpf.de\"]}]}<\/script>\n<!-- \/ Yoast SEO plugin. -->","yoast_head_json":{"title":"Fernsehtipp: \u201eHunger\u201c, ARD, 22:45 Uhr - Konsumpf - Forum f\u00fcr kreative Konsumkritik - Culture Jamming, Nachhaltigkeit, Konzernkritik, Adbusting","robots":{"index":"index","follow":"follow","max-snippet":"max-snippet:-1","max-image-preview":"max-image-preview:large","max-video-preview":"max-video-preview:-1"},"canonical":"https:\/\/konsumpf.de\/?p=9397","og_locale":"de_DE","og_type":"article","og_title":"Fernsehtipp: \u201eHunger\u201c, ARD, 22:45 Uhr - Konsumpf - Forum f\u00fcr kreative Konsumkritik - Culture Jamming, Nachhaltigkeit, Konzernkritik, Adbusting","og_description":"In der ARD ist ja gerade Themenwoche Ern\u00e4hrung, und so l\u00e4uft heute um 22:45 Uhr die Dokumentation \u201eHunger\u201c von Marcus Vetter und Karin Steinberger:    Der Dokumentarfilm \"Hunger\" erz\u00e4hlt, wie Menschen, Gruppen und Organisationen darum ringen, eine der schlimmsten sozialen, politischen und \u00f6konomischen Trag\u00f6dien unserer Tage zu bew\u00e4ltigen: den Hunger in der Welt.","og_url":"https:\/\/konsumpf.de\/?p=9397","og_site_name":"Konsumpf - Forum f\u00fcr kreative Konsumkritik - Culture Jamming, Nachhaltigkeit, Konzernkritik, Adbusting","article_published_time":"2010-10-25T15:47:43+00:00","article_modified_time":"2010-10-26T17:11:36+00:00","author":"Peter M.","twitter_card":"summary_large_image","twitter_misc":{"Verfasst von":"Peter M.","Gesch\u00e4tzte Lesezeit":"1\u00a0Minute"},"schema":{"@context":"https:\/\/schema.org","@graph":[{"@type":"WebPage","@id":"https:\/\/konsumpf.de\/?p=9397","url":"https:\/\/konsumpf.de\/?p=9397","name":"Fernsehtipp: \u201eHunger\u201c, ARD, 22:45 Uhr - Konsumpf - Forum f\u00fcr kreative Konsumkritik - Culture Jamming, Nachhaltigkeit, Konzernkritik, Adbusting","isPartOf":{"@id":"https:\/\/konsumpf.de\/#website"},"datePublished":"2010-10-25T15:47:43+00:00","dateModified":"2010-10-26T17:11:36+00:00","author":{"@id":"https:\/\/konsumpf.de\/#\/schema\/person\/e595a6d286b26994e7e0926d70699070"},"breadcrumb":{"@id":"https:\/\/konsumpf.de\/?p=9397#breadcrumb"},"inLanguage":"de","potentialAction":[{"@type":"ReadAction","target":["https:\/\/konsumpf.de\/?p=9397"]}]},{"@type":"BreadcrumbList","@id":"https:\/\/konsumpf.de\/?p=9397#breadcrumb","itemListElement":[{"@type":"ListItem","position":1,"name":"Startseite","item":"https:\/\/konsumpf.de\/"},{"@type":"ListItem","position":2,"name":"Fernsehtipp: \u201eHunger\u201c, ARD, 22:45 Uhr"}]},{"@type":"WebSite","@id":"https:\/\/konsumpf.de\/#website","url":"https:\/\/konsumpf.de\/","name":"Konsumpf - Forum f\u00fcr kreative Konsumkritik - Culture Jamming, Nachhaltigkeit, Konzernkritik, Adbusting","description":"","potentialAction":[{"@type":"SearchAction","target":{"@type":"EntryPoint","urlTemplate":"https:\/\/konsumpf.de\/?s={search_term_string}"},"query-input":{"@type":"PropertyValueSpecification","valueRequired":true,"valueName":"search_term_string"}}],"inLanguage":"de"},{"@type":"Person","@id":"https:\/\/konsumpf.de\/#\/schema\/person\/e595a6d286b26994e7e0926d70699070","name":"Peter M.","sameAs":["http:\/\/konsumpf.de"]}]}},"_links":{"self":[{"href":"https:\/\/konsumpf.de\/index.php?rest_route=\/wp\/v2\/posts\/9397"}],"collection":[{"href":"https:\/\/konsumpf.de\/index.php?rest_route=\/wp\/v2\/posts"}],"about":[{"href":"https:\/\/konsumpf.de\/index.php?rest_route=\/wp\/v2\/types\/post"}],"author":[{"embeddable":true,"href":"https:\/\/konsumpf.de\/index.php?rest_route=\/wp\/v2\/users\/1"}],"replies":[{"embeddable":true,"href":"https:\/\/konsumpf.de\/index.php?rest_route=%2Fwp%2Fv2%2Fcomments&post=9397"}],"version-history":[{"count":2,"href":"https:\/\/konsumpf.de\/index.php?rest_route=\/wp\/v2\/posts\/9397\/revisions"}],"predecessor-version":[{"id":9430,"href":"https:\/\/konsumpf.de\/index.php?rest_route=\/wp\/v2\/posts\/9397\/revisions\/9430"}],"wp:attachment":[{"href":"https:\/\/konsumpf.de\/index.php?rest_route=%2Fwp%2Fv2%2Fmedia&parent=9397"}],"wp:term":[{"taxonomy":"category","embeddable":true,"href":"https:\/\/konsumpf.de\/index.php?rest_route=%2Fwp%2Fv2%2Fcategories&post=9397"},{"taxonomy":"post_tag","embeddable":true,"href":"https:\/\/konsumpf.de\/index.php?rest_route=%2Fwp%2Fv2%2Ftags&post=9397"}],"curies":[{"name":"wp","href":"https:\/\/api.w.org\/{rel}","templated":true}]}}