{"id":9317,"date":"2010-10-27T10:08:35","date_gmt":"2010-10-27T08:08:35","guid":{"rendered":"http:\/\/konsumpf.de\/?p=9317"},"modified":"2010-10-30T11:11:05","modified_gmt":"2010-10-30T09:11:05","slug":"andre-gortz-uber-unsere-aufgeblasene-warenwelt","status":"publish","type":"post","link":"https:\/\/konsumpf.de\/?p=9317","title":{"rendered":"Andr\u00e9 Gorz \u00fcber unsere aufgeblasene Warenwelt"},"content":{"rendered":"<p>Vor einigen Tage entdeckte ich beim <strong>kopflast.net<\/strong>-Blog den ausgesprochen sehenswerten Beitrag \u201e<a href=\"http:\/\/kopflast.net\/2010\/10\/10\/wenn-der-konsum-kollabiert\/\"><strong>Wenn der Konsum kollabiert<\/strong><\/a>\u201c, in dem der <span style=\"text-decoration: line-through;\">\u00f6sterreichische<\/span> franz\u00f6sische Philiosph und Kapitalismuskritiker <strong>Andr\u00e9 Gorz <\/strong>mit seinen Ideen vorgestellt wird. Der gesamte Beitrag der 3sat-Sendung Kulturzeit geht der Frage nach, ob unsere derzeitige Konsumgesellschaft, in der angefacht durch Marketing und Medien <em>\u201eimmer neue Moden ein Veralten von Produkten suggerieren\u201c<\/em> und so das Wegwerfen und Neukaufen von Produkten anregen, auf Dauer Bestand haben kann. Oder ob nicht ein einfacheres Leben mit geringerem externen Arbeitsdruck, h\u00f6herer Selbstverwirklichung und niedrigerer Abh\u00e4ngigkeit von Trends und Marken (und dem damit verbundenen Konsumdruck) letztlich erf\u00fcllender sein kann.<\/p>\n<p><object classid=\"clsid:d27cdb6e-ae6d-11cf-96b8-444553540000\" width=\"500\" height=\"310\" codebase=\"http:\/\/download.macromedia.com\/pub\/shockwave\/cabs\/flash\/swflash.cab#version=6,0,40,0\"><param name=\"allowFullScreen\" value=\"true\" \/><param name=\"allowScriptAccess\" value=\"always\" \/><param name=\"src\" value=\"http:\/\/www.youtube.com\/v\/8dmr7o7B3_Q&amp;hl=en_US&amp;feature=player_embedded&amp;version=3\" \/><param name=\"allowfullscreen\" value=\"true\" \/><embed type=\"application\/x-shockwave-flash\" width=\"500\" height=\"310\" src=\"http:\/\/www.youtube.com\/v\/8dmr7o7B3_Q&amp;hl=en_US&amp;feature=player_embedded&amp;version=3\" allowscriptaccess=\"always\" allowfullscreen=\"true\"><\/embed><\/object><\/p>\n<p>NACHTRAG: In diesem Nachruf aus der Zeit aus dem Jahre 2007 erf\u00e4hrt man noch ein wenig mehr \u00fcber Andr\u00e9 Gorz (und seinen Freitod) \u2013 \u201e<a href=\"http:\/\/www.zeit.de\/2007\/40\/Nachruf-Gorz\">\u00dcber den Tod hinaus<\/a>\u201c.<\/p>\n<h3 class='related_post_title'>Verwandte Beitr\u00e4ge:<\/h3><ul class='related_post'><li><a href=\"http:\/\/konsumpf.de\/?p=13769\" title=\"Werbung am Rande der Apokalypse (5. und letzter Teil)\">Werbung am Rande der Apokalypse (5. und letzter Teil)<\/a><\/li><li><a href=\"http:\/\/konsumpf.de\/?p=11888\" title=\"Lesetipps: Konsum in Dresden | Deutsche Bank | Bayer und die Uni K\u00f6ln | Alternativlosigkeit\">Lesetipps: Konsum in Dresden | Deutsche Bank | Bayer und die Uni K\u00f6ln | Alternativlosigkeit<\/a><\/li><li><a href=\"http:\/\/konsumpf.de\/?p=5609\" title=\"Welche Religion kommt nach dem Kapitalismus?\">Welche Religion kommt nach dem Kapitalismus?<\/a><\/li><li><a href=\"http:\/\/konsumpf.de\/?p=15133\" title=\"\u00dcberdruss im \u00dcberfluss \u2013 Vom Ende der Konsumkultur\">\u00dcberdruss im \u00dcberfluss \u2013 Vom Ende der Konsumkultur<\/a><\/li><li><a href=\"http:\/\/konsumpf.de\/?p=14961\" title=\"Neue Perversionen der Reklameindustrie: das sprechende Fenster\">Neue Perversionen der Reklameindustrie: das sprechende Fenster<\/a><\/li><\/ul>","protected":false},"excerpt":{"rendered":"<p>Vor einigen Tage entdeckte ich beim kopflast.net-Blog den ausgesprochen sehenswerten Beitrag \u201eWenn der Konsum kollabiert\u201c, in dem der \u00f6sterreichische franz\u00f6sische Philiosph und Kapitalismuskritiker Andr\u00e9 Gorz mit seinen Ideen vorgestellt wird. Der gesamte Beitrag der 3sat-Sendung Kulturzeit geht der Frage nach, ob unsere derzeitige Konsumgesellschaft, in der angefacht durch Marketing und Medien \u201eimmer neue Moden ein [&hellip;]<\/p>\n","protected":false},"author":1,"featured_media":0,"comment_status":"open","ping_status":"open","sticky":false,"template":"","format":"standard","meta":{"footnotes":""},"categories":[259,12,4,54,78],"tags":[1773,31,578,58,684,2859,1772],"yoast_head":"<!-- This site is optimized with the Yoast SEO plugin v24.4 - https:\/\/yoast.com\/wordpress\/plugins\/seo\/ -->\n<title>Andr\u00e9 Gorz \u00fcber unsere aufgeblasene Warenwelt - Konsumpf - Forum f\u00fcr kreative Konsumkritik - Culture Jamming, Nachhaltigkeit, Konzernkritik, Adbusting<\/title>\n<meta name=\"robots\" content=\"index, follow, max-snippet:-1, max-image-preview:large, max-video-preview:-1\" \/>\n<link rel=\"canonical\" href=\"https:\/\/konsumpf.de\/?p=9317\" \/>\n<meta property=\"og:locale\" content=\"de_DE\" \/>\n<meta property=\"og:type\" content=\"article\" \/>\n<meta property=\"og:title\" content=\"Andr\u00e9 Gorz \u00fcber unsere aufgeblasene Warenwelt - Konsumpf - Forum f\u00fcr kreative Konsumkritik - Culture Jamming, Nachhaltigkeit, Konzernkritik, Adbusting\" \/>\n<meta property=\"og:description\" content=\"Vor einigen Tage entdeckte ich beim kopflast.net-Blog den ausgesprochen sehenswerten Beitrag \u201eWenn der Konsum kollabiert\u201c, in dem der \u00f6sterreichische franz\u00f6sische Philiosph und Kapitalismuskritiker Andr\u00e9 Gorz mit seinen Ideen vorgestellt wird. Der gesamte Beitrag der 3sat-Sendung Kulturzeit geht der Frage nach, ob unsere derzeitige Konsumgesellschaft, in der angefacht durch Marketing und Medien \u201eimmer neue Moden ein [&hellip;]\" \/>\n<meta property=\"og:url\" content=\"https:\/\/konsumpf.de\/?p=9317\" \/>\n<meta property=\"og:site_name\" content=\"Konsumpf - Forum f\u00fcr kreative Konsumkritik - Culture Jamming, Nachhaltigkeit, Konzernkritik, Adbusting\" \/>\n<meta property=\"article:published_time\" content=\"2010-10-27T08:08:35+00:00\" \/>\n<meta property=\"article:modified_time\" content=\"2010-10-30T09:11:05+00:00\" \/>\n<meta name=\"author\" content=\"Peter M.\" \/>\n<meta name=\"twitter:card\" content=\"summary_large_image\" \/>\n<meta name=\"twitter:label1\" content=\"Verfasst von\" \/>\n\t<meta name=\"twitter:data1\" content=\"Peter M.\" \/>\n\t<meta name=\"twitter:label2\" content=\"Gesch\u00e4tzte Lesezeit\" \/>\n\t<meta name=\"twitter:data2\" content=\"1\u00a0Minute\" \/>\n<script type=\"application\/ld+json\" class=\"yoast-schema-graph\">{\"@context\":\"https:\/\/schema.org\",\"@graph\":[{\"@type\":\"WebPage\",\"@id\":\"https:\/\/konsumpf.de\/?p=9317\",\"url\":\"https:\/\/konsumpf.de\/?p=9317\",\"name\":\"Andr\u00e9 Gorz \u00fcber unsere aufgeblasene Warenwelt - Konsumpf - Forum f\u00fcr kreative Konsumkritik - Culture Jamming, Nachhaltigkeit, Konzernkritik, Adbusting\",\"isPartOf\":{\"@id\":\"https:\/\/konsumpf.de\/#website\"},\"datePublished\":\"2010-10-27T08:08:35+00:00\",\"dateModified\":\"2010-10-30T09:11:05+00:00\",\"author\":{\"@id\":\"https:\/\/konsumpf.de\/#\/schema\/person\/e595a6d286b26994e7e0926d70699070\"},\"breadcrumb\":{\"@id\":\"https:\/\/konsumpf.de\/?p=9317#breadcrumb\"},\"inLanguage\":\"de\",\"potentialAction\":[{\"@type\":\"ReadAction\",\"target\":[\"https:\/\/konsumpf.de\/?p=9317\"]}]},{\"@type\":\"BreadcrumbList\",\"@id\":\"https:\/\/konsumpf.de\/?p=9317#breadcrumb\",\"itemListElement\":[{\"@type\":\"ListItem\",\"position\":1,\"name\":\"Startseite\",\"item\":\"https:\/\/konsumpf.de\/\"},{\"@type\":\"ListItem\",\"position\":2,\"name\":\"Andr\u00e9 Gorz \u00fcber unsere aufgeblasene Warenwelt\"}]},{\"@type\":\"WebSite\",\"@id\":\"https:\/\/konsumpf.de\/#website\",\"url\":\"https:\/\/konsumpf.de\/\",\"name\":\"Konsumpf - Forum f\u00fcr kreative Konsumkritik - Culture Jamming, Nachhaltigkeit, Konzernkritik, Adbusting\",\"description\":\"\",\"potentialAction\":[{\"@type\":\"SearchAction\",\"target\":{\"@type\":\"EntryPoint\",\"urlTemplate\":\"https:\/\/konsumpf.de\/?s={search_term_string}\"},\"query-input\":{\"@type\":\"PropertyValueSpecification\",\"valueRequired\":true,\"valueName\":\"search_term_string\"}}],\"inLanguage\":\"de\"},{\"@type\":\"Person\",\"@id\":\"https:\/\/konsumpf.de\/#\/schema\/person\/e595a6d286b26994e7e0926d70699070\",\"name\":\"Peter M.\",\"sameAs\":[\"http:\/\/konsumpf.de\"]}]}<\/script>\n<!-- \/ Yoast SEO plugin. -->","yoast_head_json":{"title":"Andr\u00e9 Gorz \u00fcber unsere aufgeblasene Warenwelt - Konsumpf - Forum f\u00fcr kreative Konsumkritik - Culture Jamming, Nachhaltigkeit, Konzernkritik, Adbusting","robots":{"index":"index","follow":"follow","max-snippet":"max-snippet:-1","max-image-preview":"max-image-preview:large","max-video-preview":"max-video-preview:-1"},"canonical":"https:\/\/konsumpf.de\/?p=9317","og_locale":"de_DE","og_type":"article","og_title":"Andr\u00e9 Gorz \u00fcber unsere aufgeblasene Warenwelt - Konsumpf - Forum f\u00fcr kreative Konsumkritik - Culture Jamming, Nachhaltigkeit, Konzernkritik, Adbusting","og_description":"Vor einigen Tage entdeckte ich beim kopflast.net-Blog den ausgesprochen sehenswerten Beitrag \u201eWenn der Konsum kollabiert\u201c, in dem der \u00f6sterreichische franz\u00f6sische Philiosph und Kapitalismuskritiker Andr\u00e9 Gorz mit seinen Ideen vorgestellt wird. Der gesamte Beitrag der 3sat-Sendung Kulturzeit geht der Frage nach, ob unsere derzeitige Konsumgesellschaft, in der angefacht durch Marketing und Medien \u201eimmer neue Moden ein [&hellip;]","og_url":"https:\/\/konsumpf.de\/?p=9317","og_site_name":"Konsumpf - Forum f\u00fcr kreative Konsumkritik - Culture Jamming, Nachhaltigkeit, Konzernkritik, Adbusting","article_published_time":"2010-10-27T08:08:35+00:00","article_modified_time":"2010-10-30T09:11:05+00:00","author":"Peter M.","twitter_card":"summary_large_image","twitter_misc":{"Verfasst von":"Peter M.","Gesch\u00e4tzte Lesezeit":"1\u00a0Minute"},"schema":{"@context":"https:\/\/schema.org","@graph":[{"@type":"WebPage","@id":"https:\/\/konsumpf.de\/?p=9317","url":"https:\/\/konsumpf.de\/?p=9317","name":"Andr\u00e9 Gorz \u00fcber unsere aufgeblasene Warenwelt - Konsumpf - Forum f\u00fcr kreative Konsumkritik - Culture Jamming, Nachhaltigkeit, Konzernkritik, Adbusting","isPartOf":{"@id":"https:\/\/konsumpf.de\/#website"},"datePublished":"2010-10-27T08:08:35+00:00","dateModified":"2010-10-30T09:11:05+00:00","author":{"@id":"https:\/\/konsumpf.de\/#\/schema\/person\/e595a6d286b26994e7e0926d70699070"},"breadcrumb":{"@id":"https:\/\/konsumpf.de\/?p=9317#breadcrumb"},"inLanguage":"de","potentialAction":[{"@type":"ReadAction","target":["https:\/\/konsumpf.de\/?p=9317"]}]},{"@type":"BreadcrumbList","@id":"https:\/\/konsumpf.de\/?p=9317#breadcrumb","itemListElement":[{"@type":"ListItem","position":1,"name":"Startseite","item":"https:\/\/konsumpf.de\/"},{"@type":"ListItem","position":2,"name":"Andr\u00e9 Gorz \u00fcber unsere aufgeblasene Warenwelt"}]},{"@type":"WebSite","@id":"https:\/\/konsumpf.de\/#website","url":"https:\/\/konsumpf.de\/","name":"Konsumpf - Forum f\u00fcr kreative Konsumkritik - Culture Jamming, Nachhaltigkeit, Konzernkritik, Adbusting","description":"","potentialAction":[{"@type":"SearchAction","target":{"@type":"EntryPoint","urlTemplate":"https:\/\/konsumpf.de\/?s={search_term_string}"},"query-input":{"@type":"PropertyValueSpecification","valueRequired":true,"valueName":"search_term_string"}}],"inLanguage":"de"},{"@type":"Person","@id":"https:\/\/konsumpf.de\/#\/schema\/person\/e595a6d286b26994e7e0926d70699070","name":"Peter M.","sameAs":["http:\/\/konsumpf.de"]}]}},"_links":{"self":[{"href":"https:\/\/konsumpf.de\/index.php?rest_route=\/wp\/v2\/posts\/9317"}],"collection":[{"href":"https:\/\/konsumpf.de\/index.php?rest_route=\/wp\/v2\/posts"}],"about":[{"href":"https:\/\/konsumpf.de\/index.php?rest_route=\/wp\/v2\/types\/post"}],"author":[{"embeddable":true,"href":"https:\/\/konsumpf.de\/index.php?rest_route=\/wp\/v2\/users\/1"}],"replies":[{"embeddable":true,"href":"https:\/\/konsumpf.de\/index.php?rest_route=%2Fwp%2Fv2%2Fcomments&post=9317"}],"version-history":[{"count":12,"href":"https:\/\/konsumpf.de\/index.php?rest_route=\/wp\/v2\/posts\/9317\/revisions"}],"predecessor-version":[{"id":9464,"href":"https:\/\/konsumpf.de\/index.php?rest_route=\/wp\/v2\/posts\/9317\/revisions\/9464"}],"wp:attachment":[{"href":"https:\/\/konsumpf.de\/index.php?rest_route=%2Fwp%2Fv2%2Fmedia&parent=9317"}],"wp:term":[{"taxonomy":"category","embeddable":true,"href":"https:\/\/konsumpf.de\/index.php?rest_route=%2Fwp%2Fv2%2Fcategories&post=9317"},{"taxonomy":"post_tag","embeddable":true,"href":"https:\/\/konsumpf.de\/index.php?rest_route=%2Fwp%2Fv2%2Ftags&post=9317"}],"curies":[{"name":"wp","href":"https:\/\/api.w.org\/{rel}","templated":true}]}}