{"id":9259,"date":"2010-10-20T14:09:13","date_gmt":"2010-10-20T12:09:13","guid":{"rendered":"http:\/\/konsumpf.de\/?p=9259"},"modified":"2010-10-22T11:52:56","modified_gmt":"2010-10-22T09:52:56","slug":"fernsehtipp-%e2%80%9efrisch-auf-den-mull%e2%80%9c-ard-mi-20-10-2330-uhr","status":"publish","type":"post","link":"https:\/\/konsumpf.de\/?p=9259","title":{"rendered":"Fernsehtipp: \u201eFrisch auf den M\u00fcll\u201c (ARD, Mi. 20.10., 23:30 Uhr)"},"content":{"rendered":"<p>Hier auf die Schnelle noch ein (vermutlich) spannender Fernsehtipp f\u00fcr heute Abend, der den Wahnsinn unserer Konsum. und Wegwerfgesellschaft beleuchtet:<\/p>\n<blockquote><p><strong>&#8220;Frisch auf den M\u00fcll&#8221; (Mittwoch, 20.10.2010 23:30 Uhr, Das Erste)<\/strong><\/p>\n<p>Mehr als die H\u00e4lfte unserer Lebensmittel landet im M\u00fcll! Das meiste schon auf dem Weg vom Acker in den Laden, bevor es \u00fcberhaupt unseren Esstisch erreicht: jeder zweite Kopfsalat, jede zweite Kartoffel und jedes f\u00fcnfte Brot. Das entspricht etwa 500.000 Lkw-Ladungen pro Jahr. F\u00fcr die ARD-Themenwoche &#8216;Essen ist Leben&#8217; (23. &#8211; 29. Oktober 2010) hat Regisseur Valentin Thurn das Ausma\u00df dieser Verschwendung international recherchiert &#8211; in den Abfall-Containern der Gro\u00dfm\u00e4rkte, Lagerhallen und Superm\u00e4rkte. Dokumentiert hat er \u00fcberw\u00e4ltigende Mengen einwandfreier Nahrungsmittel, teilweise noch original verpackt, oft auch mit noch g\u00fcltigem Mindesthaltbarkeitsdatum. Bis zu 20 Millionen Tonnen Lebensmittel werden jedes Jahr allein in Deutschland weggeworfen. Und es werden immer mehr!. Auf der Suche nach den Ursachen spricht Valentin Thurn mit Supermarktmanagern, B\u00e4ckern, Gro\u00dfmarkt-Inspektoren, Ministern, Bauern und EU-Politikern. Was er findet, ist ein weltweites System, an dem sich alle beteiligen. Alles soll jederzeit verf\u00fcgbar sein, Superm\u00e4rkte bieten durchgehend die ganze Warenpalette an, bis sp\u00e4t in den Abend muss das Brot in den Regalen frisch sein, zu jeder Jahreszeit gibt es Erdbeeren. Und alles muss perfekt aussehen: Ein welkes Salatblatt, ein Riss in der Kartoffel, eine Delle im Apfel &#8211; sofort wird die Ware aussortiert. Joghurtbecher landen schon zwei Tage, bevor ihr Mindesthaltbarkeitsdatum abl\u00e4uft, im M\u00fcll. Dass die H\u00e4lfte der bereits produzierten Lebensmittel zu Abfall wird, wirkt sich verheerend auf das Weltklima aus. Die Landwirtschaft verschlingt riesige Mengen an Energie, Wasser, D\u00fcnger, Pestiziden und rodet den Regenwald, sie ist damit f\u00fcr mehr als ein Drittel der Treibhausgase verantwortlich.<\/p>\n<p><!--more--><\/p>\n<p>Wenn Nahrungsmittel auf der M\u00fcllkippe verrotten, entweicht zus\u00e4tzlich Methangas, das sich auf die Erderw\u00e4rmung 25mal so stark auswirkt wie Kohlendioxid. Der Wunsch der Konsumenten, \u00fcber alles jederzeit verf\u00fcgen zu k\u00f6nnen, versch\u00e4rft auch den weltweiten Hunger. Die steigenden Weizenpreise belegen es: Heute kaufen die Industriel\u00e4nder ihre Lebensmittel auf dem Weltmarkt, ebenso wie die Entwicklungsl\u00e4nder. W\u00fcrden wir weniger wegwerfen, m\u00fcssten wir weniger einkaufen; die Preise fielen und es bliebe mehr f\u00fcr die Hungrigen. Aber es geht auch anders: Regisseur Valentin Thurn findet weltweit Menschen, die die irrsinnige Verschwendung zu stoppen versuchen: sogenannte M\u00fclltaucher, die Nahrungsmittel aus den Abfall-Containern der Superm\u00e4rkte retten, Supermarkt-Direktoren, die ihre Kunden davon \u00fcberzeugen, weniger klimasch\u00e4dliche Produkte zu kaufen, Verbrauchervereine, die Bauern und Kunden direkt zusammenbringen. Kleine Schritte, die aber viel bewirken k\u00f6nnten: Wenn wir in den Industriel\u00e4ndern die Lebensmittelverschwendung nur um die H\u00e4lfte reduzieren, h\u00e4tte das auf das Weltklima denselben Effekt, als ob wir auf jedes zweite Auto verzichten.<\/p><\/blockquote>\n<p>EDIT: Und hier das Video zu dem Beitrag:<\/p>\n<p><object id=\"smotriComVideoPlayer\" classid=\"clsid:d27cdb6e-ae6d-11cf-96b8-444553540000\" width=\"500\" height=\"300\"><param name=\"movie\" value=\"http:\/\/pics.smotri.com\/player.swf?file=v15618467e1b&#038;bufferTime=3&#038;autoStart=false&#038;str_lang=rus&#038;xmlsource=http%3A%2F%2Fpics.smotri.com%2Fcskins%2Fblue%2Fskin_color.xml&#038;xmldatasource=http%3A%2F%2Fpics.smotri.com%2Fskin_ng.xml\" \/><param name=\"allowScriptAccess\" value=\"always\" \/><param name=\"allowFullScreen\" value=\"true\" \/><param name=\"bgcolor\" value=\"#ffffff\" \/><embed src=\"http:\/\/pics.smotri.com\/player.swf?file=v15618467e1b&#038;bufferTime=3&#038;autoStart=false&#038;str_lang=rus&#038;xmlsource=http%3A%2F%2Fpics.smotri.com%2Fcskins%2Fblue%2Fskin_color.xml&#038;xmldatasource=http%3A%2F%2Fpics.smotri.com%2Fskin_ng.xml\" quality=\"high\" allowscriptaccess=\"always\" allowfullscreen=\"true\" wmode=\"opaque\"  width=\"500\" height=\"300\" type=\"application\/x-shockwave-flash\"><\/embed><\/object><br \/><strong><a href=\"http:\/\/smotri.com\/video\/view\/?id=v15618467e1b\" target=\"_blank\">Frisch auf den Muell<\/a><\/strong><\/p>\n<h3 class='related_post_title'>Verwandte Beitr\u00e4ge:<\/h3><ul class='related_post'><li><a href=\"http:\/\/konsumpf.de\/?p=15254\" title=\"Die Konsumtricks der Industrie\">Die Konsumtricks der Industrie<\/a><\/li><li><a href=\"http:\/\/konsumpf.de\/?p=13008\" title=\"Widerstand gegen den Wegwerfwahn\">Widerstand gegen den Wegwerfwahn<\/a><\/li><li><a href=\"http:\/\/konsumpf.de\/?p=10796\" title=\"Kaufen f\u00fcr die M\u00fcllhalde\">Kaufen f\u00fcr die M\u00fcllhalde<\/a><\/li><li><a href=\"http:\/\/konsumpf.de\/?p=6275\" title=\"Lebensmittel: Milliarden im M\u00fcll\">Lebensmittel: Milliarden im M\u00fcll<\/a><\/li><li><a href=\"http:\/\/konsumpf.de\/?p=4249\" title=\"Ex und hopp\">Ex und hopp<\/a><\/li><\/ul>","protected":false},"excerpt":{"rendered":"<p>Hier auf die Schnelle noch ein (vermutlich) spannender Fernsehtipp f\u00fcr heute Abend, der den Wahnsinn unserer Konsum. und Wegwerfgesellschaft beleuchtet: &#8220;Frisch auf den M\u00fcll&#8221; (Mittwoch, 20.10.2010 23:30 Uhr, Das Erste) Mehr als die H\u00e4lfte unserer Lebensmittel landet im M\u00fcll! Das meiste schon auf dem Weg vom Acker in den Laden, bevor es \u00fcberhaupt unseren Esstisch [&hellip;]<\/p>\n","protected":false},"author":1,"featured_media":0,"comment_status":"open","ping_status":"open","sticky":false,"template":"","format":"standard","meta":{"footnotes":""},"categories":[256,34,4],"tags":[656,1767,752,751],"yoast_head":"<!-- This site is optimized with the Yoast SEO plugin v24.4 - https:\/\/yoast.com\/wordpress\/plugins\/seo\/ -->\n<title>Fernsehtipp: \u201eFrisch auf den M\u00fcll\u201c (ARD, Mi. 20.10., 23:30 Uhr) - Konsumpf - Forum f\u00fcr kreative Konsumkritik - Culture Jamming, Nachhaltigkeit, Konzernkritik, Adbusting<\/title>\n<meta name=\"robots\" content=\"index, follow, max-snippet:-1, max-image-preview:large, max-video-preview:-1\" \/>\n<link rel=\"canonical\" href=\"https:\/\/konsumpf.de\/?p=9259\" \/>\n<meta property=\"og:locale\" content=\"de_DE\" \/>\n<meta property=\"og:type\" content=\"article\" \/>\n<meta property=\"og:title\" content=\"Fernsehtipp: \u201eFrisch auf den M\u00fcll\u201c (ARD, Mi. 20.10., 23:30 Uhr) - Konsumpf - Forum f\u00fcr kreative Konsumkritik - Culture Jamming, Nachhaltigkeit, Konzernkritik, Adbusting\" \/>\n<meta property=\"og:description\" content=\"Hier auf die Schnelle noch ein (vermutlich) spannender Fernsehtipp f\u00fcr heute Abend, der den Wahnsinn unserer Konsum. und Wegwerfgesellschaft beleuchtet: &#8220;Frisch auf den M\u00fcll&#8221; (Mittwoch, 20.10.2010 23:30 Uhr, Das Erste) Mehr als die H\u00e4lfte unserer Lebensmittel landet im M\u00fcll! Das meiste schon auf dem Weg vom Acker in den Laden, bevor es \u00fcberhaupt unseren Esstisch [&hellip;]\" \/>\n<meta property=\"og:url\" content=\"https:\/\/konsumpf.de\/?p=9259\" \/>\n<meta property=\"og:site_name\" content=\"Konsumpf - Forum f\u00fcr kreative Konsumkritik - Culture Jamming, Nachhaltigkeit, Konzernkritik, Adbusting\" \/>\n<meta property=\"article:published_time\" content=\"2010-10-20T12:09:13+00:00\" \/>\n<meta property=\"article:modified_time\" content=\"2010-10-22T09:52:56+00:00\" \/>\n<meta name=\"author\" content=\"Peter M.\" \/>\n<meta name=\"twitter:card\" content=\"summary_large_image\" \/>\n<meta name=\"twitter:label1\" content=\"Verfasst von\" \/>\n\t<meta name=\"twitter:data1\" content=\"Peter M.\" \/>\n\t<meta name=\"twitter:label2\" content=\"Gesch\u00e4tzte Lesezeit\" \/>\n\t<meta name=\"twitter:data2\" content=\"2\u00a0Minuten\" \/>\n<script type=\"application\/ld+json\" class=\"yoast-schema-graph\">{\"@context\":\"https:\/\/schema.org\",\"@graph\":[{\"@type\":\"WebPage\",\"@id\":\"https:\/\/konsumpf.de\/?p=9259\",\"url\":\"https:\/\/konsumpf.de\/?p=9259\",\"name\":\"Fernsehtipp: \u201eFrisch auf den M\u00fcll\u201c (ARD, Mi. 20.10., 23:30 Uhr) - Konsumpf - Forum f\u00fcr kreative Konsumkritik - Culture Jamming, Nachhaltigkeit, Konzernkritik, Adbusting\",\"isPartOf\":{\"@id\":\"https:\/\/konsumpf.de\/#website\"},\"datePublished\":\"2010-10-20T12:09:13+00:00\",\"dateModified\":\"2010-10-22T09:52:56+00:00\",\"author\":{\"@id\":\"https:\/\/konsumpf.de\/#\/schema\/person\/e595a6d286b26994e7e0926d70699070\"},\"breadcrumb\":{\"@id\":\"https:\/\/konsumpf.de\/?p=9259#breadcrumb\"},\"inLanguage\":\"de\",\"potentialAction\":[{\"@type\":\"ReadAction\",\"target\":[\"https:\/\/konsumpf.de\/?p=9259\"]}]},{\"@type\":\"BreadcrumbList\",\"@id\":\"https:\/\/konsumpf.de\/?p=9259#breadcrumb\",\"itemListElement\":[{\"@type\":\"ListItem\",\"position\":1,\"name\":\"Startseite\",\"item\":\"https:\/\/konsumpf.de\/\"},{\"@type\":\"ListItem\",\"position\":2,\"name\":\"Fernsehtipp: \u201eFrisch auf den M\u00fcll\u201c (ARD, Mi. 20.10., 23:30 Uhr)\"}]},{\"@type\":\"WebSite\",\"@id\":\"https:\/\/konsumpf.de\/#website\",\"url\":\"https:\/\/konsumpf.de\/\",\"name\":\"Konsumpf - Forum f\u00fcr kreative Konsumkritik - Culture Jamming, Nachhaltigkeit, Konzernkritik, Adbusting\",\"description\":\"\",\"potentialAction\":[{\"@type\":\"SearchAction\",\"target\":{\"@type\":\"EntryPoint\",\"urlTemplate\":\"https:\/\/konsumpf.de\/?s={search_term_string}\"},\"query-input\":{\"@type\":\"PropertyValueSpecification\",\"valueRequired\":true,\"valueName\":\"search_term_string\"}}],\"inLanguage\":\"de\"},{\"@type\":\"Person\",\"@id\":\"https:\/\/konsumpf.de\/#\/schema\/person\/e595a6d286b26994e7e0926d70699070\",\"name\":\"Peter M.\",\"sameAs\":[\"http:\/\/konsumpf.de\"]}]}<\/script>\n<!-- \/ Yoast SEO plugin. -->","yoast_head_json":{"title":"Fernsehtipp: \u201eFrisch auf den M\u00fcll\u201c (ARD, Mi. 20.10., 23:30 Uhr) - Konsumpf - Forum f\u00fcr kreative Konsumkritik - Culture Jamming, Nachhaltigkeit, Konzernkritik, Adbusting","robots":{"index":"index","follow":"follow","max-snippet":"max-snippet:-1","max-image-preview":"max-image-preview:large","max-video-preview":"max-video-preview:-1"},"canonical":"https:\/\/konsumpf.de\/?p=9259","og_locale":"de_DE","og_type":"article","og_title":"Fernsehtipp: \u201eFrisch auf den M\u00fcll\u201c (ARD, Mi. 20.10., 23:30 Uhr) - Konsumpf - Forum f\u00fcr kreative Konsumkritik - Culture Jamming, Nachhaltigkeit, Konzernkritik, Adbusting","og_description":"Hier auf die Schnelle noch ein (vermutlich) spannender Fernsehtipp f\u00fcr heute Abend, der den Wahnsinn unserer Konsum. und Wegwerfgesellschaft beleuchtet: &#8220;Frisch auf den M\u00fcll&#8221; (Mittwoch, 20.10.2010 23:30 Uhr, Das Erste) Mehr als die H\u00e4lfte unserer Lebensmittel landet im M\u00fcll! Das meiste schon auf dem Weg vom Acker in den Laden, bevor es \u00fcberhaupt unseren Esstisch [&hellip;]","og_url":"https:\/\/konsumpf.de\/?p=9259","og_site_name":"Konsumpf - Forum f\u00fcr kreative Konsumkritik - Culture Jamming, Nachhaltigkeit, Konzernkritik, Adbusting","article_published_time":"2010-10-20T12:09:13+00:00","article_modified_time":"2010-10-22T09:52:56+00:00","author":"Peter M.","twitter_card":"summary_large_image","twitter_misc":{"Verfasst von":"Peter M.","Gesch\u00e4tzte Lesezeit":"2\u00a0Minuten"},"schema":{"@context":"https:\/\/schema.org","@graph":[{"@type":"WebPage","@id":"https:\/\/konsumpf.de\/?p=9259","url":"https:\/\/konsumpf.de\/?p=9259","name":"Fernsehtipp: \u201eFrisch auf den M\u00fcll\u201c (ARD, Mi. 20.10., 23:30 Uhr) - Konsumpf - Forum f\u00fcr kreative Konsumkritik - Culture Jamming, Nachhaltigkeit, Konzernkritik, Adbusting","isPartOf":{"@id":"https:\/\/konsumpf.de\/#website"},"datePublished":"2010-10-20T12:09:13+00:00","dateModified":"2010-10-22T09:52:56+00:00","author":{"@id":"https:\/\/konsumpf.de\/#\/schema\/person\/e595a6d286b26994e7e0926d70699070"},"breadcrumb":{"@id":"https:\/\/konsumpf.de\/?p=9259#breadcrumb"},"inLanguage":"de","potentialAction":[{"@type":"ReadAction","target":["https:\/\/konsumpf.de\/?p=9259"]}]},{"@type":"BreadcrumbList","@id":"https:\/\/konsumpf.de\/?p=9259#breadcrumb","itemListElement":[{"@type":"ListItem","position":1,"name":"Startseite","item":"https:\/\/konsumpf.de\/"},{"@type":"ListItem","position":2,"name":"Fernsehtipp: \u201eFrisch auf den M\u00fcll\u201c (ARD, Mi. 20.10., 23:30 Uhr)"}]},{"@type":"WebSite","@id":"https:\/\/konsumpf.de\/#website","url":"https:\/\/konsumpf.de\/","name":"Konsumpf - Forum f\u00fcr kreative Konsumkritik - Culture Jamming, Nachhaltigkeit, Konzernkritik, Adbusting","description":"","potentialAction":[{"@type":"SearchAction","target":{"@type":"EntryPoint","urlTemplate":"https:\/\/konsumpf.de\/?s={search_term_string}"},"query-input":{"@type":"PropertyValueSpecification","valueRequired":true,"valueName":"search_term_string"}}],"inLanguage":"de"},{"@type":"Person","@id":"https:\/\/konsumpf.de\/#\/schema\/person\/e595a6d286b26994e7e0926d70699070","name":"Peter M.","sameAs":["http:\/\/konsumpf.de"]}]}},"_links":{"self":[{"href":"https:\/\/konsumpf.de\/index.php?rest_route=\/wp\/v2\/posts\/9259"}],"collection":[{"href":"https:\/\/konsumpf.de\/index.php?rest_route=\/wp\/v2\/posts"}],"about":[{"href":"https:\/\/konsumpf.de\/index.php?rest_route=\/wp\/v2\/types\/post"}],"author":[{"embeddable":true,"href":"https:\/\/konsumpf.de\/index.php?rest_route=\/wp\/v2\/users\/1"}],"replies":[{"embeddable":true,"href":"https:\/\/konsumpf.de\/index.php?rest_route=%2Fwp%2Fv2%2Fcomments&post=9259"}],"version-history":[{"count":6,"href":"https:\/\/konsumpf.de\/index.php?rest_route=\/wp\/v2\/posts\/9259\/revisions"}],"predecessor-version":[{"id":9309,"href":"https:\/\/konsumpf.de\/index.php?rest_route=\/wp\/v2\/posts\/9259\/revisions\/9309"}],"wp:attachment":[{"href":"https:\/\/konsumpf.de\/index.php?rest_route=%2Fwp%2Fv2%2Fmedia&parent=9259"}],"wp:term":[{"taxonomy":"category","embeddable":true,"href":"https:\/\/konsumpf.de\/index.php?rest_route=%2Fwp%2Fv2%2Fcategories&post=9259"},{"taxonomy":"post_tag","embeddable":true,"href":"https:\/\/konsumpf.de\/index.php?rest_route=%2Fwp%2Fv2%2Ftags&post=9259"}],"curies":[{"name":"wp","href":"https:\/\/api.w.org\/{rel}","templated":true}]}}