{"id":9212,"date":"2010-10-20T10:12:22","date_gmt":"2010-10-20T08:12:22","guid":{"rendered":"http:\/\/konsumpf.de\/?p=9212"},"modified":"2010-10-23T12:19:17","modified_gmt":"2010-10-23T10:19:17","slug":"uebermorgen-tv-die-zukunft-der-reklame","status":"publish","type":"post","link":"https:\/\/konsumpf.de\/?p=9212","title":{"rendered":"Uebermorgen.tv: Die Zukunft der Reklame"},"content":{"rendered":"<p><img loading=\"lazy\" decoding=\"async\" src=\"http:\/\/vg07.met.vgwort.de\/na\/5edd08cca67d4ef6b49414ebd6873f17\" alt=\"\" width=\"1\" height=\"1\" \/><br \/>\nZu den erfreulichsten Errungenschaften, die die \u00f6ffentlich-rechtlichen Sender im Internet zustande brachten, geh\u00f6rte f\u00fcr mich immer zweifelsohne <strong>Der Elektrische Reporter<\/strong>, ein kostenloser Videopodcast, der sich mit Trends und Entwicklungen und Problemen der (Medien-)Gesellschaft befasste und dies in sehr stilvoller und oft auch unterhaltsamer Art und Weise pr\u00e4sentierte. Nach einiger Zeit wurde der Reporter leider auf Eis gelegt, doch nun gibt es ein neues, wiederum kostenlos verf\u00fcgbares Format derselben Macher \u2013 <strong>Uebermorgen.tv<\/strong>. Gleich in der ersten Folge wird ein Thema angegangen, das mich hier im Blog bekannterma\u00dfen auch von Anfang an intensiv besch\u00e4ftigt und umtreibt, n\u00e4mlich \u201e<a href=\"http:\/\/www.elektrischer-reporter.de\/labor\/video\/224\/\"><strong>Die Zukunft der Werbung<\/strong><\/a>\u201c, deren heutige Form und Verbreitung (aufdringlich, verlogen, bedr\u00e4ngend, nervt\u00f6tend) hoffentlich keine Zukunft hat. \u00c4hnlich sieht das auch Uebermorgen.tv:<\/p>\n<p><!--more--><\/p>\n<blockquote><p>Das Internet ver\u00e4ndert unsere Gesellschaft, unsere Wirtschaft, unser  privates und berufliches Miteinander in einem Ausma\u00df und in einer  Geschwindigkeit, wie keine technologische Innovation zuvor. Doch wo geht  die Reise hin? <em>Uebermorgen.TV<\/em> extrapoliert Trends und denkt aktuelle Entwicklungen weiter in die Zukunft.<\/p>\n<p>In der ersten Folge widmet sich <em>Uebermorgen.TV<\/em> der Werbung und  dem Werbemarkt. Was passiert hier den kommenden Jahren? Wird die Werbung  treffender individualisiert oder verschwindet sie gar? \u201c<em>Uebermorgen.TV<\/em> entwickelt in sieben Minuten zwei \u00e4u\u00dferst gegens\u00e4tzliche Zukunftsszenarien. Vielleicht stimmt aber auch keines von beiden?<\/p><\/blockquote>\n<p><object classid=\"clsid:d27cdb6e-ae6d-11cf-96b8-444553540000\" width=\"500\" height=\"300\" codebase=\"http:\/\/download.macromedia.com\/pub\/shockwave\/cabs\/flash\/swflash.cab#version=6,0,40,0\"><param name=\"allowFullScreen\" value=\"true\" \/><param name=\"allowscriptaccess\" value=\"always\" \/><param name=\"src\" value=\"http:\/\/www.youtube.com\/v\/Amg63fvEwdo?fs=1&amp;hl=de_DE\" \/><param name=\"allowfullscreen\" value=\"true\" \/><embed type=\"application\/x-shockwave-flash\" width=\"500\" height=\"300\" src=\"http:\/\/www.youtube.com\/v\/Amg63fvEwdo?fs=1&amp;hl=de_DE\" allowscriptaccess=\"always\" allowfullscreen=\"true\"><\/embed><\/object><\/p>\n<p>Der erste geschilderte potentielle Trend, also die immer weiter voran schreitende Individualisierung des Konsumenten mit personalisierten Werbebotschaften, ist f\u00fcr mich eine grauenhafte Vorstellung aus dem Reich der Sch\u00f6nen Neuen Welt \u2013 Kommerz als Dauerbeschallung. Die zweite Variante ist interessanter und weniger intrusiv und w\u00fcrde viel von der st\u00f6renden Reklame, wie wir sie heute kennen, endg\u00fcltig \u00fcberfl\u00fcssig machen, allerdings stellt auch sie den entgeltlichen Konsum und Kommerz in den Mittelpunkt des Handelns. Alles wird k\u00e4uflich, alles ist marktg\u00e4ngig. Also wollen wir mal hoffen (und daran arbeiten), dass es zu einem vielbeschworenen \u201edritten Weg\u201c kommt, bei dem es z.B. nach wie vor auch kostenlose und nicht-kommerzielle Angebote gibt und sich nicht alles ums Kaufen und Verkaufen dreht. Daf\u00fcr m\u00fcsste sich aber nat\u00fcrlich auch das Wirtschaftssystem als solches \u00e4ndern und so manche Wertvorstellung der Menschen, die Konsum als Selbstverwirklichung betreiben (immer angefacht von der Reklameindustrie).<\/p>\n<h3 class='related_post_title'>Verwandte Beitr\u00e4ge:<\/h3><ul class='related_post'><li><a href=\"http:\/\/konsumpf.de\/?p=15307\" title=\"Reklame an Schule \u2013 Markenindoktrination schon bei den Kleinen\">Reklame an Schule \u2013 Markenindoktrination schon bei den Kleinen<\/a><\/li><li><a href=\"http:\/\/konsumpf.de\/?p=15190\" title=\"Gastbeitrag: Werbung wirkt immer weniger\">Gastbeitrag: Werbung wirkt immer weniger<\/a><\/li><li><a href=\"http:\/\/konsumpf.de\/?p=14985\" title=\"Werbung: einige volkswirtschaftliche und soziale Auswirkungen, Teil 1\/2\">Werbung: einige volkswirtschaftliche und soziale Auswirkungen, Teil 1\/2<\/a><\/li><li><a href=\"http:\/\/konsumpf.de\/?p=14961\" title=\"Neue Perversionen der Reklameindustrie: das sprechende Fenster\">Neue Perversionen der Reklameindustrie: das sprechende Fenster<\/a><\/li><li><a href=\"http:\/\/konsumpf.de\/?p=14782\" title=\"Der W\u00fcrgegriff der Reklame\">Der W\u00fcrgegriff der Reklame<\/a><\/li><\/ul>","protected":false},"excerpt":{"rendered":"<p>Zu den erfreulichsten Errungenschaften, die die \u00f6ffentlich-rechtlichen Sender im Internet zustande brachten, geh\u00f6rte f\u00fcr mich immer zweifelsohne Der Elektrische Reporter, ein kostenloser Videopodcast, der sich mit Trends und Entwicklungen und Problemen der (Medien-)Gesellschaft befasste und dies in sehr stilvoller und oft auch unterhaltsamer Art und Weise pr\u00e4sentierte. Nach einiger Zeit wurde der Reporter leider auf [&hellip;]<\/p>\n","protected":false},"author":1,"featured_media":0,"comment_status":"open","ping_status":"open","sticky":false,"template":"","format":"standard","meta":{"footnotes":""},"categories":[34,259,265,20,78],"tags":[251,2867,2859,19,2872,1040],"yoast_head":"<!-- This site is optimized with the Yoast SEO plugin v24.4 - https:\/\/yoast.com\/wordpress\/plugins\/seo\/ -->\n<title>Uebermorgen.tv: Die Zukunft der Reklame - Konsumpf - Forum f\u00fcr kreative Konsumkritik - Culture Jamming, Nachhaltigkeit, Konzernkritik, Adbusting<\/title>\n<meta name=\"robots\" content=\"index, follow, max-snippet:-1, max-image-preview:large, max-video-preview:-1\" \/>\n<link rel=\"canonical\" href=\"https:\/\/konsumpf.de\/?p=9212\" \/>\n<meta property=\"og:locale\" content=\"de_DE\" \/>\n<meta property=\"og:type\" content=\"article\" \/>\n<meta property=\"og:title\" content=\"Uebermorgen.tv: Die Zukunft der Reklame - Konsumpf - Forum f\u00fcr kreative Konsumkritik - Culture Jamming, Nachhaltigkeit, Konzernkritik, Adbusting\" \/>\n<meta property=\"og:description\" content=\"Zu den erfreulichsten Errungenschaften, die die \u00f6ffentlich-rechtlichen Sender im Internet zustande brachten, geh\u00f6rte f\u00fcr mich immer zweifelsohne Der Elektrische Reporter, ein kostenloser Videopodcast, der sich mit Trends und Entwicklungen und Problemen der (Medien-)Gesellschaft befasste und dies in sehr stilvoller und oft auch unterhaltsamer Art und Weise pr\u00e4sentierte. Nach einiger Zeit wurde der Reporter leider auf [&hellip;]\" \/>\n<meta property=\"og:url\" content=\"https:\/\/konsumpf.de\/?p=9212\" \/>\n<meta property=\"og:site_name\" content=\"Konsumpf - Forum f\u00fcr kreative Konsumkritik - Culture Jamming, Nachhaltigkeit, Konzernkritik, Adbusting\" \/>\n<meta property=\"article:published_time\" content=\"2010-10-20T08:12:22+00:00\" \/>\n<meta property=\"article:modified_time\" content=\"2010-10-23T10:19:17+00:00\" \/>\n<meta property=\"og:image\" content=\"http:\/\/vg07.met.vgwort.de\/na\/5edd08cca67d4ef6b49414ebd6873f17\" \/>\n<meta name=\"author\" content=\"Peter M.\" \/>\n<meta name=\"twitter:card\" content=\"summary_large_image\" \/>\n<meta name=\"twitter:label1\" content=\"Verfasst von\" \/>\n\t<meta name=\"twitter:data1\" content=\"Peter M.\" \/>\n\t<meta name=\"twitter:label2\" content=\"Gesch\u00e4tzte Lesezeit\" \/>\n\t<meta name=\"twitter:data2\" content=\"2\u00a0Minuten\" \/>\n<script type=\"application\/ld+json\" class=\"yoast-schema-graph\">{\"@context\":\"https:\/\/schema.org\",\"@graph\":[{\"@type\":\"WebPage\",\"@id\":\"https:\/\/konsumpf.de\/?p=9212\",\"url\":\"https:\/\/konsumpf.de\/?p=9212\",\"name\":\"Uebermorgen.tv: Die Zukunft der Reklame - Konsumpf - Forum f\u00fcr kreative Konsumkritik - Culture Jamming, Nachhaltigkeit, Konzernkritik, Adbusting\",\"isPartOf\":{\"@id\":\"https:\/\/konsumpf.de\/#website\"},\"primaryImageOfPage\":{\"@id\":\"https:\/\/konsumpf.de\/?p=9212#primaryimage\"},\"image\":{\"@id\":\"https:\/\/konsumpf.de\/?p=9212#primaryimage\"},\"thumbnailUrl\":\"http:\/\/vg07.met.vgwort.de\/na\/5edd08cca67d4ef6b49414ebd6873f17\",\"datePublished\":\"2010-10-20T08:12:22+00:00\",\"dateModified\":\"2010-10-23T10:19:17+00:00\",\"author\":{\"@id\":\"https:\/\/konsumpf.de\/#\/schema\/person\/e595a6d286b26994e7e0926d70699070\"},\"breadcrumb\":{\"@id\":\"https:\/\/konsumpf.de\/?p=9212#breadcrumb\"},\"inLanguage\":\"de\",\"potentialAction\":[{\"@type\":\"ReadAction\",\"target\":[\"https:\/\/konsumpf.de\/?p=9212\"]}]},{\"@type\":\"ImageObject\",\"inLanguage\":\"de\",\"@id\":\"https:\/\/konsumpf.de\/?p=9212#primaryimage\",\"url\":\"http:\/\/vg07.met.vgwort.de\/na\/5edd08cca67d4ef6b49414ebd6873f17\",\"contentUrl\":\"http:\/\/vg07.met.vgwort.de\/na\/5edd08cca67d4ef6b49414ebd6873f17\"},{\"@type\":\"BreadcrumbList\",\"@id\":\"https:\/\/konsumpf.de\/?p=9212#breadcrumb\",\"itemListElement\":[{\"@type\":\"ListItem\",\"position\":1,\"name\":\"Startseite\",\"item\":\"https:\/\/konsumpf.de\/\"},{\"@type\":\"ListItem\",\"position\":2,\"name\":\"Uebermorgen.tv: Die Zukunft der Reklame\"}]},{\"@type\":\"WebSite\",\"@id\":\"https:\/\/konsumpf.de\/#website\",\"url\":\"https:\/\/konsumpf.de\/\",\"name\":\"Konsumpf - Forum f\u00fcr kreative Konsumkritik - Culture Jamming, Nachhaltigkeit, Konzernkritik, Adbusting\",\"description\":\"\",\"potentialAction\":[{\"@type\":\"SearchAction\",\"target\":{\"@type\":\"EntryPoint\",\"urlTemplate\":\"https:\/\/konsumpf.de\/?s={search_term_string}\"},\"query-input\":{\"@type\":\"PropertyValueSpecification\",\"valueRequired\":true,\"valueName\":\"search_term_string\"}}],\"inLanguage\":\"de\"},{\"@type\":\"Person\",\"@id\":\"https:\/\/konsumpf.de\/#\/schema\/person\/e595a6d286b26994e7e0926d70699070\",\"name\":\"Peter M.\",\"sameAs\":[\"http:\/\/konsumpf.de\"]}]}<\/script>\n<!-- \/ Yoast SEO plugin. -->","yoast_head_json":{"title":"Uebermorgen.tv: Die Zukunft der Reklame - Konsumpf - Forum f\u00fcr kreative Konsumkritik - Culture Jamming, Nachhaltigkeit, Konzernkritik, Adbusting","robots":{"index":"index","follow":"follow","max-snippet":"max-snippet:-1","max-image-preview":"max-image-preview:large","max-video-preview":"max-video-preview:-1"},"canonical":"https:\/\/konsumpf.de\/?p=9212","og_locale":"de_DE","og_type":"article","og_title":"Uebermorgen.tv: Die Zukunft der Reklame - Konsumpf - Forum f\u00fcr kreative Konsumkritik - Culture Jamming, Nachhaltigkeit, Konzernkritik, Adbusting","og_description":"Zu den erfreulichsten Errungenschaften, die die \u00f6ffentlich-rechtlichen Sender im Internet zustande brachten, geh\u00f6rte f\u00fcr mich immer zweifelsohne Der Elektrische Reporter, ein kostenloser Videopodcast, der sich mit Trends und Entwicklungen und Problemen der (Medien-)Gesellschaft befasste und dies in sehr stilvoller und oft auch unterhaltsamer Art und Weise pr\u00e4sentierte. Nach einiger Zeit wurde der Reporter leider auf [&hellip;]","og_url":"https:\/\/konsumpf.de\/?p=9212","og_site_name":"Konsumpf - Forum f\u00fcr kreative Konsumkritik - Culture Jamming, Nachhaltigkeit, Konzernkritik, Adbusting","article_published_time":"2010-10-20T08:12:22+00:00","article_modified_time":"2010-10-23T10:19:17+00:00","og_image":[{"url":"http:\/\/vg07.met.vgwort.de\/na\/5edd08cca67d4ef6b49414ebd6873f17","type":"","width":"","height":""}],"author":"Peter M.","twitter_card":"summary_large_image","twitter_misc":{"Verfasst von":"Peter M.","Gesch\u00e4tzte Lesezeit":"2\u00a0Minuten"},"schema":{"@context":"https:\/\/schema.org","@graph":[{"@type":"WebPage","@id":"https:\/\/konsumpf.de\/?p=9212","url":"https:\/\/konsumpf.de\/?p=9212","name":"Uebermorgen.tv: Die Zukunft der Reklame - Konsumpf - Forum f\u00fcr kreative Konsumkritik - Culture Jamming, Nachhaltigkeit, Konzernkritik, Adbusting","isPartOf":{"@id":"https:\/\/konsumpf.de\/#website"},"primaryImageOfPage":{"@id":"https:\/\/konsumpf.de\/?p=9212#primaryimage"},"image":{"@id":"https:\/\/konsumpf.de\/?p=9212#primaryimage"},"thumbnailUrl":"http:\/\/vg07.met.vgwort.de\/na\/5edd08cca67d4ef6b49414ebd6873f17","datePublished":"2010-10-20T08:12:22+00:00","dateModified":"2010-10-23T10:19:17+00:00","author":{"@id":"https:\/\/konsumpf.de\/#\/schema\/person\/e595a6d286b26994e7e0926d70699070"},"breadcrumb":{"@id":"https:\/\/konsumpf.de\/?p=9212#breadcrumb"},"inLanguage":"de","potentialAction":[{"@type":"ReadAction","target":["https:\/\/konsumpf.de\/?p=9212"]}]},{"@type":"ImageObject","inLanguage":"de","@id":"https:\/\/konsumpf.de\/?p=9212#primaryimage","url":"http:\/\/vg07.met.vgwort.de\/na\/5edd08cca67d4ef6b49414ebd6873f17","contentUrl":"http:\/\/vg07.met.vgwort.de\/na\/5edd08cca67d4ef6b49414ebd6873f17"},{"@type":"BreadcrumbList","@id":"https:\/\/konsumpf.de\/?p=9212#breadcrumb","itemListElement":[{"@type":"ListItem","position":1,"name":"Startseite","item":"https:\/\/konsumpf.de\/"},{"@type":"ListItem","position":2,"name":"Uebermorgen.tv: Die Zukunft der Reklame"}]},{"@type":"WebSite","@id":"https:\/\/konsumpf.de\/#website","url":"https:\/\/konsumpf.de\/","name":"Konsumpf - Forum f\u00fcr kreative Konsumkritik - Culture Jamming, Nachhaltigkeit, Konzernkritik, Adbusting","description":"","potentialAction":[{"@type":"SearchAction","target":{"@type":"EntryPoint","urlTemplate":"https:\/\/konsumpf.de\/?s={search_term_string}"},"query-input":{"@type":"PropertyValueSpecification","valueRequired":true,"valueName":"search_term_string"}}],"inLanguage":"de"},{"@type":"Person","@id":"https:\/\/konsumpf.de\/#\/schema\/person\/e595a6d286b26994e7e0926d70699070","name":"Peter M.","sameAs":["http:\/\/konsumpf.de"]}]}},"_links":{"self":[{"href":"https:\/\/konsumpf.de\/index.php?rest_route=\/wp\/v2\/posts\/9212"}],"collection":[{"href":"https:\/\/konsumpf.de\/index.php?rest_route=\/wp\/v2\/posts"}],"about":[{"href":"https:\/\/konsumpf.de\/index.php?rest_route=\/wp\/v2\/types\/post"}],"author":[{"embeddable":true,"href":"https:\/\/konsumpf.de\/index.php?rest_route=\/wp\/v2\/users\/1"}],"replies":[{"embeddable":true,"href":"https:\/\/konsumpf.de\/index.php?rest_route=%2Fwp%2Fv2%2Fcomments&post=9212"}],"version-history":[{"count":12,"href":"https:\/\/konsumpf.de\/index.php?rest_route=\/wp\/v2\/posts\/9212\/revisions"}],"predecessor-version":[{"id":9218,"href":"https:\/\/konsumpf.de\/index.php?rest_route=\/wp\/v2\/posts\/9212\/revisions\/9218"}],"wp:attachment":[{"href":"https:\/\/konsumpf.de\/index.php?rest_route=%2Fwp%2Fv2%2Fmedia&parent=9212"}],"wp:term":[{"taxonomy":"category","embeddable":true,"href":"https:\/\/konsumpf.de\/index.php?rest_route=%2Fwp%2Fv2%2Fcategories&post=9212"},{"taxonomy":"post_tag","embeddable":true,"href":"https:\/\/konsumpf.de\/index.php?rest_route=%2Fwp%2Fv2%2Ftags&post=9212"}],"curies":[{"name":"wp","href":"https:\/\/api.w.org\/{rel}","templated":true}]}}