{"id":9192,"date":"2010-10-19T10:07:46","date_gmt":"2010-10-19T08:07:46","guid":{"rendered":"http:\/\/konsumpf.de\/?p=9192"},"modified":"2010-10-15T18:32:51","modified_gmt":"2010-10-15T16:32:51","slug":"krank-durch-jeans","status":"publish","type":"post","link":"https:\/\/konsumpf.de\/?p=9192","title":{"rendered":"Krank durch Jeans"},"content":{"rendered":"<p>Passend zu meinem Beitrag von gestern heute noch mal etwas zum Thema Mode. \u00dcber den Irrsinn, Jeans mit Hilfe von Sandstrahlgebl\u00e4sen k\u00fcnstlich altern zu lassen, um den modisch angesagten \u201evintage look\u201c zu erzeugen, wurde bereits vor gut einem Jahr in den Medien berichtet (z.B. der Spiegel: \u201e<a href=\"http:\/\/www.spiegel.de\/panorama\/gesellschaft\/0,1518,614541,00.html\">T\u00f6dlicher Sand in der Jeans-Maschine<\/a>\u201c) \u2013 denn viele der Arbeiter, die diese Anlagen bedienen, werden dadurch krank und sterben sogar. Aufgrund des damaligen allgemeinen Entr\u00fcstungssturms haben Firmen wie Levi&#8217;s und H&amp;M nun dieser Produktionsweise \u00f6ffentlich abgeschworen. Leider wird dieses Verfahren (und auch andere, bei denen hochgiftige Stoffe zum F\u00e4rben zum Einsatz gelangen) z.B. in der T\u00fcrkei aber immer noch angewendet, wie die WDR-Sendung <strong>Markt<\/strong> herausfand \u2013 \u201e<a href=\"http:\/\/www.wdr.de\/tv\/markt\/sendungsbeitraege\/2010\/1011\/02_jeans_2.jsp\"><strong>Jeans mit Risiken<\/strong><\/a>\u201c. Der \u201eSegen\u201c der billigen globalisierten Produktion: die gef\u00e4hrliche Drecksarbeit machen andere und hierzulande sieht der Konsument nur die Glitzerfassade von Marketing und Modeindustrie.<\/p>\n<blockquote><p>(&#8230;) Das Sandstrahlen ist zwar seit \u00fcber einem Jahr in der T\u00fcrkei verboten, trotzdem sind solche Jeans weiter auf dem Markt. Sedat Kayas Gewerkschaft hat neue Hinweise. Vor wenigen Tagen hat ihn ein Arbeiter angerufen: \u201eWie er uns gesagt hat, ist hier immer noch eine Firma, die das Sandstrahlen benutzt, um Jeans zu bleichen. Wenn wir eine M\u00f6glichkeit haben, k\u00f6nnen wir vielleicht die Fabrik sehen. Aber ich kenne die Realit\u00e4t in meinem Land. Es wird sehr schwer sein, etwas Genaues zu sehen. Aber wie auch immer: Wir versuchen es.\u201c<\/p>\n<p>Der Wettbewerb auf dem Markt ist global und gnadenlos. So kostet eine Jeans aus Bangladesch bei der Einfuhr knapp f\u00fcnf Euro, aus China um die sieben Euro und aus der T\u00fcrkei knapp 15 Euro. Zudem gibt es in der T\u00fcrkei eine Besonderheit: Die Auftr\u00e4ge werden immer weiter aufgeteilt. Ein Subunternehmer gibt den Auftrag an den n\u00e4chsten. So sind die Zulieferer nur schwer zu kontrollieren. (&#8230;)<\/p><\/blockquote>\n<p><object width=\"425\" height=\"344\"><param name=\"movie\" value=\"http:\/\/www.youtube.com\/v\/O1-NGFkGN0s?hl=de&#038;fs=1\"><\/param><param name=\"allowFullScreen\" value=\"true\"><\/param><param name=\"allowscriptaccess\" value=\"always\"><\/param><embed src=\"http:\/\/www.youtube.com\/v\/O1-NGFkGN0s?hl=de&#038;fs=1\" type=\"application\/x-shockwave-flash\" allowscriptaccess=\"always\" allowfullscreen=\"true\" width=\"425\" height=\"344\"><\/embed><\/object><\/p>\n<h3 class='related_post_title'>Verwandte Beitr\u00e4ge:<\/h3><ul class='related_post'><li><a href=\"http:\/\/konsumpf.de\/?p=15351\" title=\"Maus oder M\u00e4use? Wie der Markt die Moral untergr\u00e4bt\">Maus oder M\u00e4use? Wie der Markt die Moral untergr\u00e4bt<\/a><\/li><li><a href=\"http:\/\/konsumpf.de\/?p=14805\" title=\"H&#038;M &#8211; der karitative Konzern?\">H&#038;M &#8211; der karitative Konzern?<\/a><\/li><li><a href=\"http:\/\/konsumpf.de\/?p=14146\" title=\"H&#038;M und beworbene Kunstprodukte\">H&#038;M und beworbene Kunstprodukte<\/a><\/li><li><a href=\"http:\/\/konsumpf.de\/?p=13758\" title=\"Lidl-Check\/McDonald\u2019s-Check \u2013 Gedanken zu den \u201eMarkenchecks\u201c in der ARD\">Lidl-Check\/McDonald\u2019s-Check \u2013 Gedanken zu den \u201eMarkenchecks\u201c in der ARD<\/a><\/li><li><a href=\"http:\/\/konsumpf.de\/?p=13147\" title=\"Lesetipps: Danke, KiK! | H&#038;M | K\u00fcnstlerwettbewerb Anti-Konsum | Deutsches Fleisch\">Lesetipps: Danke, KiK! | H&#038;M | K\u00fcnstlerwettbewerb Anti-Konsum | Deutsches Fleisch<\/a><\/li><\/ul>","protected":false},"excerpt":{"rendered":"<p>Passend zu meinem Beitrag von gestern heute noch mal etwas zum Thema Mode. \u00dcber den Irrsinn, Jeans mit Hilfe von Sandstrahlgebl\u00e4sen k\u00fcnstlich altern zu lassen, um den modisch angesagten \u201evintage look\u201c zu erzeugen, wurde bereits vor gut einem Jahr in den Medien berichtet (z.B. der Spiegel: \u201eT\u00f6dlicher Sand in der Jeans-Maschine\u201c) \u2013 denn viele der [&hellip;]<\/p>\n","protected":false},"author":1,"featured_media":0,"comment_status":"open","ping_status":"open","sticky":false,"template":"","format":"standard","meta":{"footnotes":""},"categories":[37,16,78],"tags":[1752,152,1748,1751,409,1750,1749],"yoast_head":"<!-- This site is optimized with the Yoast SEO plugin v24.4 - https:\/\/yoast.com\/wordpress\/plugins\/seo\/ -->\n<title>Krank durch Jeans - Konsumpf - Forum f\u00fcr kreative Konsumkritik - Culture Jamming, Nachhaltigkeit, Konzernkritik, Adbusting<\/title>\n<meta name=\"robots\" content=\"index, follow, max-snippet:-1, max-image-preview:large, max-video-preview:-1\" \/>\n<link rel=\"canonical\" href=\"https:\/\/konsumpf.de\/?p=9192\" \/>\n<meta property=\"og:locale\" content=\"de_DE\" \/>\n<meta property=\"og:type\" content=\"article\" \/>\n<meta property=\"og:title\" content=\"Krank durch Jeans - Konsumpf - Forum f\u00fcr kreative Konsumkritik - Culture Jamming, Nachhaltigkeit, Konzernkritik, Adbusting\" \/>\n<meta property=\"og:description\" content=\"Passend zu meinem Beitrag von gestern heute noch mal etwas zum Thema Mode. \u00dcber den Irrsinn, Jeans mit Hilfe von Sandstrahlgebl\u00e4sen k\u00fcnstlich altern zu lassen, um den modisch angesagten \u201evintage look\u201c zu erzeugen, wurde bereits vor gut einem Jahr in den Medien berichtet (z.B. der Spiegel: \u201eT\u00f6dlicher Sand in der Jeans-Maschine\u201c) \u2013 denn viele der [&hellip;]\" \/>\n<meta property=\"og:url\" content=\"https:\/\/konsumpf.de\/?p=9192\" \/>\n<meta property=\"og:site_name\" content=\"Konsumpf - Forum f\u00fcr kreative Konsumkritik - Culture Jamming, Nachhaltigkeit, Konzernkritik, Adbusting\" \/>\n<meta property=\"article:published_time\" content=\"2010-10-19T08:07:46+00:00\" \/>\n<meta name=\"author\" content=\"Peter M.\" \/>\n<meta name=\"twitter:card\" content=\"summary_large_image\" \/>\n<meta name=\"twitter:label1\" content=\"Verfasst von\" \/>\n\t<meta name=\"twitter:data1\" content=\"Peter M.\" \/>\n\t<meta name=\"twitter:label2\" content=\"Gesch\u00e4tzte Lesezeit\" \/>\n\t<meta name=\"twitter:data2\" content=\"2\u00a0Minuten\" \/>\n<script type=\"application\/ld+json\" class=\"yoast-schema-graph\">{\"@context\":\"https:\/\/schema.org\",\"@graph\":[{\"@type\":\"WebPage\",\"@id\":\"https:\/\/konsumpf.de\/?p=9192\",\"url\":\"https:\/\/konsumpf.de\/?p=9192\",\"name\":\"Krank durch Jeans - Konsumpf - Forum f\u00fcr kreative Konsumkritik - Culture Jamming, Nachhaltigkeit, Konzernkritik, Adbusting\",\"isPartOf\":{\"@id\":\"https:\/\/konsumpf.de\/#website\"},\"datePublished\":\"2010-10-19T08:07:46+00:00\",\"author\":{\"@id\":\"https:\/\/konsumpf.de\/#\/schema\/person\/e595a6d286b26994e7e0926d70699070\"},\"breadcrumb\":{\"@id\":\"https:\/\/konsumpf.de\/?p=9192#breadcrumb\"},\"inLanguage\":\"de\",\"potentialAction\":[{\"@type\":\"ReadAction\",\"target\":[\"https:\/\/konsumpf.de\/?p=9192\"]}]},{\"@type\":\"BreadcrumbList\",\"@id\":\"https:\/\/konsumpf.de\/?p=9192#breadcrumb\",\"itemListElement\":[{\"@type\":\"ListItem\",\"position\":1,\"name\":\"Startseite\",\"item\":\"https:\/\/konsumpf.de\/\"},{\"@type\":\"ListItem\",\"position\":2,\"name\":\"Krank durch Jeans\"}]},{\"@type\":\"WebSite\",\"@id\":\"https:\/\/konsumpf.de\/#website\",\"url\":\"https:\/\/konsumpf.de\/\",\"name\":\"Konsumpf - Forum f\u00fcr kreative Konsumkritik - Culture Jamming, Nachhaltigkeit, Konzernkritik, Adbusting\",\"description\":\"\",\"potentialAction\":[{\"@type\":\"SearchAction\",\"target\":{\"@type\":\"EntryPoint\",\"urlTemplate\":\"https:\/\/konsumpf.de\/?s={search_term_string}\"},\"query-input\":{\"@type\":\"PropertyValueSpecification\",\"valueRequired\":true,\"valueName\":\"search_term_string\"}}],\"inLanguage\":\"de\"},{\"@type\":\"Person\",\"@id\":\"https:\/\/konsumpf.de\/#\/schema\/person\/e595a6d286b26994e7e0926d70699070\",\"name\":\"Peter M.\",\"sameAs\":[\"http:\/\/konsumpf.de\"]}]}<\/script>\n<!-- \/ Yoast SEO plugin. -->","yoast_head_json":{"title":"Krank durch Jeans - Konsumpf - Forum f\u00fcr kreative Konsumkritik - Culture Jamming, Nachhaltigkeit, Konzernkritik, Adbusting","robots":{"index":"index","follow":"follow","max-snippet":"max-snippet:-1","max-image-preview":"max-image-preview:large","max-video-preview":"max-video-preview:-1"},"canonical":"https:\/\/konsumpf.de\/?p=9192","og_locale":"de_DE","og_type":"article","og_title":"Krank durch Jeans - Konsumpf - Forum f\u00fcr kreative Konsumkritik - Culture Jamming, Nachhaltigkeit, Konzernkritik, Adbusting","og_description":"Passend zu meinem Beitrag von gestern heute noch mal etwas zum Thema Mode. \u00dcber den Irrsinn, Jeans mit Hilfe von Sandstrahlgebl\u00e4sen k\u00fcnstlich altern zu lassen, um den modisch angesagten \u201evintage look\u201c zu erzeugen, wurde bereits vor gut einem Jahr in den Medien berichtet (z.B. der Spiegel: \u201eT\u00f6dlicher Sand in der Jeans-Maschine\u201c) \u2013 denn viele der [&hellip;]","og_url":"https:\/\/konsumpf.de\/?p=9192","og_site_name":"Konsumpf - Forum f\u00fcr kreative Konsumkritik - Culture Jamming, Nachhaltigkeit, Konzernkritik, Adbusting","article_published_time":"2010-10-19T08:07:46+00:00","author":"Peter M.","twitter_card":"summary_large_image","twitter_misc":{"Verfasst von":"Peter M.","Gesch\u00e4tzte Lesezeit":"2\u00a0Minuten"},"schema":{"@context":"https:\/\/schema.org","@graph":[{"@type":"WebPage","@id":"https:\/\/konsumpf.de\/?p=9192","url":"https:\/\/konsumpf.de\/?p=9192","name":"Krank durch Jeans - Konsumpf - Forum f\u00fcr kreative Konsumkritik - Culture Jamming, Nachhaltigkeit, Konzernkritik, Adbusting","isPartOf":{"@id":"https:\/\/konsumpf.de\/#website"},"datePublished":"2010-10-19T08:07:46+00:00","author":{"@id":"https:\/\/konsumpf.de\/#\/schema\/person\/e595a6d286b26994e7e0926d70699070"},"breadcrumb":{"@id":"https:\/\/konsumpf.de\/?p=9192#breadcrumb"},"inLanguage":"de","potentialAction":[{"@type":"ReadAction","target":["https:\/\/konsumpf.de\/?p=9192"]}]},{"@type":"BreadcrumbList","@id":"https:\/\/konsumpf.de\/?p=9192#breadcrumb","itemListElement":[{"@type":"ListItem","position":1,"name":"Startseite","item":"https:\/\/konsumpf.de\/"},{"@type":"ListItem","position":2,"name":"Krank durch Jeans"}]},{"@type":"WebSite","@id":"https:\/\/konsumpf.de\/#website","url":"https:\/\/konsumpf.de\/","name":"Konsumpf - Forum f\u00fcr kreative Konsumkritik - Culture Jamming, Nachhaltigkeit, Konzernkritik, Adbusting","description":"","potentialAction":[{"@type":"SearchAction","target":{"@type":"EntryPoint","urlTemplate":"https:\/\/konsumpf.de\/?s={search_term_string}"},"query-input":{"@type":"PropertyValueSpecification","valueRequired":true,"valueName":"search_term_string"}}],"inLanguage":"de"},{"@type":"Person","@id":"https:\/\/konsumpf.de\/#\/schema\/person\/e595a6d286b26994e7e0926d70699070","name":"Peter M.","sameAs":["http:\/\/konsumpf.de"]}]}},"_links":{"self":[{"href":"https:\/\/konsumpf.de\/index.php?rest_route=\/wp\/v2\/posts\/9192"}],"collection":[{"href":"https:\/\/konsumpf.de\/index.php?rest_route=\/wp\/v2\/posts"}],"about":[{"href":"https:\/\/konsumpf.de\/index.php?rest_route=\/wp\/v2\/types\/post"}],"author":[{"embeddable":true,"href":"https:\/\/konsumpf.de\/index.php?rest_route=\/wp\/v2\/users\/1"}],"replies":[{"embeddable":true,"href":"https:\/\/konsumpf.de\/index.php?rest_route=%2Fwp%2Fv2%2Fcomments&post=9192"}],"version-history":[{"count":10,"href":"https:\/\/konsumpf.de\/index.php?rest_route=\/wp\/v2\/posts\/9192\/revisions"}],"predecessor-version":[{"id":9202,"href":"https:\/\/konsumpf.de\/index.php?rest_route=\/wp\/v2\/posts\/9192\/revisions\/9202"}],"wp:attachment":[{"href":"https:\/\/konsumpf.de\/index.php?rest_route=%2Fwp%2Fv2%2Fmedia&parent=9192"}],"wp:term":[{"taxonomy":"category","embeddable":true,"href":"https:\/\/konsumpf.de\/index.php?rest_route=%2Fwp%2Fv2%2Fcategories&post=9192"},{"taxonomy":"post_tag","embeddable":true,"href":"https:\/\/konsumpf.de\/index.php?rest_route=%2Fwp%2Fv2%2Ftags&post=9192"}],"curies":[{"name":"wp","href":"https:\/\/api.w.org\/{rel}","templated":true}]}}