{"id":9140,"date":"2010-10-12T10:02:53","date_gmt":"2010-10-12T08:02:53","guid":{"rendered":"http:\/\/konsumpf.de\/?p=9140"},"modified":"2010-10-12T15:14:13","modified_gmt":"2010-10-12T13:14:13","slug":"das-bahn-fiasko","status":"publish","type":"post","link":"https:\/\/konsumpf.de\/?p=9140","title":{"rendered":"Das Bahn-Fiasko"},"content":{"rendered":"<p>So, heute wieder ein Doku-Tipp \u2013 die NDR-Sendung <strong>Panorama<\/strong> (die zugegebenerma\u00dfen nicht immer sehr tiefgr\u00fcndig, sondern zuweilen eher rei\u00dferisch ist (siehe die missgl\u00fcckte Doku \u00fcber Biolebensmittel, die vor teils haneb\u00fcchenen und tendenzi\u00f6sen Fehl\u201einformationen\u201c nur so strotzte)) befasste sich mit der aktuell besonders stark in der Kritik stehenden Deutschen Bahn. Einem Konzern, der seit vielen Jahren \u201efit f\u00fcr die B\u00f6rse&#8221; gemacht werden soll und dabei sein Kerngesch\u00e4ft bzw. seine eigentliche Aufgabe, n\u00e4mlich den B\u00fcrgern des Landes eine gut zug\u00e4nglich Mobilit\u00e4t jenseits des Autowahns zu erm\u00f6glichen, immer weiter aus den Augen verliert. Nebenstrecken und Bahnh\u00f6fe werden geschlossen, Wartungen vernachl\u00e4ssigt, daf\u00fcr Prestigeprojekte und weltweite Expansionen (von denen die Menschen nichts haben) vorangetrieben. Diesen Missst\u00e4nden geht die Dokumentation \u201e<a href=\"http:\/\/www.ndr.de\/fernsehen\/sendungen\/panorama_die_reporter\/bahn307.html\"><strong>Das Bahn-Fiasko<\/strong><\/a>\u201c auf den Grund:<\/p>\n<blockquote><p>Dannenberg in Niedersachsen. Nur alle drei Stunden f\u00e4hrt hier noch  ein Zug ab. Weil die Gleise alt und voller Unkraut sind, \u00e4chzen die  Waggons im Schritttempo in den Bahnhof. Das Geb\u00e4ude gammelt vor sich  hin, Fahrkarten verkauft hier nur noch die Diakonie. Dabei g\u00e4be es laut  Fahrgastverband einen viel h\u00f6heren Bedarf an Service und Anschl\u00fcssen.  Doch die Bahn vernachl\u00e4ssigt offenbar den Nahverkehr, steckt das Geld  lieber in umstrittene Prestigeprojekte wie Stuttgart21 oder  internationale Managertr\u00e4ume im Logistikbereich.Von der Gigantonomie hat man in Gemeinden wie Eickeloh im Landkreis  Soltau-Fallingbostel wenig. Hier mussten die B\u00fcrger mit ansehen, wie in  diesem Sommer ihr Bahnhof als Haltepunkt aufgegeben wurde. In  Braunschweig wurde \u00fcber Jahre hinweg ein kompletter Schienenring samt  Ausweichstrecken abgebaut. Und in D\u00f6mitz haben die Menschen die Hoffnung  l\u00e4ngst aufgegeben, ihre schrottreife Eisenbahnbr\u00fccke k\u00f6nnte irgendwann  wieder Z\u00fcge \u00fcber die Elbe f\u00fchren.<\/p>\n<p>Gesine Enwaldt und Kersten Sch\u00fc\u00dfler auf den Spuren eines Konzerns,  der in seiner Gro\u00dfmannssucht viel zu h\u00e4ufig die einfachen Bahnfahrer  aufs Abstellgleis stellt.<\/p><\/blockquote>\n<p><object width=\"500\" height=\"300\"><param name=\"movie\" value=\"http:\/\/www.youtube.com\/v\/Nj2jYuv3HMI?fs=1&amp;hl=de_DE\"><\/param><param name=\"allowFullScreen\" value=\"true\"><\/param><param name=\"allowscriptaccess\" value=\"always\"><\/param><embed src=\"http:\/\/www.youtube.com\/v\/Nj2jYuv3HMI?fs=1&amp;hl=de_DE\" type=\"application\/x-shockwave-flash\" allowscriptaccess=\"always\" allowfullscreen=\"true\" width=\"500\" height=\"300\"><\/embed><\/object><\/p>\n<p><object width=\"500\" height=\"300\"><param name=\"movie\" value=\"http:\/\/www.youtube.com\/v\/bd2FSxGi6TI?fs=1&amp;hl=de_DE\"><\/param><param name=\"allowFullScreen\" value=\"true\"><\/param><param name=\"allowscriptaccess\" value=\"always\"><\/param><embed src=\"http:\/\/www.youtube.com\/v\/bd2FSxGi6TI?fs=1&amp;hl=de_DE\" type=\"application\/x-shockwave-flash\" allowscriptaccess=\"always\" allowfullscreen=\"true\" width=\"500\" height=\"300\"><\/embed><\/object><\/p>\n<h3 class='related_post_title'>Verwandte Beitr\u00e4ge:<\/h3><ul class='related_post'><li><a href=\"http:\/\/konsumpf.de\/?p=14361\" title=\"Wegezoll \u2013 Reiche Bahn la\u0308sst Regionalverkehr ausbluten\">Wegezoll \u2013 Reiche Bahn la\u0308sst Regionalverkehr ausbluten<\/a><\/li><li><a href=\"http:\/\/konsumpf.de\/?p=11331\" title=\"Lesetipps: Ist Luxus unmoralisch? | Bundesrat stoppt Gentechnik im Saatgut | Atomkraft-Verflechtungen | Schleichwerbung in der Kita\">Lesetipps: Ist Luxus unmoralisch? | Bundesrat stoppt Gentechnik im Saatgut | Atomkraft-Verflechtungen | Schleichwerbung in der Kita<\/a><\/li><li><a href=\"http:\/\/konsumpf.de\/?p=15404\" title=\"Mein Leben als Werbefl\u00e4che: Youtube und die Generation Z\">Mein Leben als Werbefl\u00e4che: Youtube und die Generation Z<\/a><\/li><li><a href=\"http:\/\/konsumpf.de\/?p=15307\" title=\"Reklame an Schule \u2013 Markenindoktrination schon bei den Kleinen\">Reklame an Schule \u2013 Markenindoktrination schon bei den Kleinen<\/a><\/li><li><a href=\"http:\/\/konsumpf.de\/?p=15254\" title=\"Die Konsumtricks der Industrie\">Die Konsumtricks der Industrie<\/a><\/li><\/ul>","protected":false},"excerpt":{"rendered":"<p>So, heute wieder ein Doku-Tipp \u2013 die NDR-Sendung Panorama (die zugegebenerma\u00dfen nicht immer sehr tiefgr\u00fcndig, sondern zuweilen eher rei\u00dferisch ist (siehe die missgl\u00fcckte Doku \u00fcber Biolebensmittel, die vor teils haneb\u00fcchenen und tendenzi\u00f6sen Fehl\u201einformationen\u201c nur so strotzte)) befasste sich mit der aktuell besonders stark in der Kritik stehenden Deutschen Bahn. Einem Konzern, der seit vielen Jahren [&hellip;]<\/p>\n","protected":false},"author":1,"featured_media":0,"comment_status":"open","ping_status":"open","sticky":false,"template":"","format":"standard","meta":{"footnotes":""},"categories":[16,568,78],"tags":[1741,886,2867,2886,752],"yoast_head":"<!-- This site is optimized with the Yoast SEO plugin v24.4 - https:\/\/yoast.com\/wordpress\/plugins\/seo\/ -->\n<title>Das Bahn-Fiasko - Konsumpf - Forum f\u00fcr kreative Konsumkritik - Culture Jamming, Nachhaltigkeit, Konzernkritik, Adbusting<\/title>\n<meta name=\"robots\" content=\"index, follow, max-snippet:-1, max-image-preview:large, max-video-preview:-1\" \/>\n<link rel=\"canonical\" href=\"https:\/\/konsumpf.de\/?p=9140\" \/>\n<meta property=\"og:locale\" content=\"de_DE\" \/>\n<meta property=\"og:type\" content=\"article\" \/>\n<meta property=\"og:title\" content=\"Das Bahn-Fiasko - Konsumpf - Forum f\u00fcr kreative Konsumkritik - Culture Jamming, Nachhaltigkeit, Konzernkritik, Adbusting\" \/>\n<meta property=\"og:description\" content=\"So, heute wieder ein Doku-Tipp \u2013 die NDR-Sendung Panorama (die zugegebenerma\u00dfen nicht immer sehr tiefgr\u00fcndig, sondern zuweilen eher rei\u00dferisch ist (siehe die missgl\u00fcckte Doku \u00fcber Biolebensmittel, die vor teils haneb\u00fcchenen und tendenzi\u00f6sen Fehl\u201einformationen\u201c nur so strotzte)) befasste sich mit der aktuell besonders stark in der Kritik stehenden Deutschen Bahn. Einem Konzern, der seit vielen Jahren [&hellip;]\" \/>\n<meta property=\"og:url\" content=\"https:\/\/konsumpf.de\/?p=9140\" \/>\n<meta property=\"og:site_name\" content=\"Konsumpf - Forum f\u00fcr kreative Konsumkritik - Culture Jamming, Nachhaltigkeit, Konzernkritik, Adbusting\" \/>\n<meta property=\"article:published_time\" content=\"2010-10-12T08:02:53+00:00\" \/>\n<meta property=\"article:modified_time\" content=\"2010-10-12T13:14:13+00:00\" \/>\n<meta name=\"author\" content=\"Peter M.\" \/>\n<meta name=\"twitter:card\" content=\"summary_large_image\" \/>\n<meta name=\"twitter:label1\" content=\"Verfasst von\" \/>\n\t<meta name=\"twitter:data1\" content=\"Peter M.\" \/>\n\t<meta name=\"twitter:label2\" content=\"Gesch\u00e4tzte Lesezeit\" \/>\n\t<meta name=\"twitter:data2\" content=\"2\u00a0Minuten\" \/>\n<script type=\"application\/ld+json\" class=\"yoast-schema-graph\">{\"@context\":\"https:\/\/schema.org\",\"@graph\":[{\"@type\":\"WebPage\",\"@id\":\"https:\/\/konsumpf.de\/?p=9140\",\"url\":\"https:\/\/konsumpf.de\/?p=9140\",\"name\":\"Das Bahn-Fiasko - Konsumpf - Forum f\u00fcr kreative Konsumkritik - Culture Jamming, Nachhaltigkeit, Konzernkritik, Adbusting\",\"isPartOf\":{\"@id\":\"https:\/\/konsumpf.de\/#website\"},\"datePublished\":\"2010-10-12T08:02:53+00:00\",\"dateModified\":\"2010-10-12T13:14:13+00:00\",\"author\":{\"@id\":\"https:\/\/konsumpf.de\/#\/schema\/person\/e595a6d286b26994e7e0926d70699070\"},\"breadcrumb\":{\"@id\":\"https:\/\/konsumpf.de\/?p=9140#breadcrumb\"},\"inLanguage\":\"de\",\"potentialAction\":[{\"@type\":\"ReadAction\",\"target\":[\"https:\/\/konsumpf.de\/?p=9140\"]}]},{\"@type\":\"BreadcrumbList\",\"@id\":\"https:\/\/konsumpf.de\/?p=9140#breadcrumb\",\"itemListElement\":[{\"@type\":\"ListItem\",\"position\":1,\"name\":\"Startseite\",\"item\":\"https:\/\/konsumpf.de\/\"},{\"@type\":\"ListItem\",\"position\":2,\"name\":\"Das Bahn-Fiasko\"}]},{\"@type\":\"WebSite\",\"@id\":\"https:\/\/konsumpf.de\/#website\",\"url\":\"https:\/\/konsumpf.de\/\",\"name\":\"Konsumpf - Forum f\u00fcr kreative Konsumkritik - Culture Jamming, Nachhaltigkeit, Konzernkritik, Adbusting\",\"description\":\"\",\"potentialAction\":[{\"@type\":\"SearchAction\",\"target\":{\"@type\":\"EntryPoint\",\"urlTemplate\":\"https:\/\/konsumpf.de\/?s={search_term_string}\"},\"query-input\":{\"@type\":\"PropertyValueSpecification\",\"valueRequired\":true,\"valueName\":\"search_term_string\"}}],\"inLanguage\":\"de\"},{\"@type\":\"Person\",\"@id\":\"https:\/\/konsumpf.de\/#\/schema\/person\/e595a6d286b26994e7e0926d70699070\",\"name\":\"Peter M.\",\"sameAs\":[\"http:\/\/konsumpf.de\"]}]}<\/script>\n<!-- \/ Yoast SEO plugin. -->","yoast_head_json":{"title":"Das Bahn-Fiasko - Konsumpf - Forum f\u00fcr kreative Konsumkritik - Culture Jamming, Nachhaltigkeit, Konzernkritik, Adbusting","robots":{"index":"index","follow":"follow","max-snippet":"max-snippet:-1","max-image-preview":"max-image-preview:large","max-video-preview":"max-video-preview:-1"},"canonical":"https:\/\/konsumpf.de\/?p=9140","og_locale":"de_DE","og_type":"article","og_title":"Das Bahn-Fiasko - Konsumpf - Forum f\u00fcr kreative Konsumkritik - Culture Jamming, Nachhaltigkeit, Konzernkritik, Adbusting","og_description":"So, heute wieder ein Doku-Tipp \u2013 die NDR-Sendung Panorama (die zugegebenerma\u00dfen nicht immer sehr tiefgr\u00fcndig, sondern zuweilen eher rei\u00dferisch ist (siehe die missgl\u00fcckte Doku \u00fcber Biolebensmittel, die vor teils haneb\u00fcchenen und tendenzi\u00f6sen Fehl\u201einformationen\u201c nur so strotzte)) befasste sich mit der aktuell besonders stark in der Kritik stehenden Deutschen Bahn. Einem Konzern, der seit vielen Jahren [&hellip;]","og_url":"https:\/\/konsumpf.de\/?p=9140","og_site_name":"Konsumpf - Forum f\u00fcr kreative Konsumkritik - Culture Jamming, Nachhaltigkeit, Konzernkritik, Adbusting","article_published_time":"2010-10-12T08:02:53+00:00","article_modified_time":"2010-10-12T13:14:13+00:00","author":"Peter M.","twitter_card":"summary_large_image","twitter_misc":{"Verfasst von":"Peter M.","Gesch\u00e4tzte Lesezeit":"2\u00a0Minuten"},"schema":{"@context":"https:\/\/schema.org","@graph":[{"@type":"WebPage","@id":"https:\/\/konsumpf.de\/?p=9140","url":"https:\/\/konsumpf.de\/?p=9140","name":"Das Bahn-Fiasko - Konsumpf - Forum f\u00fcr kreative Konsumkritik - Culture Jamming, Nachhaltigkeit, Konzernkritik, Adbusting","isPartOf":{"@id":"https:\/\/konsumpf.de\/#website"},"datePublished":"2010-10-12T08:02:53+00:00","dateModified":"2010-10-12T13:14:13+00:00","author":{"@id":"https:\/\/konsumpf.de\/#\/schema\/person\/e595a6d286b26994e7e0926d70699070"},"breadcrumb":{"@id":"https:\/\/konsumpf.de\/?p=9140#breadcrumb"},"inLanguage":"de","potentialAction":[{"@type":"ReadAction","target":["https:\/\/konsumpf.de\/?p=9140"]}]},{"@type":"BreadcrumbList","@id":"https:\/\/konsumpf.de\/?p=9140#breadcrumb","itemListElement":[{"@type":"ListItem","position":1,"name":"Startseite","item":"https:\/\/konsumpf.de\/"},{"@type":"ListItem","position":2,"name":"Das Bahn-Fiasko"}]},{"@type":"WebSite","@id":"https:\/\/konsumpf.de\/#website","url":"https:\/\/konsumpf.de\/","name":"Konsumpf - Forum f\u00fcr kreative Konsumkritik - Culture Jamming, Nachhaltigkeit, Konzernkritik, Adbusting","description":"","potentialAction":[{"@type":"SearchAction","target":{"@type":"EntryPoint","urlTemplate":"https:\/\/konsumpf.de\/?s={search_term_string}"},"query-input":{"@type":"PropertyValueSpecification","valueRequired":true,"valueName":"search_term_string"}}],"inLanguage":"de"},{"@type":"Person","@id":"https:\/\/konsumpf.de\/#\/schema\/person\/e595a6d286b26994e7e0926d70699070","name":"Peter M.","sameAs":["http:\/\/konsumpf.de"]}]}},"_links":{"self":[{"href":"https:\/\/konsumpf.de\/index.php?rest_route=\/wp\/v2\/posts\/9140"}],"collection":[{"href":"https:\/\/konsumpf.de\/index.php?rest_route=\/wp\/v2\/posts"}],"about":[{"href":"https:\/\/konsumpf.de\/index.php?rest_route=\/wp\/v2\/types\/post"}],"author":[{"embeddable":true,"href":"https:\/\/konsumpf.de\/index.php?rest_route=\/wp\/v2\/users\/1"}],"replies":[{"embeddable":true,"href":"https:\/\/konsumpf.de\/index.php?rest_route=%2Fwp%2Fv2%2Fcomments&post=9140"}],"version-history":[{"count":6,"href":"https:\/\/konsumpf.de\/index.php?rest_route=\/wp\/v2\/posts\/9140\/revisions"}],"predecessor-version":[{"id":9183,"href":"https:\/\/konsumpf.de\/index.php?rest_route=\/wp\/v2\/posts\/9140\/revisions\/9183"}],"wp:attachment":[{"href":"https:\/\/konsumpf.de\/index.php?rest_route=%2Fwp%2Fv2%2Fmedia&parent=9140"}],"wp:term":[{"taxonomy":"category","embeddable":true,"href":"https:\/\/konsumpf.de\/index.php?rest_route=%2Fwp%2Fv2%2Fcategories&post=9140"},{"taxonomy":"post_tag","embeddable":true,"href":"https:\/\/konsumpf.de\/index.php?rest_route=%2Fwp%2Fv2%2Ftags&post=9140"}],"curies":[{"name":"wp","href":"https:\/\/api.w.org\/{rel}","templated":true}]}}