{"id":8954,"date":"2010-10-08T10:06:30","date_gmt":"2010-10-08T08:06:30","guid":{"rendered":"http:\/\/konsumpf.de\/?p=8954"},"modified":"2010-10-03T20:29:50","modified_gmt":"2010-10-03T18:29:50","slug":"hakenkreuz-dolch-vom-weltmarkt-fuhrer-oder-amazon-rechts-ausen","status":"publish","type":"post","link":"https:\/\/konsumpf.de\/?p=8954","title":{"rendered":"Hakenkreuz-Dolch vom Weltmarkt-F\u00fchrer oder: Amazon rechts au\u00dfen"},"content":{"rendered":"<p>Letztes Jahr berichtete ich ja schon dar\u00fcber, dass man auf dem deutschen Ableger von des Interneth\u00e4ndlers Amazon sehr abseitige Literatur kaufen kann\/konnte, die eindeutig der Neonazi-Szene zuzuordnen ist (<a href=\"http:\/\/konsumpf.de\/?p=5358\">HIER<\/a>). Man arbeitete bei <strong>Amazon<\/strong> sogar mit einem NPD-Ortsverband (als Marketplace-Anbieter) zusammen und stellte sich auf den Standpunkt: \u201edie Werke sind ja nicht verboten\u201c, sprich: die Moral ist egal, wir wollen an allem verdienen, was sich zu Geld machen l\u00e4sst. In seinem <strong>Sprusko<\/strong>-Blog berichtet <strong>Marcus Meier<\/strong> nun, dass es leider trotzdem weiterhin mehr als fragw\u00fcrdige Machwerke dort zu kaufen gibt und man bei Amazon in den USA sogar Dolche mit Hakenkreuzemblem und der Gravur \u201eBlut und Ehre\u201c kaufen kann, nat\u00fcrlich auch alte Reichsflaggen u.\u00e4. In <a href=\"http:\/\/sprusko.blogspot.com\/2010\/09\/tschuss-amazon.html\">Ade, Amazon, Teil 1<\/a> und <a href=\"http:\/\/sprusko.blogspot.com\/2010\/09\/ade-amazon-2.html\">Teil 2<\/a> legt der Autor dar, wieso er Amazon zuk\u00fcnftig den R\u00fccken kehrt:<\/p>\n<blockquote>\n<div><a href=\"http:\/\/konsumpf.de\/wp-content\/uploads\/2010\/10\/amzn_naz.png\"><img loading=\"lazy\" decoding=\"async\" class=\"aligncenter size-full wp-image-9112\" title=\"amzn_naz\" src=\"http:\/\/konsumpf.de\/wp-content\/uploads\/2010\/10\/amzn_naz.png\" alt=\"\" width=\"400\" height=\"183\" srcset=\"https:\/\/konsumpf.de\/wp-content\/uploads\/2010\/10\/amzn_naz.png 400w, https:\/\/konsumpf.de\/wp-content\/uploads\/2010\/10\/amzn_naz-300x137.png 300w\" sizes=\"(max-width: 400px) 100vw, 400px\" \/><\/a>(&#8230;) Mein Umdenken  begann vor einer Woche, als mir bei Aufruf der Amazon-Webseite an  prominenter Stelle ein \u00bbTopseller\u00ab pr\u00e4sentiert wurde, der durchaus zu  recht umstritten ist: \u00bbDeutschland schafft sich\u00ab ab von Thilo Sarrazin,  die \u00bbNr. 1\u00ab in der Amazon-Kategorie B\u00fccher.<\/p>\n<div>Ich sah mir  die Kunden-Debatten an. Ich stellte fest: Sie sind meist voll Lobhudelei  f\u00fcr den Sarrazin-Schund, oft kaum verhohlen rassistisch, selten jedoch  von Intelligenz gepr\u00e4gt. Eine\u00a0 <a href=\"http:\/\/de.wikipedia.org\/wiki\/National_befreite_Zone\">national befreite Zone<\/a>&#8230; gehostet von Amazon.<\/div>\n<div>Amazon selbst bel\u00e4stigte mich mit Kaufempfehlungen, die rechtsextreme  B\u00fccher anpriesen. Beispiel: \u00bbDer Fall Sarrazin\u00ab vom \u00bbInstitut f\u00fcr  Staatspolitik\u00ab, einer Denkfabrik der \u00bbNeuen\u00ab, durchaus nicht gem\u00e4\u00dfigten  Rechten. (&#8230;)<\/div>\n<div>(&#8230;) Und nun? Ich will  nicht wirklich in einem Umfeld shoppen, wo die Mitkunden einen  rassistischen, neoliberalen Quartalsirren namens Sarrazin im  Durchschnitt mit viereinhalb von f\u00fcnf m\u00f6glichen Sternen beehren. Wer den  Verkauf von NPD-B\u00fcchern lange Zeit mit der Begr\u00fcndung <a href=\"http:\/\/www.taz.de\/1\/netz\/artikel\/1\/buecher-von-npd-verlag-bei-amazon\">rechtfertigt<\/a>,  sie seien ja nicht verboten, kann nicht mit mir als Kunden rechnen. Und  ich versp\u00fcre keine Lust, mein Geld in den Rachen eines Konzerns zu  schmei\u00dfen, der an Nazi-Devotionalien mitverdient. (&#8230;)<\/div>\n<\/div>\n<\/blockquote>\n<h3 class='related_post_title'>Verwandte Beitr\u00e4ge:<\/h3><ul class='related_post'><li><a href=\"http:\/\/konsumpf.de\/?p=13350\" title=\"PI und der braune Sumpf\">PI und der braune Sumpf<\/a><\/li><li><a href=\"http:\/\/konsumpf.de\/?p=5358\" title=\"Amazon verkauft antisemitische Propaganda und Rechtsrock\">Amazon verkauft antisemitische Propaganda und Rechtsrock<\/a><\/li><li><a href=\"http:\/\/konsumpf.de\/?p=15351\" title=\"Maus oder M\u00e4use? Wie der Markt die Moral untergr\u00e4bt\">Maus oder M\u00e4use? Wie der Markt die Moral untergr\u00e4bt<\/a><\/li><li><a href=\"http:\/\/konsumpf.de\/?p=15285\" title=\"Schenken bringt nichts \/ Die Amazon-Wichte(l)\">Schenken bringt nichts \/ Die Amazon-Wichte(l)<\/a><\/li><li><a href=\"http:\/\/konsumpf.de\/?p=15055\" title=\"Zeitbombe Steuerflucht \u2013 Wann kippt das System?\">Zeitbombe Steuerflucht \u2013 Wann kippt das System?<\/a><\/li><\/ul>","protected":false},"excerpt":{"rendered":"<p>Letztes Jahr berichtete ich ja schon dar\u00fcber, dass man auf dem deutschen Ableger von des Interneth\u00e4ndlers Amazon sehr abseitige Literatur kaufen kann\/konnte, die eindeutig der Neonazi-Szene zuzuordnen ist (HIER). Man arbeitete bei Amazon sogar mit einem NPD-Ortsverband (als Marketplace-Anbieter) zusammen und stellte sich auf den Standpunkt: \u201edie Werke sind ja nicht verboten\u201c, sprich: die Moral [&hellip;]<\/p>\n","protected":false},"author":1,"featured_media":0,"comment_status":"open","ping_status":"open","sticky":false,"template":"","format":"standard","meta":{"footnotes":""},"categories":[265,16],"tags":[937,658,940,1732,1731],"yoast_head":"<!-- This site is optimized with the Yoast SEO plugin v24.4 - https:\/\/yoast.com\/wordpress\/plugins\/seo\/ -->\n<title>Hakenkreuz-Dolch vom Weltmarkt-F\u00fchrer oder: Amazon rechts au\u00dfen - Konsumpf - Forum f\u00fcr kreative Konsumkritik - Culture Jamming, Nachhaltigkeit, Konzernkritik, Adbusting<\/title>\n<meta name=\"robots\" content=\"index, follow, max-snippet:-1, max-image-preview:large, max-video-preview:-1\" \/>\n<link rel=\"canonical\" href=\"https:\/\/konsumpf.de\/?p=8954\" \/>\n<meta property=\"og:locale\" content=\"de_DE\" \/>\n<meta property=\"og:type\" content=\"article\" \/>\n<meta property=\"og:title\" content=\"Hakenkreuz-Dolch vom Weltmarkt-F\u00fchrer oder: Amazon rechts au\u00dfen - Konsumpf - Forum f\u00fcr kreative Konsumkritik - Culture Jamming, Nachhaltigkeit, Konzernkritik, Adbusting\" \/>\n<meta property=\"og:description\" content=\"Letztes Jahr berichtete ich ja schon dar\u00fcber, dass man auf dem deutschen Ableger von des Interneth\u00e4ndlers Amazon sehr abseitige Literatur kaufen kann\/konnte, die eindeutig der Neonazi-Szene zuzuordnen ist (HIER). Man arbeitete bei Amazon sogar mit einem NPD-Ortsverband (als Marketplace-Anbieter) zusammen und stellte sich auf den Standpunkt: \u201edie Werke sind ja nicht verboten\u201c, sprich: die Moral [&hellip;]\" \/>\n<meta property=\"og:url\" content=\"https:\/\/konsumpf.de\/?p=8954\" \/>\n<meta property=\"og:site_name\" content=\"Konsumpf - Forum f\u00fcr kreative Konsumkritik - Culture Jamming, Nachhaltigkeit, Konzernkritik, Adbusting\" \/>\n<meta property=\"article:published_time\" content=\"2010-10-08T08:06:30+00:00\" \/>\n<meta property=\"og:image\" content=\"http:\/\/konsumpf.de\/wp-content\/uploads\/2010\/10\/amzn_naz.png\" \/>\n<meta name=\"author\" content=\"Peter M.\" \/>\n<meta name=\"twitter:card\" content=\"summary_large_image\" \/>\n<meta name=\"twitter:label1\" content=\"Verfasst von\" \/>\n\t<meta name=\"twitter:data1\" content=\"Peter M.\" \/>\n\t<meta name=\"twitter:label2\" content=\"Gesch\u00e4tzte Lesezeit\" \/>\n\t<meta name=\"twitter:data2\" content=\"2\u00a0Minuten\" \/>\n<script type=\"application\/ld+json\" class=\"yoast-schema-graph\">{\"@context\":\"https:\/\/schema.org\",\"@graph\":[{\"@type\":\"WebPage\",\"@id\":\"https:\/\/konsumpf.de\/?p=8954\",\"url\":\"https:\/\/konsumpf.de\/?p=8954\",\"name\":\"Hakenkreuz-Dolch vom Weltmarkt-F\u00fchrer oder: Amazon rechts au\u00dfen - Konsumpf - Forum f\u00fcr kreative Konsumkritik - Culture Jamming, Nachhaltigkeit, Konzernkritik, Adbusting\",\"isPartOf\":{\"@id\":\"https:\/\/konsumpf.de\/#website\"},\"primaryImageOfPage\":{\"@id\":\"https:\/\/konsumpf.de\/?p=8954#primaryimage\"},\"image\":{\"@id\":\"https:\/\/konsumpf.de\/?p=8954#primaryimage\"},\"thumbnailUrl\":\"http:\/\/konsumpf.de\/wp-content\/uploads\/2010\/10\/amzn_naz.png\",\"datePublished\":\"2010-10-08T08:06:30+00:00\",\"author\":{\"@id\":\"https:\/\/konsumpf.de\/#\/schema\/person\/e595a6d286b26994e7e0926d70699070\"},\"breadcrumb\":{\"@id\":\"https:\/\/konsumpf.de\/?p=8954#breadcrumb\"},\"inLanguage\":\"de\",\"potentialAction\":[{\"@type\":\"ReadAction\",\"target\":[\"https:\/\/konsumpf.de\/?p=8954\"]}]},{\"@type\":\"ImageObject\",\"inLanguage\":\"de\",\"@id\":\"https:\/\/konsumpf.de\/?p=8954#primaryimage\",\"url\":\"https:\/\/konsumpf.de\/wp-content\/uploads\/2010\/10\/amzn_naz.png\",\"contentUrl\":\"https:\/\/konsumpf.de\/wp-content\/uploads\/2010\/10\/amzn_naz.png\",\"width\":\"400\",\"height\":\"183\"},{\"@type\":\"BreadcrumbList\",\"@id\":\"https:\/\/konsumpf.de\/?p=8954#breadcrumb\",\"itemListElement\":[{\"@type\":\"ListItem\",\"position\":1,\"name\":\"Startseite\",\"item\":\"https:\/\/konsumpf.de\/\"},{\"@type\":\"ListItem\",\"position\":2,\"name\":\"Hakenkreuz-Dolch vom Weltmarkt-F\u00fchrer oder: Amazon rechts au\u00dfen\"}]},{\"@type\":\"WebSite\",\"@id\":\"https:\/\/konsumpf.de\/#website\",\"url\":\"https:\/\/konsumpf.de\/\",\"name\":\"Konsumpf - Forum f\u00fcr kreative Konsumkritik - Culture Jamming, Nachhaltigkeit, Konzernkritik, Adbusting\",\"description\":\"\",\"potentialAction\":[{\"@type\":\"SearchAction\",\"target\":{\"@type\":\"EntryPoint\",\"urlTemplate\":\"https:\/\/konsumpf.de\/?s={search_term_string}\"},\"query-input\":{\"@type\":\"PropertyValueSpecification\",\"valueRequired\":true,\"valueName\":\"search_term_string\"}}],\"inLanguage\":\"de\"},{\"@type\":\"Person\",\"@id\":\"https:\/\/konsumpf.de\/#\/schema\/person\/e595a6d286b26994e7e0926d70699070\",\"name\":\"Peter M.\",\"sameAs\":[\"http:\/\/konsumpf.de\"]}]}<\/script>\n<!-- \/ Yoast SEO plugin. -->","yoast_head_json":{"title":"Hakenkreuz-Dolch vom Weltmarkt-F\u00fchrer oder: Amazon rechts au\u00dfen - Konsumpf - Forum f\u00fcr kreative Konsumkritik - Culture Jamming, Nachhaltigkeit, Konzernkritik, Adbusting","robots":{"index":"index","follow":"follow","max-snippet":"max-snippet:-1","max-image-preview":"max-image-preview:large","max-video-preview":"max-video-preview:-1"},"canonical":"https:\/\/konsumpf.de\/?p=8954","og_locale":"de_DE","og_type":"article","og_title":"Hakenkreuz-Dolch vom Weltmarkt-F\u00fchrer oder: Amazon rechts au\u00dfen - Konsumpf - Forum f\u00fcr kreative Konsumkritik - Culture Jamming, Nachhaltigkeit, Konzernkritik, Adbusting","og_description":"Letztes Jahr berichtete ich ja schon dar\u00fcber, dass man auf dem deutschen Ableger von des Interneth\u00e4ndlers Amazon sehr abseitige Literatur kaufen kann\/konnte, die eindeutig der Neonazi-Szene zuzuordnen ist (HIER). Man arbeitete bei Amazon sogar mit einem NPD-Ortsverband (als Marketplace-Anbieter) zusammen und stellte sich auf den Standpunkt: \u201edie Werke sind ja nicht verboten\u201c, sprich: die Moral [&hellip;]","og_url":"https:\/\/konsumpf.de\/?p=8954","og_site_name":"Konsumpf - Forum f\u00fcr kreative Konsumkritik - Culture Jamming, Nachhaltigkeit, Konzernkritik, Adbusting","article_published_time":"2010-10-08T08:06:30+00:00","og_image":[{"url":"http:\/\/konsumpf.de\/wp-content\/uploads\/2010\/10\/amzn_naz.png","type":"","width":"","height":""}],"author":"Peter M.","twitter_card":"summary_large_image","twitter_misc":{"Verfasst von":"Peter M.","Gesch\u00e4tzte Lesezeit":"2\u00a0Minuten"},"schema":{"@context":"https:\/\/schema.org","@graph":[{"@type":"WebPage","@id":"https:\/\/konsumpf.de\/?p=8954","url":"https:\/\/konsumpf.de\/?p=8954","name":"Hakenkreuz-Dolch vom Weltmarkt-F\u00fchrer oder: Amazon rechts au\u00dfen - Konsumpf - Forum f\u00fcr kreative Konsumkritik - Culture Jamming, Nachhaltigkeit, Konzernkritik, Adbusting","isPartOf":{"@id":"https:\/\/konsumpf.de\/#website"},"primaryImageOfPage":{"@id":"https:\/\/konsumpf.de\/?p=8954#primaryimage"},"image":{"@id":"https:\/\/konsumpf.de\/?p=8954#primaryimage"},"thumbnailUrl":"http:\/\/konsumpf.de\/wp-content\/uploads\/2010\/10\/amzn_naz.png","datePublished":"2010-10-08T08:06:30+00:00","author":{"@id":"https:\/\/konsumpf.de\/#\/schema\/person\/e595a6d286b26994e7e0926d70699070"},"breadcrumb":{"@id":"https:\/\/konsumpf.de\/?p=8954#breadcrumb"},"inLanguage":"de","potentialAction":[{"@type":"ReadAction","target":["https:\/\/konsumpf.de\/?p=8954"]}]},{"@type":"ImageObject","inLanguage":"de","@id":"https:\/\/konsumpf.de\/?p=8954#primaryimage","url":"https:\/\/konsumpf.de\/wp-content\/uploads\/2010\/10\/amzn_naz.png","contentUrl":"https:\/\/konsumpf.de\/wp-content\/uploads\/2010\/10\/amzn_naz.png","width":"400","height":"183"},{"@type":"BreadcrumbList","@id":"https:\/\/konsumpf.de\/?p=8954#breadcrumb","itemListElement":[{"@type":"ListItem","position":1,"name":"Startseite","item":"https:\/\/konsumpf.de\/"},{"@type":"ListItem","position":2,"name":"Hakenkreuz-Dolch vom Weltmarkt-F\u00fchrer oder: Amazon rechts au\u00dfen"}]},{"@type":"WebSite","@id":"https:\/\/konsumpf.de\/#website","url":"https:\/\/konsumpf.de\/","name":"Konsumpf - Forum f\u00fcr kreative Konsumkritik - Culture Jamming, Nachhaltigkeit, Konzernkritik, Adbusting","description":"","potentialAction":[{"@type":"SearchAction","target":{"@type":"EntryPoint","urlTemplate":"https:\/\/konsumpf.de\/?s={search_term_string}"},"query-input":{"@type":"PropertyValueSpecification","valueRequired":true,"valueName":"search_term_string"}}],"inLanguage":"de"},{"@type":"Person","@id":"https:\/\/konsumpf.de\/#\/schema\/person\/e595a6d286b26994e7e0926d70699070","name":"Peter M.","sameAs":["http:\/\/konsumpf.de"]}]}},"_links":{"self":[{"href":"https:\/\/konsumpf.de\/index.php?rest_route=\/wp\/v2\/posts\/8954"}],"collection":[{"href":"https:\/\/konsumpf.de\/index.php?rest_route=\/wp\/v2\/posts"}],"about":[{"href":"https:\/\/konsumpf.de\/index.php?rest_route=\/wp\/v2\/types\/post"}],"author":[{"embeddable":true,"href":"https:\/\/konsumpf.de\/index.php?rest_route=\/wp\/v2\/users\/1"}],"replies":[{"embeddable":true,"href":"https:\/\/konsumpf.de\/index.php?rest_route=%2Fwp%2Fv2%2Fcomments&post=8954"}],"version-history":[{"count":7,"href":"https:\/\/konsumpf.de\/index.php?rest_route=\/wp\/v2\/posts\/8954\/revisions"}],"predecessor-version":[{"id":9115,"href":"https:\/\/konsumpf.de\/index.php?rest_route=\/wp\/v2\/posts\/8954\/revisions\/9115"}],"wp:attachment":[{"href":"https:\/\/konsumpf.de\/index.php?rest_route=%2Fwp%2Fv2%2Fmedia&parent=8954"}],"wp:term":[{"taxonomy":"category","embeddable":true,"href":"https:\/\/konsumpf.de\/index.php?rest_route=%2Fwp%2Fv2%2Fcategories&post=8954"},{"taxonomy":"post_tag","embeddable":true,"href":"https:\/\/konsumpf.de\/index.php?rest_route=%2Fwp%2Fv2%2Ftags&post=8954"}],"curies":[{"name":"wp","href":"https:\/\/api.w.org\/{rel}","templated":true}]}}