{"id":8902,"date":"2010-09-16T09:47:10","date_gmt":"2010-09-16T07:47:10","guid":{"rendered":"http:\/\/konsumpf.de\/?p=8902"},"modified":"2010-09-13T18:47:49","modified_gmt":"2010-09-13T16:47:49","slug":"hagen-rether-und-das-umweltbewusstsein","status":"publish","type":"post","link":"https:\/\/konsumpf.de\/?p=8902","title":{"rendered":"Hagen Rether und das Umweltbewusstsein"},"content":{"rendered":"<p>Dem, was Hagen Rether in der WDR-Sendung <a href=\"http:\/\/www.wdr.de\/tv\/mitternachtsspitzen\/\"><strong>Mitternachtsspitzen<\/strong><\/a> am 4.9. vortrug, ist eigentlich nichts hinzuzuf\u00fcgen&#8230;<\/p>\n<p><object classid=\"clsid:d27cdb6e-ae6d-11cf-96b8-444553540000\" width=\"500\" height=\"300\" codebase=\"http:\/\/download.macromedia.com\/pub\/shockwave\/cabs\/flash\/swflash.cab#version=6,0,40,0\"><param name=\"allowFullScreen\" value=\"true\" \/><param name=\"allowScriptAccess\" value=\"always\" \/><param name=\"src\" value=\"http:\/\/www.youtube.com\/v\/qFYBvlTwOlU&amp;color1=0xb1b1b1&amp;color2=0xd0d0d0&amp;hl=en_US&amp;feature=player_embedded&amp;fs=1\" \/><param name=\"allowfullscreen\" value=\"true\" \/><embed type=\"application\/x-shockwave-flash\" width=\"500\" height=\"300\" src=\"http:\/\/www.youtube.com\/v\/qFYBvlTwOlU&amp;color1=0xb1b1b1&amp;color2=0xd0d0d0&amp;hl=en_US&amp;feature=player_embedded&amp;fs=1\" allowscriptaccess=\"always\" allowfullscreen=\"true\"><\/embed><\/object><\/p>\n<h3 class='related_post_title'>Verwandte Beitr\u00e4ge:<\/h3><ul class='related_post'><li><a href=\"http:\/\/konsumpf.de\/?p=14866\" title=\"Die 20 gr\u00f6\u00dften Konsums\u00fcnden\">Die 20 gr\u00f6\u00dften Konsums\u00fcnden<\/a><\/li><li><a href=\"http:\/\/konsumpf.de\/?p=14825\" title=\"Lesetipps: Politiklabor Island | Umtausch-Irrsinn | Wirtschaft ohne Wachstum | Arme Schweine\">Lesetipps: Politiklabor Island | Umtausch-Irrsinn | Wirtschaft ohne Wachstum | Arme Schweine<\/a><\/li><li><a href=\"http:\/\/konsumpf.de\/?p=14210\" title=\"Greenwashing \u2013 der ganz legale Betrug\">Greenwashing \u2013 der ganz legale Betrug<\/a><\/li><li><a href=\"http:\/\/konsumpf.de\/?p=10494\" title=\"Lesetipps: Kollateralschaden an der Fleischtheke | Die Wahrheit \u00fcber IKEA | Konsum macht einsam | Wie frisch ist Frischmilch?\">Lesetipps: Kollateralschaden an der Fleischtheke | Die Wahrheit \u00fcber IKEA | Konsum macht einsam | Wie frisch ist Frischmilch?<\/a><\/li><li><a href=\"http:\/\/konsumpf.de\/?p=8839\" title=\"Surftipp: Sourcemap \u2013 Woher stammen all die Sachen?\">Surftipp: Sourcemap \u2013 Woher stammen all die Sachen?<\/a><\/li><\/ul>","protected":false},"excerpt":{"rendered":"<p>Dem, was Hagen Rether in der WDR-Sendung Mitternachtsspitzen am 4.9. vortrug, ist eigentlich nichts hinzuzuf\u00fcgen&#8230; Verwandte Beitr\u00e4ge:Die 20 gr\u00f6\u00dften Konsums\u00fcndenLesetipps: Politiklabor Island | Umtausch-Irrsinn | Wirtschaft ohne Wachstum | Arme SchweineGreenwashing \u2013 der ganz legale BetrugLesetipps: Kollateralschaden an der Fleischtheke | Die Wahrheit \u00fcber IKEA | Konsum macht einsam | Wie frisch ist Frischmilch?Surftipp: Sourcemap [&hellip;]<\/p>\n","protected":false},"author":1,"featured_media":0,"comment_status":"open","ping_status":"open","sticky":false,"template":"","format":"standard","meta":{"footnotes":""},"categories":[256,34,4,50],"tags":[732,1663,58,2868],"yoast_head":"<!-- This site is optimized with the Yoast SEO plugin v24.4 - https:\/\/yoast.com\/wordpress\/plugins\/seo\/ -->\n<title>Hagen Rether und das Umweltbewusstsein - Konsumpf - Forum f\u00fcr kreative Konsumkritik - Culture Jamming, Nachhaltigkeit, Konzernkritik, Adbusting<\/title>\n<meta name=\"robots\" content=\"index, follow, max-snippet:-1, max-image-preview:large, max-video-preview:-1\" \/>\n<link rel=\"canonical\" href=\"https:\/\/konsumpf.de\/?p=8902\" \/>\n<meta property=\"og:locale\" content=\"de_DE\" \/>\n<meta property=\"og:type\" content=\"article\" \/>\n<meta property=\"og:title\" content=\"Hagen Rether und das Umweltbewusstsein - Konsumpf - Forum f\u00fcr kreative Konsumkritik - Culture Jamming, Nachhaltigkeit, Konzernkritik, Adbusting\" \/>\n<meta property=\"og:description\" content=\"Dem, was Hagen Rether in der WDR-Sendung Mitternachtsspitzen am 4.9. vortrug, ist eigentlich nichts hinzuzuf\u00fcgen&#8230; Verwandte Beitr\u00e4ge:Die 20 gr\u00f6\u00dften Konsums\u00fcndenLesetipps: Politiklabor Island | Umtausch-Irrsinn | Wirtschaft ohne Wachstum | Arme SchweineGreenwashing \u2013 der ganz legale BetrugLesetipps: Kollateralschaden an der Fleischtheke | Die Wahrheit \u00fcber IKEA | Konsum macht einsam | Wie frisch ist Frischmilch?Surftipp: Sourcemap [&hellip;]\" \/>\n<meta property=\"og:url\" content=\"https:\/\/konsumpf.de\/?p=8902\" \/>\n<meta property=\"og:site_name\" content=\"Konsumpf - Forum f\u00fcr kreative Konsumkritik - Culture Jamming, Nachhaltigkeit, Konzernkritik, Adbusting\" \/>\n<meta property=\"article:published_time\" content=\"2010-09-16T07:47:10+00:00\" \/>\n<meta name=\"author\" content=\"Peter M.\" \/>\n<meta name=\"twitter:card\" content=\"summary_large_image\" \/>\n<meta name=\"twitter:label1\" content=\"Verfasst von\" \/>\n\t<meta name=\"twitter:data1\" content=\"Peter M.\" \/>\n<script type=\"application\/ld+json\" class=\"yoast-schema-graph\">{\"@context\":\"https:\/\/schema.org\",\"@graph\":[{\"@type\":\"WebPage\",\"@id\":\"https:\/\/konsumpf.de\/?p=8902\",\"url\":\"https:\/\/konsumpf.de\/?p=8902\",\"name\":\"Hagen Rether und das Umweltbewusstsein - Konsumpf - Forum f\u00fcr kreative Konsumkritik - Culture Jamming, Nachhaltigkeit, Konzernkritik, Adbusting\",\"isPartOf\":{\"@id\":\"https:\/\/konsumpf.de\/#website\"},\"datePublished\":\"2010-09-16T07:47:10+00:00\",\"author\":{\"@id\":\"https:\/\/konsumpf.de\/#\/schema\/person\/e595a6d286b26994e7e0926d70699070\"},\"breadcrumb\":{\"@id\":\"https:\/\/konsumpf.de\/?p=8902#breadcrumb\"},\"inLanguage\":\"de\",\"potentialAction\":[{\"@type\":\"ReadAction\",\"target\":[\"https:\/\/konsumpf.de\/?p=8902\"]}]},{\"@type\":\"BreadcrumbList\",\"@id\":\"https:\/\/konsumpf.de\/?p=8902#breadcrumb\",\"itemListElement\":[{\"@type\":\"ListItem\",\"position\":1,\"name\":\"Startseite\",\"item\":\"https:\/\/konsumpf.de\/\"},{\"@type\":\"ListItem\",\"position\":2,\"name\":\"Hagen Rether und das Umweltbewusstsein\"}]},{\"@type\":\"WebSite\",\"@id\":\"https:\/\/konsumpf.de\/#website\",\"url\":\"https:\/\/konsumpf.de\/\",\"name\":\"Konsumpf - Forum f\u00fcr kreative Konsumkritik - Culture Jamming, Nachhaltigkeit, Konzernkritik, Adbusting\",\"description\":\"\",\"potentialAction\":[{\"@type\":\"SearchAction\",\"target\":{\"@type\":\"EntryPoint\",\"urlTemplate\":\"https:\/\/konsumpf.de\/?s={search_term_string}\"},\"query-input\":{\"@type\":\"PropertyValueSpecification\",\"valueRequired\":true,\"valueName\":\"search_term_string\"}}],\"inLanguage\":\"de\"},{\"@type\":\"Person\",\"@id\":\"https:\/\/konsumpf.de\/#\/schema\/person\/e595a6d286b26994e7e0926d70699070\",\"name\":\"Peter M.\",\"sameAs\":[\"http:\/\/konsumpf.de\"]}]}<\/script>\n<!-- \/ Yoast SEO plugin. -->","yoast_head_json":{"title":"Hagen Rether und das Umweltbewusstsein - Konsumpf - Forum f\u00fcr kreative Konsumkritik - Culture Jamming, Nachhaltigkeit, Konzernkritik, Adbusting","robots":{"index":"index","follow":"follow","max-snippet":"max-snippet:-1","max-image-preview":"max-image-preview:large","max-video-preview":"max-video-preview:-1"},"canonical":"https:\/\/konsumpf.de\/?p=8902","og_locale":"de_DE","og_type":"article","og_title":"Hagen Rether und das Umweltbewusstsein - Konsumpf - Forum f\u00fcr kreative Konsumkritik - Culture Jamming, Nachhaltigkeit, Konzernkritik, Adbusting","og_description":"Dem, was Hagen Rether in der WDR-Sendung Mitternachtsspitzen am 4.9. vortrug, ist eigentlich nichts hinzuzuf\u00fcgen&#8230; Verwandte Beitr\u00e4ge:Die 20 gr\u00f6\u00dften Konsums\u00fcndenLesetipps: Politiklabor Island | Umtausch-Irrsinn | Wirtschaft ohne Wachstum | Arme SchweineGreenwashing \u2013 der ganz legale BetrugLesetipps: Kollateralschaden an der Fleischtheke | Die Wahrheit \u00fcber IKEA | Konsum macht einsam | Wie frisch ist Frischmilch?Surftipp: Sourcemap [&hellip;]","og_url":"https:\/\/konsumpf.de\/?p=8902","og_site_name":"Konsumpf - Forum f\u00fcr kreative Konsumkritik - Culture Jamming, Nachhaltigkeit, Konzernkritik, Adbusting","article_published_time":"2010-09-16T07:47:10+00:00","author":"Peter M.","twitter_card":"summary_large_image","twitter_misc":{"Verfasst von":"Peter M."},"schema":{"@context":"https:\/\/schema.org","@graph":[{"@type":"WebPage","@id":"https:\/\/konsumpf.de\/?p=8902","url":"https:\/\/konsumpf.de\/?p=8902","name":"Hagen Rether und das Umweltbewusstsein - Konsumpf - Forum f\u00fcr kreative Konsumkritik - Culture Jamming, Nachhaltigkeit, Konzernkritik, Adbusting","isPartOf":{"@id":"https:\/\/konsumpf.de\/#website"},"datePublished":"2010-09-16T07:47:10+00:00","author":{"@id":"https:\/\/konsumpf.de\/#\/schema\/person\/e595a6d286b26994e7e0926d70699070"},"breadcrumb":{"@id":"https:\/\/konsumpf.de\/?p=8902#breadcrumb"},"inLanguage":"de","potentialAction":[{"@type":"ReadAction","target":["https:\/\/konsumpf.de\/?p=8902"]}]},{"@type":"BreadcrumbList","@id":"https:\/\/konsumpf.de\/?p=8902#breadcrumb","itemListElement":[{"@type":"ListItem","position":1,"name":"Startseite","item":"https:\/\/konsumpf.de\/"},{"@type":"ListItem","position":2,"name":"Hagen Rether und das Umweltbewusstsein"}]},{"@type":"WebSite","@id":"https:\/\/konsumpf.de\/#website","url":"https:\/\/konsumpf.de\/","name":"Konsumpf - Forum f\u00fcr kreative Konsumkritik - Culture Jamming, Nachhaltigkeit, Konzernkritik, Adbusting","description":"","potentialAction":[{"@type":"SearchAction","target":{"@type":"EntryPoint","urlTemplate":"https:\/\/konsumpf.de\/?s={search_term_string}"},"query-input":{"@type":"PropertyValueSpecification","valueRequired":true,"valueName":"search_term_string"}}],"inLanguage":"de"},{"@type":"Person","@id":"https:\/\/konsumpf.de\/#\/schema\/person\/e595a6d286b26994e7e0926d70699070","name":"Peter M.","sameAs":["http:\/\/konsumpf.de"]}]}},"_links":{"self":[{"href":"https:\/\/konsumpf.de\/index.php?rest_route=\/wp\/v2\/posts\/8902"}],"collection":[{"href":"https:\/\/konsumpf.de\/index.php?rest_route=\/wp\/v2\/posts"}],"about":[{"href":"https:\/\/konsumpf.de\/index.php?rest_route=\/wp\/v2\/types\/post"}],"author":[{"embeddable":true,"href":"https:\/\/konsumpf.de\/index.php?rest_route=\/wp\/v2\/users\/1"}],"replies":[{"embeddable":true,"href":"https:\/\/konsumpf.de\/index.php?rest_route=%2Fwp%2Fv2%2Fcomments&post=8902"}],"version-history":[{"count":6,"href":"https:\/\/konsumpf.de\/index.php?rest_route=\/wp\/v2\/posts\/8902\/revisions"}],"predecessor-version":[{"id":8911,"href":"https:\/\/konsumpf.de\/index.php?rest_route=\/wp\/v2\/posts\/8902\/revisions\/8911"}],"wp:attachment":[{"href":"https:\/\/konsumpf.de\/index.php?rest_route=%2Fwp%2Fv2%2Fmedia&parent=8902"}],"wp:term":[{"taxonomy":"category","embeddable":true,"href":"https:\/\/konsumpf.de\/index.php?rest_route=%2Fwp%2Fv2%2Fcategories&post=8902"},{"taxonomy":"post_tag","embeddable":true,"href":"https:\/\/konsumpf.de\/index.php?rest_route=%2Fwp%2Fv2%2Ftags&post=8902"}],"curies":[{"name":"wp","href":"https:\/\/api.w.org\/{rel}","templated":true}]}}