{"id":8863,"date":"2010-09-11T10:24:30","date_gmt":"2010-09-11T08:24:30","guid":{"rendered":"http:\/\/konsumpf.de\/?p=8863"},"modified":"2010-09-10T21:30:28","modified_gmt":"2010-09-10T19:30:28","slug":"fernsehtipp-die-bucht-the-cove","status":"publish","type":"post","link":"https:\/\/konsumpf.de\/?p=8863","title":{"rendered":"Fernsehtipp: Die Bucht (The Cove)"},"content":{"rendered":"<p><a href=\"http:\/\/konsumpf.de\/wp-content\/uploads\/2010\/09\/Bildschirmfoto-2010-09-10-um-21.28.30.png\"><img loading=\"lazy\" decoding=\"async\" class=\"aligncenter size-full wp-image-8864\" title=\"Bildschirmfoto 2010-09-10 um 21.28.30\" src=\"http:\/\/konsumpf.de\/wp-content\/uploads\/2010\/09\/Bildschirmfoto-2010-09-10-um-21.28.30.png\" alt=\"\" width=\"490\" height=\"47\" srcset=\"https:\/\/konsumpf.de\/wp-content\/uploads\/2010\/09\/Bildschirmfoto-2010-09-10-um-21.28.30.png 740w, https:\/\/konsumpf.de\/wp-content\/uploads\/2010\/09\/Bildschirmfoto-2010-09-10-um-21.28.30-300x28.png 300w\" sizes=\"(max-width: 490px) 100vw, 490px\" \/><\/a><\/p>\n<p>Normalerweise verfolge ich das Fernsehprogramm der Privatsender nicht, aber nun wurde ich von einem Blogleser darauf aufmerksam gemacht, dass heute Abend um 20:15 die preisgekr\u00f6nte Doku <strong>\u201eDie Bucht (The Cove)\u201c <\/strong>von Richard O&#8217;Barry auf <strong>Vox<\/strong> zu sehen sein wird. Ich zitiere von <a href=\"http:\/\/www.diebucht.ch\/zusammenfassung.html\"><strong>diebucht.ch<\/strong><\/a>:<\/p>\n<blockquote><p>Spannend wie ein Roman. Ersch\u00fctternd wie die Wirklichkeit. Aber gleichzeitig hoffnungsvoll! Das ist das Buch \u201eDie Bucht\u201c. Einst trainierte Richard O\u2019Barry die Delfine f\u00fcr die weltbekannte TV-Serie \u201eFlipper\u201c. Doch dann wird ihm klar, was er damit ausgel\u00f6st hat. Er wird zum Aktivisten. Sein Kampf um das Leben der Delfine spitzt sich zu, als er in Japan auf eine kleine versteckte Bucht st\u00f6\u00dft \u2013 eine Bucht mit einem blutigen Geheimnis\u2026 Er beschlie\u00dft zu handeln.<\/p>\n<p>Der Schweizer Journalist und Autor Hans Peter Roth folgt Ric O\u2019Barry nach Japan, wird Zeuge der dramatischen Ereignisse in der Bucht von Taiji und steht schon bald selber mitten im Geschehen. Gemeinsam haben Ric O\u2019Barry und Hans Peter Roth ihre Eindr\u00fccke und Erkenntnisse im Buch \u201eDie Bucht\u201c (Delius Klasing Verlag 2010), verarbeitet. Es ist das Buch zum sensationellen, Oscar-pr\u00e4mierten Dokumentarfilm \u201eDie Bucht\u201c \u2013 \u201eThe Cove\u201c. Und gleichzeitig weit mehr als das. Als mitrei\u00dfende Lekt\u00fcre vertieft und erg\u00e4nzt es die Inhalte des Films, geht weiter und h\u00e4lt in Atem.<\/p><\/blockquote>\n<h3 class='related_post_title'>Verwandte Beitr\u00e4ge:<\/h3><ul class='related_post'><li><a href=\"http:\/\/konsumpf.de\/?p=15335\" title=\"Die PARTEI rettet Europa\">Die PARTEI rettet Europa<\/a><\/li><li><a href=\"http:\/\/konsumpf.de\/?p=14777\" title=\"Das neue Tierschutzsiegel als Feigenblatt\">Das neue Tierschutzsiegel als Feigenblatt<\/a><\/li><li><a href=\"http:\/\/konsumpf.de\/?p=14351\" title=\"Neue Blogs und Bekenntnisse eines \u00d6ko-Terroristen\">Neue Blogs und Bekenntnisse eines \u00d6ko-Terroristen<\/a><\/li><li><a href=\"http:\/\/konsumpf.de\/?p=13922\" title=\"Am 21.3. Demo in Kiel \u201eBauernh\u00f6fe statt Agrarindustrie\u201c\">Am 21.3. Demo in Kiel \u201eBauernh\u00f6fe statt Agrarindustrie\u201c<\/a><\/li><li><a href=\"http:\/\/konsumpf.de\/?p=10054\" title=\"Zeichen setzen \u2013 Demo zum internationalen Tag zur Abschaffung von Tierversuchen am 30. April 2011\">Zeichen setzen \u2013 Demo zum internationalen Tag zur Abschaffung von Tierversuchen am 30. April 2011<\/a><\/li><\/ul>","protected":false},"excerpt":{"rendered":"<p>Normalerweise verfolge ich das Fernsehprogramm der Privatsender nicht, aber nun wurde ich von einem Blogleser darauf aufmerksam gemacht, dass heute Abend um 20:15 die preisgekr\u00f6nte Doku \u201eDie Bucht (The Cove)\u201c von Richard O&#8217;Barry auf Vox zu sehen sein wird. Ich zitiere von diebucht.ch: Spannend wie ein Roman. Ersch\u00fctternd wie die Wirklichkeit. Aber gleichzeitig hoffnungsvoll! Das [&hellip;]<\/p>\n","protected":false},"author":1,"featured_media":0,"comment_status":"open","ping_status":"open","sticky":false,"template":"","format":"standard","meta":{"footnotes":""},"categories":[34,334],"tags":[1653,1652,2885],"yoast_head":"<!-- This site is optimized with the Yoast SEO plugin v24.4 - https:\/\/yoast.com\/wordpress\/plugins\/seo\/ -->\n<title>Fernsehtipp: Die Bucht (The Cove) - Konsumpf - Forum f\u00fcr kreative Konsumkritik - Culture Jamming, Nachhaltigkeit, Konzernkritik, Adbusting<\/title>\n<meta name=\"robots\" content=\"index, follow, max-snippet:-1, max-image-preview:large, max-video-preview:-1\" \/>\n<link rel=\"canonical\" href=\"https:\/\/konsumpf.de\/?p=8863\" \/>\n<meta property=\"og:locale\" content=\"de_DE\" \/>\n<meta property=\"og:type\" content=\"article\" \/>\n<meta property=\"og:title\" content=\"Fernsehtipp: Die Bucht (The Cove) - Konsumpf - Forum f\u00fcr kreative Konsumkritik - Culture Jamming, Nachhaltigkeit, Konzernkritik, Adbusting\" \/>\n<meta property=\"og:description\" content=\"Normalerweise verfolge ich das Fernsehprogramm der Privatsender nicht, aber nun wurde ich von einem Blogleser darauf aufmerksam gemacht, dass heute Abend um 20:15 die preisgekr\u00f6nte Doku \u201eDie Bucht (The Cove)\u201c von Richard O&#8217;Barry auf Vox zu sehen sein wird. Ich zitiere von diebucht.ch: Spannend wie ein Roman. Ersch\u00fctternd wie die Wirklichkeit. Aber gleichzeitig hoffnungsvoll! Das [&hellip;]\" \/>\n<meta property=\"og:url\" content=\"https:\/\/konsumpf.de\/?p=8863\" \/>\n<meta property=\"og:site_name\" content=\"Konsumpf - Forum f\u00fcr kreative Konsumkritik - Culture Jamming, Nachhaltigkeit, Konzernkritik, Adbusting\" \/>\n<meta property=\"article:published_time\" content=\"2010-09-11T08:24:30+00:00\" \/>\n<meta property=\"og:image\" content=\"http:\/\/konsumpf.de\/wp-content\/uploads\/2010\/09\/Bildschirmfoto-2010-09-10-um-21.28.30.png\" \/>\n<meta name=\"author\" content=\"Peter M.\" \/>\n<meta name=\"twitter:card\" content=\"summary_large_image\" \/>\n<meta name=\"twitter:label1\" content=\"Verfasst von\" \/>\n\t<meta name=\"twitter:data1\" content=\"Peter M.\" \/>\n\t<meta name=\"twitter:label2\" content=\"Gesch\u00e4tzte Lesezeit\" \/>\n\t<meta name=\"twitter:data2\" content=\"1\u00a0Minute\" \/>\n<script type=\"application\/ld+json\" class=\"yoast-schema-graph\">{\"@context\":\"https:\/\/schema.org\",\"@graph\":[{\"@type\":\"WebPage\",\"@id\":\"https:\/\/konsumpf.de\/?p=8863\",\"url\":\"https:\/\/konsumpf.de\/?p=8863\",\"name\":\"Fernsehtipp: Die Bucht (The Cove) - Konsumpf - Forum f\u00fcr kreative Konsumkritik - Culture Jamming, Nachhaltigkeit, Konzernkritik, Adbusting\",\"isPartOf\":{\"@id\":\"https:\/\/konsumpf.de\/#website\"},\"primaryImageOfPage\":{\"@id\":\"https:\/\/konsumpf.de\/?p=8863#primaryimage\"},\"image\":{\"@id\":\"https:\/\/konsumpf.de\/?p=8863#primaryimage\"},\"thumbnailUrl\":\"http:\/\/konsumpf.de\/wp-content\/uploads\/2010\/09\/Bildschirmfoto-2010-09-10-um-21.28.30.png\",\"datePublished\":\"2010-09-11T08:24:30+00:00\",\"author\":{\"@id\":\"https:\/\/konsumpf.de\/#\/schema\/person\/e595a6d286b26994e7e0926d70699070\"},\"breadcrumb\":{\"@id\":\"https:\/\/konsumpf.de\/?p=8863#breadcrumb\"},\"inLanguage\":\"de\",\"potentialAction\":[{\"@type\":\"ReadAction\",\"target\":[\"https:\/\/konsumpf.de\/?p=8863\"]}]},{\"@type\":\"ImageObject\",\"inLanguage\":\"de\",\"@id\":\"https:\/\/konsumpf.de\/?p=8863#primaryimage\",\"url\":\"https:\/\/konsumpf.de\/wp-content\/uploads\/2010\/09\/Bildschirmfoto-2010-09-10-um-21.28.30.png\",\"contentUrl\":\"https:\/\/konsumpf.de\/wp-content\/uploads\/2010\/09\/Bildschirmfoto-2010-09-10-um-21.28.30.png\",\"width\":\"740\",\"height\":\"71\"},{\"@type\":\"BreadcrumbList\",\"@id\":\"https:\/\/konsumpf.de\/?p=8863#breadcrumb\",\"itemListElement\":[{\"@type\":\"ListItem\",\"position\":1,\"name\":\"Startseite\",\"item\":\"https:\/\/konsumpf.de\/\"},{\"@type\":\"ListItem\",\"position\":2,\"name\":\"Fernsehtipp: Die Bucht (The Cove)\"}]},{\"@type\":\"WebSite\",\"@id\":\"https:\/\/konsumpf.de\/#website\",\"url\":\"https:\/\/konsumpf.de\/\",\"name\":\"Konsumpf - Forum f\u00fcr kreative Konsumkritik - Culture Jamming, Nachhaltigkeit, Konzernkritik, Adbusting\",\"description\":\"\",\"potentialAction\":[{\"@type\":\"SearchAction\",\"target\":{\"@type\":\"EntryPoint\",\"urlTemplate\":\"https:\/\/konsumpf.de\/?s={search_term_string}\"},\"query-input\":{\"@type\":\"PropertyValueSpecification\",\"valueRequired\":true,\"valueName\":\"search_term_string\"}}],\"inLanguage\":\"de\"},{\"@type\":\"Person\",\"@id\":\"https:\/\/konsumpf.de\/#\/schema\/person\/e595a6d286b26994e7e0926d70699070\",\"name\":\"Peter M.\",\"sameAs\":[\"http:\/\/konsumpf.de\"]}]}<\/script>\n<!-- \/ Yoast SEO plugin. -->","yoast_head_json":{"title":"Fernsehtipp: Die Bucht (The Cove) - Konsumpf - Forum f\u00fcr kreative Konsumkritik - Culture Jamming, Nachhaltigkeit, Konzernkritik, Adbusting","robots":{"index":"index","follow":"follow","max-snippet":"max-snippet:-1","max-image-preview":"max-image-preview:large","max-video-preview":"max-video-preview:-1"},"canonical":"https:\/\/konsumpf.de\/?p=8863","og_locale":"de_DE","og_type":"article","og_title":"Fernsehtipp: Die Bucht (The Cove) - Konsumpf - Forum f\u00fcr kreative Konsumkritik - Culture Jamming, Nachhaltigkeit, Konzernkritik, Adbusting","og_description":"Normalerweise verfolge ich das Fernsehprogramm der Privatsender nicht, aber nun wurde ich von einem Blogleser darauf aufmerksam gemacht, dass heute Abend um 20:15 die preisgekr\u00f6nte Doku \u201eDie Bucht (The Cove)\u201c von Richard O&#8217;Barry auf Vox zu sehen sein wird. Ich zitiere von diebucht.ch: Spannend wie ein Roman. Ersch\u00fctternd wie die Wirklichkeit. Aber gleichzeitig hoffnungsvoll! Das [&hellip;]","og_url":"https:\/\/konsumpf.de\/?p=8863","og_site_name":"Konsumpf - Forum f\u00fcr kreative Konsumkritik - Culture Jamming, Nachhaltigkeit, Konzernkritik, Adbusting","article_published_time":"2010-09-11T08:24:30+00:00","og_image":[{"url":"http:\/\/konsumpf.de\/wp-content\/uploads\/2010\/09\/Bildschirmfoto-2010-09-10-um-21.28.30.png","type":"","width":"","height":""}],"author":"Peter M.","twitter_card":"summary_large_image","twitter_misc":{"Verfasst von":"Peter M.","Gesch\u00e4tzte Lesezeit":"1\u00a0Minute"},"schema":{"@context":"https:\/\/schema.org","@graph":[{"@type":"WebPage","@id":"https:\/\/konsumpf.de\/?p=8863","url":"https:\/\/konsumpf.de\/?p=8863","name":"Fernsehtipp: Die Bucht (The Cove) - Konsumpf - Forum f\u00fcr kreative Konsumkritik - Culture Jamming, Nachhaltigkeit, Konzernkritik, Adbusting","isPartOf":{"@id":"https:\/\/konsumpf.de\/#website"},"primaryImageOfPage":{"@id":"https:\/\/konsumpf.de\/?p=8863#primaryimage"},"image":{"@id":"https:\/\/konsumpf.de\/?p=8863#primaryimage"},"thumbnailUrl":"http:\/\/konsumpf.de\/wp-content\/uploads\/2010\/09\/Bildschirmfoto-2010-09-10-um-21.28.30.png","datePublished":"2010-09-11T08:24:30+00:00","author":{"@id":"https:\/\/konsumpf.de\/#\/schema\/person\/e595a6d286b26994e7e0926d70699070"},"breadcrumb":{"@id":"https:\/\/konsumpf.de\/?p=8863#breadcrumb"},"inLanguage":"de","potentialAction":[{"@type":"ReadAction","target":["https:\/\/konsumpf.de\/?p=8863"]}]},{"@type":"ImageObject","inLanguage":"de","@id":"https:\/\/konsumpf.de\/?p=8863#primaryimage","url":"https:\/\/konsumpf.de\/wp-content\/uploads\/2010\/09\/Bildschirmfoto-2010-09-10-um-21.28.30.png","contentUrl":"https:\/\/konsumpf.de\/wp-content\/uploads\/2010\/09\/Bildschirmfoto-2010-09-10-um-21.28.30.png","width":"740","height":"71"},{"@type":"BreadcrumbList","@id":"https:\/\/konsumpf.de\/?p=8863#breadcrumb","itemListElement":[{"@type":"ListItem","position":1,"name":"Startseite","item":"https:\/\/konsumpf.de\/"},{"@type":"ListItem","position":2,"name":"Fernsehtipp: Die Bucht (The Cove)"}]},{"@type":"WebSite","@id":"https:\/\/konsumpf.de\/#website","url":"https:\/\/konsumpf.de\/","name":"Konsumpf - Forum f\u00fcr kreative Konsumkritik - Culture Jamming, Nachhaltigkeit, Konzernkritik, Adbusting","description":"","potentialAction":[{"@type":"SearchAction","target":{"@type":"EntryPoint","urlTemplate":"https:\/\/konsumpf.de\/?s={search_term_string}"},"query-input":{"@type":"PropertyValueSpecification","valueRequired":true,"valueName":"search_term_string"}}],"inLanguage":"de"},{"@type":"Person","@id":"https:\/\/konsumpf.de\/#\/schema\/person\/e595a6d286b26994e7e0926d70699070","name":"Peter M.","sameAs":["http:\/\/konsumpf.de"]}]}},"_links":{"self":[{"href":"https:\/\/konsumpf.de\/index.php?rest_route=\/wp\/v2\/posts\/8863"}],"collection":[{"href":"https:\/\/konsumpf.de\/index.php?rest_route=\/wp\/v2\/posts"}],"about":[{"href":"https:\/\/konsumpf.de\/index.php?rest_route=\/wp\/v2\/types\/post"}],"author":[{"embeddable":true,"href":"https:\/\/konsumpf.de\/index.php?rest_route=\/wp\/v2\/users\/1"}],"replies":[{"embeddable":true,"href":"https:\/\/konsumpf.de\/index.php?rest_route=%2Fwp%2Fv2%2Fcomments&post=8863"}],"version-history":[{"count":3,"href":"https:\/\/konsumpf.de\/index.php?rest_route=\/wp\/v2\/posts\/8863\/revisions"}],"predecessor-version":[{"id":8867,"href":"https:\/\/konsumpf.de\/index.php?rest_route=\/wp\/v2\/posts\/8863\/revisions\/8867"}],"wp:attachment":[{"href":"https:\/\/konsumpf.de\/index.php?rest_route=%2Fwp%2Fv2%2Fmedia&parent=8863"}],"wp:term":[{"taxonomy":"category","embeddable":true,"href":"https:\/\/konsumpf.de\/index.php?rest_route=%2Fwp%2Fv2%2Fcategories&post=8863"},{"taxonomy":"post_tag","embeddable":true,"href":"https:\/\/konsumpf.de\/index.php?rest_route=%2Fwp%2Fv2%2Ftags&post=8863"}],"curies":[{"name":"wp","href":"https:\/\/api.w.org\/{rel}","templated":true}]}}