{"id":8771,"date":"2010-09-02T10:16:47","date_gmt":"2010-09-02T08:16:47","guid":{"rendered":"http:\/\/konsumpf.de\/?p=8771"},"modified":"2010-09-01T16:17:53","modified_gmt":"2010-09-01T14:17:53","slug":"durch-sparen-aus-der-krise","status":"publish","type":"post","link":"https:\/\/konsumpf.de\/?p=8771","title":{"rendered":"Durch Sparen aus der Krise?"},"content":{"rendered":"<p>Heute nur mal ein kurzer Beitrag von Plusminus aus dem Juni, der einen Blick auf das gesamtwirtschaftliche Umfeld wirft und in dem auch der Wirtschaftswissenschaftler Bernd Senf zu Wort kommt, der f\u00fcr zinsfreies Geld eintritt \u2013 \u201e<a href=\"http:\/\/www.daserste.de\/plusminus\/beitrag_dyn~uid,shk5ruw6tdenncck~cm.asp\"><strong>Durch Sparen aus der Krise?<\/strong><\/a>\u201c:<\/p>\n<blockquote><p><em>\u201eWir haben \u00fcber unsere Verh\u00e4ltnisse gelebt\u201c<\/em>, so schwur die  Kanzlerin unl\u00e4ngst Abgeordnete und B\u00fcrger auf einen harten Sparkurs ein.  Aber wer hat denn da eigentlich \u00fcber wessen Verh\u00e4ltnisse gelebt? Von  dem Aufschwung vor der Krise haben die meisten Arbeitnehmer und Rentner  so gut wie gar nicht profitiert: Trotz Wirtschaftswachstum sind  Einkommen und Renten real sogar gesunken. So wurden Exporte ins Ausland  billiger. Aber kann man sich mit Sparpaketen wirklich aus der Krise  heraus sparen? (&#8230;)<\/p>\n<p>(&#8230;) Die harte Sparpolitik verschont die eigentlichen Verursacher der Krise, ob Finanzm\u00e4rkte oder gro\u00dfe Anleger, kritisiert Senf:<br \/>\n<em>\u201eDie  Gl\u00e4ubiger wollen sich ja keinen Verzicht auferlegen, aber sie fordern  es von der Bev\u00f6lkerung. Da kann sehr viel Unmut entstehen, auch  gegen\u00fcber dem Euro.\u201c<\/em> Ein Teilverzicht auf Zinsgewinne oder  Umschuldung als Entsch\u00e4rfung der Schuldenproblematik? An den  Finanzm\u00e4rkten ein skandal\u00f6ser Gedanke, weil dies Verluste f\u00fcr Anleger  bedeutet, aber die Staaten w\u00e4ren deutlich entlastet \u2013 und das w\u00fcrde  wiederum allen B\u00fcrgern zu Gute kommen.<\/p>\n<p>Senf h\u00e4lt sogar eine  v\u00f6llig neue Form der Geldsch\u00f6pfung f\u00fcr m\u00f6glich. Er pl\u00e4diert f\u00fcr die  Einrichtung einer vierten Gewalt im Staate: er nennt sie Monetative, die  neben Legislative, Exekutive und Judikative steht. Diese staatliche,  aber regierungsunabh\u00e4ngige Institution solle berechtigt sein, Geld zu  sch\u00f6pfen \u2013 und zinsfrei dem Staat zur Erf\u00fcllung seiner Aufgaben zu  Verf\u00fcgung zu stellen. (&#8230;)<\/p><\/blockquote>\n<p><object width=\"425\" height=\"344\"><param name=\"movie\" value=\"http:\/\/www.youtube.com\/v\/2MjCd8eecAQ?fs=1&amp;hl=de_DE\"><\/param><param name=\"allowFullScreen\" value=\"true\"><\/param><param name=\"allowscriptaccess\" value=\"always\"><\/param><embed src=\"http:\/\/www.youtube.com\/v\/2MjCd8eecAQ?fs=1&amp;hl=de_DE\" type=\"application\/x-shockwave-flash\" allowscriptaccess=\"always\" allowfullscreen=\"true\" width=\"425\" height=\"344\"><\/embed><\/object><\/p>\n<h3 class='related_post_title'>Verwandte Beitr\u00e4ge:<\/h3><ul class='related_post'><li><a href=\"http:\/\/konsumpf.de\/?p=12996\" title=\"Buchtipp: Die stille Revolution\">Buchtipp: Die stille Revolution<\/a><\/li><li><a href=\"http:\/\/konsumpf.de\/?p=11300\" title=\"Das Gespenst des Kapitals \u2013 die Irrationalit\u00e4t unserer \u00d6konomie\">Das Gespenst des Kapitals \u2013 die Irrationalit\u00e4t unserer \u00d6konomie<\/a><\/li><li><a href=\"http:\/\/konsumpf.de\/?p=942\" title=\"Lesetipps: Kreditnehmer sind die neuen Sklaven | Das BGE \u00e0 la G\u00f6tz Werner | BILD ist kein journalistisches Produkt\">Lesetipps: Kreditnehmer sind die neuen Sklaven | Das BGE \u00e0 la G\u00f6tz Werner | BILD ist kein journalistisches Produkt<\/a><\/li><li><a href=\"http:\/\/konsumpf.de\/?p=10532\" title=\"Wie entsteht Geld \u2013 Das F\u00fcllhorn der Banken\">Wie entsteht Geld \u2013 Das F\u00fcllhorn der Banken<\/a><\/li><li><a href=\"http:\/\/konsumpf.de\/?p=6808\" title=\"Zwei Fernsehtipps: \u201eVerf\u00fchrer Supermarkt\u201c und \u201eGeld f\u00fcr alle!\u201c\">Zwei Fernsehtipps: \u201eVerf\u00fchrer Supermarkt\u201c und \u201eGeld f\u00fcr alle!\u201c<\/a><\/li><\/ul>","protected":false},"excerpt":{"rendered":"<p>Heute nur mal ein kurzer Beitrag von Plusminus aus dem Juni, der einen Blick auf das gesamtwirtschaftliche Umfeld wirft und in dem auch der Wirtschaftswissenschaftler Bernd Senf zu Wort kommt, der f\u00fcr zinsfreies Geld eintritt \u2013 \u201eDurch Sparen aus der Krise?\u201c: \u201eWir haben \u00fcber unsere Verh\u00e4ltnisse gelebt\u201c, so schwur die Kanzlerin unl\u00e4ngst Abgeordnete und B\u00fcrger [&hellip;]<\/p>\n","protected":false},"author":1,"featured_media":0,"comment_status":"open","ping_status":"open","sticky":false,"template":"","format":"standard","meta":{"footnotes":""},"categories":[11,12,78],"tags":[595,1629,57,629,1198,2872,28],"yoast_head":"<!-- This site is optimized with the Yoast SEO plugin v24.4 - https:\/\/yoast.com\/wordpress\/plugins\/seo\/ -->\n<title>Durch Sparen aus der Krise? - Konsumpf - Forum f\u00fcr kreative Konsumkritik - Culture Jamming, Nachhaltigkeit, Konzernkritik, Adbusting<\/title>\n<meta name=\"robots\" content=\"index, follow, max-snippet:-1, max-image-preview:large, max-video-preview:-1\" \/>\n<link rel=\"canonical\" href=\"https:\/\/konsumpf.de\/?p=8771\" \/>\n<meta property=\"og:locale\" content=\"de_DE\" \/>\n<meta property=\"og:type\" content=\"article\" \/>\n<meta property=\"og:title\" content=\"Durch Sparen aus der Krise? - Konsumpf - Forum f\u00fcr kreative Konsumkritik - Culture Jamming, Nachhaltigkeit, Konzernkritik, Adbusting\" \/>\n<meta property=\"og:description\" content=\"Heute nur mal ein kurzer Beitrag von Plusminus aus dem Juni, der einen Blick auf das gesamtwirtschaftliche Umfeld wirft und in dem auch der Wirtschaftswissenschaftler Bernd Senf zu Wort kommt, der f\u00fcr zinsfreies Geld eintritt \u2013 \u201eDurch Sparen aus der Krise?\u201c: \u201eWir haben \u00fcber unsere Verh\u00e4ltnisse gelebt\u201c, so schwur die Kanzlerin unl\u00e4ngst Abgeordnete und B\u00fcrger [&hellip;]\" \/>\n<meta property=\"og:url\" content=\"https:\/\/konsumpf.de\/?p=8771\" \/>\n<meta property=\"og:site_name\" content=\"Konsumpf - Forum f\u00fcr kreative Konsumkritik - Culture Jamming, Nachhaltigkeit, Konzernkritik, Adbusting\" \/>\n<meta property=\"article:published_time\" content=\"2010-09-02T08:16:47+00:00\" \/>\n<meta name=\"author\" content=\"Peter M.\" \/>\n<meta name=\"twitter:card\" content=\"summary_large_image\" \/>\n<meta name=\"twitter:label1\" content=\"Verfasst von\" \/>\n\t<meta name=\"twitter:data1\" content=\"Peter M.\" \/>\n\t<meta name=\"twitter:label2\" content=\"Gesch\u00e4tzte Lesezeit\" \/>\n\t<meta name=\"twitter:data2\" content=\"1\u00a0Minute\" \/>\n<script type=\"application\/ld+json\" class=\"yoast-schema-graph\">{\"@context\":\"https:\/\/schema.org\",\"@graph\":[{\"@type\":\"WebPage\",\"@id\":\"https:\/\/konsumpf.de\/?p=8771\",\"url\":\"https:\/\/konsumpf.de\/?p=8771\",\"name\":\"Durch Sparen aus der Krise? - Konsumpf - Forum f\u00fcr kreative Konsumkritik - Culture Jamming, Nachhaltigkeit, Konzernkritik, Adbusting\",\"isPartOf\":{\"@id\":\"https:\/\/konsumpf.de\/#website\"},\"datePublished\":\"2010-09-02T08:16:47+00:00\",\"author\":{\"@id\":\"https:\/\/konsumpf.de\/#\/schema\/person\/e595a6d286b26994e7e0926d70699070\"},\"breadcrumb\":{\"@id\":\"https:\/\/konsumpf.de\/?p=8771#breadcrumb\"},\"inLanguage\":\"de\",\"potentialAction\":[{\"@type\":\"ReadAction\",\"target\":[\"https:\/\/konsumpf.de\/?p=8771\"]}]},{\"@type\":\"BreadcrumbList\",\"@id\":\"https:\/\/konsumpf.de\/?p=8771#breadcrumb\",\"itemListElement\":[{\"@type\":\"ListItem\",\"position\":1,\"name\":\"Startseite\",\"item\":\"https:\/\/konsumpf.de\/\"},{\"@type\":\"ListItem\",\"position\":2,\"name\":\"Durch Sparen aus der Krise?\"}]},{\"@type\":\"WebSite\",\"@id\":\"https:\/\/konsumpf.de\/#website\",\"url\":\"https:\/\/konsumpf.de\/\",\"name\":\"Konsumpf - Forum f\u00fcr kreative Konsumkritik - Culture Jamming, Nachhaltigkeit, Konzernkritik, Adbusting\",\"description\":\"\",\"potentialAction\":[{\"@type\":\"SearchAction\",\"target\":{\"@type\":\"EntryPoint\",\"urlTemplate\":\"https:\/\/konsumpf.de\/?s={search_term_string}\"},\"query-input\":{\"@type\":\"PropertyValueSpecification\",\"valueRequired\":true,\"valueName\":\"search_term_string\"}}],\"inLanguage\":\"de\"},{\"@type\":\"Person\",\"@id\":\"https:\/\/konsumpf.de\/#\/schema\/person\/e595a6d286b26994e7e0926d70699070\",\"name\":\"Peter M.\",\"sameAs\":[\"http:\/\/konsumpf.de\"]}]}<\/script>\n<!-- \/ Yoast SEO plugin. -->","yoast_head_json":{"title":"Durch Sparen aus der Krise? - Konsumpf - Forum f\u00fcr kreative Konsumkritik - Culture Jamming, Nachhaltigkeit, Konzernkritik, Adbusting","robots":{"index":"index","follow":"follow","max-snippet":"max-snippet:-1","max-image-preview":"max-image-preview:large","max-video-preview":"max-video-preview:-1"},"canonical":"https:\/\/konsumpf.de\/?p=8771","og_locale":"de_DE","og_type":"article","og_title":"Durch Sparen aus der Krise? - Konsumpf - Forum f\u00fcr kreative Konsumkritik - Culture Jamming, Nachhaltigkeit, Konzernkritik, Adbusting","og_description":"Heute nur mal ein kurzer Beitrag von Plusminus aus dem Juni, der einen Blick auf das gesamtwirtschaftliche Umfeld wirft und in dem auch der Wirtschaftswissenschaftler Bernd Senf zu Wort kommt, der f\u00fcr zinsfreies Geld eintritt \u2013 \u201eDurch Sparen aus der Krise?\u201c: \u201eWir haben \u00fcber unsere Verh\u00e4ltnisse gelebt\u201c, so schwur die Kanzlerin unl\u00e4ngst Abgeordnete und B\u00fcrger [&hellip;]","og_url":"https:\/\/konsumpf.de\/?p=8771","og_site_name":"Konsumpf - Forum f\u00fcr kreative Konsumkritik - Culture Jamming, Nachhaltigkeit, Konzernkritik, Adbusting","article_published_time":"2010-09-02T08:16:47+00:00","author":"Peter M.","twitter_card":"summary_large_image","twitter_misc":{"Verfasst von":"Peter M.","Gesch\u00e4tzte Lesezeit":"1\u00a0Minute"},"schema":{"@context":"https:\/\/schema.org","@graph":[{"@type":"WebPage","@id":"https:\/\/konsumpf.de\/?p=8771","url":"https:\/\/konsumpf.de\/?p=8771","name":"Durch Sparen aus der Krise? - Konsumpf - Forum f\u00fcr kreative Konsumkritik - Culture Jamming, Nachhaltigkeit, Konzernkritik, Adbusting","isPartOf":{"@id":"https:\/\/konsumpf.de\/#website"},"datePublished":"2010-09-02T08:16:47+00:00","author":{"@id":"https:\/\/konsumpf.de\/#\/schema\/person\/e595a6d286b26994e7e0926d70699070"},"breadcrumb":{"@id":"https:\/\/konsumpf.de\/?p=8771#breadcrumb"},"inLanguage":"de","potentialAction":[{"@type":"ReadAction","target":["https:\/\/konsumpf.de\/?p=8771"]}]},{"@type":"BreadcrumbList","@id":"https:\/\/konsumpf.de\/?p=8771#breadcrumb","itemListElement":[{"@type":"ListItem","position":1,"name":"Startseite","item":"https:\/\/konsumpf.de\/"},{"@type":"ListItem","position":2,"name":"Durch Sparen aus der Krise?"}]},{"@type":"WebSite","@id":"https:\/\/konsumpf.de\/#website","url":"https:\/\/konsumpf.de\/","name":"Konsumpf - Forum f\u00fcr kreative Konsumkritik - Culture Jamming, Nachhaltigkeit, Konzernkritik, Adbusting","description":"","potentialAction":[{"@type":"SearchAction","target":{"@type":"EntryPoint","urlTemplate":"https:\/\/konsumpf.de\/?s={search_term_string}"},"query-input":{"@type":"PropertyValueSpecification","valueRequired":true,"valueName":"search_term_string"}}],"inLanguage":"de"},{"@type":"Person","@id":"https:\/\/konsumpf.de\/#\/schema\/person\/e595a6d286b26994e7e0926d70699070","name":"Peter M.","sameAs":["http:\/\/konsumpf.de"]}]}},"_links":{"self":[{"href":"https:\/\/konsumpf.de\/index.php?rest_route=\/wp\/v2\/posts\/8771"}],"collection":[{"href":"https:\/\/konsumpf.de\/index.php?rest_route=\/wp\/v2\/posts"}],"about":[{"href":"https:\/\/konsumpf.de\/index.php?rest_route=\/wp\/v2\/types\/post"}],"author":[{"embeddable":true,"href":"https:\/\/konsumpf.de\/index.php?rest_route=\/wp\/v2\/users\/1"}],"replies":[{"embeddable":true,"href":"https:\/\/konsumpf.de\/index.php?rest_route=%2Fwp%2Fv2%2Fcomments&post=8771"}],"version-history":[{"count":2,"href":"https:\/\/konsumpf.de\/index.php?rest_route=\/wp\/v2\/posts\/8771\/revisions"}],"predecessor-version":[{"id":8773,"href":"https:\/\/konsumpf.de\/index.php?rest_route=\/wp\/v2\/posts\/8771\/revisions\/8773"}],"wp:attachment":[{"href":"https:\/\/konsumpf.de\/index.php?rest_route=%2Fwp%2Fv2%2Fmedia&parent=8771"}],"wp:term":[{"taxonomy":"category","embeddable":true,"href":"https:\/\/konsumpf.de\/index.php?rest_route=%2Fwp%2Fv2%2Fcategories&post=8771"},{"taxonomy":"post_tag","embeddable":true,"href":"https:\/\/konsumpf.de\/index.php?rest_route=%2Fwp%2Fv2%2Ftags&post=8771"}],"curies":[{"name":"wp","href":"https:\/\/api.w.org\/{rel}","templated":true}]}}