{"id":8659,"date":"2010-08-21T10:40:45","date_gmt":"2010-08-21T08:40:45","guid":{"rendered":"http:\/\/konsumpf.de\/?p=8659"},"modified":"2010-08-21T10:40:45","modified_gmt":"2010-08-21T08:40:45","slug":"ausstellung-im-kieler-rathaus-%e2%80%9esteueroasen-und-offshore-zentren-in-europa%e2%80%9c","status":"publish","type":"post","link":"https:\/\/konsumpf.de\/?p=8659","title":{"rendered":"Ausstellung im Kieler Rathaus: \u201eSteueroasen und Offshore-Zentren in Europa\u201c"},"content":{"rendered":"<p>Diesen Veranstaltungs-\/Ausstellungstipp willich doch mal schnell loswerden:<\/p>\n<p>&#8212;&#8212;&#8212;&#8212;&#8211;<\/p>\n<p><strong>\u201eSteueroasen und Offshore-Zentren in Europa\u201c<\/strong><br \/>\n<strong>10. bis 26. August 2010<br \/>\nw\u00e4hrend der \u00fcblichen \u00d6ffnungszeiten im Foyer des Rathauses der Landeshauptstadt Kiel<\/strong><\/p>\n<p><strong>Kommunale Finanznot: Ausstellung zu Steueroasen und Etatl\u00f6chern im Kieler Rathaus.<\/strong><\/p>\n<p>Gespr\u00e4chskreis der NachDenkSeiten.de holt aktuelle Attac-Ausstellung in die Landeshauptstadt. Offizielle Er\u00f6ffnung mit Stadtpr\u00e4sidentin Kathy Kietzer am Dienstag, 10. August, 17.00 Uhr.<\/p>\n<p>Kiel. &#8220;Was verbindet den globalen Finanzmarkt mit den Haushaltsn\u00f6ten<br \/>\nder Landeshauptstadt?&#8221; Weshalb fehlen den \u00f6ffentlichen Kassen seit 1998 j\u00e4hrlich rund 51 Milliarden Euro an Steuereinnahmen? Wo sind diese Gelder geblieben? Und was hat das alles mit der Finanzkrise zu tun?\u201c Antworten auf diese oder \u00e4hnliche Fragen versucht die Ausstellung &#8220;R\u00e4ume der Offshore-Welt &#8211; Steueroasen und\u00a0 Offshore-Zentren in Europa&#8221;, die erstmals in Schleswig-Holstein vom 10. &#8211; 26. August im Kieler Rathaus-Foyer gezeigt wird. In die Landeshauptstadt geholt hat diese Ausstellung der Gespr\u00e4chskreis Schleswig-Holstein des Politik-Blogs NachDenkSeiten.de. Mitveranstalter sind die attac-Gruppe Kiel sowie der DGB-Landesbezirk Nord. Die offizielle Er\u00f6ffnung findet im Rahmen eines kleinen Empfanges der Stadt am Dienstag, 10. August, um 17:00 Uhr, im Rathausfoyer statt. Stadtpr\u00e4sidentin Kathy Kietzer wird namens der gastgebenden Landeshauptstadt die Ausstellung er\u00f6ffnen. Zur Einf\u00fchrung ins Thema sowie zur Ausstellung spricht das Mitglied der bundesweiten Arbeitsgemeinschaft Finanzmarkt bei Attac-Deutschland, der Berliner Politikwissenschaftler Markus Henn (WEED e.V.).<\/p>\n<p>Henn betont die politische Aktualit\u00e4t der Ausstellung.\u00a0 \u201eW\u00e4hrend unser Staat Rekordschulden macht, konnte sich das in Steueroasen angelegte Verm\u00f6gen ungehindert vermehren: von 6,8 Billionen im Jahr 2008 auf 7,4 Billionen US-Dollar im vergangenen Jahr. Banken wie die Deutsche Bank oder die britische HSBC bieten weiterhin ungeniert an, Geld in Steueroasen zu transferieren. W\u00e4hrenddessen l\u00e4sst die Bundesregierung das Gesetz zu Steueroasen von 2009 faktisch unangewendet und erkl\u00e4rt \u00f6ffentlich, es gebe keine Steueroasen. Dass es anders geht, zeigen Frankreich und Brasilien, die Listen mit Steueroasen erstellt haben und gegen Banken, die dort Gesch\u00e4fte machen, vorgehen.\u201c<\/p>\n<p>F\u00fcr den Landesbezirk Nord des Deutschen Gewerkschaftsbund begr\u00fc\u00dft \u2026.., dass die Diskussion um die Begrenzung und wirksame Regulierung der Finanzwirtschaft mit dieser Ausstellung auch auf lokaler Ebene diskutiert wird. \u201eDie Auswirkungen des Casino-Crashs hinein in die Realwirtschaft sp\u00fcren die Besch\u00e4ftigten in den einzelnen Betrieben und den \u00d6ffentlichen Verwaltungen in Form von Auftragsr\u00fcckg\u00e4ngen und rigiden Sparprogramm.\u201c<\/p>\n<p>Dass das Abladen der Krisenlasten auf den falschen Schultern endlich ein Ende finden muss, betont auch Thomas Herrmann, von den Attac-Aktivisten in Kiel. \u201eMit dieser Ausstellung hat Attac einen hervorragenden Beitrag zur Debatte geleistet und wir freuen uns, dass diese Ausstellung Premiere hier im Norden in Kiel hat.\u201c<\/p>\n<p>Zur Rolle des NachDenkSeiten-Gespr\u00e4chskreises erkl\u00e4rt dessen Koordinator, Bad Segebergs Ex-B\u00fcrgermeister Udo Fr\u00f6hlich: \u201eWir wollen wichtige gesellschaftliche Themen und deren Vermittlung in der \u00d6ffentlichkeit diskutieren und einfach Laune auf Hintergrundinformationen und Meinungen mit Tiefgang machen. Das geht von der beabsichtigten Privatisierung der Unikliniken bis zur Finanzmarktkrise. Deren Ursachen und Auswirkungen treffen uns in Schleswig-Holstein mit der HSH-Nordbank und den Sparprogrammen des Landes und der Kommunen ja doppelt und dreifach.\u201c<\/p>\n<p>Auf den NachDenkSeiten, einer der aktuell erfolgreichsten bundesdeutschen Internet-Seiten zur kritischen Politikbegleitung und Unterst\u00fctzung von Gegen\u00f6ffentlichkeit, werden seit Dezember 2003 tagt\u00e4glich solche und zahlreiche andere wichtige Themen pr\u00e4sentiert und kommentiert \u2013 bei deutlich zunehmendem Leser-Interesse (von 22.561 Nutzern t\u00e4glich im August 2008 auf 52.000 Nutzer (plus 130%) im September 2009. Zur Bundestagswahl waren es am 27. September 2009 sogar 67.000 Nutzer binnen 24 Stunden). Tagesaktuelle Hinweise und fachkompetente Kommentare erfolgen zu bemerkenswerten Ereignissen oder Publikationen und sind damit auch eine interessante Quelle f\u00fcr Medienschaffende. Aktuell erfolgen rund 4,2 Millionen Seitenaufrufe pro Monat (August 2009).<\/p>\n<h3 class='related_post_title'>Verwandte Beitr\u00e4ge:<\/h3><ul class='related_post'><li><a href=\"http:\/\/konsumpf.de\/?p=13203\" title=\"Weltweiter Aktionstag am 15. Oktober \u2013 auch in Kiel\">Weltweiter Aktionstag am 15. Oktober \u2013 auch in Kiel<\/a><\/li><li><a href=\"http:\/\/konsumpf.de\/?p=9061\" title=\"Financial Crimes Deutschland\">Financial Crimes Deutschland<\/a><\/li><li><a href=\"http:\/\/konsumpf.de\/?p=8376\" title=\"Veranstaltungstipp f\u00fcr Kiel: Peak Oil \u2013 was bedeutet das f\u00fcr uns?\">Veranstaltungstipp f\u00fcr Kiel: Peak Oil \u2013 was bedeutet das f\u00fcr uns?<\/a><\/li><li><a href=\"http:\/\/konsumpf.de\/?p=7412\" title=\"Das Attac-Bankentribunal in Live-\u00dcbertragung\">Das Attac-Bankentribunal in Live-\u00dcbertragung<\/a><\/li><li><a href=\"http:\/\/konsumpf.de\/?p=6073\" title=\"Zwei Aktionstipps f\u00fcr den Samstag: Flashmob in Kiel und Carrotmob in Berlin\">Zwei Aktionstipps f\u00fcr den Samstag: Flashmob in Kiel und Carrotmob in Berlin<\/a><\/li><\/ul>","protected":false},"excerpt":{"rendered":"<p>Diesen Veranstaltungs-\/Ausstellungstipp willich doch mal schnell loswerden: &#8212;&#8212;&#8212;&#8212;&#8211; \u201eSteueroasen und Offshore-Zentren in Europa\u201c 10. bis 26. August 2010 w\u00e4hrend der \u00fcblichen \u00d6ffnungszeiten im Foyer des Rathauses der Landeshauptstadt Kiel Kommunale Finanznot: Ausstellung zu Steueroasen und Etatl\u00f6chern im Kieler Rathaus. Gespr\u00e4chskreis der NachDenkSeiten.de holt aktuelle Attac-Ausstellung in die Landeshauptstadt. Offizielle Er\u00f6ffnung mit Stadtpr\u00e4sidentin Kathy Kietzer am [&hellip;]<\/p>\n","protected":false},"author":1,"featured_media":0,"comment_status":"open","ping_status":"open","sticky":false,"template":"","format":"standard","meta":{"footnotes":""},"categories":[53,78],"tags":[90,14,1602,348,671,968,1603],"yoast_head":"<!-- This site is optimized with the Yoast SEO plugin v24.4 - https:\/\/yoast.com\/wordpress\/plugins\/seo\/ -->\n<title>Ausstellung im Kieler Rathaus: \u201eSteueroasen und Offshore-Zentren in Europa\u201c - Konsumpf - Forum f\u00fcr kreative Konsumkritik - Culture Jamming, Nachhaltigkeit, Konzernkritik, Adbusting<\/title>\n<meta name=\"robots\" content=\"index, follow, max-snippet:-1, max-image-preview:large, max-video-preview:-1\" \/>\n<link rel=\"canonical\" href=\"https:\/\/konsumpf.de\/?p=8659\" \/>\n<meta property=\"og:locale\" content=\"de_DE\" \/>\n<meta property=\"og:type\" content=\"article\" \/>\n<meta property=\"og:title\" content=\"Ausstellung im Kieler Rathaus: \u201eSteueroasen und Offshore-Zentren in Europa\u201c - Konsumpf - Forum f\u00fcr kreative Konsumkritik - Culture Jamming, Nachhaltigkeit, Konzernkritik, Adbusting\" \/>\n<meta property=\"og:description\" content=\"Diesen Veranstaltungs-\/Ausstellungstipp willich doch mal schnell loswerden: &#8212;&#8212;&#8212;&#8212;&#8211; \u201eSteueroasen und Offshore-Zentren in Europa\u201c 10. bis 26. August 2010 w\u00e4hrend der \u00fcblichen \u00d6ffnungszeiten im Foyer des Rathauses der Landeshauptstadt Kiel Kommunale Finanznot: Ausstellung zu Steueroasen und Etatl\u00f6chern im Kieler Rathaus. Gespr\u00e4chskreis der NachDenkSeiten.de holt aktuelle Attac-Ausstellung in die Landeshauptstadt. Offizielle Er\u00f6ffnung mit Stadtpr\u00e4sidentin Kathy Kietzer am [&hellip;]\" \/>\n<meta property=\"og:url\" content=\"https:\/\/konsumpf.de\/?p=8659\" \/>\n<meta property=\"og:site_name\" content=\"Konsumpf - Forum f\u00fcr kreative Konsumkritik - Culture Jamming, Nachhaltigkeit, Konzernkritik, Adbusting\" \/>\n<meta property=\"article:published_time\" content=\"2010-08-21T08:40:45+00:00\" \/>\n<meta name=\"author\" content=\"Peter M.\" \/>\n<meta name=\"twitter:card\" content=\"summary_large_image\" \/>\n<meta name=\"twitter:label1\" content=\"Verfasst von\" \/>\n\t<meta name=\"twitter:data1\" content=\"Peter M.\" \/>\n\t<meta name=\"twitter:label2\" content=\"Gesch\u00e4tzte Lesezeit\" \/>\n\t<meta name=\"twitter:data2\" content=\"3\u00a0Minuten\" \/>\n<script type=\"application\/ld+json\" class=\"yoast-schema-graph\">{\"@context\":\"https:\/\/schema.org\",\"@graph\":[{\"@type\":\"WebPage\",\"@id\":\"https:\/\/konsumpf.de\/?p=8659\",\"url\":\"https:\/\/konsumpf.de\/?p=8659\",\"name\":\"Ausstellung im Kieler Rathaus: \u201eSteueroasen und Offshore-Zentren in Europa\u201c - Konsumpf - Forum f\u00fcr kreative Konsumkritik - Culture Jamming, Nachhaltigkeit, Konzernkritik, Adbusting\",\"isPartOf\":{\"@id\":\"https:\/\/konsumpf.de\/#website\"},\"datePublished\":\"2010-08-21T08:40:45+00:00\",\"author\":{\"@id\":\"https:\/\/konsumpf.de\/#\/schema\/person\/e595a6d286b26994e7e0926d70699070\"},\"breadcrumb\":{\"@id\":\"https:\/\/konsumpf.de\/?p=8659#breadcrumb\"},\"inLanguage\":\"de\",\"potentialAction\":[{\"@type\":\"ReadAction\",\"target\":[\"https:\/\/konsumpf.de\/?p=8659\"]}]},{\"@type\":\"BreadcrumbList\",\"@id\":\"https:\/\/konsumpf.de\/?p=8659#breadcrumb\",\"itemListElement\":[{\"@type\":\"ListItem\",\"position\":1,\"name\":\"Startseite\",\"item\":\"https:\/\/konsumpf.de\/\"},{\"@type\":\"ListItem\",\"position\":2,\"name\":\"Ausstellung im Kieler Rathaus: \u201eSteueroasen und Offshore-Zentren in Europa\u201c\"}]},{\"@type\":\"WebSite\",\"@id\":\"https:\/\/konsumpf.de\/#website\",\"url\":\"https:\/\/konsumpf.de\/\",\"name\":\"Konsumpf - Forum f\u00fcr kreative Konsumkritik - Culture Jamming, Nachhaltigkeit, Konzernkritik, Adbusting\",\"description\":\"\",\"potentialAction\":[{\"@type\":\"SearchAction\",\"target\":{\"@type\":\"EntryPoint\",\"urlTemplate\":\"https:\/\/konsumpf.de\/?s={search_term_string}\"},\"query-input\":{\"@type\":\"PropertyValueSpecification\",\"valueRequired\":true,\"valueName\":\"search_term_string\"}}],\"inLanguage\":\"de\"},{\"@type\":\"Person\",\"@id\":\"https:\/\/konsumpf.de\/#\/schema\/person\/e595a6d286b26994e7e0926d70699070\",\"name\":\"Peter M.\",\"sameAs\":[\"http:\/\/konsumpf.de\"]}]}<\/script>\n<!-- \/ Yoast SEO plugin. -->","yoast_head_json":{"title":"Ausstellung im Kieler Rathaus: \u201eSteueroasen und Offshore-Zentren in Europa\u201c - Konsumpf - Forum f\u00fcr kreative Konsumkritik - Culture Jamming, Nachhaltigkeit, Konzernkritik, Adbusting","robots":{"index":"index","follow":"follow","max-snippet":"max-snippet:-1","max-image-preview":"max-image-preview:large","max-video-preview":"max-video-preview:-1"},"canonical":"https:\/\/konsumpf.de\/?p=8659","og_locale":"de_DE","og_type":"article","og_title":"Ausstellung im Kieler Rathaus: \u201eSteueroasen und Offshore-Zentren in Europa\u201c - Konsumpf - Forum f\u00fcr kreative Konsumkritik - Culture Jamming, Nachhaltigkeit, Konzernkritik, Adbusting","og_description":"Diesen Veranstaltungs-\/Ausstellungstipp willich doch mal schnell loswerden: &#8212;&#8212;&#8212;&#8212;&#8211; \u201eSteueroasen und Offshore-Zentren in Europa\u201c 10. bis 26. August 2010 w\u00e4hrend der \u00fcblichen \u00d6ffnungszeiten im Foyer des Rathauses der Landeshauptstadt Kiel Kommunale Finanznot: Ausstellung zu Steueroasen und Etatl\u00f6chern im Kieler Rathaus. Gespr\u00e4chskreis der NachDenkSeiten.de holt aktuelle Attac-Ausstellung in die Landeshauptstadt. Offizielle Er\u00f6ffnung mit Stadtpr\u00e4sidentin Kathy Kietzer am [&hellip;]","og_url":"https:\/\/konsumpf.de\/?p=8659","og_site_name":"Konsumpf - Forum f\u00fcr kreative Konsumkritik - Culture Jamming, Nachhaltigkeit, Konzernkritik, Adbusting","article_published_time":"2010-08-21T08:40:45+00:00","author":"Peter M.","twitter_card":"summary_large_image","twitter_misc":{"Verfasst von":"Peter M.","Gesch\u00e4tzte Lesezeit":"3\u00a0Minuten"},"schema":{"@context":"https:\/\/schema.org","@graph":[{"@type":"WebPage","@id":"https:\/\/konsumpf.de\/?p=8659","url":"https:\/\/konsumpf.de\/?p=8659","name":"Ausstellung im Kieler Rathaus: \u201eSteueroasen und Offshore-Zentren in Europa\u201c - Konsumpf - Forum f\u00fcr kreative Konsumkritik - Culture Jamming, Nachhaltigkeit, Konzernkritik, Adbusting","isPartOf":{"@id":"https:\/\/konsumpf.de\/#website"},"datePublished":"2010-08-21T08:40:45+00:00","author":{"@id":"https:\/\/konsumpf.de\/#\/schema\/person\/e595a6d286b26994e7e0926d70699070"},"breadcrumb":{"@id":"https:\/\/konsumpf.de\/?p=8659#breadcrumb"},"inLanguage":"de","potentialAction":[{"@type":"ReadAction","target":["https:\/\/konsumpf.de\/?p=8659"]}]},{"@type":"BreadcrumbList","@id":"https:\/\/konsumpf.de\/?p=8659#breadcrumb","itemListElement":[{"@type":"ListItem","position":1,"name":"Startseite","item":"https:\/\/konsumpf.de\/"},{"@type":"ListItem","position":2,"name":"Ausstellung im Kieler Rathaus: \u201eSteueroasen und Offshore-Zentren in Europa\u201c"}]},{"@type":"WebSite","@id":"https:\/\/konsumpf.de\/#website","url":"https:\/\/konsumpf.de\/","name":"Konsumpf - Forum f\u00fcr kreative Konsumkritik - Culture Jamming, Nachhaltigkeit, Konzernkritik, Adbusting","description":"","potentialAction":[{"@type":"SearchAction","target":{"@type":"EntryPoint","urlTemplate":"https:\/\/konsumpf.de\/?s={search_term_string}"},"query-input":{"@type":"PropertyValueSpecification","valueRequired":true,"valueName":"search_term_string"}}],"inLanguage":"de"},{"@type":"Person","@id":"https:\/\/konsumpf.de\/#\/schema\/person\/e595a6d286b26994e7e0926d70699070","name":"Peter M.","sameAs":["http:\/\/konsumpf.de"]}]}},"_links":{"self":[{"href":"https:\/\/konsumpf.de\/index.php?rest_route=\/wp\/v2\/posts\/8659"}],"collection":[{"href":"https:\/\/konsumpf.de\/index.php?rest_route=\/wp\/v2\/posts"}],"about":[{"href":"https:\/\/konsumpf.de\/index.php?rest_route=\/wp\/v2\/types\/post"}],"author":[{"embeddable":true,"href":"https:\/\/konsumpf.de\/index.php?rest_route=\/wp\/v2\/users\/1"}],"replies":[{"embeddable":true,"href":"https:\/\/konsumpf.de\/index.php?rest_route=%2Fwp%2Fv2%2Fcomments&post=8659"}],"version-history":[{"count":1,"href":"https:\/\/konsumpf.de\/index.php?rest_route=\/wp\/v2\/posts\/8659\/revisions"}],"predecessor-version":[{"id":8660,"href":"https:\/\/konsumpf.de\/index.php?rest_route=\/wp\/v2\/posts\/8659\/revisions\/8660"}],"wp:attachment":[{"href":"https:\/\/konsumpf.de\/index.php?rest_route=%2Fwp%2Fv2%2Fmedia&parent=8659"}],"wp:term":[{"taxonomy":"category","embeddable":true,"href":"https:\/\/konsumpf.de\/index.php?rest_route=%2Fwp%2Fv2%2Fcategories&post=8659"},{"taxonomy":"post_tag","embeddable":true,"href":"https:\/\/konsumpf.de\/index.php?rest_route=%2Fwp%2Fv2%2Ftags&post=8659"}],"curies":[{"name":"wp","href":"https:\/\/api.w.org\/{rel}","templated":true}]}}