{"id":8418,"date":"2010-07-31T10:11:10","date_gmt":"2010-07-31T08:11:10","guid":{"rendered":"http:\/\/konsumpf.de\/?p=8418"},"modified":"2010-07-30T13:18:08","modified_gmt":"2010-07-30T11:18:08","slug":"radiotipps-fur-den-august-2","status":"publish","type":"post","link":"https:\/\/konsumpf.de\/?p=8418","title":{"rendered":"Radiotipps f\u00fcr den August"},"content":{"rendered":"<p><a href=\"http:\/\/konsumpf.de\/wp-content\/uploads\/2010\/07\/radio_isolated_on_white_with_clipping_path.jpg\"><img loading=\"lazy\" decoding=\"async\" class=\"alignright size-full wp-image-8419\" title=\"radio_isolated_on_white_with_clipping_path\" src=\"http:\/\/konsumpf.de\/wp-content\/uploads\/2010\/07\/radio_isolated_on_white_with_clipping_path.jpg\" alt=\"\" width=\"168\" height=\"112\" \/><\/a>Der Sommer macht grad Pause und viele Leute Urlaub, daf\u00fcr senden Deutschlandfunk und Deutschlandradio Kultur unbeirrt weiter \u2013 hier ein paar interessante Sendungen, die im August auf uns warten. Weitere Infos auf der Internetseite <a href=\"http:\/\/www.dradio.de\">www.dradio.de<\/a>. (Danke an Wiebke von Attac Kiel f\u00fcr die Liste.)<\/p>\n<p><strong>DLR-K<br \/>\nMo. 02.08.10\u00a0 &#8211;\u00a0 19:30 Uhr<\/strong><br \/>\nZeitfragen<br \/>\nDas politische Feature<br \/>\n<strong>&#8220;Arbeit macht das Leben s\u00fc\u00df?&#8221;<\/strong><br \/>\n\u00dcber den Druck auf Angestellte und Freischaffende<br \/>\nVon Thomas Klug<\/p>\n<p><strong>DLR-K<br \/>\nDo. 05.08.10\u00a0 &#8211;\u00a0 13:07 Uhr<\/strong><br \/>\nL\u00e4nderreport<br \/>\n<strong>Motorisierte Monokultur<\/strong><br \/>\nDas Autoland Saarland<br \/>\nVon Tonia Koch<\/p>\n<p><strong>DLR-K<br \/>\nMo. 09.08.10\u00a0 &#8211;\u00a0 19:30 Uhr<\/strong><br \/>\nZeitfragen<br \/>\nDer Widerspenstigen Z\u00e4hmung<br \/>\n<strong>Kann die Politik die Finanzm\u00e4rkte kontrollieren?<\/strong><br \/>\nVon Conrad Lay<br \/>\nFinanztransaktionssteuer oder Bankenabgabe &#8211; zur Zeit sind viele Vorschl\u00e4ge im Umlauf, wie die Politik auf die Finanzkrise reagieren und die Verursacher der Krise in die Schranken weisen sollte.<br \/>\nAber kann die Politik die Banken kontrollieren? Und dienen die vorgeschlagenen Instrumente \u00fcberhaupt diesem Ziel? Wie bei Shakespeare geht es auch bei der Z\u00e4hmung der Banken um Schein und Sein, um Verkleidung, verstellte Identit\u00e4ten und Rollenspiele.<br \/>\nKann die Finanzwelt die Politik durch kluge Unterw\u00fcrfigkeit wirkungsvoller beeinflussen als durch Widerspenstigkeit? Ist die Bankenabgabe nichts anderes als eine moderne Variante der klugen Unterw\u00fcrfigkeit?<\/p>\n<p><strong>DLR-K<br \/>\nDi. 10.08.10\u00a0 &#8211;\u00a0 13:07 Uhr<\/strong><br \/>\nL\u00e4nderreport<br \/>\nStadt, Land, Geld<br \/>\n<strong>Das finanzielle Leid der Kommunen &#8211; am Beispiel Niedersachsen<\/strong><br \/>\nVon Susanne Schrammar<br \/>\nWollen sie ihre Schulden in den Griff bekommen, m\u00fcssen Bund, L\u00e4nder und Kommunen ihre Ausgaben k\u00fcrzen. Viele Kommunen jedoch fragen mittlerweile leicht genervt: wie denn noch?<br \/>\nDer Gro\u00dfteil der kommunalen Ausgaben geht auf Pflichtaufgaben zur\u00fcck. Nicht alles haben die Kommunen selbst beschlossen.<br \/>\nDer Bund hat es ihnen aufgedr\u00fcckt. Ein Beispiel: der Ausbau der Kinderbetreuung.<br \/>\nDas Prinzip: Wer bestellt, bezahlt gilt hier anscheinend nicht.<br \/>\nDer &#8220;L\u00e4nderreport&#8221; wirft am Beispiel Niedersachsen einen Blick auf die finanziellen Beziehungen von Bund, Land und Kommunen und die Schwierigkeit, den G\u00fcrtel noch enger zu schnallen.<\/p>\n<p><strong>DLR-K<br \/>\n13:07 Uhr<\/strong><br \/>\nL\u00e4nderreport<br \/>\n&#8220;Ausverkauft und zugebaut &#8230; &#8221;<br \/>\nWie Privatisierungen und Bauprojekte unsere Landschaft ver\u00e4ndern<br \/>\nVon Thilo Schmidt<br \/>\nWohngebiete, Gewerbeprojekte und Autobahnen fressen sich t\u00e4glich durch die Landschaft.<br \/>\nBildlich gesprochen: Fl\u00e4chenfra\u00df &#8211; b\u00fcrokratisch ausgedr\u00fcckt: Fl\u00e4cheninanspruchnahme.<br \/>\nWie man es auch nennt: Rund 100 Hektar Land werden t\u00e4glich zubetoniert.<br \/>\nDas will die Bundesregierung \u00e4ndern &#8211; bis 2020 soll der Wert auf 30 ha sinken.<br \/>\nUmwelt- und Naturschutzorganisation begr\u00fc\u00dfen dies, beklagen jedoch, es gebe ein Umsetzungsproblem.<br \/>\nDer &#8220;L\u00e4nderreport&#8221; schaut nach und besucht au\u00dferdem Mecklenburg-Vorpommern.<br \/>\nDort sorgt sich mancher \u00fcber eine andere Bedrohung der Landschaft: die Privatisierung von Seen.+<\/p>\n<p><strong>DLR-K<br \/>\nMo. 16.08.10\u00a0 &#8211;\u00a0 19:30 Uhr<\/strong><br \/>\nZeitfragen<br \/>\n<strong>&#8220;Wir sind die Guten&#8221;<\/strong><br \/>\nWie Unternehmen sich und ihre Produkte ins rechte Licht r\u00fccken.<br \/>\nVon Martin Hartwig<\/p>\n<p><strong>DLR-K<br \/>\nMo. 30.08.10\u00a0 &#8211;\u00a0 19:30 Uhr<\/strong><br \/>\nDas politische Feature<br \/>\n<strong>Die Zukunft des Lernens &#8211; Schulreformen in Deutschland<\/strong><br \/>\nVon Barbara Leitner<br \/>\nMit dem Thema Schule werden inzwischen Wahlen gewonnen oder verloren.<br \/>\nDahinter verbirgt sich eine neue Macht f\u00fcr Schulentwicklung: bildungsorientierte Eltern.<br \/>\nDa gibt es M\u00fctter und V\u00e4ter, die sich f\u00fcr das Modell der Gemeinschaftsschule stark machen, also l\u00e4ngeres gemeinsames Lernen bevorzugen.<br \/>\nAndere starten B\u00fcrgerbegehren, um daf\u00fcr zu sorgen, dass ihr Nachwuchs nicht mit den &#8220;Bildungsschmuddelkindern&#8221; lernen muss.<br \/>\nEbenso wie manche Eltern allein ihr eigenes Kind sehen, schaut die Bildungsb\u00fcrokratie nur auf die jeweiligen Landeskinder und zwingt den Bildungsdampfer &#8211; abh\u00e4ngig von der politischen Machtkonstellation &#8211; hin und her zu man\u00f6vrieren.<br \/>\nEs gibt bundesweit Schulreformen und einige davon verdienen den Namen nicht, sind allenfalls Reaktionen auf den demografischen Wandel.<br \/>\nDoch es bewegt sich etwas, Schulen \u00f6ffnen sich f\u00fcr neue Formen des Lernens.<\/p>\n<h3 class='related_post_title'>Verwandte Beitr\u00e4ge:<\/h3><ul class='related_post'><li><a href=\"http:\/\/konsumpf.de\/?p=5338\" title=\"Radiotipps f\u00fcr den August\">Radiotipps f\u00fcr den August<\/a><\/li><li><a href=\"http:\/\/konsumpf.de\/?p=5581\" title=\"Radiotipps f\u00fcr September\">Radiotipps f\u00fcr September<\/a><\/li><li><a href=\"http:\/\/konsumpf.de\/?p=10441\" title=\"Radiotipps f\u00fcr Januar\">Radiotipps f\u00fcr Januar<\/a><\/li><li><a href=\"http:\/\/konsumpf.de\/?p=9148\" title=\"Radiotipp: H\u00e4ngen am Beutel \u2013 das lange Sterben der Plastikt\u00fcte\">Radiotipp: H\u00e4ngen am Beutel \u2013 das lange Sterben der Plastikt\u00fcte<\/a><\/li><li><a href=\"http:\/\/konsumpf.de\/?p=7115\" title=\"Radiotipps f\u00fcr den M\u00e4rz\">Radiotipps f\u00fcr den M\u00e4rz<\/a><\/li><\/ul>","protected":false},"excerpt":{"rendered":"<p>Der Sommer macht grad Pause und viele Leute Urlaub, daf\u00fcr senden Deutschlandfunk und Deutschlandradio Kultur unbeirrt weiter \u2013 hier ein paar interessante Sendungen, die im August auf uns warten. Weitere Infos auf der Internetseite www.dradio.de. (Danke an Wiebke von Attac Kiel f\u00fcr die Liste.) DLR-K Mo. 02.08.10\u00a0 &#8211;\u00a0 19:30 Uhr Zeitfragen Das politische Feature &#8220;Arbeit [&hellip;]<\/p>\n","protected":false},"author":1,"featured_media":0,"comment_status":"open","ping_status":"open","sticky":false,"template":"","format":"standard","meta":{"footnotes":""},"categories":[259,53,584,78],"tags":[933,934,931],"yoast_head":"<!-- This site is optimized with the Yoast SEO plugin v24.4 - https:\/\/yoast.com\/wordpress\/plugins\/seo\/ -->\n<title>Radiotipps f\u00fcr den August - Konsumpf - Forum f\u00fcr kreative Konsumkritik - Culture Jamming, Nachhaltigkeit, Konzernkritik, Adbusting<\/title>\n<meta name=\"robots\" content=\"index, follow, max-snippet:-1, max-image-preview:large, max-video-preview:-1\" \/>\n<link rel=\"canonical\" href=\"https:\/\/konsumpf.de\/?p=8418\" \/>\n<meta property=\"og:locale\" content=\"de_DE\" \/>\n<meta property=\"og:type\" content=\"article\" \/>\n<meta property=\"og:title\" content=\"Radiotipps f\u00fcr den August - Konsumpf - Forum f\u00fcr kreative Konsumkritik - Culture Jamming, Nachhaltigkeit, Konzernkritik, Adbusting\" \/>\n<meta property=\"og:description\" content=\"Der Sommer macht grad Pause und viele Leute Urlaub, daf\u00fcr senden Deutschlandfunk und Deutschlandradio Kultur unbeirrt weiter \u2013 hier ein paar interessante Sendungen, die im August auf uns warten. Weitere Infos auf der Internetseite www.dradio.de. (Danke an Wiebke von Attac Kiel f\u00fcr die Liste.) DLR-K Mo. 02.08.10\u00a0 &#8211;\u00a0 19:30 Uhr Zeitfragen Das politische Feature &#8220;Arbeit [&hellip;]\" \/>\n<meta property=\"og:url\" content=\"https:\/\/konsumpf.de\/?p=8418\" \/>\n<meta property=\"og:site_name\" content=\"Konsumpf - Forum f\u00fcr kreative Konsumkritik - Culture Jamming, Nachhaltigkeit, Konzernkritik, Adbusting\" \/>\n<meta property=\"article:published_time\" content=\"2010-07-31T08:11:10+00:00\" \/>\n<meta property=\"og:image\" content=\"http:\/\/konsumpf.de\/wp-content\/uploads\/2010\/07\/radio_isolated_on_white_with_clipping_path.jpg\" \/>\n<meta name=\"author\" content=\"Peter M.\" \/>\n<meta name=\"twitter:card\" content=\"summary_large_image\" \/>\n<meta name=\"twitter:label1\" content=\"Verfasst von\" \/>\n\t<meta name=\"twitter:data1\" content=\"Peter M.\" \/>\n\t<meta name=\"twitter:label2\" content=\"Gesch\u00e4tzte Lesezeit\" \/>\n\t<meta name=\"twitter:data2\" content=\"3\u00a0Minuten\" \/>\n<script type=\"application\/ld+json\" class=\"yoast-schema-graph\">{\"@context\":\"https:\/\/schema.org\",\"@graph\":[{\"@type\":\"WebPage\",\"@id\":\"https:\/\/konsumpf.de\/?p=8418\",\"url\":\"https:\/\/konsumpf.de\/?p=8418\",\"name\":\"Radiotipps f\u00fcr den August - Konsumpf - Forum f\u00fcr kreative Konsumkritik - Culture Jamming, Nachhaltigkeit, Konzernkritik, Adbusting\",\"isPartOf\":{\"@id\":\"https:\/\/konsumpf.de\/#website\"},\"primaryImageOfPage\":{\"@id\":\"https:\/\/konsumpf.de\/?p=8418#primaryimage\"},\"image\":{\"@id\":\"https:\/\/konsumpf.de\/?p=8418#primaryimage\"},\"thumbnailUrl\":\"http:\/\/konsumpf.de\/wp-content\/uploads\/2010\/07\/radio_isolated_on_white_with_clipping_path.jpg\",\"datePublished\":\"2010-07-31T08:11:10+00:00\",\"author\":{\"@id\":\"https:\/\/konsumpf.de\/#\/schema\/person\/e595a6d286b26994e7e0926d70699070\"},\"breadcrumb\":{\"@id\":\"https:\/\/konsumpf.de\/?p=8418#breadcrumb\"},\"inLanguage\":\"de\",\"potentialAction\":[{\"@type\":\"ReadAction\",\"target\":[\"https:\/\/konsumpf.de\/?p=8418\"]}]},{\"@type\":\"ImageObject\",\"inLanguage\":\"de\",\"@id\":\"https:\/\/konsumpf.de\/?p=8418#primaryimage\",\"url\":\"https:\/\/konsumpf.de\/wp-content\/uploads\/2010\/07\/radio_isolated_on_white_with_clipping_path.jpg\",\"contentUrl\":\"https:\/\/konsumpf.de\/wp-content\/uploads\/2010\/07\/radio_isolated_on_white_with_clipping_path.jpg\",\"width\":\"300\",\"height\":\"201\"},{\"@type\":\"BreadcrumbList\",\"@id\":\"https:\/\/konsumpf.de\/?p=8418#breadcrumb\",\"itemListElement\":[{\"@type\":\"ListItem\",\"position\":1,\"name\":\"Startseite\",\"item\":\"https:\/\/konsumpf.de\/\"},{\"@type\":\"ListItem\",\"position\":2,\"name\":\"Radiotipps f\u00fcr den August\"}]},{\"@type\":\"WebSite\",\"@id\":\"https:\/\/konsumpf.de\/#website\",\"url\":\"https:\/\/konsumpf.de\/\",\"name\":\"Konsumpf - Forum f\u00fcr kreative Konsumkritik - Culture Jamming, Nachhaltigkeit, Konzernkritik, Adbusting\",\"description\":\"\",\"potentialAction\":[{\"@type\":\"SearchAction\",\"target\":{\"@type\":\"EntryPoint\",\"urlTemplate\":\"https:\/\/konsumpf.de\/?s={search_term_string}\"},\"query-input\":{\"@type\":\"PropertyValueSpecification\",\"valueRequired\":true,\"valueName\":\"search_term_string\"}}],\"inLanguage\":\"de\"},{\"@type\":\"Person\",\"@id\":\"https:\/\/konsumpf.de\/#\/schema\/person\/e595a6d286b26994e7e0926d70699070\",\"name\":\"Peter M.\",\"sameAs\":[\"http:\/\/konsumpf.de\"]}]}<\/script>\n<!-- \/ Yoast SEO plugin. -->","yoast_head_json":{"title":"Radiotipps f\u00fcr den August - Konsumpf - Forum f\u00fcr kreative Konsumkritik - Culture Jamming, Nachhaltigkeit, Konzernkritik, Adbusting","robots":{"index":"index","follow":"follow","max-snippet":"max-snippet:-1","max-image-preview":"max-image-preview:large","max-video-preview":"max-video-preview:-1"},"canonical":"https:\/\/konsumpf.de\/?p=8418","og_locale":"de_DE","og_type":"article","og_title":"Radiotipps f\u00fcr den August - Konsumpf - Forum f\u00fcr kreative Konsumkritik - Culture Jamming, Nachhaltigkeit, Konzernkritik, Adbusting","og_description":"Der Sommer macht grad Pause und viele Leute Urlaub, daf\u00fcr senden Deutschlandfunk und Deutschlandradio Kultur unbeirrt weiter \u2013 hier ein paar interessante Sendungen, die im August auf uns warten. Weitere Infos auf der Internetseite www.dradio.de. (Danke an Wiebke von Attac Kiel f\u00fcr die Liste.) DLR-K Mo. 02.08.10\u00a0 &#8211;\u00a0 19:30 Uhr Zeitfragen Das politische Feature &#8220;Arbeit [&hellip;]","og_url":"https:\/\/konsumpf.de\/?p=8418","og_site_name":"Konsumpf - Forum f\u00fcr kreative Konsumkritik - Culture Jamming, Nachhaltigkeit, Konzernkritik, Adbusting","article_published_time":"2010-07-31T08:11:10+00:00","og_image":[{"url":"http:\/\/konsumpf.de\/wp-content\/uploads\/2010\/07\/radio_isolated_on_white_with_clipping_path.jpg","type":"","width":"","height":""}],"author":"Peter M.","twitter_card":"summary_large_image","twitter_misc":{"Verfasst von":"Peter M.","Gesch\u00e4tzte Lesezeit":"3\u00a0Minuten"},"schema":{"@context":"https:\/\/schema.org","@graph":[{"@type":"WebPage","@id":"https:\/\/konsumpf.de\/?p=8418","url":"https:\/\/konsumpf.de\/?p=8418","name":"Radiotipps f\u00fcr den August - Konsumpf - Forum f\u00fcr kreative Konsumkritik - Culture Jamming, Nachhaltigkeit, Konzernkritik, Adbusting","isPartOf":{"@id":"https:\/\/konsumpf.de\/#website"},"primaryImageOfPage":{"@id":"https:\/\/konsumpf.de\/?p=8418#primaryimage"},"image":{"@id":"https:\/\/konsumpf.de\/?p=8418#primaryimage"},"thumbnailUrl":"http:\/\/konsumpf.de\/wp-content\/uploads\/2010\/07\/radio_isolated_on_white_with_clipping_path.jpg","datePublished":"2010-07-31T08:11:10+00:00","author":{"@id":"https:\/\/konsumpf.de\/#\/schema\/person\/e595a6d286b26994e7e0926d70699070"},"breadcrumb":{"@id":"https:\/\/konsumpf.de\/?p=8418#breadcrumb"},"inLanguage":"de","potentialAction":[{"@type":"ReadAction","target":["https:\/\/konsumpf.de\/?p=8418"]}]},{"@type":"ImageObject","inLanguage":"de","@id":"https:\/\/konsumpf.de\/?p=8418#primaryimage","url":"https:\/\/konsumpf.de\/wp-content\/uploads\/2010\/07\/radio_isolated_on_white_with_clipping_path.jpg","contentUrl":"https:\/\/konsumpf.de\/wp-content\/uploads\/2010\/07\/radio_isolated_on_white_with_clipping_path.jpg","width":"300","height":"201"},{"@type":"BreadcrumbList","@id":"https:\/\/konsumpf.de\/?p=8418#breadcrumb","itemListElement":[{"@type":"ListItem","position":1,"name":"Startseite","item":"https:\/\/konsumpf.de\/"},{"@type":"ListItem","position":2,"name":"Radiotipps f\u00fcr den August"}]},{"@type":"WebSite","@id":"https:\/\/konsumpf.de\/#website","url":"https:\/\/konsumpf.de\/","name":"Konsumpf - Forum f\u00fcr kreative Konsumkritik - Culture Jamming, Nachhaltigkeit, Konzernkritik, Adbusting","description":"","potentialAction":[{"@type":"SearchAction","target":{"@type":"EntryPoint","urlTemplate":"https:\/\/konsumpf.de\/?s={search_term_string}"},"query-input":{"@type":"PropertyValueSpecification","valueRequired":true,"valueName":"search_term_string"}}],"inLanguage":"de"},{"@type":"Person","@id":"https:\/\/konsumpf.de\/#\/schema\/person\/e595a6d286b26994e7e0926d70699070","name":"Peter M.","sameAs":["http:\/\/konsumpf.de"]}]}},"_links":{"self":[{"href":"https:\/\/konsumpf.de\/index.php?rest_route=\/wp\/v2\/posts\/8418"}],"collection":[{"href":"https:\/\/konsumpf.de\/index.php?rest_route=\/wp\/v2\/posts"}],"about":[{"href":"https:\/\/konsumpf.de\/index.php?rest_route=\/wp\/v2\/types\/post"}],"author":[{"embeddable":true,"href":"https:\/\/konsumpf.de\/index.php?rest_route=\/wp\/v2\/users\/1"}],"replies":[{"embeddable":true,"href":"https:\/\/konsumpf.de\/index.php?rest_route=%2Fwp%2Fv2%2Fcomments&post=8418"}],"version-history":[{"count":2,"href":"https:\/\/konsumpf.de\/index.php?rest_route=\/wp\/v2\/posts\/8418\/revisions"}],"predecessor-version":[{"id":8421,"href":"https:\/\/konsumpf.de\/index.php?rest_route=\/wp\/v2\/posts\/8418\/revisions\/8421"}],"wp:attachment":[{"href":"https:\/\/konsumpf.de\/index.php?rest_route=%2Fwp%2Fv2%2Fmedia&parent=8418"}],"wp:term":[{"taxonomy":"category","embeddable":true,"href":"https:\/\/konsumpf.de\/index.php?rest_route=%2Fwp%2Fv2%2Fcategories&post=8418"},{"taxonomy":"post_tag","embeddable":true,"href":"https:\/\/konsumpf.de\/index.php?rest_route=%2Fwp%2Fv2%2Ftags&post=8418"}],"curies":[{"name":"wp","href":"https:\/\/api.w.org\/{rel}","templated":true}]}}