{"id":8324,"date":"2010-07-25T09:28:22","date_gmt":"2010-07-25T07:28:22","guid":{"rendered":"http:\/\/konsumpf.de\/?p=8324"},"modified":"2010-07-24T20:32:28","modified_gmt":"2010-07-24T18:32:28","slug":"aktuelle-protestaktion-deutsche-massentierhaltung-bedroht-sudamerikas-regenwald","status":"publish","type":"post","link":"https:\/\/konsumpf.de\/?p=8324","title":{"rendered":"Aktuelle Protestaktion: Deutsche Massentierhaltung bedroht S\u00fcdamerikas Regenwald"},"content":{"rendered":"<p>Die Zahl der Menschen, die sich vegetarisch oder vegan ern\u00e4hren oder zumindest Biofleisch essen, nimmt eigentlich zu. Dachte ich jedenfalls. Dennoch gibt es europaweit wahnwitzige Pl\u00e4ne, immer gr\u00f6\u00dfere Fleischfabriken in die Landschaft zu pflanzen, damit Industriefleisch noch billiger wird. Zum Schaden der Tiere, der Natur und letzten Endes auch der Menschen. <a href=\"http:\/\/www.regenwald.org\"><strong>Regenwald.org<\/strong><\/a> ruft deshalb zum Widerstand gegen ein neues Projekt einer Gefl\u00fcgelschlachtanlage in Niedersachsen auf \u2013 bitte alle mitmachen und weitersagen!<\/p>\n<p>&#8212;&#8212;&#8212;&#8212;&#8212;&#8212;-<\/p>\n<p><a href=\"http:\/\/konsumpf.de\/wp-content\/uploads\/2010\/07\/sojavsforest.jpg\"><img loading=\"lazy\" decoding=\"async\" class=\"alignright size-full wp-image-8327\" title=\"sojavsforest\" src=\"http:\/\/konsumpf.de\/wp-content\/uploads\/2010\/07\/sojavsforest.jpg\" alt=\"\" width=\"190\" height=\"130\" \/><\/a>Was hat eine f\u00fcr den Tourismus erschlossene Region und besonders  sch\u00fctzenswerte Naturlandschaft der S\u00fcdheide mit der gr\u00f6\u00dften  Gefl\u00fcgelschlachterei Europas zu tun? Und warum f\u00fchrt die blutige Spur  bis in die Regenwaldgebiete S\u00fcdamerikas?<\/p>\n<p>In der beschaulichen nieders\u00e4chsischen Gemeinde Wietze bei Celle  soll Europas gr\u00f6\u00dfte Anlage zur Schlachtung von Gefl\u00fcgel entstehen. Im  Sekundentakt sollen hier hochgez\u00fcchtete H\u00fchner massenhaft get\u00f6tet werden  \u2013 135 Millionen Tiere pro Jahr! Der Investor der Anlage, Franz-Josef  Rothk\u00f6tter, ist kein unbeschriebenes Blatt. Bereits im Emsland betreibt  er Mast- und Schlachtbetriebe in \u00e4hnlichen Dimensionen. Der unter dem  Namen Emsland Frischgefl\u00fcgel GmbH firmierende Gro\u00dfschlachtbetrieb hat  zusammen mit Mitbewerbern eine ganze Region in Agrarland verwandelt und  findet nun in Wietze nahe den Flussauen von Aller und Leine ideale  Bedingungen f\u00fcr seine Expansionspl\u00e4ne vor. Zudem hat die  nieders\u00e4chsische Landesregierung Stimmung gemacht und einheitlich das  Bauvorhaben begr\u00fc\u00dft. So k\u00e4me dringend ben\u00f6tigtes Geld in die Kassen der  Gemeinden, zudem w\u00fcrden neue Arbeitspl\u00e4tze entstehen. Das  Gewerbeaufsichtsamt hat in letzter Instanz die erforderliche Genehmigung  erteilt.<\/p>\n<p>Seitdem ist das Gel\u00e4nde, auf dem der Megabau entstehen soll, hart  umk\u00e4mpft. Es werden alle Register gezogen, auch aus den Reihen der  Gegner der Tierfabrik. Ihr Vorwurf: Hier segelt unter falscher Flagge  ein gro\u00dfes Industrieunternehmen, das vorgibt, in Sachen Umweltschutz und  artgerechter Tierhaltung vorbildlich zu produzieren. Rothk\u00f6tter  pr\u00e4sentiert sich in seiner Hochglanzbrosch\u00fcre als engagiertes  Vorzeigeunternehmen. Tats\u00e4chlich ist der vorgesehene Megaschlachtbetrieb  f\u00fcr den deutschen Markt v\u00f6llig \u00fcberdimensioniert. Eine entsprechende  \u00dcberproduktion an Schlachtgut ist aber vorgesehen und ein willkommenes  Vehikel, um den Export in das Europ\u00e4ische Ausland anzukurbeln. Ein  industrieller Fleischproduktionsbetrieb mit solchen Ausma\u00dfen geht immer  einher mit Tierqu\u00e4lerei, Umweltzerst\u00f6rung und Konflikten mit der  Bev\u00f6lkerung aus ethischen und sozialen Gr\u00fcnden.<\/p>\n<p>Die Lust auf Fleisch kostet einen hohen Preis: Bereits heute  entf\u00e4llt mehr als die H\u00e4lfte des weltweit verf\u00fcgbaren Ackerlandes auf  die Tierzucht. F\u00fcr jedes Kilogramm Gefl\u00fcgel m\u00fcssen zwei Kilogramm  Getreide und Soja geopfert werden. Wenn man weitere Faktoren wie  Wasserverbrauch und ungenutzte Abf\u00e4lle einrechnet, so ergibt sich eine  vernichtende Energiebilanz: 20 Kilogramm an pflanzlicher Masse ist  n\u00f6tig, um ein Kilogramm Fleisch zu erzeugen. Jedes Jahr werden weltweit  rund 700 Millionen Tonnen Getreide und Soja an Nutztiere verf\u00fcttert. Das  ist mehr, als ein Drittel des Weltgetreideverbrauchs. Je mehr Tiere  aber mit dem Menschen um Getreide und Soja konkurrieren, desto h\u00f6her  steigt der Preis f\u00fcr die Nutzpflanzen \u2013 die Armen k\u00f6nnen sich dann nicht  einmal mehr die pflanzliche Nahrung leisten.<\/p>\n<p>Vor allem der Sojaanbau f\u00fcr die Tierfutterindustrie birgt  verheerende Probleme. In den L\u00e4ndern wie Brasilien, Argentinien,  Bolivien und Paraguay f\u00fchrt der Anbau der Nutzpflanze immer zu  Menschenrechts- und Landrechtsverletzungen und zur Vertreibung von  Urv\u00f6lkern in Folge von \u00dcbergriffen durch Konzerne, die sich gro\u00dfe  Landstriche zur Bebauung unrechtm\u00e4\u00dfig aneignen. Menschen hungern, weil  ihre Nahrungsmittel in Industriel\u00e4nder exportiert werden als  Futtermittel f\u00fcr unser Vieh. Und um die Ackerfl\u00e4chen f\u00fcr den Anbau von  Nutzpflanzen wie Soja zu schaffen, werden in S\u00fcdamerika die artenreichen  Urwaldwald- und Savannengebiete gerodet. Dies f\u00fchrt zur Zerst\u00f6rung von  urspr\u00fcnglichstem Lebensraum der Urv\u00f6lker, zum Artensterben und in  letzter Konsequenz zu massiven Klimaver\u00e4nderungen weltweit (siehe  Regenwald Report Nr. 01\/2009).<\/p>\n<p>Noch kann der Bau der gr\u00f6\u00dften Gefl\u00fcgelgro\u00dfschlachterei Europas  verhindert werden. Denn einige Entscheidungen bis zum ersten Spatenstich  f\u00fcr die Anlage stehen noch aus. So bleibt vor allem die Frage zur  Wasserversorgung von t\u00e4glich 3.300 Kubikmetern vollkommen ungekl\u00e4rt. Und  solange der Bau solcher Gro\u00dfbetriebe weiterhin aus Mitteln der EU  subventioniert wird, damit diese ihre Masseng\u00fcter billig auf den Markt  bringen k\u00f6nnen, werden Tiere wie leblose Rohstoffe behandelt. Wir stehen  am Beginn einer Entwicklung, die jetzt aufgehalten werden muss. Fordern  Sie die Gemeinder\u00e4te, die Regierungsvertreter und die Vertreter im  Europ\u00e4ischen Parlament in Br\u00fcssel auf, die Ausweitung von Tiermast- und  Gro\u00dfschlachtereien hin zur industriellen Landwirtschaft in Deutschland  zu verhindern.<\/p>\n<p>Die ZDF-Sendung \u201eFrontal 21\u201d beleuchtet  voraussichtlich am Dienstag, 27. Juli, um 21:00 Uhr die Problematik um  den geplanten Gro\u00dfbetrieb.<\/p>\n<p>Bitte nehmen Sie an unserer aktuellen Protestaktion teil:<br \/>\n<a href=\"http:\/\/www.regenwald.org\">http:\/\/www.regenwald.org<\/a><\/p>\n<h3 class='related_post_title'>Verwandte Beitr\u00e4ge:<\/h3><ul class='related_post'><li><a href=\"http:\/\/konsumpf.de\/?p=10726\" title=\"Suchanfragen des Monats \u2013 McDonald\u2019s, Nestl\u00e9, Katzenfutter und Billigfleisch\">Suchanfragen des Monats \u2013 McDonald\u2019s, Nestl\u00e9, Katzenfutter und Billigfleisch<\/a><\/li><li><a href=\"http:\/\/konsumpf.de\/?p=14792\" title=\"In aller Munde: Pferdefleisch\">In aller Munde: Pferdefleisch<\/a><\/li><li><a href=\"http:\/\/konsumpf.de\/?p=12805\" title=\"McDonald\u2019s \u2013 Pampiges Brot und sonst gar nichts\">McDonald\u2019s \u2013 Pampiges Brot und sonst gar nichts<\/a><\/li><li><a href=\"http:\/\/konsumpf.de\/?p=8960\" title=\"H\u00fchnerwahnsinn \u2013\u00a0Das eiskalte Gesch\u00e4ft mit dem Gefl\u00fcgel\">H\u00fchnerwahnsinn \u2013\u00a0Das eiskalte Gesch\u00e4ft mit dem Gefl\u00fcgel<\/a><\/li><li><a href=\"http:\/\/konsumpf.de\/?p=10043\" title=\"Turbo-Mast \u00fcberrollt Deutschland\">Turbo-Mast \u00fcberrollt Deutschland<\/a><\/li><\/ul>","protected":false},"excerpt":{"rendered":"<p>Die Zahl der Menschen, die sich vegetarisch oder vegan ern\u00e4hren oder zumindest Biofleisch essen, nimmt eigentlich zu. Dachte ich jedenfalls. Dennoch gibt es europaweit wahnwitzige Pl\u00e4ne, immer gr\u00f6\u00dfere Fleischfabriken in die Landschaft zu pflanzen, damit Industriefleisch noch billiger wird. Zum Schaden der Tiere, der Natur und letzten Endes auch der Menschen. Regenwald.org ruft deshalb zum [&hellip;]<\/p>\n","protected":false},"author":1,"featured_media":0,"comment_status":"open","ping_status":"open","sticky":false,"template":"","format":"standard","meta":{"footnotes":""},"categories":[1097,256,37,334,78],"tags":[732,1532,2865,128,1533,1534,1535,479],"yoast_head":"<!-- This site is optimized with the Yoast SEO plugin v24.4 - https:\/\/yoast.com\/wordpress\/plugins\/seo\/ -->\n<title>Aktuelle Protestaktion: Deutsche Massentierhaltung bedroht S\u00fcdamerikas Regenwald - Konsumpf - Forum f\u00fcr kreative Konsumkritik - Culture Jamming, Nachhaltigkeit, Konzernkritik, Adbusting<\/title>\n<meta name=\"robots\" content=\"index, follow, max-snippet:-1, max-image-preview:large, max-video-preview:-1\" \/>\n<link rel=\"canonical\" href=\"https:\/\/konsumpf.de\/?p=8324\" \/>\n<meta property=\"og:locale\" content=\"de_DE\" \/>\n<meta property=\"og:type\" content=\"article\" \/>\n<meta property=\"og:title\" content=\"Aktuelle Protestaktion: Deutsche Massentierhaltung bedroht S\u00fcdamerikas Regenwald - Konsumpf - Forum f\u00fcr kreative Konsumkritik - Culture Jamming, Nachhaltigkeit, Konzernkritik, Adbusting\" \/>\n<meta property=\"og:description\" content=\"Die Zahl der Menschen, die sich vegetarisch oder vegan ern\u00e4hren oder zumindest Biofleisch essen, nimmt eigentlich zu. Dachte ich jedenfalls. Dennoch gibt es europaweit wahnwitzige Pl\u00e4ne, immer gr\u00f6\u00dfere Fleischfabriken in die Landschaft zu pflanzen, damit Industriefleisch noch billiger wird. Zum Schaden der Tiere, der Natur und letzten Endes auch der Menschen. Regenwald.org ruft deshalb zum [&hellip;]\" \/>\n<meta property=\"og:url\" content=\"https:\/\/konsumpf.de\/?p=8324\" \/>\n<meta property=\"og:site_name\" content=\"Konsumpf - Forum f\u00fcr kreative Konsumkritik - Culture Jamming, Nachhaltigkeit, Konzernkritik, Adbusting\" \/>\n<meta property=\"article:published_time\" content=\"2010-07-25T07:28:22+00:00\" \/>\n<meta property=\"og:image\" content=\"http:\/\/konsumpf.de\/wp-content\/uploads\/2010\/07\/sojavsforest.jpg\" \/>\n<meta name=\"author\" content=\"Peter M.\" \/>\n<meta name=\"twitter:card\" content=\"summary_large_image\" \/>\n<meta name=\"twitter:label1\" content=\"Verfasst von\" \/>\n\t<meta name=\"twitter:data1\" content=\"Peter M.\" \/>\n\t<meta name=\"twitter:label2\" content=\"Gesch\u00e4tzte Lesezeit\" \/>\n\t<meta name=\"twitter:data2\" content=\"4\u00a0Minuten\" \/>\n<script type=\"application\/ld+json\" class=\"yoast-schema-graph\">{\"@context\":\"https:\/\/schema.org\",\"@graph\":[{\"@type\":\"WebPage\",\"@id\":\"https:\/\/konsumpf.de\/?p=8324\",\"url\":\"https:\/\/konsumpf.de\/?p=8324\",\"name\":\"Aktuelle Protestaktion: Deutsche Massentierhaltung bedroht S\u00fcdamerikas Regenwald - Konsumpf - Forum f\u00fcr kreative Konsumkritik - Culture Jamming, Nachhaltigkeit, Konzernkritik, Adbusting\",\"isPartOf\":{\"@id\":\"https:\/\/konsumpf.de\/#website\"},\"primaryImageOfPage\":{\"@id\":\"https:\/\/konsumpf.de\/?p=8324#primaryimage\"},\"image\":{\"@id\":\"https:\/\/konsumpf.de\/?p=8324#primaryimage\"},\"thumbnailUrl\":\"http:\/\/konsumpf.de\/wp-content\/uploads\/2010\/07\/sojavsforest.jpg\",\"datePublished\":\"2010-07-25T07:28:22+00:00\",\"author\":{\"@id\":\"https:\/\/konsumpf.de\/#\/schema\/person\/e595a6d286b26994e7e0926d70699070\"},\"breadcrumb\":{\"@id\":\"https:\/\/konsumpf.de\/?p=8324#breadcrumb\"},\"inLanguage\":\"de\",\"potentialAction\":[{\"@type\":\"ReadAction\",\"target\":[\"https:\/\/konsumpf.de\/?p=8324\"]}]},{\"@type\":\"ImageObject\",\"inLanguage\":\"de\",\"@id\":\"https:\/\/konsumpf.de\/?p=8324#primaryimage\",\"url\":\"https:\/\/konsumpf.de\/wp-content\/uploads\/2010\/07\/sojavsforest.jpg\",\"contentUrl\":\"https:\/\/konsumpf.de\/wp-content\/uploads\/2010\/07\/sojavsforest.jpg\",\"width\":\"190\",\"height\":\"130\"},{\"@type\":\"BreadcrumbList\",\"@id\":\"https:\/\/konsumpf.de\/?p=8324#breadcrumb\",\"itemListElement\":[{\"@type\":\"ListItem\",\"position\":1,\"name\":\"Startseite\",\"item\":\"https:\/\/konsumpf.de\/\"},{\"@type\":\"ListItem\",\"position\":2,\"name\":\"Aktuelle Protestaktion: Deutsche Massentierhaltung bedroht S\u00fcdamerikas Regenwald\"}]},{\"@type\":\"WebSite\",\"@id\":\"https:\/\/konsumpf.de\/#website\",\"url\":\"https:\/\/konsumpf.de\/\",\"name\":\"Konsumpf - Forum f\u00fcr kreative Konsumkritik - Culture Jamming, Nachhaltigkeit, Konzernkritik, Adbusting\",\"description\":\"\",\"potentialAction\":[{\"@type\":\"SearchAction\",\"target\":{\"@type\":\"EntryPoint\",\"urlTemplate\":\"https:\/\/konsumpf.de\/?s={search_term_string}\"},\"query-input\":{\"@type\":\"PropertyValueSpecification\",\"valueRequired\":true,\"valueName\":\"search_term_string\"}}],\"inLanguage\":\"de\"},{\"@type\":\"Person\",\"@id\":\"https:\/\/konsumpf.de\/#\/schema\/person\/e595a6d286b26994e7e0926d70699070\",\"name\":\"Peter M.\",\"sameAs\":[\"http:\/\/konsumpf.de\"]}]}<\/script>\n<!-- \/ Yoast SEO plugin. -->","yoast_head_json":{"title":"Aktuelle Protestaktion: Deutsche Massentierhaltung bedroht S\u00fcdamerikas Regenwald - Konsumpf - Forum f\u00fcr kreative Konsumkritik - Culture Jamming, Nachhaltigkeit, Konzernkritik, Adbusting","robots":{"index":"index","follow":"follow","max-snippet":"max-snippet:-1","max-image-preview":"max-image-preview:large","max-video-preview":"max-video-preview:-1"},"canonical":"https:\/\/konsumpf.de\/?p=8324","og_locale":"de_DE","og_type":"article","og_title":"Aktuelle Protestaktion: Deutsche Massentierhaltung bedroht S\u00fcdamerikas Regenwald - Konsumpf - Forum f\u00fcr kreative Konsumkritik - Culture Jamming, Nachhaltigkeit, Konzernkritik, Adbusting","og_description":"Die Zahl der Menschen, die sich vegetarisch oder vegan ern\u00e4hren oder zumindest Biofleisch essen, nimmt eigentlich zu. Dachte ich jedenfalls. Dennoch gibt es europaweit wahnwitzige Pl\u00e4ne, immer gr\u00f6\u00dfere Fleischfabriken in die Landschaft zu pflanzen, damit Industriefleisch noch billiger wird. Zum Schaden der Tiere, der Natur und letzten Endes auch der Menschen. Regenwald.org ruft deshalb zum [&hellip;]","og_url":"https:\/\/konsumpf.de\/?p=8324","og_site_name":"Konsumpf - Forum f\u00fcr kreative Konsumkritik - Culture Jamming, Nachhaltigkeit, Konzernkritik, Adbusting","article_published_time":"2010-07-25T07:28:22+00:00","og_image":[{"url":"http:\/\/konsumpf.de\/wp-content\/uploads\/2010\/07\/sojavsforest.jpg","type":"","width":"","height":""}],"author":"Peter M.","twitter_card":"summary_large_image","twitter_misc":{"Verfasst von":"Peter M.","Gesch\u00e4tzte Lesezeit":"4\u00a0Minuten"},"schema":{"@context":"https:\/\/schema.org","@graph":[{"@type":"WebPage","@id":"https:\/\/konsumpf.de\/?p=8324","url":"https:\/\/konsumpf.de\/?p=8324","name":"Aktuelle Protestaktion: Deutsche Massentierhaltung bedroht S\u00fcdamerikas Regenwald - Konsumpf - Forum f\u00fcr kreative Konsumkritik - Culture Jamming, Nachhaltigkeit, Konzernkritik, Adbusting","isPartOf":{"@id":"https:\/\/konsumpf.de\/#website"},"primaryImageOfPage":{"@id":"https:\/\/konsumpf.de\/?p=8324#primaryimage"},"image":{"@id":"https:\/\/konsumpf.de\/?p=8324#primaryimage"},"thumbnailUrl":"http:\/\/konsumpf.de\/wp-content\/uploads\/2010\/07\/sojavsforest.jpg","datePublished":"2010-07-25T07:28:22+00:00","author":{"@id":"https:\/\/konsumpf.de\/#\/schema\/person\/e595a6d286b26994e7e0926d70699070"},"breadcrumb":{"@id":"https:\/\/konsumpf.de\/?p=8324#breadcrumb"},"inLanguage":"de","potentialAction":[{"@type":"ReadAction","target":["https:\/\/konsumpf.de\/?p=8324"]}]},{"@type":"ImageObject","inLanguage":"de","@id":"https:\/\/konsumpf.de\/?p=8324#primaryimage","url":"https:\/\/konsumpf.de\/wp-content\/uploads\/2010\/07\/sojavsforest.jpg","contentUrl":"https:\/\/konsumpf.de\/wp-content\/uploads\/2010\/07\/sojavsforest.jpg","width":"190","height":"130"},{"@type":"BreadcrumbList","@id":"https:\/\/konsumpf.de\/?p=8324#breadcrumb","itemListElement":[{"@type":"ListItem","position":1,"name":"Startseite","item":"https:\/\/konsumpf.de\/"},{"@type":"ListItem","position":2,"name":"Aktuelle Protestaktion: Deutsche Massentierhaltung bedroht S\u00fcdamerikas Regenwald"}]},{"@type":"WebSite","@id":"https:\/\/konsumpf.de\/#website","url":"https:\/\/konsumpf.de\/","name":"Konsumpf - Forum f\u00fcr kreative Konsumkritik - Culture Jamming, Nachhaltigkeit, Konzernkritik, Adbusting","description":"","potentialAction":[{"@type":"SearchAction","target":{"@type":"EntryPoint","urlTemplate":"https:\/\/konsumpf.de\/?s={search_term_string}"},"query-input":{"@type":"PropertyValueSpecification","valueRequired":true,"valueName":"search_term_string"}}],"inLanguage":"de"},{"@type":"Person","@id":"https:\/\/konsumpf.de\/#\/schema\/person\/e595a6d286b26994e7e0926d70699070","name":"Peter M.","sameAs":["http:\/\/konsumpf.de"]}]}},"_links":{"self":[{"href":"https:\/\/konsumpf.de\/index.php?rest_route=\/wp\/v2\/posts\/8324"}],"collection":[{"href":"https:\/\/konsumpf.de\/index.php?rest_route=\/wp\/v2\/posts"}],"about":[{"href":"https:\/\/konsumpf.de\/index.php?rest_route=\/wp\/v2\/types\/post"}],"author":[{"embeddable":true,"href":"https:\/\/konsumpf.de\/index.php?rest_route=\/wp\/v2\/users\/1"}],"replies":[{"embeddable":true,"href":"https:\/\/konsumpf.de\/index.php?rest_route=%2Fwp%2Fv2%2Fcomments&post=8324"}],"version-history":[{"count":4,"href":"https:\/\/konsumpf.de\/index.php?rest_route=\/wp\/v2\/posts\/8324\/revisions"}],"predecessor-version":[{"id":8329,"href":"https:\/\/konsumpf.de\/index.php?rest_route=\/wp\/v2\/posts\/8324\/revisions\/8329"}],"wp:attachment":[{"href":"https:\/\/konsumpf.de\/index.php?rest_route=%2Fwp%2Fv2%2Fmedia&parent=8324"}],"wp:term":[{"taxonomy":"category","embeddable":true,"href":"https:\/\/konsumpf.de\/index.php?rest_route=%2Fwp%2Fv2%2Fcategories&post=8324"},{"taxonomy":"post_tag","embeddable":true,"href":"https:\/\/konsumpf.de\/index.php?rest_route=%2Fwp%2Fv2%2Ftags&post=8324"}],"curies":[{"name":"wp","href":"https:\/\/api.w.org\/{rel}","templated":true}]}}