{"id":8101,"date":"2010-06-28T10:15:53","date_gmt":"2010-06-28T08:15:53","guid":{"rendered":"http:\/\/konsumpf.de\/?p=8101"},"modified":"2010-07-05T22:17:35","modified_gmt":"2010-07-05T20:17:35","slug":"in-was-fur-einer-gesellschaft-leben-wir-eigentlich-22","status":"publish","type":"post","link":"https:\/\/konsumpf.de\/?p=8101","title":{"rendered":"In was f\u00fcr einer Gesellschaft leben wir eigentlich? 2\/2"},"content":{"rendered":"<p><a href=\"http:\/\/konsumpf.de\/wp-content\/uploads\/2010\/06\/internetbrowser.jpg\"><img loading=\"lazy\" decoding=\"async\" class=\"alignright size-full wp-image-8106\" title=\"internetbrowser\" src=\"http:\/\/konsumpf.de\/wp-content\/uploads\/2010\/06\/internetbrowser.jpg\" alt=\"\" width=\"233\" height=\"171\" \/><\/a>Heute Teil 2 meiner Betrachtung aktueller gesellschaftlicher Entwicklung, die in den Medien nachgezeichnet wird. (<a href=\"http:\/\/konsumpf.de\/?p=8084\">HIER Teil 1<\/a>) Das im ersten Teil angesprochene Gef\u00fchl der zeitlichen Verdichtung und des permanenten  Informiertseinm\u00fcssens wird durch Web 2.0, durch Dienste wie Twitter,  Facebook &amp; Co. nat\u00fcrlich noch zus\u00e4tzlich befeuert \u2013 dies ist auch  Thema der Serie \u201e<a href=\"http:\/\/www.faz.net\/s\/RubCEB3712D41B64C3094E31BDC1446D18E\/Tpl~Ecommon~SThemenseite.html\"><strong>Digitales  Denken \u2013 wie ver\u00e4ndert uns das Internet?<\/strong><\/a>\u201c der FAZ. <strong>Geert  Lovink<\/strong> wirft in \u201e<a href=\"http:\/\/www.faz.net\/s\/RubCEB3712D41B64C3094E31BDC1446D18E\/Doc~EC79B7C9C1AD7422C9E37964D1F51D4BA~ATpl~Ecommon~Scontent.html\"><strong>Was  uns wirklich krank macht<\/strong><\/a>\u201c einen kritischen Blick auf die sog.  oder vermeintliche \u201eInformations\u00fcberflutung\u201c und den  Aufmerksamkeitsdruck:<\/p>\n<blockquote><p>[&#8230;] Flexibilit\u00e4t in der Netz\u00f6konomie hat zu einer  Fragmentierung der  Arbeit gef\u00fchrt, zu befristeter Zeitarbeit. Uns allen  ist diese  Fragmentierung der Arbeitszeit bekannt. \u201ePsychopathische  St\u00f6rungen\u201c,  schreibt Berardi, \u201etreten heutzutage immer klarer als  soziale Epidemie  auf, genauer als soziokommunikative Epidemie.Wer  \u00fcberleben will, muss konkurrenzf\u00e4hig sein, und wer  konkurrenzf\u00e4hig sein  will, muss vernetzt sein, eine riesige und st\u00e4ndig  wachsende Datenflut  aufnehmen und verarbeiten. Das f\u00fchrt zu permanentem   Aufmerksamkeitsstress, f\u00fcr Affektivit\u00e4t bleibt immer weniger Zeit.\u201c Um   fit zu bleiben, greifen die Leute zu Prozac, Viagra, Kokain, Ritalin und   anderen Drogen. Wenn wir diese Analyse auf das Internet \u00fcbertragen,   sehen wir die beiden Bewegungen \u2013 die Erweiterung der Speicherkapazit\u00e4t   und die Verdichtung von Zeit \u2013, die Computerarbeit so stressig machen.   Daraus resultiert das Chaos unserer Zeit. Chaos ist, wenn sich die Welt   so schnell dreht, dass wir nicht mehr hinterherkommen. [&#8230;]<\/p>\n<p>[&#8230;] Die \u00c4lteren, ob konservativ oder liberal, glauben an das  Prinzip der  freien Entscheidung, doch f\u00fcr die junge Generation X, im   \u201ekapitalistischen Realismus\u201c aufgewachsen, gilt das nicht mehr. Berardi:   \u201eNicht die Technologie ist das Problem. Damit m\u00fcssen wir leben.   Problematisch ist die Kombination von Informationsstress und Konkurrenz.   Im Marktwettbewerb m\u00fcssen wir stets die Ersten und Besten sein. Was   wirklich krank macht, ist nicht die Informations\u00fcberflutung, sondern der   neoliberale Druck mit seinen unm\u00f6glichen Arbeitsbedingungen.\u201c [&#8230;]<\/p><\/blockquote>\n<p>Zu diesem Gesellschaftsbild passen nat\u00fcrlich auch die <strong>Casting-Shows<\/strong>,  die bei vielen Menschen die Illusion erzeugen, man k\u00f6nne es auch  heutzutage noch vom Tellerw\u00e4scher zum Million\u00e4r schaffen \u2013 statt etwas  zu k\u00f6nnen, muss man eigentlich nur als medialer \u201eStar\u201c, als VIP Liebling  der Massen werden und hat dann seine paar Monate Ruhm. Daf\u00fcr lassen  sich Kandidaten dem\u00fctigen und vorf\u00fchren, und Millionen von  Fernsehzuschauern sehen sich dieses televison\u00e4re \u00c4quivalent zu Erbrochenem auch noch Woche f\u00fcr Woche an.  Kinder, die ihre Geburtstage bei McDoof feiern, werden nat\u00fcrlich schon  mal bestens geschmacklich vorformatiert, um solche Sendungen sp\u00e4ter im  jugendlichen und Erwachsenenalter dann als \u201egute Unterhaltung\u201c zu empfinden und f\u00fcr gesellschaftlich relevant zu halten.  Besonders \u00fcbel finde ich ja bekanntlich Germany\u2019s Next Topmodel, eine  kommerzdurchtr\u00e4nkte Prostitutionsshow, in der sich junge Frauen an die  Reklameindustrie verkaufen. <strong>Elisabeth Raether und Matthias Kalle <\/strong>beleuchten  in ihrem sehr guten und ungew\u00f6hnlich ausf\u00fchrlichen Artikel die  Schattenseiten des sch\u00f6nen Scheins und zeigen, wie verlogen und  undurchsichtig es in der Pro7- und Heidi-Klum-Plastikwelt zugeht \u2013 \u201e<a href=\"http:\/\/www.zeit.de\/2010\/26\/Medien-Castingshow-Topmodel?page=all\"><strong>Ware  Sch\u00f6nheit<\/strong><\/a>\u201c:<\/p>\n<blockquote><p>[&#8230;] Der Sender braucht sie f\u00fcr die Welt, die er sich  selbst geschaffen hat:  Es gibt die Shows wie       <em>Germany\u2019s next  Topmodel<\/em> , in  denen junge M\u00e4dchen bekannt gemacht werden, und es  gibt  Boulevardsendungen, in denen diese jungen M\u00e4dchen dann als  Prominente  auftauchen \u2013 prominent, weil der Sender es entschieden hat,  weil der  Sender f\u00fcr eine \u00d6ffentlichkeit sorgen kann, die seine eigenen  Produkte  feiert. Ein Kreislauf, eine sich selbst erf\u00fcllende  Prophezeiung. [&#8230;]<\/p>\n<p>[&#8230;] <em>Germany\u2019s next Topmodel<\/em> gibt vor, einen Traum erf\u00fcllen  zu  k\u00f6nnen, den Traum vom Topmodel. Aber keine, die ProSieben bisher zu   &#8220;Germany\u2019s next Topmodel&#8221; gek\u00fcrt hat, ist heute Topmodel. Die   Gewinnerinnen sind ProSieben-Gesichter, Markenbotschafterinnen des   Senders und der Show geworden. [&#8230;]<\/p>\n<p>[&#8230;] Das Fernsehen selbst suggeriert jungen Menschen st\u00e4ndig, sie  k\u00f6nnten  Protagonisten der Unterhaltungsbranche sein, wichtige Akteure  mit  Einfluss. Aber die Stars sind nicht die Teilnehmer, der Star ist  die  Show \u2013 jene Maschine, die den Kreislauf in Gang setzt, der gro\u00dfe  Motor  des sich selbst speisenden Prinzips. [&#8230;]<\/p><\/blockquote>\n<h3 class='related_post_title'>Verwandte Beitr\u00e4ge:<\/h3><ul class='related_post'><li><a href=\"http:\/\/konsumpf.de\/?p=12241\" title=\"Krankes System \u2013 Die Dauerdruck-Gesellschaft\">Krankes System \u2013 Die Dauerdruck-Gesellschaft<\/a><\/li><li><a href=\"http:\/\/konsumpf.de\/?p=12504\" title=\"Sch\u00f6n durch Photoshop?\">Sch\u00f6n durch Photoshop?<\/a><\/li><li><a href=\"http:\/\/konsumpf.de\/?p=11825\" title=\"Das L\u00fcgenfernsehen\">Das L\u00fcgenfernsehen<\/a><\/li><li><a href=\"http:\/\/konsumpf.de\/?p=9982\" title=\"Ausbeutung: Casting-Idole und ihre Wirkung\">Ausbeutung: Casting-Idole und ihre Wirkung<\/a><\/li><li><a href=\"http:\/\/konsumpf.de\/?p=7526\" title=\"Information overkill \u2013\u00a0wie ver\u00e4ndert das Internet unser Leben?\">Information overkill \u2013\u00a0wie ver\u00e4ndert das Internet unser Leben?<\/a><\/li><\/ul>","protected":false},"excerpt":{"rendered":"<p>Heute Teil 2 meiner Betrachtung aktueller gesellschaftlicher Entwicklung, die in den Medien nachgezeichnet wird. (HIER Teil 1) Das im ersten Teil angesprochene Gef\u00fchl der zeitlichen Verdichtung und des permanenten Informiertseinm\u00fcssens wird durch Web 2.0, durch Dienste wie Twitter, Facebook &amp; Co. nat\u00fcrlich noch zus\u00e4tzlich befeuert \u2013 dies ist auch Thema der Serie \u201eDigitales Denken \u2013 [&hellip;]<\/p>\n","protected":false},"author":1,"featured_media":0,"comment_status":"open","ping_status":"open","sticky":false,"template":"","format":"standard","meta":{"footnotes":""},"categories":[34,259,265,33],"tags":[1211,2864,2881,794,792,1489,2882,453],"yoast_head":"<!-- This site is optimized with the Yoast SEO plugin v24.4 - https:\/\/yoast.com\/wordpress\/plugins\/seo\/ -->\n<title>In was f\u00fcr einer Gesellschaft leben wir eigentlich? 2\/2 - Konsumpf - Forum f\u00fcr kreative Konsumkritik - Culture Jamming, Nachhaltigkeit, Konzernkritik, Adbusting<\/title>\n<meta name=\"robots\" content=\"index, follow, max-snippet:-1, max-image-preview:large, max-video-preview:-1\" \/>\n<link rel=\"canonical\" href=\"https:\/\/konsumpf.de\/?p=8101\" \/>\n<meta property=\"og:locale\" content=\"de_DE\" \/>\n<meta property=\"og:type\" content=\"article\" \/>\n<meta property=\"og:title\" content=\"In was f\u00fcr einer Gesellschaft leben wir eigentlich? 2\/2 - Konsumpf - Forum f\u00fcr kreative Konsumkritik - Culture Jamming, Nachhaltigkeit, Konzernkritik, Adbusting\" \/>\n<meta property=\"og:description\" content=\"Heute Teil 2 meiner Betrachtung aktueller gesellschaftlicher Entwicklung, die in den Medien nachgezeichnet wird. (HIER Teil 1) Das im ersten Teil angesprochene Gef\u00fchl der zeitlichen Verdichtung und des permanenten Informiertseinm\u00fcssens wird durch Web 2.0, durch Dienste wie Twitter, Facebook &amp; Co. nat\u00fcrlich noch zus\u00e4tzlich befeuert \u2013 dies ist auch Thema der Serie \u201eDigitales Denken \u2013 [&hellip;]\" \/>\n<meta property=\"og:url\" content=\"https:\/\/konsumpf.de\/?p=8101\" \/>\n<meta property=\"og:site_name\" content=\"Konsumpf - Forum f\u00fcr kreative Konsumkritik - Culture Jamming, Nachhaltigkeit, Konzernkritik, Adbusting\" \/>\n<meta property=\"article:published_time\" content=\"2010-06-28T08:15:53+00:00\" \/>\n<meta property=\"article:modified_time\" content=\"2010-07-05T20:17:35+00:00\" \/>\n<meta property=\"og:image\" content=\"http:\/\/konsumpf.de\/wp-content\/uploads\/2010\/06\/internetbrowser.jpg\" \/>\n<meta name=\"author\" content=\"Peter M.\" \/>\n<meta name=\"twitter:card\" content=\"summary_large_image\" \/>\n<meta name=\"twitter:label1\" content=\"Verfasst von\" \/>\n\t<meta name=\"twitter:data1\" content=\"Peter M.\" \/>\n\t<meta name=\"twitter:label2\" content=\"Gesch\u00e4tzte Lesezeit\" \/>\n\t<meta name=\"twitter:data2\" content=\"3\u00a0Minuten\" \/>\n<script type=\"application\/ld+json\" class=\"yoast-schema-graph\">{\"@context\":\"https:\/\/schema.org\",\"@graph\":[{\"@type\":\"WebPage\",\"@id\":\"https:\/\/konsumpf.de\/?p=8101\",\"url\":\"https:\/\/konsumpf.de\/?p=8101\",\"name\":\"In was f\u00fcr einer Gesellschaft leben wir eigentlich? 2\/2 - Konsumpf - Forum f\u00fcr kreative Konsumkritik - Culture Jamming, Nachhaltigkeit, Konzernkritik, Adbusting\",\"isPartOf\":{\"@id\":\"https:\/\/konsumpf.de\/#website\"},\"primaryImageOfPage\":{\"@id\":\"https:\/\/konsumpf.de\/?p=8101#primaryimage\"},\"image\":{\"@id\":\"https:\/\/konsumpf.de\/?p=8101#primaryimage\"},\"thumbnailUrl\":\"http:\/\/konsumpf.de\/wp-content\/uploads\/2010\/06\/internetbrowser.jpg\",\"datePublished\":\"2010-06-28T08:15:53+00:00\",\"dateModified\":\"2010-07-05T20:17:35+00:00\",\"author\":{\"@id\":\"https:\/\/konsumpf.de\/#\/schema\/person\/e595a6d286b26994e7e0926d70699070\"},\"breadcrumb\":{\"@id\":\"https:\/\/konsumpf.de\/?p=8101#breadcrumb\"},\"inLanguage\":\"de\",\"potentialAction\":[{\"@type\":\"ReadAction\",\"target\":[\"https:\/\/konsumpf.de\/?p=8101\"]}]},{\"@type\":\"ImageObject\",\"inLanguage\":\"de\",\"@id\":\"https:\/\/konsumpf.de\/?p=8101#primaryimage\",\"url\":\"https:\/\/konsumpf.de\/wp-content\/uploads\/2010\/06\/internetbrowser.jpg\",\"contentUrl\":\"https:\/\/konsumpf.de\/wp-content\/uploads\/2010\/06\/internetbrowser.jpg\",\"width\":\"300\",\"height\":\"221\"},{\"@type\":\"BreadcrumbList\",\"@id\":\"https:\/\/konsumpf.de\/?p=8101#breadcrumb\",\"itemListElement\":[{\"@type\":\"ListItem\",\"position\":1,\"name\":\"Startseite\",\"item\":\"https:\/\/konsumpf.de\/\"},{\"@type\":\"ListItem\",\"position\":2,\"name\":\"In was f\u00fcr einer Gesellschaft leben wir eigentlich? 2\/2\"}]},{\"@type\":\"WebSite\",\"@id\":\"https:\/\/konsumpf.de\/#website\",\"url\":\"https:\/\/konsumpf.de\/\",\"name\":\"Konsumpf - Forum f\u00fcr kreative Konsumkritik - Culture Jamming, Nachhaltigkeit, Konzernkritik, Adbusting\",\"description\":\"\",\"potentialAction\":[{\"@type\":\"SearchAction\",\"target\":{\"@type\":\"EntryPoint\",\"urlTemplate\":\"https:\/\/konsumpf.de\/?s={search_term_string}\"},\"query-input\":{\"@type\":\"PropertyValueSpecification\",\"valueRequired\":true,\"valueName\":\"search_term_string\"}}],\"inLanguage\":\"de\"},{\"@type\":\"Person\",\"@id\":\"https:\/\/konsumpf.de\/#\/schema\/person\/e595a6d286b26994e7e0926d70699070\",\"name\":\"Peter M.\",\"sameAs\":[\"http:\/\/konsumpf.de\"]}]}<\/script>\n<!-- \/ Yoast SEO plugin. -->","yoast_head_json":{"title":"In was f\u00fcr einer Gesellschaft leben wir eigentlich? 2\/2 - Konsumpf - Forum f\u00fcr kreative Konsumkritik - Culture Jamming, Nachhaltigkeit, Konzernkritik, Adbusting","robots":{"index":"index","follow":"follow","max-snippet":"max-snippet:-1","max-image-preview":"max-image-preview:large","max-video-preview":"max-video-preview:-1"},"canonical":"https:\/\/konsumpf.de\/?p=8101","og_locale":"de_DE","og_type":"article","og_title":"In was f\u00fcr einer Gesellschaft leben wir eigentlich? 2\/2 - Konsumpf - Forum f\u00fcr kreative Konsumkritik - Culture Jamming, Nachhaltigkeit, Konzernkritik, Adbusting","og_description":"Heute Teil 2 meiner Betrachtung aktueller gesellschaftlicher Entwicklung, die in den Medien nachgezeichnet wird. (HIER Teil 1) Das im ersten Teil angesprochene Gef\u00fchl der zeitlichen Verdichtung und des permanenten Informiertseinm\u00fcssens wird durch Web 2.0, durch Dienste wie Twitter, Facebook &amp; Co. nat\u00fcrlich noch zus\u00e4tzlich befeuert \u2013 dies ist auch Thema der Serie \u201eDigitales Denken \u2013 [&hellip;]","og_url":"https:\/\/konsumpf.de\/?p=8101","og_site_name":"Konsumpf - Forum f\u00fcr kreative Konsumkritik - Culture Jamming, Nachhaltigkeit, Konzernkritik, Adbusting","article_published_time":"2010-06-28T08:15:53+00:00","article_modified_time":"2010-07-05T20:17:35+00:00","og_image":[{"url":"http:\/\/konsumpf.de\/wp-content\/uploads\/2010\/06\/internetbrowser.jpg","type":"","width":"","height":""}],"author":"Peter M.","twitter_card":"summary_large_image","twitter_misc":{"Verfasst von":"Peter M.","Gesch\u00e4tzte Lesezeit":"3\u00a0Minuten"},"schema":{"@context":"https:\/\/schema.org","@graph":[{"@type":"WebPage","@id":"https:\/\/konsumpf.de\/?p=8101","url":"https:\/\/konsumpf.de\/?p=8101","name":"In was f\u00fcr einer Gesellschaft leben wir eigentlich? 2\/2 - Konsumpf - Forum f\u00fcr kreative Konsumkritik - Culture Jamming, Nachhaltigkeit, Konzernkritik, Adbusting","isPartOf":{"@id":"https:\/\/konsumpf.de\/#website"},"primaryImageOfPage":{"@id":"https:\/\/konsumpf.de\/?p=8101#primaryimage"},"image":{"@id":"https:\/\/konsumpf.de\/?p=8101#primaryimage"},"thumbnailUrl":"http:\/\/konsumpf.de\/wp-content\/uploads\/2010\/06\/internetbrowser.jpg","datePublished":"2010-06-28T08:15:53+00:00","dateModified":"2010-07-05T20:17:35+00:00","author":{"@id":"https:\/\/konsumpf.de\/#\/schema\/person\/e595a6d286b26994e7e0926d70699070"},"breadcrumb":{"@id":"https:\/\/konsumpf.de\/?p=8101#breadcrumb"},"inLanguage":"de","potentialAction":[{"@type":"ReadAction","target":["https:\/\/konsumpf.de\/?p=8101"]}]},{"@type":"ImageObject","inLanguage":"de","@id":"https:\/\/konsumpf.de\/?p=8101#primaryimage","url":"https:\/\/konsumpf.de\/wp-content\/uploads\/2010\/06\/internetbrowser.jpg","contentUrl":"https:\/\/konsumpf.de\/wp-content\/uploads\/2010\/06\/internetbrowser.jpg","width":"300","height":"221"},{"@type":"BreadcrumbList","@id":"https:\/\/konsumpf.de\/?p=8101#breadcrumb","itemListElement":[{"@type":"ListItem","position":1,"name":"Startseite","item":"https:\/\/konsumpf.de\/"},{"@type":"ListItem","position":2,"name":"In was f\u00fcr einer Gesellschaft leben wir eigentlich? 2\/2"}]},{"@type":"WebSite","@id":"https:\/\/konsumpf.de\/#website","url":"https:\/\/konsumpf.de\/","name":"Konsumpf - Forum f\u00fcr kreative Konsumkritik - Culture Jamming, Nachhaltigkeit, Konzernkritik, Adbusting","description":"","potentialAction":[{"@type":"SearchAction","target":{"@type":"EntryPoint","urlTemplate":"https:\/\/konsumpf.de\/?s={search_term_string}"},"query-input":{"@type":"PropertyValueSpecification","valueRequired":true,"valueName":"search_term_string"}}],"inLanguage":"de"},{"@type":"Person","@id":"https:\/\/konsumpf.de\/#\/schema\/person\/e595a6d286b26994e7e0926d70699070","name":"Peter M.","sameAs":["http:\/\/konsumpf.de"]}]}},"_links":{"self":[{"href":"https:\/\/konsumpf.de\/index.php?rest_route=\/wp\/v2\/posts\/8101"}],"collection":[{"href":"https:\/\/konsumpf.de\/index.php?rest_route=\/wp\/v2\/posts"}],"about":[{"href":"https:\/\/konsumpf.de\/index.php?rest_route=\/wp\/v2\/types\/post"}],"author":[{"embeddable":true,"href":"https:\/\/konsumpf.de\/index.php?rest_route=\/wp\/v2\/users\/1"}],"replies":[{"embeddable":true,"href":"https:\/\/konsumpf.de\/index.php?rest_route=%2Fwp%2Fv2%2Fcomments&post=8101"}],"version-history":[{"count":9,"href":"https:\/\/konsumpf.de\/index.php?rest_route=\/wp\/v2\/posts\/8101\/revisions"}],"predecessor-version":[{"id":8170,"href":"https:\/\/konsumpf.de\/index.php?rest_route=\/wp\/v2\/posts\/8101\/revisions\/8170"}],"wp:attachment":[{"href":"https:\/\/konsumpf.de\/index.php?rest_route=%2Fwp%2Fv2%2Fmedia&parent=8101"}],"wp:term":[{"taxonomy":"category","embeddable":true,"href":"https:\/\/konsumpf.de\/index.php?rest_route=%2Fwp%2Fv2%2Fcategories&post=8101"},{"taxonomy":"post_tag","embeddable":true,"href":"https:\/\/konsumpf.de\/index.php?rest_route=%2Fwp%2Fv2%2Ftags&post=8101"}],"curies":[{"name":"wp","href":"https:\/\/api.w.org\/{rel}","templated":true}]}}