{"id":8044,"date":"2010-06-23T10:09:35","date_gmt":"2010-06-23T08:09:35","guid":{"rendered":"http:\/\/konsumpf.de\/?p=8044"},"modified":"2010-07-05T22:18:36","modified_gmt":"2010-07-05T20:18:36","slug":"%e2%80%9eauf-in-die-post-kollapsgesellschaft%e2%80%9c","status":"publish","type":"post","link":"https:\/\/konsumpf.de\/?p=8044","title":{"rendered":"\u201eAuf in die Post-Kollapsgesellschaft\u201c und Ankommen im Ausstieg"},"content":{"rendered":"<p>Immer wieder wende ich in meinem Blog ja den Blick auch einmal weg von den aktuellen Problemfeldern und schlimmen Firmen und hin zu m\u00f6glichen (theoretischen wie praktischen) Alternativen unseres jetzigen konsumistischen Lebensstils. Gl\u00fccklicherweise machen sich mehr und mehr kluge K\u00f6pfen Gedanken darum, wie ein Weg aus dem momentanen Dilemma, dem augenscheinlichen Gegen-die-Wand-Fahren des Systems, das \u201eunsere\u201c politischen und wirtschaftlichen Eliten in kurzsichtiger Einfalt mit aller Macht vorantreiben, aussehen k\u00f6nnte. (Siehe z.B. die Artikel von <a href=\"http:\/\/konsumpf.de\/?p=1644\">Herman Daly<\/a> oder <a href=\"http:\/\/www.zeit.de\/2009\/22\/DOS-Wachstum\">Wolfgang Uchatius<\/a>.) <strong>Reto Stauss<\/strong> machte mich nun in seinem Beitrag \u201e<a href=\"http:\/\/nachhaltigbeobachtet.ch\/blog\/archive\/2010\/06\/08\/auf-in-die-post-kollaps-gesellschaft.html?utm_source=feedburner&amp;utm_medium=feed&amp;utm_campaign=Feed%3A+nachhaltigBeobachtet+%28nachhaltigBeobachtet%29\"><strong>Auf in die Post-Kollapsgesellschaft<\/strong><\/a>\u201c in seinem nachhaltigBeobachtet-Blog auf einen weiteren spannenden Text zu dieser Thematik aufmerksam \u2013 Johannes Heimrath befasst sich in der neuen Ausgabe der Zeitschrift <strong>Oya<\/strong> (\u201e<a href=\"http:\/\/www.oya-online.de\/home\/index.html\">Aussteigen, um einzusteigen<\/a>\u201c) um die Entwicklung einer starken Vision \u201ef\u00fcr die Zeit danach\u201c. Also nachdem unser selbstzerst\u00f6rerisches System durch etwas zukunftstr\u00e4chtigeres ersetzt wurde. Den Artikel gibt es auf der Website des Magazins als kostenloses pdf.<\/p>\n<blockquote><p>Egal, was wir tun \u2013 der Weg in eine nachhaltige Welt wird durch ein Tal  der Tr\u00e4nen f\u00fchren. Statt unsere Kr\u00e4fte nur darauf zu konzentrieren, den  Kollaps aufhalten zu wollen, sollten wir uns mit aller Kraft auf die  Welt vorbereiten, in der wir dann leben werden.<\/p><\/blockquote>\n<p>Hochinteressant ist, wie Reto anmerkt, auch die Grafik, die diesen Artikel begleitet (anklicken, um sie in gro\u00df zu sehen):<\/p>\n<blockquote><p>[&#8230;] Er stellt sich auf den Standpunkt, dass der Fall tief und hart sein wird  und _muss_. Ansonsten werden wir weiterhin am Bestehenden,  Nicht-Reparierbaren rumflicken, anstatt Nicht-Funktionierendes  wegzuwerfen. Allerdings h\u00e4lt er die Wahrscheinlichkeit f\u00fcr klein, dass  nach einem solchen Kollaps &#8220;die Millionen kulturkreativer engagierter  Menschen weltweit ihre Vision der Post-Kollaps-Gesellschaft realisieren  k\u00f6nnen&#8221;. [&#8230;]<\/p><\/blockquote>\n<p><a href=\"http:\/\/konsumpf.de\/wp-content\/uploads\/2010\/06\/Auf_in_die_Post-Kollaps-Gesellschaft.jpg\"><img loading=\"lazy\" decoding=\"async\" class=\"aligncenter size-full wp-image-8053\" title=\"Auf_in_die_Post-Kollaps-Gesellschaft\" src=\"http:\/\/konsumpf.de\/wp-content\/uploads\/2010\/06\/Auf_in_die_Post-Kollaps-Gesellschaft.jpg\" alt=\"\" width=\"500\" height=\"300\" srcset=\"https:\/\/konsumpf.de\/wp-content\/uploads\/2010\/06\/Auf_in_die_Post-Kollaps-Gesellschaft.jpg 1300w, https:\/\/konsumpf.de\/wp-content\/uploads\/2010\/06\/Auf_in_die_Post-Kollaps-Gesellschaft-300x180.jpg 300w, https:\/\/konsumpf.de\/wp-content\/uploads\/2010\/06\/Auf_in_die_Post-Kollaps-Gesellschaft-1024x615.jpg 1024w\" sizes=\"(max-width: 500px) 100vw, 500px\" \/><\/a>Die neue Oya-Ausgabe wartet nat\u00fcrlich noch mit weiteren lesenswerten Texten auf, wie beispielsweise Dieter Halbachs \u201e<strong>Ankommen im Ausstieg: Ein Reisef\u00fchrer ins &#8216;richtigere&#8217; Leben<\/strong>\u201c (<a href=\"http:\/\/www.oya-online.de\/media\/downloads\/Oya2_Halbach-Dieter.pdf\">pdf<\/a>):<\/p>\n<blockquote><p>Wie gehen wir am besten mit der uns eigenen Angst vor Ver\u00e4nderung um?  Lassen sich Furcht und Krise zum Positiven nutzen? Und: Gibt es nicht  doch ein \u00bbrichtigeres Leben im falschen\u00ab? Au\u00dferdem Teil des Artikels:  eine \u00dcbersicht mit Adressen, die beim Aus- und Umstieg n\u00fctzlich sind.<\/p><\/blockquote>\n<h3 class='related_post_title'>Verwandte Beitr\u00e4ge:<\/h3><ul class='related_post'><li><a href=\"http:\/\/konsumpf.de\/?p=13874\" title=\"Lesetipps: Angst macht b\u00f6se | Verlierer der deutschen Krise | Geplante Obsoleszenz | Der Barbar als Kulturheld\">Lesetipps: Angst macht b\u00f6se | Verlierer der deutschen Krise | Geplante Obsoleszenz | Der Barbar als Kulturheld<\/a><\/li><li><a href=\"http:\/\/konsumpf.de\/?p=13382\" title=\"Lesetipps: Krise und Wahn | 147 Konzerne kontrollieren die Wirtschaft | Fundamentalisten | \u00d6ko\">Lesetipps: Krise und Wahn | 147 Konzerne kontrollieren die Wirtschaft | Fundamentalisten | \u00d6ko<\/a><\/li><li><a href=\"http:\/\/konsumpf.de\/?p=13109\" title=\"Surftipp: Alternative Realit\u00e4t\">Surftipp: Alternative Realit\u00e4t<\/a><\/li><li><a href=\"http:\/\/konsumpf.de\/?p=12996\" title=\"Buchtipp: Die stille Revolution\">Buchtipp: Die stille Revolution<\/a><\/li><li><a href=\"http:\/\/konsumpf.de\/?p=11446\" title=\"Affenm\u00e4rchen \u2013 Arbeit frei von Lack &#038; Leder\">Affenm\u00e4rchen \u2013 Arbeit frei von Lack &#038; Leder<\/a><\/li><\/ul>","protected":false},"excerpt":{"rendered":"<p>Immer wieder wende ich in meinem Blog ja den Blick auch einmal weg von den aktuellen Problemfeldern und schlimmen Firmen und hin zu m\u00f6glichen (theoretischen wie praktischen) Alternativen unseres jetzigen konsumistischen Lebensstils. Gl\u00fccklicherweise machen sich mehr und mehr kluge K\u00f6pfen Gedanken darum, wie ein Weg aus dem momentanen Dilemma, dem augenscheinlichen Gegen-die-Wand-Fahren des Systems, das [&hellip;]<\/p>\n","protected":false},"author":1,"featured_media":0,"comment_status":"open","ping_status":"open","sticky":false,"template":"","format":"standard","meta":{"footnotes":""},"categories":[311,259,37,12,54,78],"tags":[662,2881,1275,1480,1479,2872,181],"yoast_head":"<!-- This site is optimized with the Yoast SEO plugin v24.4 - https:\/\/yoast.com\/wordpress\/plugins\/seo\/ -->\n<title>\u201eAuf in die Post-Kollapsgesellschaft\u201c und Ankommen im Ausstieg - Konsumpf - Forum f\u00fcr kreative Konsumkritik - Culture Jamming, Nachhaltigkeit, Konzernkritik, Adbusting<\/title>\n<meta name=\"robots\" content=\"index, follow, max-snippet:-1, max-image-preview:large, max-video-preview:-1\" \/>\n<link rel=\"canonical\" href=\"https:\/\/konsumpf.de\/?p=8044\" \/>\n<meta property=\"og:locale\" content=\"de_DE\" \/>\n<meta property=\"og:type\" content=\"article\" \/>\n<meta property=\"og:title\" content=\"\u201eAuf in die Post-Kollapsgesellschaft\u201c und Ankommen im Ausstieg - Konsumpf - Forum f\u00fcr kreative Konsumkritik - Culture Jamming, Nachhaltigkeit, Konzernkritik, Adbusting\" \/>\n<meta property=\"og:description\" content=\"Immer wieder wende ich in meinem Blog ja den Blick auch einmal weg von den aktuellen Problemfeldern und schlimmen Firmen und hin zu m\u00f6glichen (theoretischen wie praktischen) Alternativen unseres jetzigen konsumistischen Lebensstils. Gl\u00fccklicherweise machen sich mehr und mehr kluge K\u00f6pfen Gedanken darum, wie ein Weg aus dem momentanen Dilemma, dem augenscheinlichen Gegen-die-Wand-Fahren des Systems, das [&hellip;]\" \/>\n<meta property=\"og:url\" content=\"https:\/\/konsumpf.de\/?p=8044\" \/>\n<meta property=\"og:site_name\" content=\"Konsumpf - Forum f\u00fcr kreative Konsumkritik - Culture Jamming, Nachhaltigkeit, Konzernkritik, Adbusting\" \/>\n<meta property=\"article:published_time\" content=\"2010-06-23T08:09:35+00:00\" \/>\n<meta property=\"article:modified_time\" content=\"2010-07-05T20:18:36+00:00\" \/>\n<meta property=\"og:image\" content=\"http:\/\/konsumpf.de\/wp-content\/uploads\/2010\/06\/Auf_in_die_Post-Kollaps-Gesellschaft.jpg\" \/>\n<meta name=\"author\" content=\"Peter M.\" \/>\n<meta name=\"twitter:card\" content=\"summary_large_image\" \/>\n<meta name=\"twitter:label1\" content=\"Verfasst von\" \/>\n\t<meta name=\"twitter:data1\" content=\"Peter M.\" \/>\n\t<meta name=\"twitter:label2\" content=\"Gesch\u00e4tzte Lesezeit\" \/>\n\t<meta name=\"twitter:data2\" content=\"2\u00a0Minuten\" \/>\n<script type=\"application\/ld+json\" class=\"yoast-schema-graph\">{\"@context\":\"https:\/\/schema.org\",\"@graph\":[{\"@type\":\"WebPage\",\"@id\":\"https:\/\/konsumpf.de\/?p=8044\",\"url\":\"https:\/\/konsumpf.de\/?p=8044\",\"name\":\"\u201eAuf in die Post-Kollapsgesellschaft\u201c und Ankommen im Ausstieg - Konsumpf - Forum f\u00fcr kreative Konsumkritik - Culture Jamming, Nachhaltigkeit, Konzernkritik, Adbusting\",\"isPartOf\":{\"@id\":\"https:\/\/konsumpf.de\/#website\"},\"primaryImageOfPage\":{\"@id\":\"https:\/\/konsumpf.de\/?p=8044#primaryimage\"},\"image\":{\"@id\":\"https:\/\/konsumpf.de\/?p=8044#primaryimage\"},\"thumbnailUrl\":\"http:\/\/konsumpf.de\/wp-content\/uploads\/2010\/06\/Auf_in_die_Post-Kollaps-Gesellschaft.jpg\",\"datePublished\":\"2010-06-23T08:09:35+00:00\",\"dateModified\":\"2010-07-05T20:18:36+00:00\",\"author\":{\"@id\":\"https:\/\/konsumpf.de\/#\/schema\/person\/e595a6d286b26994e7e0926d70699070\"},\"breadcrumb\":{\"@id\":\"https:\/\/konsumpf.de\/?p=8044#breadcrumb\"},\"inLanguage\":\"de\",\"potentialAction\":[{\"@type\":\"ReadAction\",\"target\":[\"https:\/\/konsumpf.de\/?p=8044\"]}]},{\"@type\":\"ImageObject\",\"inLanguage\":\"de\",\"@id\":\"https:\/\/konsumpf.de\/?p=8044#primaryimage\",\"url\":\"https:\/\/konsumpf.de\/wp-content\/uploads\/2010\/06\/Auf_in_die_Post-Kollaps-Gesellschaft.jpg\",\"contentUrl\":\"https:\/\/konsumpf.de\/wp-content\/uploads\/2010\/06\/Auf_in_die_Post-Kollaps-Gesellschaft.jpg\",\"width\":\"1300\",\"height\":\"782\"},{\"@type\":\"BreadcrumbList\",\"@id\":\"https:\/\/konsumpf.de\/?p=8044#breadcrumb\",\"itemListElement\":[{\"@type\":\"ListItem\",\"position\":1,\"name\":\"Startseite\",\"item\":\"https:\/\/konsumpf.de\/\"},{\"@type\":\"ListItem\",\"position\":2,\"name\":\"\u201eAuf in die Post-Kollapsgesellschaft\u201c und Ankommen im Ausstieg\"}]},{\"@type\":\"WebSite\",\"@id\":\"https:\/\/konsumpf.de\/#website\",\"url\":\"https:\/\/konsumpf.de\/\",\"name\":\"Konsumpf - Forum f\u00fcr kreative Konsumkritik - Culture Jamming, Nachhaltigkeit, Konzernkritik, Adbusting\",\"description\":\"\",\"potentialAction\":[{\"@type\":\"SearchAction\",\"target\":{\"@type\":\"EntryPoint\",\"urlTemplate\":\"https:\/\/konsumpf.de\/?s={search_term_string}\"},\"query-input\":{\"@type\":\"PropertyValueSpecification\",\"valueRequired\":true,\"valueName\":\"search_term_string\"}}],\"inLanguage\":\"de\"},{\"@type\":\"Person\",\"@id\":\"https:\/\/konsumpf.de\/#\/schema\/person\/e595a6d286b26994e7e0926d70699070\",\"name\":\"Peter M.\",\"sameAs\":[\"http:\/\/konsumpf.de\"]}]}<\/script>\n<!-- \/ Yoast SEO plugin. -->","yoast_head_json":{"title":"\u201eAuf in die Post-Kollapsgesellschaft\u201c und Ankommen im Ausstieg - Konsumpf - Forum f\u00fcr kreative Konsumkritik - Culture Jamming, Nachhaltigkeit, Konzernkritik, Adbusting","robots":{"index":"index","follow":"follow","max-snippet":"max-snippet:-1","max-image-preview":"max-image-preview:large","max-video-preview":"max-video-preview:-1"},"canonical":"https:\/\/konsumpf.de\/?p=8044","og_locale":"de_DE","og_type":"article","og_title":"\u201eAuf in die Post-Kollapsgesellschaft\u201c und Ankommen im Ausstieg - Konsumpf - Forum f\u00fcr kreative Konsumkritik - Culture Jamming, Nachhaltigkeit, Konzernkritik, Adbusting","og_description":"Immer wieder wende ich in meinem Blog ja den Blick auch einmal weg von den aktuellen Problemfeldern und schlimmen Firmen und hin zu m\u00f6glichen (theoretischen wie praktischen) Alternativen unseres jetzigen konsumistischen Lebensstils. Gl\u00fccklicherweise machen sich mehr und mehr kluge K\u00f6pfen Gedanken darum, wie ein Weg aus dem momentanen Dilemma, dem augenscheinlichen Gegen-die-Wand-Fahren des Systems, das [&hellip;]","og_url":"https:\/\/konsumpf.de\/?p=8044","og_site_name":"Konsumpf - Forum f\u00fcr kreative Konsumkritik - Culture Jamming, Nachhaltigkeit, Konzernkritik, Adbusting","article_published_time":"2010-06-23T08:09:35+00:00","article_modified_time":"2010-07-05T20:18:36+00:00","og_image":[{"url":"http:\/\/konsumpf.de\/wp-content\/uploads\/2010\/06\/Auf_in_die_Post-Kollaps-Gesellschaft.jpg","type":"","width":"","height":""}],"author":"Peter M.","twitter_card":"summary_large_image","twitter_misc":{"Verfasst von":"Peter M.","Gesch\u00e4tzte Lesezeit":"2\u00a0Minuten"},"schema":{"@context":"https:\/\/schema.org","@graph":[{"@type":"WebPage","@id":"https:\/\/konsumpf.de\/?p=8044","url":"https:\/\/konsumpf.de\/?p=8044","name":"\u201eAuf in die Post-Kollapsgesellschaft\u201c und Ankommen im Ausstieg - Konsumpf - Forum f\u00fcr kreative Konsumkritik - Culture Jamming, Nachhaltigkeit, Konzernkritik, Adbusting","isPartOf":{"@id":"https:\/\/konsumpf.de\/#website"},"primaryImageOfPage":{"@id":"https:\/\/konsumpf.de\/?p=8044#primaryimage"},"image":{"@id":"https:\/\/konsumpf.de\/?p=8044#primaryimage"},"thumbnailUrl":"http:\/\/konsumpf.de\/wp-content\/uploads\/2010\/06\/Auf_in_die_Post-Kollaps-Gesellschaft.jpg","datePublished":"2010-06-23T08:09:35+00:00","dateModified":"2010-07-05T20:18:36+00:00","author":{"@id":"https:\/\/konsumpf.de\/#\/schema\/person\/e595a6d286b26994e7e0926d70699070"},"breadcrumb":{"@id":"https:\/\/konsumpf.de\/?p=8044#breadcrumb"},"inLanguage":"de","potentialAction":[{"@type":"ReadAction","target":["https:\/\/konsumpf.de\/?p=8044"]}]},{"@type":"ImageObject","inLanguage":"de","@id":"https:\/\/konsumpf.de\/?p=8044#primaryimage","url":"https:\/\/konsumpf.de\/wp-content\/uploads\/2010\/06\/Auf_in_die_Post-Kollaps-Gesellschaft.jpg","contentUrl":"https:\/\/konsumpf.de\/wp-content\/uploads\/2010\/06\/Auf_in_die_Post-Kollaps-Gesellschaft.jpg","width":"1300","height":"782"},{"@type":"BreadcrumbList","@id":"https:\/\/konsumpf.de\/?p=8044#breadcrumb","itemListElement":[{"@type":"ListItem","position":1,"name":"Startseite","item":"https:\/\/konsumpf.de\/"},{"@type":"ListItem","position":2,"name":"\u201eAuf in die Post-Kollapsgesellschaft\u201c und Ankommen im Ausstieg"}]},{"@type":"WebSite","@id":"https:\/\/konsumpf.de\/#website","url":"https:\/\/konsumpf.de\/","name":"Konsumpf - Forum f\u00fcr kreative Konsumkritik - Culture Jamming, Nachhaltigkeit, Konzernkritik, Adbusting","description":"","potentialAction":[{"@type":"SearchAction","target":{"@type":"EntryPoint","urlTemplate":"https:\/\/konsumpf.de\/?s={search_term_string}"},"query-input":{"@type":"PropertyValueSpecification","valueRequired":true,"valueName":"search_term_string"}}],"inLanguage":"de"},{"@type":"Person","@id":"https:\/\/konsumpf.de\/#\/schema\/person\/e595a6d286b26994e7e0926d70699070","name":"Peter M.","sameAs":["http:\/\/konsumpf.de"]}]}},"_links":{"self":[{"href":"https:\/\/konsumpf.de\/index.php?rest_route=\/wp\/v2\/posts\/8044"}],"collection":[{"href":"https:\/\/konsumpf.de\/index.php?rest_route=\/wp\/v2\/posts"}],"about":[{"href":"https:\/\/konsumpf.de\/index.php?rest_route=\/wp\/v2\/types\/post"}],"author":[{"embeddable":true,"href":"https:\/\/konsumpf.de\/index.php?rest_route=\/wp\/v2\/users\/1"}],"replies":[{"embeddable":true,"href":"https:\/\/konsumpf.de\/index.php?rest_route=%2Fwp%2Fv2%2Fcomments&post=8044"}],"version-history":[{"count":12,"href":"https:\/\/konsumpf.de\/index.php?rest_route=\/wp\/v2\/posts\/8044\/revisions"}],"predecessor-version":[{"id":8174,"href":"https:\/\/konsumpf.de\/index.php?rest_route=\/wp\/v2\/posts\/8044\/revisions\/8174"}],"wp:attachment":[{"href":"https:\/\/konsumpf.de\/index.php?rest_route=%2Fwp%2Fv2%2Fmedia&parent=8044"}],"wp:term":[{"taxonomy":"category","embeddable":true,"href":"https:\/\/konsumpf.de\/index.php?rest_route=%2Fwp%2Fv2%2Fcategories&post=8044"},{"taxonomy":"post_tag","embeddable":true,"href":"https:\/\/konsumpf.de\/index.php?rest_route=%2Fwp%2Fv2%2Ftags&post=8044"}],"curies":[{"name":"wp","href":"https:\/\/api.w.org\/{rel}","templated":true}]}}