{"id":7987,"date":"2010-06-15T09:59:14","date_gmt":"2010-06-15T08:59:14","guid":{"rendered":"http:\/\/konsumpf.de\/?p=7987"},"modified":"2010-12-04T16:45:08","modified_gmt":"2010-12-04T15:45:08","slug":"lesetipps-%e2%80%9estumme-werbetafeln-%e2%80%93-botschaft-des-totalen-versagens%e2%80%9c","status":"publish","type":"post","link":"https:\/\/konsumpf.de\/?p=7987","title":{"rendered":"Lesetipps: \u201eStumme Werbetafeln \u2013 Botschaft des totalen Versagens\u201c \/ Adidas verst\u00f6\u00dft gegen eigene Standards \/ \u201eAlles gut einge\u00f6lt!\u201c"},"content":{"rendered":"<p><a href=\"http:\/\/konsumpf.de\/wp-content\/uploads\/2010\/06\/billboardtwelve.jpg\"><img loading=\"lazy\" decoding=\"async\" class=\"alignright size-medium wp-image-7997\" title=\"billboardtwelve\" src=\"http:\/\/konsumpf.de\/wp-content\/uploads\/2010\/06\/billboardtwelve-300x236.jpg\" alt=\"\" width=\"190\" height=\"150\" srcset=\"https:\/\/konsumpf.de\/wp-content\/uploads\/2010\/06\/billboardtwelve-300x236.jpg 300w, https:\/\/konsumpf.de\/wp-content\/uploads\/2010\/06\/billboardtwelve-1024x807.jpg 1024w, https:\/\/konsumpf.de\/wp-content\/uploads\/2010\/06\/billboardtwelve.jpg 1063w\" sizes=\"(max-width: 190px) 100vw, 190px\" \/><\/a>Auch die <strong>S\u00fcddeutsche Zeitung<\/strong> widmete sich neulich mal den Thema Au\u00dfenwerbung\/Reklamew\u00e4nde \u2013 eine Thematik, die ich hier im Blog bereits einige Male angesprochen habe und die vor allem in den USA f\u00fcr rege Diskussionen sorgt und dort auch aktiven Widerstand hervorruft. Denn der Wildwuchs durch Reklamefl\u00e4chen, das \u00dcberhandnehmen von Werbebotschaften in den Stadtbildern der Vereinigten Staaten und auch an Schnellstra\u00dfen (wobei die Gef\u00e4hrdung der Verkehrsteilnehmer durch die Werbetreibenden billigend in Kauf genommen wird) hat dort erschreckende Ausma\u00dfe angenommen \u2013 und konnte erst einmal nur durch die Wirtschaftskrise gebremst werden. \u201e<a href=\"http:\/\/www.sueddeutsche.de\/kultur\/stumme-werbetafeln-botschaft-des-totalen-versagens-1.955874\"><strong>Stumme Werbetafeln \u2013 Botschaft des totalen Versagens<\/strong><\/a>\u201c titelt die SZ und wirft die berechtigte Frage auf:<\/p>\n<blockquote><p>[&#8230;] ob die Menschen nicht das Recht auf einen freien Blick haben, wenn sie  auf einem Highway unterwegs sind, den sie ja letztlich mit ihren Steuern  bezahlt haben? Sind Werbetafeln nicht letztlich eine Form der  Umweltverschmutzung, die man verbieten sollte, wie man es im Bundesstaat  Vermont schon vor 42 Jahren getan hat?<\/p>\n<p>Im Lichte der gegenw\u00e4rtigen Wirtschaftskrise kann man sie allerdings  auch als Metaphern f\u00fcr einen Aufruf verstehen, eben kein Geld mehr  auszugeben. Das w\u00e4re ein radikaler Bruch mit den Grundlagen der  amerikanischen Gesellschaft. In den USA betragen die Verbraucherausgaben  70 Prozent des Bruttosozialprodukts. Auch wenn das Gesundheitswesen  einen gro\u00dfen Teil dieses Werts ausmachen, so zeigt das, dass die  Wirtschaft nicht nur stagnieren w\u00fcrde, wenn die B\u00fcrger aufh\u00f6ren w\u00fcrden,  Unmengen zu konsumieren. [&#8230;]<\/p><\/blockquote>\n<p>Einige sch\u00f6ne Bilder angenehm leerer, dem Geist wieder Raum gebender Plakatw\u00e4nde in Brooklyn begleiten den Artikel.<\/p>\n<p>Zwei weitere interessante Artikel, die mir in den letzten Tagen aufgefallen sind und die gut in meinen Blog passen, stammen aus der <strong>taz<\/strong>. Die besch\u00e4ftigt sich in einer 12seitigen Sonderbeilage mit dem lieben \u00d6l: \u201e<a href=\"http:\/\/www.taz.de\/1\/archiv\/archiv\/?dig=2010\/06\/10\/a0155\"><strong>Alle gut einge\u00f6lt! Die t\u00e4gliche \u00d6lkatastrophe ist unsere Abh\u00e4ngigkeit von diesem Stoff. K\u00f6nnen wir davon lassen?<\/strong><\/a>\u201c:<\/p>\n<blockquote><p>[&#8230;] Dabei ging es uns nicht darum, das offensichtliche Versagen der Verantwortlichen zu beschreiben und zu kritisieren. Das haben wir getan und werden es weiter tun. Doch allein mit dem Finger auf andere zu zeigen, reicht nicht. Die \u00d6lpest im Golf von Mexiko ist nur ein weiterer Kollateralschaden, den unsere vom \u00d6l abh\u00e4ngige Wirtschaft in Kauf nimmt. [&#8230;]<\/p>\n<p>[&#8230;] Wir sind als Konsumenten Teil dieses Wirtschaftssystems. Wir h\u00e4ngen am \u00d6l, egal ob wir mit dem Auto, dem Bus oder &#8211; gesch\u00fctzt von Mikrofasern und Plastikhelm &#8211; Fahrrad fahren. Und damit das weitergehen kann, muss das \u00d6l aus immer tieferen Schichten herausgeholt werden &#8211; mit entsprechendem Risiko. So gesehen ist dieses Loch im Golf auch unser Loch, und wir sind nicht nur Opfer, sondern Teil einer jeden \u00d6lpest.<\/p>\n<p>Geht es auch anders? Es wird gehen m\u00fcssen, denn schon jetzt ist \u00d6l, global gerechnet, zu knapp und teuer, um weiterhin diese zentrale Rolle spielen zu k\u00f6nnen. [&#8230;]<\/p><\/blockquote>\n<p>Im zweiten taz-Text, den ich hier empfehlen m\u00f6chte, geht es, passend zur WM, um Adidas und die j\u00fcngst bekannt gewordenen Vorf\u00e4lle hinsichtlich der Arbeitsbedingungen bei Zulieferern des Konzerns \u2013 \u201e<a href=\"http:\/\/www.taz.de\/1\/zukunft\/konsum\/artikel\/1\/adidas-verstoesst-gegen-eigene-standards\/\"><strong>Adidas verst\u00f6\u00dft gegen eigene Standards<\/strong><\/a>\u201c. Letztlich zeigt der Beitrag, dass Firmen, selbst wenn sie sich durchaus (in kleinem Rahmen) um fairere Verh\u00e4ltnisse bem\u00fchen, doch im Zuge dieser profitmaximierenden Globalisierung mitsamt ihrem immensen Kostendruck auf dem R\u00fccken der Menschen prosperieren k\u00f6nnen. Wer seine ganzen Arbeitspl\u00e4tze dorthin auslagert, wo man besonders billig und ohne st\u00f6rende Sozialstandardsproduzieren kann, hat bereits damit die T\u00fcr aufgesto\u00dfen zu solchen Bedingungen, wie sie in dem Artikel beschrieben werden.<\/p>\n<blockquote><p>Wie fair  produziert der WM-Ausr\u00fcster Adidas? ArbeiterInnen eines Zulieferers in  S\u00fcdchina sagen, sie leisteten viel mehr \u00dcberstunden als der Konzern  eigentlich zulassen m\u00f6chte. [&#8230;]<\/p>\n<p>Zus\u00e4tzlich  zum Mindestlohn w\u00fcrden die ArbeiterInnen Akkordzuschl\u00e4ge und  \u00dcberstundenbezahlung erhalten. \u201eDie Mindestbedarfe der Besch\u00e4ftigten in  China sind durch den Lohn abgedeckt\u201c, sagte Frank Henke, oberster  adidas-Manager f\u00fcr soziale und \u00f6kologische Fragen. Mehr Lohn k\u00f6nne man  den ArbeiterInnen in den Zulieferfirmen nicht zahlen, weil adidas seinen  \u201eAktion\u00e4ren gegen\u00fcber verpflichtet\u201c sei, \u201eeine Wertsch\u00f6pfung zu  erzielen\u201c. [&#8230;]<\/p><\/blockquote>\n<h3 class='related_post_title'>Verwandte Beitr\u00e4ge:<\/h3><ul class='related_post'><li><a href=\"http:\/\/konsumpf.de\/?p=13566\" title=\"Schleimiger Esprit\">Schleimiger Esprit<\/a><\/li><li><a href=\"http:\/\/konsumpf.de\/?p=7898\" title=\"Lesetipps: Die dunkle Seite des iPads, \u201efreedrom from porn\u201c und eine neue Flagge f\u00fcr BP\">Lesetipps: Die dunkle Seite des iPads, \u201efreedrom from porn\u201c und eine neue Flagge f\u00fcr BP<\/a><\/li><li><a href=\"http:\/\/konsumpf.de\/?p=15307\" title=\"Reklame an Schule \u2013 Markenindoktrination schon bei den Kleinen\">Reklame an Schule \u2013 Markenindoktrination schon bei den Kleinen<\/a><\/li><li><a href=\"http:\/\/konsumpf.de\/?p=15190\" title=\"Gastbeitrag: Werbung wirkt immer weniger\">Gastbeitrag: Werbung wirkt immer weniger<\/a><\/li><li><a href=\"http:\/\/konsumpf.de\/?p=14961\" title=\"Neue Perversionen der Reklameindustrie: das sprechende Fenster\">Neue Perversionen der Reklameindustrie: das sprechende Fenster<\/a><\/li><\/ul>","protected":false},"excerpt":{"rendered":"<p>Auch die S\u00fcddeutsche Zeitung widmete sich neulich mal den Thema Au\u00dfenwerbung\/Reklamew\u00e4nde \u2013 eine Thematik, die ich hier im Blog bereits einige Male angesprochen habe und die vor allem in den USA f\u00fcr rege Diskussionen sorgt und dort auch aktiven Widerstand hervorruft. Denn der Wildwuchs durch Reklamefl\u00e4chen, das \u00dcberhandnehmen von Werbebotschaften in den Stadtbildern der Vereinigten [&hellip;]<\/p>\n","protected":false},"author":1,"featured_media":0,"comment_status":"open","ping_status":"open","sticky":false,"template":"","format":"standard","meta":{"footnotes":""},"categories":[37,16,20,50,78],"tags":[1460,603,2865,2867,1384,750,1472,19],"yoast_head":"<!-- This site is optimized with the Yoast SEO plugin v24.4 - https:\/\/yoast.com\/wordpress\/plugins\/seo\/ -->\n<title>Lesetipps: \u201eStumme Werbetafeln \u2013 Botschaft des totalen Versagens\u201c \/ Adidas verst\u00f6\u00dft gegen eigene Standards \/ \u201eAlles gut einge\u00f6lt!\u201c - Konsumpf - Forum f\u00fcr kreative Konsumkritik - Culture Jamming, Nachhaltigkeit, Konzernkritik, Adbusting<\/title>\n<meta name=\"robots\" content=\"index, follow, max-snippet:-1, max-image-preview:large, max-video-preview:-1\" \/>\n<link rel=\"canonical\" href=\"https:\/\/konsumpf.de\/?p=7987\" \/>\n<meta property=\"og:locale\" content=\"de_DE\" \/>\n<meta property=\"og:type\" content=\"article\" \/>\n<meta property=\"og:title\" content=\"Lesetipps: \u201eStumme Werbetafeln \u2013 Botschaft des totalen Versagens\u201c \/ Adidas verst\u00f6\u00dft gegen eigene Standards \/ \u201eAlles gut einge\u00f6lt!\u201c - Konsumpf - Forum f\u00fcr kreative Konsumkritik - Culture Jamming, Nachhaltigkeit, Konzernkritik, Adbusting\" \/>\n<meta property=\"og:description\" content=\"Auch die S\u00fcddeutsche Zeitung widmete sich neulich mal den Thema Au\u00dfenwerbung\/Reklamew\u00e4nde \u2013 eine Thematik, die ich hier im Blog bereits einige Male angesprochen habe und die vor allem in den USA f\u00fcr rege Diskussionen sorgt und dort auch aktiven Widerstand hervorruft. Denn der Wildwuchs durch Reklamefl\u00e4chen, das \u00dcberhandnehmen von Werbebotschaften in den Stadtbildern der Vereinigten [&hellip;]\" \/>\n<meta property=\"og:url\" content=\"https:\/\/konsumpf.de\/?p=7987\" \/>\n<meta property=\"og:site_name\" content=\"Konsumpf - Forum f\u00fcr kreative Konsumkritik - Culture Jamming, Nachhaltigkeit, Konzernkritik, Adbusting\" \/>\n<meta property=\"article:published_time\" content=\"2010-06-15T08:59:14+00:00\" \/>\n<meta property=\"article:modified_time\" content=\"2010-12-04T15:45:08+00:00\" \/>\n<meta property=\"og:image\" content=\"http:\/\/konsumpf.de\/wp-content\/uploads\/2010\/06\/billboardtwelve-300x236.jpg\" \/>\n<meta name=\"author\" content=\"Peter M.\" \/>\n<meta name=\"twitter:card\" content=\"summary_large_image\" \/>\n<meta name=\"twitter:label1\" content=\"Verfasst von\" \/>\n\t<meta name=\"twitter:data1\" content=\"Peter M.\" \/>\n\t<meta name=\"twitter:label2\" content=\"Gesch\u00e4tzte Lesezeit\" \/>\n\t<meta name=\"twitter:data2\" content=\"3\u00a0Minuten\" \/>\n<script type=\"application\/ld+json\" class=\"yoast-schema-graph\">{\"@context\":\"https:\/\/schema.org\",\"@graph\":[{\"@type\":\"WebPage\",\"@id\":\"https:\/\/konsumpf.de\/?p=7987\",\"url\":\"https:\/\/konsumpf.de\/?p=7987\",\"name\":\"Lesetipps: \u201eStumme Werbetafeln \u2013 Botschaft des totalen Versagens\u201c \/ Adidas verst\u00f6\u00dft gegen eigene Standards \/ \u201eAlles gut einge\u00f6lt!\u201c - Konsumpf - Forum f\u00fcr kreative Konsumkritik - Culture Jamming, Nachhaltigkeit, Konzernkritik, Adbusting\",\"isPartOf\":{\"@id\":\"https:\/\/konsumpf.de\/#website\"},\"primaryImageOfPage\":{\"@id\":\"https:\/\/konsumpf.de\/?p=7987#primaryimage\"},\"image\":{\"@id\":\"https:\/\/konsumpf.de\/?p=7987#primaryimage\"},\"thumbnailUrl\":\"http:\/\/konsumpf.de\/wp-content\/uploads\/2010\/06\/billboardtwelve-300x236.jpg\",\"datePublished\":\"2010-06-15T08:59:14+00:00\",\"dateModified\":\"2010-12-04T15:45:08+00:00\",\"author\":{\"@id\":\"https:\/\/konsumpf.de\/#\/schema\/person\/e595a6d286b26994e7e0926d70699070\"},\"breadcrumb\":{\"@id\":\"https:\/\/konsumpf.de\/?p=7987#breadcrumb\"},\"inLanguage\":\"de\",\"potentialAction\":[{\"@type\":\"ReadAction\",\"target\":[\"https:\/\/konsumpf.de\/?p=7987\"]}]},{\"@type\":\"ImageObject\",\"inLanguage\":\"de\",\"@id\":\"https:\/\/konsumpf.de\/?p=7987#primaryimage\",\"url\":\"https:\/\/konsumpf.de\/wp-content\/uploads\/2010\/06\/billboardtwelve.jpg\",\"contentUrl\":\"https:\/\/konsumpf.de\/wp-content\/uploads\/2010\/06\/billboardtwelve.jpg\",\"width\":\"1063\",\"height\":\"838\"},{\"@type\":\"BreadcrumbList\",\"@id\":\"https:\/\/konsumpf.de\/?p=7987#breadcrumb\",\"itemListElement\":[{\"@type\":\"ListItem\",\"position\":1,\"name\":\"Startseite\",\"item\":\"https:\/\/konsumpf.de\/\"},{\"@type\":\"ListItem\",\"position\":2,\"name\":\"Lesetipps: \u201eStumme Werbetafeln \u2013 Botschaft des totalen Versagens\u201c \/ Adidas verst\u00f6\u00dft gegen eigene Standards \/ \u201eAlles gut einge\u00f6lt!\u201c\"}]},{\"@type\":\"WebSite\",\"@id\":\"https:\/\/konsumpf.de\/#website\",\"url\":\"https:\/\/konsumpf.de\/\",\"name\":\"Konsumpf - Forum f\u00fcr kreative Konsumkritik - Culture Jamming, Nachhaltigkeit, Konzernkritik, Adbusting\",\"description\":\"\",\"potentialAction\":[{\"@type\":\"SearchAction\",\"target\":{\"@type\":\"EntryPoint\",\"urlTemplate\":\"https:\/\/konsumpf.de\/?s={search_term_string}\"},\"query-input\":{\"@type\":\"PropertyValueSpecification\",\"valueRequired\":true,\"valueName\":\"search_term_string\"}}],\"inLanguage\":\"de\"},{\"@type\":\"Person\",\"@id\":\"https:\/\/konsumpf.de\/#\/schema\/person\/e595a6d286b26994e7e0926d70699070\",\"name\":\"Peter M.\",\"sameAs\":[\"http:\/\/konsumpf.de\"]}]}<\/script>\n<!-- \/ Yoast SEO plugin. -->","yoast_head_json":{"title":"Lesetipps: \u201eStumme Werbetafeln \u2013 Botschaft des totalen Versagens\u201c \/ Adidas verst\u00f6\u00dft gegen eigene Standards \/ \u201eAlles gut einge\u00f6lt!\u201c - Konsumpf - Forum f\u00fcr kreative Konsumkritik - Culture Jamming, Nachhaltigkeit, Konzernkritik, Adbusting","robots":{"index":"index","follow":"follow","max-snippet":"max-snippet:-1","max-image-preview":"max-image-preview:large","max-video-preview":"max-video-preview:-1"},"canonical":"https:\/\/konsumpf.de\/?p=7987","og_locale":"de_DE","og_type":"article","og_title":"Lesetipps: \u201eStumme Werbetafeln \u2013 Botschaft des totalen Versagens\u201c \/ Adidas verst\u00f6\u00dft gegen eigene Standards \/ \u201eAlles gut einge\u00f6lt!\u201c - Konsumpf - Forum f\u00fcr kreative Konsumkritik - Culture Jamming, Nachhaltigkeit, Konzernkritik, Adbusting","og_description":"Auch die S\u00fcddeutsche Zeitung widmete sich neulich mal den Thema Au\u00dfenwerbung\/Reklamew\u00e4nde \u2013 eine Thematik, die ich hier im Blog bereits einige Male angesprochen habe und die vor allem in den USA f\u00fcr rege Diskussionen sorgt und dort auch aktiven Widerstand hervorruft. Denn der Wildwuchs durch Reklamefl\u00e4chen, das \u00dcberhandnehmen von Werbebotschaften in den Stadtbildern der Vereinigten [&hellip;]","og_url":"https:\/\/konsumpf.de\/?p=7987","og_site_name":"Konsumpf - Forum f\u00fcr kreative Konsumkritik - Culture Jamming, Nachhaltigkeit, Konzernkritik, Adbusting","article_published_time":"2010-06-15T08:59:14+00:00","article_modified_time":"2010-12-04T15:45:08+00:00","og_image":[{"url":"http:\/\/konsumpf.de\/wp-content\/uploads\/2010\/06\/billboardtwelve-300x236.jpg","type":"","width":"","height":""}],"author":"Peter M.","twitter_card":"summary_large_image","twitter_misc":{"Verfasst von":"Peter M.","Gesch\u00e4tzte Lesezeit":"3\u00a0Minuten"},"schema":{"@context":"https:\/\/schema.org","@graph":[{"@type":"WebPage","@id":"https:\/\/konsumpf.de\/?p=7987","url":"https:\/\/konsumpf.de\/?p=7987","name":"Lesetipps: \u201eStumme Werbetafeln \u2013 Botschaft des totalen Versagens\u201c \/ Adidas verst\u00f6\u00dft gegen eigene Standards \/ \u201eAlles gut einge\u00f6lt!\u201c - Konsumpf - Forum f\u00fcr kreative Konsumkritik - Culture Jamming, Nachhaltigkeit, Konzernkritik, Adbusting","isPartOf":{"@id":"https:\/\/konsumpf.de\/#website"},"primaryImageOfPage":{"@id":"https:\/\/konsumpf.de\/?p=7987#primaryimage"},"image":{"@id":"https:\/\/konsumpf.de\/?p=7987#primaryimage"},"thumbnailUrl":"http:\/\/konsumpf.de\/wp-content\/uploads\/2010\/06\/billboardtwelve-300x236.jpg","datePublished":"2010-06-15T08:59:14+00:00","dateModified":"2010-12-04T15:45:08+00:00","author":{"@id":"https:\/\/konsumpf.de\/#\/schema\/person\/e595a6d286b26994e7e0926d70699070"},"breadcrumb":{"@id":"https:\/\/konsumpf.de\/?p=7987#breadcrumb"},"inLanguage":"de","potentialAction":[{"@type":"ReadAction","target":["https:\/\/konsumpf.de\/?p=7987"]}]},{"@type":"ImageObject","inLanguage":"de","@id":"https:\/\/konsumpf.de\/?p=7987#primaryimage","url":"https:\/\/konsumpf.de\/wp-content\/uploads\/2010\/06\/billboardtwelve.jpg","contentUrl":"https:\/\/konsumpf.de\/wp-content\/uploads\/2010\/06\/billboardtwelve.jpg","width":"1063","height":"838"},{"@type":"BreadcrumbList","@id":"https:\/\/konsumpf.de\/?p=7987#breadcrumb","itemListElement":[{"@type":"ListItem","position":1,"name":"Startseite","item":"https:\/\/konsumpf.de\/"},{"@type":"ListItem","position":2,"name":"Lesetipps: \u201eStumme Werbetafeln \u2013 Botschaft des totalen Versagens\u201c \/ Adidas verst\u00f6\u00dft gegen eigene Standards \/ \u201eAlles gut einge\u00f6lt!\u201c"}]},{"@type":"WebSite","@id":"https:\/\/konsumpf.de\/#website","url":"https:\/\/konsumpf.de\/","name":"Konsumpf - Forum f\u00fcr kreative Konsumkritik - Culture Jamming, Nachhaltigkeit, Konzernkritik, Adbusting","description":"","potentialAction":[{"@type":"SearchAction","target":{"@type":"EntryPoint","urlTemplate":"https:\/\/konsumpf.de\/?s={search_term_string}"},"query-input":{"@type":"PropertyValueSpecification","valueRequired":true,"valueName":"search_term_string"}}],"inLanguage":"de"},{"@type":"Person","@id":"https:\/\/konsumpf.de\/#\/schema\/person\/e595a6d286b26994e7e0926d70699070","name":"Peter M.","sameAs":["http:\/\/konsumpf.de"]}]}},"_links":{"self":[{"href":"https:\/\/konsumpf.de\/index.php?rest_route=\/wp\/v2\/posts\/7987"}],"collection":[{"href":"https:\/\/konsumpf.de\/index.php?rest_route=\/wp\/v2\/posts"}],"about":[{"href":"https:\/\/konsumpf.de\/index.php?rest_route=\/wp\/v2\/types\/post"}],"author":[{"embeddable":true,"href":"https:\/\/konsumpf.de\/index.php?rest_route=\/wp\/v2\/users\/1"}],"replies":[{"embeddable":true,"href":"https:\/\/konsumpf.de\/index.php?rest_route=%2Fwp%2Fv2%2Fcomments&post=7987"}],"version-history":[{"count":8,"href":"https:\/\/konsumpf.de\/index.php?rest_route=\/wp\/v2\/posts\/7987\/revisions"}],"predecessor-version":[{"id":10191,"href":"https:\/\/konsumpf.de\/index.php?rest_route=\/wp\/v2\/posts\/7987\/revisions\/10191"}],"wp:attachment":[{"href":"https:\/\/konsumpf.de\/index.php?rest_route=%2Fwp%2Fv2%2Fmedia&parent=7987"}],"wp:term":[{"taxonomy":"category","embeddable":true,"href":"https:\/\/konsumpf.de\/index.php?rest_route=%2Fwp%2Fv2%2Fcategories&post=7987"},{"taxonomy":"post_tag","embeddable":true,"href":"https:\/\/konsumpf.de\/index.php?rest_route=%2Fwp%2Fv2%2Ftags&post=7987"}],"curies":[{"name":"wp","href":"https:\/\/api.w.org\/{rel}","templated":true}]}}