{"id":7767,"date":"2010-05-25T09:43:33","date_gmt":"2010-05-25T07:43:33","guid":{"rendered":"http:\/\/konsumpf.de\/?p=7767"},"modified":"2010-11-27T18:35:06","modified_gmt":"2010-11-27T17:35:06","slug":"wachstum-wachstum-uber-alles","status":"publish","type":"post","link":"https:\/\/konsumpf.de\/?p=7767","title":{"rendered":"Wachstum, Wachstum \u00fcber alles"},"content":{"rendered":"<p>Den Wachstumswahn, der ja leider immer noch ungebrochen bei Politikern und Wirtschaftsleuten grassiert, habe ich in meinem Blog bereits mehrfach angesprochen und kritisch be\u00e4ugt. Eine Politik, die ein \u201eWachstumsbeschleunigungsgesetz\u201c auf den Weg bringt (und nebenbei gleichzeitig anderen L\u00e4ndern vorwirft, \u201e\u00fcber ihre Verh\u00e4ltnisse\u201c zu leben), f\u00fcr die Arbeitsplatzerhaltung \u00fcber alles geht und nur \u00fcber ewiges Wirtschaftswachstum erreichbar scheint (statt \u00fcber eine generelle \u00c4nderung des Wirtschaftens), hat nichts begriffen und steuert stramm auf die n\u00e4chste Katastrophe zu. Immerhin mehren sich mittlerweile doch die Stimmen, die das Wachstumsdogma in Frage stellen \u2013 so berichtete das Fernsehmagazin <strong>Monitor<\/strong> Anfang des Jahres \u00fcber Experten und Wissenschaftler, die ein diesbez\u00fcgliches Umdenken anregen wollen. [Gefunden bei <a href=\"http:\/\/www.sprusko.blogspot.com\/\"><strong>Sprusko<\/strong><\/a>, dessen Blog immer einen Besuch wert ist!]<\/p>\n<p><object width=\"500\" height=\"300\"><param name=\"movie\" value=\"http:\/\/www.youtube.com\/v\/MzKCdYk_pDI?fs=1&amp;hl=de_DE\"><\/param><param name=\"allowFullScreen\" value=\"true\"><\/param><param name=\"allowscriptaccess\" value=\"always\"><\/param><embed src=\"http:\/\/www.youtube.com\/v\/MzKCdYk_pDI?fs=1&amp;hl=de_DE\" type=\"application\/x-shockwave-flash\" allowscriptaccess=\"always\" allowfullscreen=\"true\" width=\"500\" height=\"300\"><\/embed><\/object><\/p>\n<p>(Man kann zu YouTube, als Teil des Google-Imperiums, ja stehen wie man will, aber es ist schon ungemein praktisch, da sonst viele interessante Beitr\u00e4ge, die es im TV hin und wieder tats\u00e4chlich mal gibt, komplett untergingen und in Vergessenheit gerieten.)<\/p>\n<h3 class='related_post_title'>Verwandte Beitr\u00e4ge:<\/h3><ul class='related_post'><li><a href=\"http:\/\/konsumpf.de\/?p=15112\" title=\"Fernsehtipp: Weniger ist mehr \u2013 Die Grenzen des Wachstums und das bessere Leben\">Fernsehtipp: Weniger ist mehr \u2013 Die Grenzen des Wachstums und das bessere Leben<\/a><\/li><li><a href=\"http:\/\/konsumpf.de\/?p=11710\" title=\"Postwachstums\u00f6konomie und die NachDenkSeiten\">Postwachstums\u00f6konomie und die NachDenkSeiten<\/a><\/li><li><a href=\"http:\/\/konsumpf.de\/?p=10281\" title=\"Das Wirtschaftswachstum ist uns heilig\">Das Wirtschaftswachstum ist uns heilig<\/a><\/li><li><a href=\"http:\/\/konsumpf.de\/?p=9462\" title=\"Surftipps: Postwachstumsgesellschaft \u2013 Transformation statt Wachstum\">Surftipps: Postwachstumsgesellschaft \u2013 Transformation statt Wachstum<\/a><\/li><li><a href=\"http:\/\/konsumpf.de\/?p=8870\" title=\"Lesetipps: \u201eDie Diktatur des Lebenslaufs\u201c \/ \u201eWelch hoffnungsloses Menschenbild!\u201c \/ Feuchte Luft und Hundekot k\u00f6nnen Strom liefern\">Lesetipps: \u201eDie Diktatur des Lebenslaufs\u201c \/ \u201eWelch hoffnungsloses Menschenbild!\u201c \/ Feuchte Luft und Hundekot k\u00f6nnen Strom liefern<\/a><\/li><\/ul>","protected":false},"excerpt":{"rendered":"<p>Den Wachstumswahn, der ja leider immer noch ungebrochen bei Politikern und Wirtschaftsleuten grassiert, habe ich in meinem Blog bereits mehrfach angesprochen und kritisch be\u00e4ugt. Eine Politik, die ein \u201eWachstumsbeschleunigungsgesetz\u201c auf den Weg bringt (und nebenbei gleichzeitig anderen L\u00e4ndern vorwirft, \u201e\u00fcber ihre Verh\u00e4ltnisse\u201c zu leben), f\u00fcr die Arbeitsplatzerhaltung \u00fcber alles geht und nur \u00fcber ewiges Wirtschaftswachstum [&hellip;]<\/p>\n","protected":false},"author":1,"featured_media":0,"comment_status":"open","ping_status":"open","sticky":false,"template":"","format":"standard","meta":{"footnotes":""},"categories":[259,12,54,78],"tags":[1427,381,79,98,97],"yoast_head":"<!-- This site is optimized with the Yoast SEO plugin v24.4 - https:\/\/yoast.com\/wordpress\/plugins\/seo\/ -->\n<title>Wachstum, Wachstum \u00fcber alles - Konsumpf - Forum f\u00fcr kreative Konsumkritik - Culture Jamming, Nachhaltigkeit, Konzernkritik, Adbusting<\/title>\n<meta name=\"robots\" content=\"index, follow, max-snippet:-1, max-image-preview:large, max-video-preview:-1\" \/>\n<link rel=\"canonical\" href=\"https:\/\/konsumpf.de\/?p=7767\" \/>\n<meta property=\"og:locale\" content=\"de_DE\" \/>\n<meta property=\"og:type\" content=\"article\" \/>\n<meta property=\"og:title\" content=\"Wachstum, Wachstum \u00fcber alles - Konsumpf - Forum f\u00fcr kreative Konsumkritik - Culture Jamming, Nachhaltigkeit, Konzernkritik, Adbusting\" \/>\n<meta property=\"og:description\" content=\"Den Wachstumswahn, der ja leider immer noch ungebrochen bei Politikern und Wirtschaftsleuten grassiert, habe ich in meinem Blog bereits mehrfach angesprochen und kritisch be\u00e4ugt. Eine Politik, die ein \u201eWachstumsbeschleunigungsgesetz\u201c auf den Weg bringt (und nebenbei gleichzeitig anderen L\u00e4ndern vorwirft, \u201e\u00fcber ihre Verh\u00e4ltnisse\u201c zu leben), f\u00fcr die Arbeitsplatzerhaltung \u00fcber alles geht und nur \u00fcber ewiges Wirtschaftswachstum [&hellip;]\" \/>\n<meta property=\"og:url\" content=\"https:\/\/konsumpf.de\/?p=7767\" \/>\n<meta property=\"og:site_name\" content=\"Konsumpf - Forum f\u00fcr kreative Konsumkritik - Culture Jamming, Nachhaltigkeit, Konzernkritik, Adbusting\" \/>\n<meta property=\"article:published_time\" content=\"2010-05-25T07:43:33+00:00\" \/>\n<meta property=\"article:modified_time\" content=\"2010-11-27T17:35:06+00:00\" \/>\n<meta name=\"author\" content=\"Peter M.\" \/>\n<meta name=\"twitter:card\" content=\"summary_large_image\" \/>\n<meta name=\"twitter:label1\" content=\"Verfasst von\" \/>\n\t<meta name=\"twitter:data1\" content=\"Peter M.\" \/>\n\t<meta name=\"twitter:label2\" content=\"Gesch\u00e4tzte Lesezeit\" \/>\n\t<meta name=\"twitter:data2\" content=\"1\u00a0Minute\" \/>\n<script type=\"application\/ld+json\" class=\"yoast-schema-graph\">{\"@context\":\"https:\/\/schema.org\",\"@graph\":[{\"@type\":\"WebPage\",\"@id\":\"https:\/\/konsumpf.de\/?p=7767\",\"url\":\"https:\/\/konsumpf.de\/?p=7767\",\"name\":\"Wachstum, Wachstum \u00fcber alles - Konsumpf - Forum f\u00fcr kreative Konsumkritik - Culture Jamming, Nachhaltigkeit, Konzernkritik, Adbusting\",\"isPartOf\":{\"@id\":\"https:\/\/konsumpf.de\/#website\"},\"datePublished\":\"2010-05-25T07:43:33+00:00\",\"dateModified\":\"2010-11-27T17:35:06+00:00\",\"author\":{\"@id\":\"https:\/\/konsumpf.de\/#\/schema\/person\/e595a6d286b26994e7e0926d70699070\"},\"breadcrumb\":{\"@id\":\"https:\/\/konsumpf.de\/?p=7767#breadcrumb\"},\"inLanguage\":\"de\",\"potentialAction\":[{\"@type\":\"ReadAction\",\"target\":[\"https:\/\/konsumpf.de\/?p=7767\"]}]},{\"@type\":\"BreadcrumbList\",\"@id\":\"https:\/\/konsumpf.de\/?p=7767#breadcrumb\",\"itemListElement\":[{\"@type\":\"ListItem\",\"position\":1,\"name\":\"Startseite\",\"item\":\"https:\/\/konsumpf.de\/\"},{\"@type\":\"ListItem\",\"position\":2,\"name\":\"Wachstum, Wachstum \u00fcber alles\"}]},{\"@type\":\"WebSite\",\"@id\":\"https:\/\/konsumpf.de\/#website\",\"url\":\"https:\/\/konsumpf.de\/\",\"name\":\"Konsumpf - Forum f\u00fcr kreative Konsumkritik - Culture Jamming, Nachhaltigkeit, Konzernkritik, Adbusting\",\"description\":\"\",\"potentialAction\":[{\"@type\":\"SearchAction\",\"target\":{\"@type\":\"EntryPoint\",\"urlTemplate\":\"https:\/\/konsumpf.de\/?s={search_term_string}\"},\"query-input\":{\"@type\":\"PropertyValueSpecification\",\"valueRequired\":true,\"valueName\":\"search_term_string\"}}],\"inLanguage\":\"de\"},{\"@type\":\"Person\",\"@id\":\"https:\/\/konsumpf.de\/#\/schema\/person\/e595a6d286b26994e7e0926d70699070\",\"name\":\"Peter M.\",\"sameAs\":[\"http:\/\/konsumpf.de\"]}]}<\/script>\n<!-- \/ Yoast SEO plugin. -->","yoast_head_json":{"title":"Wachstum, Wachstum \u00fcber alles - Konsumpf - Forum f\u00fcr kreative Konsumkritik - Culture Jamming, Nachhaltigkeit, Konzernkritik, Adbusting","robots":{"index":"index","follow":"follow","max-snippet":"max-snippet:-1","max-image-preview":"max-image-preview:large","max-video-preview":"max-video-preview:-1"},"canonical":"https:\/\/konsumpf.de\/?p=7767","og_locale":"de_DE","og_type":"article","og_title":"Wachstum, Wachstum \u00fcber alles - Konsumpf - Forum f\u00fcr kreative Konsumkritik - Culture Jamming, Nachhaltigkeit, Konzernkritik, Adbusting","og_description":"Den Wachstumswahn, der ja leider immer noch ungebrochen bei Politikern und Wirtschaftsleuten grassiert, habe ich in meinem Blog bereits mehrfach angesprochen und kritisch be\u00e4ugt. Eine Politik, die ein \u201eWachstumsbeschleunigungsgesetz\u201c auf den Weg bringt (und nebenbei gleichzeitig anderen L\u00e4ndern vorwirft, \u201e\u00fcber ihre Verh\u00e4ltnisse\u201c zu leben), f\u00fcr die Arbeitsplatzerhaltung \u00fcber alles geht und nur \u00fcber ewiges Wirtschaftswachstum [&hellip;]","og_url":"https:\/\/konsumpf.de\/?p=7767","og_site_name":"Konsumpf - Forum f\u00fcr kreative Konsumkritik - Culture Jamming, Nachhaltigkeit, Konzernkritik, Adbusting","article_published_time":"2010-05-25T07:43:33+00:00","article_modified_time":"2010-11-27T17:35:06+00:00","author":"Peter M.","twitter_card":"summary_large_image","twitter_misc":{"Verfasst von":"Peter M.","Gesch\u00e4tzte Lesezeit":"1\u00a0Minute"},"schema":{"@context":"https:\/\/schema.org","@graph":[{"@type":"WebPage","@id":"https:\/\/konsumpf.de\/?p=7767","url":"https:\/\/konsumpf.de\/?p=7767","name":"Wachstum, Wachstum \u00fcber alles - Konsumpf - Forum f\u00fcr kreative Konsumkritik - Culture Jamming, Nachhaltigkeit, Konzernkritik, Adbusting","isPartOf":{"@id":"https:\/\/konsumpf.de\/#website"},"datePublished":"2010-05-25T07:43:33+00:00","dateModified":"2010-11-27T17:35:06+00:00","author":{"@id":"https:\/\/konsumpf.de\/#\/schema\/person\/e595a6d286b26994e7e0926d70699070"},"breadcrumb":{"@id":"https:\/\/konsumpf.de\/?p=7767#breadcrumb"},"inLanguage":"de","potentialAction":[{"@type":"ReadAction","target":["https:\/\/konsumpf.de\/?p=7767"]}]},{"@type":"BreadcrumbList","@id":"https:\/\/konsumpf.de\/?p=7767#breadcrumb","itemListElement":[{"@type":"ListItem","position":1,"name":"Startseite","item":"https:\/\/konsumpf.de\/"},{"@type":"ListItem","position":2,"name":"Wachstum, Wachstum \u00fcber alles"}]},{"@type":"WebSite","@id":"https:\/\/konsumpf.de\/#website","url":"https:\/\/konsumpf.de\/","name":"Konsumpf - Forum f\u00fcr kreative Konsumkritik - Culture Jamming, Nachhaltigkeit, Konzernkritik, Adbusting","description":"","potentialAction":[{"@type":"SearchAction","target":{"@type":"EntryPoint","urlTemplate":"https:\/\/konsumpf.de\/?s={search_term_string}"},"query-input":{"@type":"PropertyValueSpecification","valueRequired":true,"valueName":"search_term_string"}}],"inLanguage":"de"},{"@type":"Person","@id":"https:\/\/konsumpf.de\/#\/schema\/person\/e595a6d286b26994e7e0926d70699070","name":"Peter M.","sameAs":["http:\/\/konsumpf.de"]}]}},"_links":{"self":[{"href":"https:\/\/konsumpf.de\/index.php?rest_route=\/wp\/v2\/posts\/7767"}],"collection":[{"href":"https:\/\/konsumpf.de\/index.php?rest_route=\/wp\/v2\/posts"}],"about":[{"href":"https:\/\/konsumpf.de\/index.php?rest_route=\/wp\/v2\/types\/post"}],"author":[{"embeddable":true,"href":"https:\/\/konsumpf.de\/index.php?rest_route=\/wp\/v2\/users\/1"}],"replies":[{"embeddable":true,"href":"https:\/\/konsumpf.de\/index.php?rest_route=%2Fwp%2Fv2%2Fcomments&post=7767"}],"version-history":[{"count":6,"href":"https:\/\/konsumpf.de\/index.php?rest_route=\/wp\/v2\/posts\/7767\/revisions"}],"predecessor-version":[{"id":10085,"href":"https:\/\/konsumpf.de\/index.php?rest_route=\/wp\/v2\/posts\/7767\/revisions\/10085"}],"wp:attachment":[{"href":"https:\/\/konsumpf.de\/index.php?rest_route=%2Fwp%2Fv2%2Fmedia&parent=7767"}],"wp:term":[{"taxonomy":"category","embeddable":true,"href":"https:\/\/konsumpf.de\/index.php?rest_route=%2Fwp%2Fv2%2Fcategories&post=7767"},{"taxonomy":"post_tag","embeddable":true,"href":"https:\/\/konsumpf.de\/index.php?rest_route=%2Fwp%2Fv2%2Ftags&post=7767"}],"curies":[{"name":"wp","href":"https:\/\/api.w.org\/{rel}","templated":true}]}}