{"id":7693,"date":"2010-05-17T10:00:09","date_gmt":"2010-05-17T08:00:09","guid":{"rendered":"http:\/\/konsumpf.de\/?p=7693"},"modified":"2010-11-27T18:45:19","modified_gmt":"2010-11-27T17:45:19","slug":"bp-%e2%80%93-der-grune-lack-ist-ab","status":"publish","type":"post","link":"https:\/\/konsumpf.de\/?p=7693","title":{"rendered":"BP \u2013 der gr\u00fcne Lack ist ab"},"content":{"rendered":"<p>Reklame ist ja so eine Sache, vor allem, wenn kaum noch ein konkretes Produkt, sondern nur noch ein Firmen- oder Markenimage medial aufgebaut werden soll \u2013 nicht selten eines, das mit der Realit\u00e4t der Unternehmenspolitik wenig zu tun hat oder diesem sogar kontr\u00e4r entgegengesetzt ist. Da lassen Autofirmen ihre stinkenden und umweltzerst\u00f6rerischen Vehikel durch gr\u00fcne Landschaften rasen, um zu suggerieren, dass den Konzernen etwas an gr\u00fcner Natur liegt. Discounter wie Lidl inszenieren sich als verantwortungsvolle Arbeitsgeber. Oder Atomkonzerne stellen in ihren Werbespots quasi als Feigenblatt ihre mickrigen Aktivit\u00e4ten im Bereich der erneuerbaren Energien in den Vordergrund, um damit zu \u00fcberspielen, dass ihr Hauptgesch\u00e4ft ein gef\u00e4hrliches und dreckiges ist. Genauso geht es auch bei den \u00d6lmultis zu \u2013 Abermillionen flie\u00dfen hier in PR und Reklame, um die \u00d6ffentlichkeit Glauben zu machen, dass ihr Kerngesch\u00e4ft v\u00f6llig ungef\u00e4hrlich und eher ein Segen f\u00fcr den Planeten und die Menschen sei.<\/p>\n<p>Selten ist dies so krachend nach hinten losgegangen wie derzeit bei <strong>BP<\/strong>. All die sch\u00f6nen hohlen Werbspr\u00fcche von \u201ebeyond petroleum\u201c, all die teuren Werbespots und gekauften sch\u00f6nf\u00e4rberischen Pr\u00e4sentationen in den Medien sind mit einem Schlag als die Makulatur und das Greenwashing entlarvt worden, die sie schon immer waren. Dies bringt auch das NDR-Magazin ZAPP in \u201e<a href=\"http:\/\/www3.ndr.de\/sendungen\/zapp\/archiv\/medien_wirtschaft\/bpgreenwashing102.html\"><strong>Wie BP jahrelang ein gr\u00fcnes Image vort\u00e4uschte<\/strong><\/a>\u201c ganz klar auf den Punkt:<\/p>\n<p><img loading=\"lazy\" decoding=\"async\" src=\"http:\/\/vg02.met.vgwort.de\/na\/535f23601ac64694a870f6ac8697f087\" alt=\"\" width=\"1\" height=\"1\" \/><br \/>\n<object width=\"425\" height=\"344\"><param name=\"movie\" value=\"http:\/\/www.youtube.com\/v\/vh0LfYFajX4?hl=de&#038;fs=1\"><\/param><param name=\"allowFullScreen\" value=\"true\"><\/param><param name=\"allowscriptaccess\" value=\"always\"><\/param><embed src=\"http:\/\/www.youtube.com\/v\/vh0LfYFajX4?hl=de&#038;fs=1\" type=\"application\/x-shockwave-flash\" allowscriptaccess=\"always\" allowfullscreen=\"true\" width=\"425\" height=\"344\"><\/embed><\/object><\/p>\n<p>Man sollte diese Erfahrungen und Erkenntnisse dazu nutzen, NOCH kritischer all das zu betrachten, was einem Konzerne so via medialer Berieselung zu erz\u00e4hlen versuchen. Je gr\u00f6\u00dfer der Konzern und je aufgeblasener und paradiesischer die Werbung, desto mehr Dreck d\u00fcrfte das jeweilige Unternehmen am Stecken haben. Das Vorgehen von BP, das ZAPP aufzeigt, ist in dieser Hinsicht geradezu \u201emusterg\u00fcltig\u201c, denn hier wird mehr Geld f\u00fcr das Erzeugen des Images als f\u00fcr tats\u00e4chliche \u00c4nderungen im Konzern ausgegeben. Man muss sich an der Stelle \u00fcbrigens auch mal fragen, inwieweit die Medien, die solche Reklame und PR abdrucken\/Senden nicht auch mitschuldig am Gr\u00fcnwaschen sind&#8230;<\/p>\n<h3 class='related_post_title'>Verwandte Beitr\u00e4ge:<\/h3><ul class='related_post'><li><a href=\"http:\/\/konsumpf.de\/?p=9135\" title=\"Die verdeckte PR im Boulevard\">Die verdeckte PR im Boulevard<\/a><\/li><li><a href=\"http:\/\/konsumpf.de\/?p=7519\" title=\"Fake TV \u2013 Reklame statt Recherche\">Fake TV \u2013 Reklame statt Recherche<\/a><\/li><li><a href=\"http:\/\/konsumpf.de\/?p=7063\" title=\"PR-Berater: Gesch\u00e4fte und Machenschaften\">PR-Berater: Gesch\u00e4fte und Machenschaften<\/a><\/li><li><a href=\"http:\/\/konsumpf.de\/?p=6798\" title=\"Wie man sich gegen Reklame, PR und andere Propaganda zur Wehr setzt &#8211; Teil 2\/2\">Wie man sich gegen Reklame, PR und andere Propaganda zur Wehr setzt &#8211; Teil 2\/2<\/a><\/li><li><a href=\"http:\/\/konsumpf.de\/?p=6754\" title=\"Wie man sich gegen Reklame, PR und andere Propaganda zur Wehr setzt &#8211; Teil 1\/2\">Wie man sich gegen Reklame, PR und andere Propaganda zur Wehr setzt &#8211; Teil 1\/2<\/a><\/li><\/ul>","protected":false},"excerpt":{"rendered":"<p>Reklame ist ja so eine Sache, vor allem, wenn kaum noch ein konkretes Produkt, sondern nur noch ein Firmen- oder Markenimage medial aufgebaut werden soll \u2013 nicht selten eines, das mit der Realit\u00e4t der Unternehmenspolitik wenig zu tun hat oder diesem sogar kontr\u00e4r entgegengesetzt ist. Da lassen Autofirmen ihre stinkenden und umweltzerst\u00f6rerischen Vehikel durch gr\u00fcne [&hellip;]<\/p>\n","protected":false},"author":1,"featured_media":0,"comment_status":"open","ping_status":"open","sticky":false,"template":"","format":"standard","meta":{"footnotes":""},"categories":[69,16,33,20],"tags":[122,1416,2863,1415,459,19,551],"yoast_head":"<!-- This site is optimized with the Yoast SEO plugin v24.4 - https:\/\/yoast.com\/wordpress\/plugins\/seo\/ -->\n<title>BP \u2013 der gr\u00fcne Lack ist ab - Konsumpf - Forum f\u00fcr kreative Konsumkritik - Culture Jamming, Nachhaltigkeit, Konzernkritik, Adbusting<\/title>\n<meta name=\"robots\" content=\"index, follow, max-snippet:-1, max-image-preview:large, max-video-preview:-1\" \/>\n<link rel=\"canonical\" href=\"https:\/\/konsumpf.de\/?p=7693\" \/>\n<meta property=\"og:locale\" content=\"de_DE\" \/>\n<meta property=\"og:type\" content=\"article\" \/>\n<meta property=\"og:title\" content=\"BP \u2013 der gr\u00fcne Lack ist ab - Konsumpf - Forum f\u00fcr kreative Konsumkritik - Culture Jamming, Nachhaltigkeit, Konzernkritik, Adbusting\" \/>\n<meta property=\"og:description\" content=\"Reklame ist ja so eine Sache, vor allem, wenn kaum noch ein konkretes Produkt, sondern nur noch ein Firmen- oder Markenimage medial aufgebaut werden soll \u2013 nicht selten eines, das mit der Realit\u00e4t der Unternehmenspolitik wenig zu tun hat oder diesem sogar kontr\u00e4r entgegengesetzt ist. Da lassen Autofirmen ihre stinkenden und umweltzerst\u00f6rerischen Vehikel durch gr\u00fcne [&hellip;]\" \/>\n<meta property=\"og:url\" content=\"https:\/\/konsumpf.de\/?p=7693\" \/>\n<meta property=\"og:site_name\" content=\"Konsumpf - Forum f\u00fcr kreative Konsumkritik - Culture Jamming, Nachhaltigkeit, Konzernkritik, Adbusting\" \/>\n<meta property=\"article:published_time\" content=\"2010-05-17T08:00:09+00:00\" \/>\n<meta property=\"article:modified_time\" content=\"2010-11-27T17:45:19+00:00\" \/>\n<meta property=\"og:image\" content=\"http:\/\/vg02.met.vgwort.de\/na\/535f23601ac64694a870f6ac8697f087\" \/>\n<meta name=\"author\" content=\"Peter M.\" \/>\n<meta name=\"twitter:card\" content=\"summary_large_image\" \/>\n<meta name=\"twitter:label1\" content=\"Verfasst von\" \/>\n\t<meta name=\"twitter:data1\" content=\"Peter M.\" \/>\n\t<meta name=\"twitter:label2\" content=\"Gesch\u00e4tzte Lesezeit\" \/>\n\t<meta name=\"twitter:data2\" content=\"2\u00a0Minuten\" \/>\n<script type=\"application\/ld+json\" class=\"yoast-schema-graph\">{\"@context\":\"https:\/\/schema.org\",\"@graph\":[{\"@type\":\"WebPage\",\"@id\":\"https:\/\/konsumpf.de\/?p=7693\",\"url\":\"https:\/\/konsumpf.de\/?p=7693\",\"name\":\"BP \u2013 der gr\u00fcne Lack ist ab - Konsumpf - Forum f\u00fcr kreative Konsumkritik - Culture Jamming, Nachhaltigkeit, Konzernkritik, Adbusting\",\"isPartOf\":{\"@id\":\"https:\/\/konsumpf.de\/#website\"},\"primaryImageOfPage\":{\"@id\":\"https:\/\/konsumpf.de\/?p=7693#primaryimage\"},\"image\":{\"@id\":\"https:\/\/konsumpf.de\/?p=7693#primaryimage\"},\"thumbnailUrl\":\"http:\/\/vg02.met.vgwort.de\/na\/535f23601ac64694a870f6ac8697f087\",\"datePublished\":\"2010-05-17T08:00:09+00:00\",\"dateModified\":\"2010-11-27T17:45:19+00:00\",\"author\":{\"@id\":\"https:\/\/konsumpf.de\/#\/schema\/person\/e595a6d286b26994e7e0926d70699070\"},\"breadcrumb\":{\"@id\":\"https:\/\/konsumpf.de\/?p=7693#breadcrumb\"},\"inLanguage\":\"de\",\"potentialAction\":[{\"@type\":\"ReadAction\",\"target\":[\"https:\/\/konsumpf.de\/?p=7693\"]}]},{\"@type\":\"ImageObject\",\"inLanguage\":\"de\",\"@id\":\"https:\/\/konsumpf.de\/?p=7693#primaryimage\",\"url\":\"http:\/\/vg02.met.vgwort.de\/na\/535f23601ac64694a870f6ac8697f087\",\"contentUrl\":\"http:\/\/vg02.met.vgwort.de\/na\/535f23601ac64694a870f6ac8697f087\"},{\"@type\":\"BreadcrumbList\",\"@id\":\"https:\/\/konsumpf.de\/?p=7693#breadcrumb\",\"itemListElement\":[{\"@type\":\"ListItem\",\"position\":1,\"name\":\"Startseite\",\"item\":\"https:\/\/konsumpf.de\/\"},{\"@type\":\"ListItem\",\"position\":2,\"name\":\"BP \u2013 der gr\u00fcne Lack ist ab\"}]},{\"@type\":\"WebSite\",\"@id\":\"https:\/\/konsumpf.de\/#website\",\"url\":\"https:\/\/konsumpf.de\/\",\"name\":\"Konsumpf - Forum f\u00fcr kreative Konsumkritik - Culture Jamming, Nachhaltigkeit, Konzernkritik, Adbusting\",\"description\":\"\",\"potentialAction\":[{\"@type\":\"SearchAction\",\"target\":{\"@type\":\"EntryPoint\",\"urlTemplate\":\"https:\/\/konsumpf.de\/?s={search_term_string}\"},\"query-input\":{\"@type\":\"PropertyValueSpecification\",\"valueRequired\":true,\"valueName\":\"search_term_string\"}}],\"inLanguage\":\"de\"},{\"@type\":\"Person\",\"@id\":\"https:\/\/konsumpf.de\/#\/schema\/person\/e595a6d286b26994e7e0926d70699070\",\"name\":\"Peter M.\",\"sameAs\":[\"http:\/\/konsumpf.de\"]}]}<\/script>\n<!-- \/ Yoast SEO plugin. -->","yoast_head_json":{"title":"BP \u2013 der gr\u00fcne Lack ist ab - Konsumpf - Forum f\u00fcr kreative Konsumkritik - Culture Jamming, Nachhaltigkeit, Konzernkritik, Adbusting","robots":{"index":"index","follow":"follow","max-snippet":"max-snippet:-1","max-image-preview":"max-image-preview:large","max-video-preview":"max-video-preview:-1"},"canonical":"https:\/\/konsumpf.de\/?p=7693","og_locale":"de_DE","og_type":"article","og_title":"BP \u2013 der gr\u00fcne Lack ist ab - Konsumpf - Forum f\u00fcr kreative Konsumkritik - Culture Jamming, Nachhaltigkeit, Konzernkritik, Adbusting","og_description":"Reklame ist ja so eine Sache, vor allem, wenn kaum noch ein konkretes Produkt, sondern nur noch ein Firmen- oder Markenimage medial aufgebaut werden soll \u2013 nicht selten eines, das mit der Realit\u00e4t der Unternehmenspolitik wenig zu tun hat oder diesem sogar kontr\u00e4r entgegengesetzt ist. Da lassen Autofirmen ihre stinkenden und umweltzerst\u00f6rerischen Vehikel durch gr\u00fcne [&hellip;]","og_url":"https:\/\/konsumpf.de\/?p=7693","og_site_name":"Konsumpf - Forum f\u00fcr kreative Konsumkritik - Culture Jamming, Nachhaltigkeit, Konzernkritik, Adbusting","article_published_time":"2010-05-17T08:00:09+00:00","article_modified_time":"2010-11-27T17:45:19+00:00","og_image":[{"url":"http:\/\/vg02.met.vgwort.de\/na\/535f23601ac64694a870f6ac8697f087","type":"","width":"","height":""}],"author":"Peter M.","twitter_card":"summary_large_image","twitter_misc":{"Verfasst von":"Peter M.","Gesch\u00e4tzte Lesezeit":"2\u00a0Minuten"},"schema":{"@context":"https:\/\/schema.org","@graph":[{"@type":"WebPage","@id":"https:\/\/konsumpf.de\/?p=7693","url":"https:\/\/konsumpf.de\/?p=7693","name":"BP \u2013 der gr\u00fcne Lack ist ab - Konsumpf - Forum f\u00fcr kreative Konsumkritik - Culture Jamming, Nachhaltigkeit, Konzernkritik, Adbusting","isPartOf":{"@id":"https:\/\/konsumpf.de\/#website"},"primaryImageOfPage":{"@id":"https:\/\/konsumpf.de\/?p=7693#primaryimage"},"image":{"@id":"https:\/\/konsumpf.de\/?p=7693#primaryimage"},"thumbnailUrl":"http:\/\/vg02.met.vgwort.de\/na\/535f23601ac64694a870f6ac8697f087","datePublished":"2010-05-17T08:00:09+00:00","dateModified":"2010-11-27T17:45:19+00:00","author":{"@id":"https:\/\/konsumpf.de\/#\/schema\/person\/e595a6d286b26994e7e0926d70699070"},"breadcrumb":{"@id":"https:\/\/konsumpf.de\/?p=7693#breadcrumb"},"inLanguage":"de","potentialAction":[{"@type":"ReadAction","target":["https:\/\/konsumpf.de\/?p=7693"]}]},{"@type":"ImageObject","inLanguage":"de","@id":"https:\/\/konsumpf.de\/?p=7693#primaryimage","url":"http:\/\/vg02.met.vgwort.de\/na\/535f23601ac64694a870f6ac8697f087","contentUrl":"http:\/\/vg02.met.vgwort.de\/na\/535f23601ac64694a870f6ac8697f087"},{"@type":"BreadcrumbList","@id":"https:\/\/konsumpf.de\/?p=7693#breadcrumb","itemListElement":[{"@type":"ListItem","position":1,"name":"Startseite","item":"https:\/\/konsumpf.de\/"},{"@type":"ListItem","position":2,"name":"BP \u2013 der gr\u00fcne Lack ist ab"}]},{"@type":"WebSite","@id":"https:\/\/konsumpf.de\/#website","url":"https:\/\/konsumpf.de\/","name":"Konsumpf - Forum f\u00fcr kreative Konsumkritik - Culture Jamming, Nachhaltigkeit, Konzernkritik, Adbusting","description":"","potentialAction":[{"@type":"SearchAction","target":{"@type":"EntryPoint","urlTemplate":"https:\/\/konsumpf.de\/?s={search_term_string}"},"query-input":{"@type":"PropertyValueSpecification","valueRequired":true,"valueName":"search_term_string"}}],"inLanguage":"de"},{"@type":"Person","@id":"https:\/\/konsumpf.de\/#\/schema\/person\/e595a6d286b26994e7e0926d70699070","name":"Peter M.","sameAs":["http:\/\/konsumpf.de"]}]}},"_links":{"self":[{"href":"https:\/\/konsumpf.de\/index.php?rest_route=\/wp\/v2\/posts\/7693"}],"collection":[{"href":"https:\/\/konsumpf.de\/index.php?rest_route=\/wp\/v2\/posts"}],"about":[{"href":"https:\/\/konsumpf.de\/index.php?rest_route=\/wp\/v2\/types\/post"}],"author":[{"embeddable":true,"href":"https:\/\/konsumpf.de\/index.php?rest_route=\/wp\/v2\/users\/1"}],"replies":[{"embeddable":true,"href":"https:\/\/konsumpf.de\/index.php?rest_route=%2Fwp%2Fv2%2Fcomments&post=7693"}],"version-history":[{"count":11,"href":"https:\/\/konsumpf.de\/index.php?rest_route=\/wp\/v2\/posts\/7693\/revisions"}],"predecessor-version":[{"id":7707,"href":"https:\/\/konsumpf.de\/index.php?rest_route=\/wp\/v2\/posts\/7693\/revisions\/7707"}],"wp:attachment":[{"href":"https:\/\/konsumpf.de\/index.php?rest_route=%2Fwp%2Fv2%2Fmedia&parent=7693"}],"wp:term":[{"taxonomy":"category","embeddable":true,"href":"https:\/\/konsumpf.de\/index.php?rest_route=%2Fwp%2Fv2%2Fcategories&post=7693"},{"taxonomy":"post_tag","embeddable":true,"href":"https:\/\/konsumpf.de\/index.php?rest_route=%2Fwp%2Fv2%2Ftags&post=7693"}],"curies":[{"name":"wp","href":"https:\/\/api.w.org\/{rel}","templated":true}]}}