{"id":7636,"date":"2010-05-11T10:04:54","date_gmt":"2010-05-11T08:04:54","guid":{"rendered":"http:\/\/konsumpf.de\/?p=7636"},"modified":"2010-05-18T13:06:01","modified_gmt":"2010-05-18T11:06:01","slug":"werktags-vegetarier","status":"publish","type":"post","link":"https:\/\/konsumpf.de\/?p=7636","title":{"rendered":"Werktags-Vegetarier"},"content":{"rendered":"<p><a href=\"http:\/\/konsumpf.de\/wp-content\/uploads\/2010\/05\/sm-m-i-m.jpg\"><img loading=\"lazy\" decoding=\"async\" class=\"alignright size-full wp-image-7643\" title=\"sm-m-i-m\" src=\"http:\/\/konsumpf.de\/wp-content\/uploads\/2010\/05\/sm-m-i-m.jpg\" alt=\"sm-m-i-m\" width=\"257\" height=\"264\" \/><\/a>Es gibt viele Gr\u00fcnde, den immensen Fleisch- und Milchproduktekonsum der Industriestaaten kritisch zu hinterfragen. \u201eKlimasch\u00fctzer\u201c beziehen sich gerne darauf, dass K\u00fche &amp; Rinder f\u00fcr einen nicht geringen Teil der CO2-Emissionen verantwortlich sind. Andere bem\u00e4ngeln den immensen Verbrauch von Energie und Wasser und Futtermitteln, der n\u00f6tig ist, um diese Fleischmassen zu \u201eproduzieren\u201c. Tiersch\u00fctzer und mitf\u00fchlende Menschen machen sich vor allem Gedanken um die Qualen, die Tiere bei der Auzucht und der Massenhaltung erleiden, von den moralischen Bedenken, Mitgesch\u00f6pfe aufzuessen ganz zu schweigen. Und <a href=\"http:\/\/www.urkostmitbrigitte.de\/wiki-archiv\/x\/229.htm\">ungesund ist solch eine Fleischv\u00f6llerei auch noch<\/a>.<\/p>\n<p>All dies f\u00fchrt zu einer logischen Konsequenz: Unser Fleisch- &amp; Milchkonsum muss erheblich gesenkt werden, um diese gef\u00e4hrliche Entwicklung aufzuhalten. Wie bei jeder grunds\u00e4tzlichen Entscheidung stellt sich immer die Frage,  inwieweit man auf eine 100%ige Umsetzung einer Verhaltens\u00e4nderung  dr\u00e4ngen soll (und damit vermutlich viele Leute abschreckt) oder ob eine Bewegung in die richtige Richtung (in diesem  Fall: zumindest weniger Fleisch zu essen) nicht immerhin besser  als nichts ist. Wobei eine blo\u00df teilweise Umsetzung die Gefahr birgt, dass die  grundlegenden Strukturen erhalten bleiben. Im Falle des Fleischkonsums halte ich den Ansatz, das Leid der Tiere und die Sch\u00e4den f\u00fcr die Umwelt zu verringern, indem Fleisch in seiner Bedeutung f\u00fcr den Speisezettel zumindest deutlich zur\u00fcckgeht, f\u00fcr den Anfang f\u00fcr durchaus angemessen und sinnvoll. Passenderweise im <strong>Mikroferkel<\/strong>-Blog fand ich den interessanten Begriff und die Idee des \u201e<a href=\"http:\/\/mikroferkel.de\/?p=424\"><strong>Werktags-Vegetariers<\/strong><\/a>\u201c (er bezieht sich dabei auf ein Interview mit dem foodwatch-Chef Thilo Bode \u201e<a href=\"http:\/\/www.derwesten.de\/waz\/wirtschaft\/Foodwatch-Chef-Es-gibt-kein-Menschenrecht-auf-Steak-id2372858.html\">Es gibt kein Menschenrecht auf Steak<\/a>\u201c \u2013 denn nicht jedem ist es gegeben, sofort komplett auf das Essen von Fleisch zu verzichten oder gar gleich vegan zu leben:<\/p>\n<blockquote><p>Wer dem Laster des Fleischgenusses nicht g\u00e4nzlich abschw\u00f6ren will,  dem bietet sich nun ein neues und semantisch gut verpacktes Konzept:  Werde Werktagsvegetarier!<\/p>\n<p>Der Fleischgenuss bleibt dir erhalten. Fleisch wird sogar wieder  etwas Besonderes. Und wenn du dir dann am wohlverdienten Wochenende ein  saftiges Steak g\u00f6nnst, dann darf es auch etwas Gutes sein, z.B. vom Bio-Bauern nebenan. Viel Spa\u00df beim  Ausprobieren!<\/p><\/blockquote>\n<p>Und nach einigen Wochen stellt sicherlich der eine oder andere fest, dass ein \u201esaftiges Steak\u201c, ob nun bio oder nicht, auch am Wochenende verzichtbar ist. ;-)<\/p>\n<p><a href=\"http:\/\/konsumpf.de\/wp-content\/uploads\/2010\/05\/schweineschlachtung-img_4285_rgb_300dpi.jpg\"><img loading=\"lazy\" decoding=\"async\" class=\"aligncenter size-medium wp-image-7646\" title=\"schweineschlachtung-img_4285_rgb_300dpi\" src=\"http:\/\/konsumpf.de\/wp-content\/uploads\/2010\/05\/schweineschlachtung-img_4285_rgb_300dpi-300x200.jpg\" alt=\"schweineschlachtung-img_4285_rgb_300dpi\" width=\"300\" height=\"200\" srcset=\"https:\/\/konsumpf.de\/wp-content\/uploads\/2010\/05\/schweineschlachtung-img_4285_rgb_300dpi-300x200.jpg 300w, https:\/\/konsumpf.de\/wp-content\/uploads\/2010\/05\/schweineschlachtung-img_4285_rgb_300dpi.jpg 1000w\" sizes=\"(max-width: 300px) 100vw, 300px\" \/><\/a><br \/>\n<script type=\"text\/javascript\">\n\tvar flattr_url = 'http:\/\/konsumpf.de\/?p=7636';\n\tvar flattr_btn='compact';\n<\/script><br \/>\n<script src=\"http:\/\/api.flattr.com\/button\/load.js\" type=\"text\/javascript\"><\/script><\/p>\n<h3 class='related_post_title'>Verwandte Beitr\u00e4ge:<\/h3><ul class='related_post'><li><a href=\"http:\/\/konsumpf.de\/?p=5684\" title=\"An wei\u00dfer Milch klebt rotes Blut\">An wei\u00dfer Milch klebt rotes Blut<\/a><\/li><li><a href=\"http:\/\/konsumpf.de\/?p=14266\" title=\"Klonfleisch \u2013 guten Appetit!\">Klonfleisch \u2013 guten Appetit!<\/a><\/li><li><a href=\"http:\/\/konsumpf.de\/?p=14155\" title=\"Schluss mit der Massentierhaltung!\">Schluss mit der Massentierhaltung!<\/a><\/li><li><a href=\"http:\/\/konsumpf.de\/?p=13815\" title=\"Massentierhaltung schadet auch den Menschen\">Massentierhaltung schadet auch den Menschen<\/a><\/li><li><a href=\"http:\/\/konsumpf.de\/?p=10494\" title=\"Lesetipps: Kollateralschaden an der Fleischtheke | Die Wahrheit \u00fcber IKEA | Konsum macht einsam | Wie frisch ist Frischmilch?\">Lesetipps: Kollateralschaden an der Fleischtheke | Die Wahrheit \u00fcber IKEA | Konsum macht einsam | Wie frisch ist Frischmilch?<\/a><\/li><\/ul>","protected":false},"excerpt":{"rendered":"<p>Es gibt viele Gr\u00fcnde, den immensen Fleisch- und Milchproduktekonsum der Industriestaaten kritisch zu hinterfragen. \u201eKlimasch\u00fctzer\u201c beziehen sich gerne darauf, dass K\u00fche &amp; Rinder f\u00fcr einen nicht geringen Teil der CO2-Emissionen verantwortlich sind. Andere bem\u00e4ngeln den immensen Verbrauch von Energie und Wasser und Futtermitteln, der n\u00f6tig ist, um diese Fleischmassen zu \u201eproduzieren\u201c. Tiersch\u00fctzer und mitf\u00fchlende Menschen [&hellip;]<\/p>\n","protected":false},"author":1,"featured_media":0,"comment_status":"open","ping_status":"open","sticky":false,"template":"","format":"standard","meta":{"footnotes":""},"categories":[256,259,334],"tags":[732,1004,1121,1002,1404],"yoast_head":"<!-- This site is optimized with the Yoast SEO plugin v24.4 - https:\/\/yoast.com\/wordpress\/plugins\/seo\/ -->\n<title>Werktags-Vegetarier - Konsumpf - Forum f\u00fcr kreative Konsumkritik - Culture Jamming, Nachhaltigkeit, Konzernkritik, Adbusting<\/title>\n<meta name=\"robots\" content=\"index, follow, max-snippet:-1, max-image-preview:large, max-video-preview:-1\" \/>\n<link rel=\"canonical\" href=\"https:\/\/konsumpf.de\/?p=7636\" \/>\n<meta property=\"og:locale\" content=\"de_DE\" \/>\n<meta property=\"og:type\" content=\"article\" \/>\n<meta property=\"og:title\" content=\"Werktags-Vegetarier - Konsumpf - Forum f\u00fcr kreative Konsumkritik - Culture Jamming, Nachhaltigkeit, Konzernkritik, Adbusting\" \/>\n<meta property=\"og:description\" content=\"Es gibt viele Gr\u00fcnde, den immensen Fleisch- und Milchproduktekonsum der Industriestaaten kritisch zu hinterfragen. \u201eKlimasch\u00fctzer\u201c beziehen sich gerne darauf, dass K\u00fche &amp; Rinder f\u00fcr einen nicht geringen Teil der CO2-Emissionen verantwortlich sind. Andere bem\u00e4ngeln den immensen Verbrauch von Energie und Wasser und Futtermitteln, der n\u00f6tig ist, um diese Fleischmassen zu \u201eproduzieren\u201c. Tiersch\u00fctzer und mitf\u00fchlende Menschen [&hellip;]\" \/>\n<meta property=\"og:url\" content=\"https:\/\/konsumpf.de\/?p=7636\" \/>\n<meta property=\"og:site_name\" content=\"Konsumpf - Forum f\u00fcr kreative Konsumkritik - Culture Jamming, Nachhaltigkeit, Konzernkritik, Adbusting\" \/>\n<meta property=\"article:published_time\" content=\"2010-05-11T08:04:54+00:00\" \/>\n<meta property=\"article:modified_time\" content=\"2010-05-18T11:06:01+00:00\" \/>\n<meta property=\"og:image\" content=\"http:\/\/konsumpf.de\/wp-content\/uploads\/2010\/05\/sm-m-i-m.jpg\" \/>\n<meta name=\"author\" content=\"Peter M.\" \/>\n<meta name=\"twitter:card\" content=\"summary_large_image\" \/>\n<meta name=\"twitter:label1\" content=\"Verfasst von\" \/>\n\t<meta name=\"twitter:data1\" content=\"Peter M.\" \/>\n\t<meta name=\"twitter:label2\" content=\"Gesch\u00e4tzte Lesezeit\" \/>\n\t<meta name=\"twitter:data2\" content=\"2\u00a0Minuten\" \/>\n<script type=\"application\/ld+json\" class=\"yoast-schema-graph\">{\"@context\":\"https:\/\/schema.org\",\"@graph\":[{\"@type\":\"WebPage\",\"@id\":\"https:\/\/konsumpf.de\/?p=7636\",\"url\":\"https:\/\/konsumpf.de\/?p=7636\",\"name\":\"Werktags-Vegetarier - Konsumpf - Forum f\u00fcr kreative Konsumkritik - Culture Jamming, Nachhaltigkeit, Konzernkritik, Adbusting\",\"isPartOf\":{\"@id\":\"https:\/\/konsumpf.de\/#website\"},\"primaryImageOfPage\":{\"@id\":\"https:\/\/konsumpf.de\/?p=7636#primaryimage\"},\"image\":{\"@id\":\"https:\/\/konsumpf.de\/?p=7636#primaryimage\"},\"thumbnailUrl\":\"http:\/\/konsumpf.de\/wp-content\/uploads\/2010\/05\/sm-m-i-m.jpg\",\"datePublished\":\"2010-05-11T08:04:54+00:00\",\"dateModified\":\"2010-05-18T11:06:01+00:00\",\"author\":{\"@id\":\"https:\/\/konsumpf.de\/#\/schema\/person\/e595a6d286b26994e7e0926d70699070\"},\"breadcrumb\":{\"@id\":\"https:\/\/konsumpf.de\/?p=7636#breadcrumb\"},\"inLanguage\":\"de\",\"potentialAction\":[{\"@type\":\"ReadAction\",\"target\":[\"https:\/\/konsumpf.de\/?p=7636\"]}]},{\"@type\":\"ImageObject\",\"inLanguage\":\"de\",\"@id\":\"https:\/\/konsumpf.de\/?p=7636#primaryimage\",\"url\":\"https:\/\/konsumpf.de\/wp-content\/uploads\/2010\/05\/sm-m-i-m.jpg\",\"contentUrl\":\"https:\/\/konsumpf.de\/wp-content\/uploads\/2010\/05\/sm-m-i-m.jpg\",\"width\":\"290\",\"height\":\"299\"},{\"@type\":\"BreadcrumbList\",\"@id\":\"https:\/\/konsumpf.de\/?p=7636#breadcrumb\",\"itemListElement\":[{\"@type\":\"ListItem\",\"position\":1,\"name\":\"Startseite\",\"item\":\"https:\/\/konsumpf.de\/\"},{\"@type\":\"ListItem\",\"position\":2,\"name\":\"Werktags-Vegetarier\"}]},{\"@type\":\"WebSite\",\"@id\":\"https:\/\/konsumpf.de\/#website\",\"url\":\"https:\/\/konsumpf.de\/\",\"name\":\"Konsumpf - Forum f\u00fcr kreative Konsumkritik - Culture Jamming, Nachhaltigkeit, Konzernkritik, Adbusting\",\"description\":\"\",\"potentialAction\":[{\"@type\":\"SearchAction\",\"target\":{\"@type\":\"EntryPoint\",\"urlTemplate\":\"https:\/\/konsumpf.de\/?s={search_term_string}\"},\"query-input\":{\"@type\":\"PropertyValueSpecification\",\"valueRequired\":true,\"valueName\":\"search_term_string\"}}],\"inLanguage\":\"de\"},{\"@type\":\"Person\",\"@id\":\"https:\/\/konsumpf.de\/#\/schema\/person\/e595a6d286b26994e7e0926d70699070\",\"name\":\"Peter M.\",\"sameAs\":[\"http:\/\/konsumpf.de\"]}]}<\/script>\n<!-- \/ Yoast SEO plugin. -->","yoast_head_json":{"title":"Werktags-Vegetarier - Konsumpf - Forum f\u00fcr kreative Konsumkritik - Culture Jamming, Nachhaltigkeit, Konzernkritik, Adbusting","robots":{"index":"index","follow":"follow","max-snippet":"max-snippet:-1","max-image-preview":"max-image-preview:large","max-video-preview":"max-video-preview:-1"},"canonical":"https:\/\/konsumpf.de\/?p=7636","og_locale":"de_DE","og_type":"article","og_title":"Werktags-Vegetarier - Konsumpf - Forum f\u00fcr kreative Konsumkritik - Culture Jamming, Nachhaltigkeit, Konzernkritik, Adbusting","og_description":"Es gibt viele Gr\u00fcnde, den immensen Fleisch- und Milchproduktekonsum der Industriestaaten kritisch zu hinterfragen. \u201eKlimasch\u00fctzer\u201c beziehen sich gerne darauf, dass K\u00fche &amp; Rinder f\u00fcr einen nicht geringen Teil der CO2-Emissionen verantwortlich sind. Andere bem\u00e4ngeln den immensen Verbrauch von Energie und Wasser und Futtermitteln, der n\u00f6tig ist, um diese Fleischmassen zu \u201eproduzieren\u201c. Tiersch\u00fctzer und mitf\u00fchlende Menschen [&hellip;]","og_url":"https:\/\/konsumpf.de\/?p=7636","og_site_name":"Konsumpf - Forum f\u00fcr kreative Konsumkritik - Culture Jamming, Nachhaltigkeit, Konzernkritik, Adbusting","article_published_time":"2010-05-11T08:04:54+00:00","article_modified_time":"2010-05-18T11:06:01+00:00","og_image":[{"url":"http:\/\/konsumpf.de\/wp-content\/uploads\/2010\/05\/sm-m-i-m.jpg","type":"","width":"","height":""}],"author":"Peter M.","twitter_card":"summary_large_image","twitter_misc":{"Verfasst von":"Peter M.","Gesch\u00e4tzte Lesezeit":"2\u00a0Minuten"},"schema":{"@context":"https:\/\/schema.org","@graph":[{"@type":"WebPage","@id":"https:\/\/konsumpf.de\/?p=7636","url":"https:\/\/konsumpf.de\/?p=7636","name":"Werktags-Vegetarier - Konsumpf - Forum f\u00fcr kreative Konsumkritik - Culture Jamming, Nachhaltigkeit, Konzernkritik, Adbusting","isPartOf":{"@id":"https:\/\/konsumpf.de\/#website"},"primaryImageOfPage":{"@id":"https:\/\/konsumpf.de\/?p=7636#primaryimage"},"image":{"@id":"https:\/\/konsumpf.de\/?p=7636#primaryimage"},"thumbnailUrl":"http:\/\/konsumpf.de\/wp-content\/uploads\/2010\/05\/sm-m-i-m.jpg","datePublished":"2010-05-11T08:04:54+00:00","dateModified":"2010-05-18T11:06:01+00:00","author":{"@id":"https:\/\/konsumpf.de\/#\/schema\/person\/e595a6d286b26994e7e0926d70699070"},"breadcrumb":{"@id":"https:\/\/konsumpf.de\/?p=7636#breadcrumb"},"inLanguage":"de","potentialAction":[{"@type":"ReadAction","target":["https:\/\/konsumpf.de\/?p=7636"]}]},{"@type":"ImageObject","inLanguage":"de","@id":"https:\/\/konsumpf.de\/?p=7636#primaryimage","url":"https:\/\/konsumpf.de\/wp-content\/uploads\/2010\/05\/sm-m-i-m.jpg","contentUrl":"https:\/\/konsumpf.de\/wp-content\/uploads\/2010\/05\/sm-m-i-m.jpg","width":"290","height":"299"},{"@type":"BreadcrumbList","@id":"https:\/\/konsumpf.de\/?p=7636#breadcrumb","itemListElement":[{"@type":"ListItem","position":1,"name":"Startseite","item":"https:\/\/konsumpf.de\/"},{"@type":"ListItem","position":2,"name":"Werktags-Vegetarier"}]},{"@type":"WebSite","@id":"https:\/\/konsumpf.de\/#website","url":"https:\/\/konsumpf.de\/","name":"Konsumpf - Forum f\u00fcr kreative Konsumkritik - Culture Jamming, Nachhaltigkeit, Konzernkritik, Adbusting","description":"","potentialAction":[{"@type":"SearchAction","target":{"@type":"EntryPoint","urlTemplate":"https:\/\/konsumpf.de\/?s={search_term_string}"},"query-input":{"@type":"PropertyValueSpecification","valueRequired":true,"valueName":"search_term_string"}}],"inLanguage":"de"},{"@type":"Person","@id":"https:\/\/konsumpf.de\/#\/schema\/person\/e595a6d286b26994e7e0926d70699070","name":"Peter M.","sameAs":["http:\/\/konsumpf.de"]}]}},"_links":{"self":[{"href":"https:\/\/konsumpf.de\/index.php?rest_route=\/wp\/v2\/posts\/7636"}],"collection":[{"href":"https:\/\/konsumpf.de\/index.php?rest_route=\/wp\/v2\/posts"}],"about":[{"href":"https:\/\/konsumpf.de\/index.php?rest_route=\/wp\/v2\/types\/post"}],"author":[{"embeddable":true,"href":"https:\/\/konsumpf.de\/index.php?rest_route=\/wp\/v2\/users\/1"}],"replies":[{"embeddable":true,"href":"https:\/\/konsumpf.de\/index.php?rest_route=%2Fwp%2Fv2%2Fcomments&post=7636"}],"version-history":[{"count":15,"href":"https:\/\/konsumpf.de\/index.php?rest_route=\/wp\/v2\/posts\/7636\/revisions"}],"predecessor-version":[{"id":7656,"href":"https:\/\/konsumpf.de\/index.php?rest_route=\/wp\/v2\/posts\/7636\/revisions\/7656"}],"wp:attachment":[{"href":"https:\/\/konsumpf.de\/index.php?rest_route=%2Fwp%2Fv2%2Fmedia&parent=7636"}],"wp:term":[{"taxonomy":"category","embeddable":true,"href":"https:\/\/konsumpf.de\/index.php?rest_route=%2Fwp%2Fv2%2Fcategories&post=7636"},{"taxonomy":"post_tag","embeddable":true,"href":"https:\/\/konsumpf.de\/index.php?rest_route=%2Fwp%2Fv2%2Ftags&post=7636"}],"curies":[{"name":"wp","href":"https:\/\/api.w.org\/{rel}","templated":true}]}}