{"id":7579,"date":"2010-05-04T10:19:21","date_gmt":"2010-05-04T08:19:21","guid":{"rendered":"http:\/\/konsumpf.de\/?p=7579"},"modified":"2010-11-27T18:54:16","modified_gmt":"2010-11-27T17:54:16","slug":"ol-das-stinkende-gold","status":"publish","type":"post","link":"https:\/\/konsumpf.de\/?p=7579","title":{"rendered":"\u00d6l, das stinkende Gold"},"content":{"rendered":"<div id=\"attachment_7582\" style=\"width: 239px\" class=\"wp-caption alignright\"><a href=\"http:\/\/www.sxc.hu\/photo\/1159085\"><img loading=\"lazy\" decoding=\"async\" aria-describedby=\"caption-attachment-7582\" class=\"size-full wp-image-7582\" title=\"oil\" src=\"http:\/\/konsumpf.de\/wp-content\/uploads\/2010\/05\/oil.jpg\" alt=\"oil\" width=\"229\" height=\"188\" \/><\/a><p id=\"caption-attachment-7582\" class=\"wp-caption-text\">\u00a9 julosstock, stckxchng<\/p><\/div>\n<p>Im Konsumpf alle Umweltkatastrophen und -sauereien anzusprechen, die im Zusammenhang mit unserer Art des Wirtschaftens und Konsumierens fast logisch geschehen, w\u00fcrde den Rahmen des Blogs bei weitem sprengen. Aber gestern machte mich mo von <strong>als-ob-leben<\/strong> auf einen Artikel in seinem Blog aufmerksam, den ich Euch auch ans Herz legen m\u00f6chte: \u201e<a href=\"http:\/\/autismuskritik.twoday.net\/stories\/notiz-das-schwarze-gift\/\"><strong>Das schwarze Gift \u2013 von einem fast v\u00f6llig unbekannten Detail der \u00d6lf\u00f6rderung<\/strong><\/a>\u201c &#8230; n\u00e4mlich dem Entstehen radioaktiven Abfalls beim F\u00f6rdern des klebrigen Rohstoffs!<\/p>\n<blockquote><p>&#8220;Seit Jahrzehnten produziert die \u00d6l- und Gasindustrie mit jedem Barrel \u00d6l und jedem Kubikmeter Gas radioaktiven Abfall: Abw\u00e4sser, Schl\u00e4mme und Ablagerungen, versetzt vor allem mit dem hochgiftigen und langlebigen Radium 226. Jahr f\u00fcr Jahr sind das weltweit einige Millionen Tonnen &#8211; weitgehend unbemerkt von der \u00d6ffentlichkeit. (&#8230;)<\/p>\n<p>Konkret darauf angesprochen gibt auch die \u00d6l- und Gasindustrie die Existenz der radioaktiven Abf\u00e4lle unumwunden zu. &#8220;Das Thema ist eigentlich ein Thema seit es die Gasf\u00f6rderung in Deutschland gibt, das ist so seit Anfang der 70er-Jahre&#8221;, erkl\u00e4rt Hartmut Pick, Sprecher des Wirtschaftsverbandes Erd\u00f6l- und Erdgasgewinnung (WEG).<\/p>\n<p>Allerdings hat die Industrie das Ph\u00e4nomen der radioaktiven Abf\u00e4lle bei der \u00d6l- und Gasproduktion bislang konsequent vor der \u00d6ffentlichkeit verschwiegen. &#8220;Wir haben das nat\u00fcrlich nicht mit der Bev\u00f6lkerung kommuniziert&#8221;, sagt Pick. &#8220;Wir kommunizieren das Problem mit den Mitarbeitern, die damit besch\u00e4ftigt sind, mit den Aufsichtsbeh\u00f6rden, die damit zusammenh\u00e4ngen &#8211; ja, mit der Branche, innerhalb der Branche.&#8221;<\/p><\/blockquote>\n<p>Wenn die Katastrophe im Golf von Mexiko \u00fcberhaupt eine positive Komponente hat, dann vielleicht die, dass all jenen Menschen, die Tag f\u00fcr Tag ohne gro\u00dfes Nachdenken ihrem automobilen Lebensstil, dem Plastik\u00fcberfluss etc. fr\u00f6nen, wieder bewusst gemacht wird, was f\u00fcr ein im wahrsten Sinne des Wortes schmutziges Gesch\u00e4ft die \u00d6lindustrie da betreibt. Zu den Umweltkatastrophen treten die humanit\u00e4ren Katastrophen hinzu (ich erinnere da an bspw. das brutale Vorgehen von Shell in Nigeria, das man im <a href=\"http:\/\/www.markenfirmen.com\/\">Schwarzbuch Markenfirmen<\/a> nachlesen kann, <a href=\"http:\/\/www.markenfirmen.com\/firmen\/shell.htm\">HIER<\/a> nur kurz angerissen) und nat\u00fcrlich auch die Kriege, die um das \u00d6l angezettelt werden. Dazu passt auch das Buch von Thomas Seifert und Klaus Werner \u201e<a href=\"http:\/\/www.ullstein-verlag.de\/ullsteintb\/buch.php?id=12082&amp;page=buchthemen&amp;sort=autor&amp;auswahl=A&amp;pagenum=1\"><strong>Schwarzbuch \u00d6l. Eine Geschichte von Gier, Krieg, Macht und Geld<\/strong><\/a>\u201c.<\/p>\n<p>Eine \u00dcberraschung gibt es dieser Tage aber doch \u2013 angeblich sollen <span style=\"text-decoration: line-through;\">Shell<\/span> BP tats\u00e4chlich alle Kosten f\u00fcr dieses \u00d6ldisaster aufgeb\u00fcrdet werden! Machte dieses Beispiel Schule und w\u00fcrden tats\u00e4chlich alle Unternehmen f\u00fcr die sozialen und \u00f6kologischen Folgen ihres Treibens zur Rechenschaft gezogen werden (in der VWL als Konzept der \u201eInternalisierung externer Kosten\u201c bekannt), m\u00fcssten sich Banken, Tabakkonzerne, Energiefirmen, R\u00fcstungsunternehmen, Discounter uvm. warm anziehen. Ein Traum! Leider wird es aber wohl die Ausnahme bleiben, und w\u00e4re der \u00d6lteppich irgendwo an der K\u00fcste eines afrikanischen Staates entstanden, w\u00fcrde sich BP sicher mit ein paar Alibi-Euro aus der Aff\u00e4re ziehen.<br \/>\n<img loading=\"lazy\" decoding=\"async\" src=\"http:\/\/vg02.met.vgwort.de\/na\/31c0e6921f91429192fbc25c786a072c\" width=\"1\" height=\"1\" alt=\"\"><\/p>\n<h3 class='related_post_title'>Verwandte Beitr\u00e4ge:<\/h3><ul class='related_post'><li><a href=\"https:\/\/konsumpf.de\/?p=12665\" title=\"Das \u00d6l-Zeitalter &#8211; Kriege und Konzerne\">Das \u00d6l-Zeitalter &#8211; Kriege und Konzerne<\/a><\/li><li><a href=\"https:\/\/konsumpf.de\/?p=12271\" title=\"Fernsehtipps: Schmutziges \u00d6l und Die BP-Story\">Fernsehtipps: Schmutziges \u00d6l und Die BP-Story<\/a><\/li><li><a href=\"https:\/\/konsumpf.de\/?p=7987\" title=\"Lesetipps: \u201eStumme Werbetafeln \u2013 Botschaft des totalen Versagens\u201c \/ Adidas verst\u00f6\u00dft gegen eigene Standards \/ \u201eAlles gut einge\u00f6lt!\u201c\">Lesetipps: \u201eStumme Werbetafeln \u2013 Botschaft des totalen Versagens\u201c \/ Adidas verst\u00f6\u00dft gegen eigene Standards \/ \u201eAlles gut einge\u00f6lt!\u201c<\/a><\/li><li><a href=\"https:\/\/konsumpf.de\/?p=15555\" title=\"Nestl\u00e9 \u2013 eine Abrechnung\">Nestl\u00e9 \u2013 eine Abrechnung<\/a><\/li><li><a href=\"https:\/\/konsumpf.de\/?p=15163\" title=\"Lesetipps: Materialismus macht krank |\u00a0Heile Bio-Welt? | Nespresso-M\u00fcll | Werbevideos | Filmeverschenken\">Lesetipps: Materialismus macht krank |\u00a0Heile Bio-Welt? | Nespresso-M\u00fcll | Werbevideos | Filmeverschenken<\/a><\/li><\/ul>","protected":false},"excerpt":{"rendered":"<p>Im Konsumpf alle Umweltkatastrophen und -sauereien anzusprechen, die im Zusammenhang mit unserer Art des Wirtschaftens und Konsumierens fast logisch geschehen, w\u00fcrde den Rahmen des Blogs bei weitem sprengen. Aber gestern machte mich mo von als-ob-leben auf einen Artikel in seinem Blog aufmerksam, den ich Euch auch ans Herz legen m\u00f6chte: \u201eDas schwarze Gift \u2013 von [&hellip;]<\/p>\n","protected":false},"author":1,"featured_media":0,"comment_status":"open","ping_status":"open","sticky":false,"template":"","format":"standard","meta":{"footnotes":""},"categories":[69,50,78],"tags":[603,1386,2871,1384,1385,1387],"yoast_head":"<!-- This site is optimized with the Yoast SEO plugin v24.4 - https:\/\/yoast.com\/wordpress\/plugins\/seo\/ -->\n<title>\u00d6l, das stinkende Gold - Konsumpf - Forum f\u00fcr kreative Konsumkritik - Culture Jamming, Nachhaltigkeit, Konzernkritik, Adbusting<\/title>\n<meta name=\"robots\" content=\"index, follow, max-snippet:-1, max-image-preview:large, max-video-preview:-1\" \/>\n<link rel=\"canonical\" href=\"https:\/\/konsumpf.de\/?p=7579\" \/>\n<meta property=\"og:locale\" content=\"de_DE\" \/>\n<meta property=\"og:type\" content=\"article\" \/>\n<meta property=\"og:title\" content=\"\u00d6l, das stinkende Gold - Konsumpf - Forum f\u00fcr kreative Konsumkritik - Culture Jamming, Nachhaltigkeit, Konzernkritik, Adbusting\" \/>\n<meta property=\"og:description\" content=\"Im Konsumpf alle Umweltkatastrophen und -sauereien anzusprechen, die im Zusammenhang mit unserer Art des Wirtschaftens und Konsumierens fast logisch geschehen, w\u00fcrde den Rahmen des Blogs bei weitem sprengen. Aber gestern machte mich mo von als-ob-leben auf einen Artikel in seinem Blog aufmerksam, den ich Euch auch ans Herz legen m\u00f6chte: \u201eDas schwarze Gift \u2013 von [&hellip;]\" \/>\n<meta property=\"og:url\" content=\"https:\/\/konsumpf.de\/?p=7579\" \/>\n<meta property=\"og:site_name\" content=\"Konsumpf - Forum f\u00fcr kreative Konsumkritik - Culture Jamming, Nachhaltigkeit, Konzernkritik, Adbusting\" \/>\n<meta property=\"article:published_time\" content=\"2010-05-04T08:19:21+00:00\" \/>\n<meta property=\"article:modified_time\" content=\"2010-11-27T17:54:16+00:00\" \/>\n<meta property=\"og:image\" content=\"http:\/\/konsumpf.de\/wp-content\/uploads\/2010\/05\/oil.jpg\" \/>\n<meta name=\"author\" content=\"Peter M.\" \/>\n<meta name=\"twitter:card\" content=\"summary_large_image\" \/>\n<meta name=\"twitter:label1\" content=\"Verfasst von\" \/>\n\t<meta name=\"twitter:data1\" content=\"Peter M.\" \/>\n\t<meta name=\"twitter:label2\" content=\"Gesch\u00e4tzte Lesezeit\" \/>\n\t<meta name=\"twitter:data2\" content=\"2\u00a0Minuten\" \/>\n<script type=\"application\/ld+json\" class=\"yoast-schema-graph\">{\"@context\":\"https:\/\/schema.org\",\"@graph\":[{\"@type\":\"WebPage\",\"@id\":\"https:\/\/konsumpf.de\/?p=7579\",\"url\":\"https:\/\/konsumpf.de\/?p=7579\",\"name\":\"\u00d6l, das stinkende Gold - Konsumpf - Forum f\u00fcr kreative Konsumkritik - Culture Jamming, Nachhaltigkeit, Konzernkritik, Adbusting\",\"isPartOf\":{\"@id\":\"https:\/\/konsumpf.de\/#website\"},\"primaryImageOfPage\":{\"@id\":\"https:\/\/konsumpf.de\/?p=7579#primaryimage\"},\"image\":{\"@id\":\"https:\/\/konsumpf.de\/?p=7579#primaryimage\"},\"thumbnailUrl\":\"http:\/\/konsumpf.de\/wp-content\/uploads\/2010\/05\/oil.jpg\",\"datePublished\":\"2010-05-04T08:19:21+00:00\",\"dateModified\":\"2010-11-27T17:54:16+00:00\",\"author\":{\"@id\":\"https:\/\/konsumpf.de\/#\/schema\/person\/e595a6d286b26994e7e0926d70699070\"},\"breadcrumb\":{\"@id\":\"https:\/\/konsumpf.de\/?p=7579#breadcrumb\"},\"inLanguage\":\"de\",\"potentialAction\":[{\"@type\":\"ReadAction\",\"target\":[\"https:\/\/konsumpf.de\/?p=7579\"]}]},{\"@type\":\"ImageObject\",\"inLanguage\":\"de\",\"@id\":\"https:\/\/konsumpf.de\/?p=7579#primaryimage\",\"url\":\"https:\/\/konsumpf.de\/wp-content\/uploads\/2010\/05\/oil.jpg\",\"contentUrl\":\"https:\/\/konsumpf.de\/wp-content\/uploads\/2010\/05\/oil.jpg\",\"width\":\"300\",\"height\":\"245\"},{\"@type\":\"BreadcrumbList\",\"@id\":\"https:\/\/konsumpf.de\/?p=7579#breadcrumb\",\"itemListElement\":[{\"@type\":\"ListItem\",\"position\":1,\"name\":\"Startseite\",\"item\":\"https:\/\/konsumpf.de\/\"},{\"@type\":\"ListItem\",\"position\":2,\"name\":\"\u00d6l, das stinkende Gold\"}]},{\"@type\":\"WebSite\",\"@id\":\"https:\/\/konsumpf.de\/#website\",\"url\":\"https:\/\/konsumpf.de\/\",\"name\":\"Konsumpf - Forum f\u00fcr kreative Konsumkritik - Culture Jamming, Nachhaltigkeit, Konzernkritik, Adbusting\",\"description\":\"\",\"potentialAction\":[{\"@type\":\"SearchAction\",\"target\":{\"@type\":\"EntryPoint\",\"urlTemplate\":\"https:\/\/konsumpf.de\/?s={search_term_string}\"},\"query-input\":{\"@type\":\"PropertyValueSpecification\",\"valueRequired\":true,\"valueName\":\"search_term_string\"}}],\"inLanguage\":\"de\"},{\"@type\":\"Person\",\"@id\":\"https:\/\/konsumpf.de\/#\/schema\/person\/e595a6d286b26994e7e0926d70699070\",\"name\":\"Peter M.\",\"sameAs\":[\"http:\/\/konsumpf.de\"]}]}<\/script>\n<!-- \/ Yoast SEO plugin. -->","yoast_head_json":{"title":"\u00d6l, das stinkende Gold - Konsumpf - Forum f\u00fcr kreative Konsumkritik - Culture Jamming, Nachhaltigkeit, Konzernkritik, Adbusting","robots":{"index":"index","follow":"follow","max-snippet":"max-snippet:-1","max-image-preview":"max-image-preview:large","max-video-preview":"max-video-preview:-1"},"canonical":"https:\/\/konsumpf.de\/?p=7579","og_locale":"de_DE","og_type":"article","og_title":"\u00d6l, das stinkende Gold - Konsumpf - Forum f\u00fcr kreative Konsumkritik - Culture Jamming, Nachhaltigkeit, Konzernkritik, Adbusting","og_description":"Im Konsumpf alle Umweltkatastrophen und -sauereien anzusprechen, die im Zusammenhang mit unserer Art des Wirtschaftens und Konsumierens fast logisch geschehen, w\u00fcrde den Rahmen des Blogs bei weitem sprengen. Aber gestern machte mich mo von als-ob-leben auf einen Artikel in seinem Blog aufmerksam, den ich Euch auch ans Herz legen m\u00f6chte: \u201eDas schwarze Gift \u2013 von [&hellip;]","og_url":"https:\/\/konsumpf.de\/?p=7579","og_site_name":"Konsumpf - Forum f\u00fcr kreative Konsumkritik - Culture Jamming, Nachhaltigkeit, Konzernkritik, Adbusting","article_published_time":"2010-05-04T08:19:21+00:00","article_modified_time":"2010-11-27T17:54:16+00:00","og_image":[{"url":"http:\/\/konsumpf.de\/wp-content\/uploads\/2010\/05\/oil.jpg","type":"","width":"","height":""}],"author":"Peter M.","twitter_card":"summary_large_image","twitter_misc":{"Verfasst von":"Peter M.","Gesch\u00e4tzte Lesezeit":"2\u00a0Minuten"},"schema":{"@context":"https:\/\/schema.org","@graph":[{"@type":"WebPage","@id":"https:\/\/konsumpf.de\/?p=7579","url":"https:\/\/konsumpf.de\/?p=7579","name":"\u00d6l, das stinkende Gold - Konsumpf - Forum f\u00fcr kreative Konsumkritik - Culture Jamming, Nachhaltigkeit, Konzernkritik, Adbusting","isPartOf":{"@id":"https:\/\/konsumpf.de\/#website"},"primaryImageOfPage":{"@id":"https:\/\/konsumpf.de\/?p=7579#primaryimage"},"image":{"@id":"https:\/\/konsumpf.de\/?p=7579#primaryimage"},"thumbnailUrl":"http:\/\/konsumpf.de\/wp-content\/uploads\/2010\/05\/oil.jpg","datePublished":"2010-05-04T08:19:21+00:00","dateModified":"2010-11-27T17:54:16+00:00","author":{"@id":"https:\/\/konsumpf.de\/#\/schema\/person\/e595a6d286b26994e7e0926d70699070"},"breadcrumb":{"@id":"https:\/\/konsumpf.de\/?p=7579#breadcrumb"},"inLanguage":"de","potentialAction":[{"@type":"ReadAction","target":["https:\/\/konsumpf.de\/?p=7579"]}]},{"@type":"ImageObject","inLanguage":"de","@id":"https:\/\/konsumpf.de\/?p=7579#primaryimage","url":"https:\/\/konsumpf.de\/wp-content\/uploads\/2010\/05\/oil.jpg","contentUrl":"https:\/\/konsumpf.de\/wp-content\/uploads\/2010\/05\/oil.jpg","width":"300","height":"245"},{"@type":"BreadcrumbList","@id":"https:\/\/konsumpf.de\/?p=7579#breadcrumb","itemListElement":[{"@type":"ListItem","position":1,"name":"Startseite","item":"https:\/\/konsumpf.de\/"},{"@type":"ListItem","position":2,"name":"\u00d6l, das stinkende Gold"}]},{"@type":"WebSite","@id":"https:\/\/konsumpf.de\/#website","url":"https:\/\/konsumpf.de\/","name":"Konsumpf - Forum f\u00fcr kreative Konsumkritik - Culture Jamming, Nachhaltigkeit, Konzernkritik, Adbusting","description":"","potentialAction":[{"@type":"SearchAction","target":{"@type":"EntryPoint","urlTemplate":"https:\/\/konsumpf.de\/?s={search_term_string}"},"query-input":{"@type":"PropertyValueSpecification","valueRequired":true,"valueName":"search_term_string"}}],"inLanguage":"de"},{"@type":"Person","@id":"https:\/\/konsumpf.de\/#\/schema\/person\/e595a6d286b26994e7e0926d70699070","name":"Peter M.","sameAs":["http:\/\/konsumpf.de"]}]}},"_links":{"self":[{"href":"https:\/\/konsumpf.de\/index.php?rest_route=\/wp\/v2\/posts\/7579"}],"collection":[{"href":"https:\/\/konsumpf.de\/index.php?rest_route=\/wp\/v2\/posts"}],"about":[{"href":"https:\/\/konsumpf.de\/index.php?rest_route=\/wp\/v2\/types\/post"}],"author":[{"embeddable":true,"href":"https:\/\/konsumpf.de\/index.php?rest_route=\/wp\/v2\/users\/1"}],"replies":[{"embeddable":true,"href":"https:\/\/konsumpf.de\/index.php?rest_route=%2Fwp%2Fv2%2Fcomments&post=7579"}],"version-history":[{"count":12,"href":"https:\/\/konsumpf.de\/index.php?rest_route=\/wp\/v2\/posts\/7579\/revisions"}],"predecessor-version":[{"id":10095,"href":"https:\/\/konsumpf.de\/index.php?rest_route=\/wp\/v2\/posts\/7579\/revisions\/10095"}],"wp:attachment":[{"href":"https:\/\/konsumpf.de\/index.php?rest_route=%2Fwp%2Fv2%2Fmedia&parent=7579"}],"wp:term":[{"taxonomy":"category","embeddable":true,"href":"https:\/\/konsumpf.de\/index.php?rest_route=%2Fwp%2Fv2%2Fcategories&post=7579"},{"taxonomy":"post_tag","embeddable":true,"href":"https:\/\/konsumpf.de\/index.php?rest_route=%2Fwp%2Fv2%2Ftags&post=7579"}],"curies":[{"name":"wp","href":"https:\/\/api.w.org\/{rel}","templated":true}]}}