{"id":7530,"date":"2010-04-27T10:00:23","date_gmt":"2010-04-27T08:00:23","guid":{"rendered":"http:\/\/konsumpf.de\/?p=7530"},"modified":"2010-04-28T11:57:44","modified_gmt":"2010-04-28T09:57:44","slug":"zott-%e2%80%9egewinnt%e2%80%9c-den-goldenen-windbeutel-2010-und-die-kommerzialisierung-der-sozialen-netzwerke","status":"publish","type":"post","link":"https:\/\/konsumpf.de\/?p=7530","title":{"rendered":"Zott \u201egewinnt\u201c den Goldenen Windbeutel 2010 und die Komplett-Kommerzialisierung der Sozialen Netzwerke"},"content":{"rendered":"<p><a href=\"http:\/\/konsumpf.de\/wp-content\/uploads\/2010\/04\/monte-drink_windbeutel_186x4101.jpg\"><img loading=\"lazy\" decoding=\"async\" class=\"alignright size-full wp-image-7537\" title=\"monte-drink_windbeutel_186x4101\" src=\"http:\/\/konsumpf.de\/wp-content\/uploads\/2010\/04\/monte-drink_windbeutel_186x4101.jpg\" alt=\"monte-drink_windbeutel_186x4101\" width=\"101\" height=\"224\" \/><\/a>Da trifft es auf jeden Fall den Richtigen \u2013 der \u00fcberzuckerte Monte Drink von <strong>Zott<\/strong> hat die Wahl zum <a href=\"http:\/\/www.abgespeist.de\/monte\/mitmachen\/beschwerde_e_mail_an_zott_windbeutel\/index_ger.html\"><strong>Goldenen Windbeutel 2010<\/strong><\/a>, der dreistesten Werbel\u00fcge, \u201egewonnen\u201c \u2013 herzlichen Gl\u00fcckwunsch!<\/p>\n<blockquote><p>Das Ergebnis ist eindeutig: 81.451 Verbraucher beteiligten sich an der  Wahl zur dreistesten Werbel\u00fcge des Jahres, und 37,5% stimmten f\u00fcr den  \u201eMonte Drink\u201c von Zott. Damit erh\u00e4lt die Gro\u00dfmolkerei aus dem  bayerischen Mertingen den Goldenen Windbeutel 2010. Und das aus gutem  Grund, denn Zott suggeriert Verbrauchern, bei Monte handele es sich um  ein gesundes und ausgewogenes Produkt und einen \u201eidealen Begleiter f\u00fcr  Schule und Freizeit\u201c. In Wahrheit aber steckt in dem \u201eMilchmischgetr\u00e4nk\u201c  vor allem eines: jede Menge Zucker. Umgerechnet 8 St\u00fcck W\u00fcrfelzucker  enth\u00e4lt ein Fl\u00e4schchen Monte \u2013 mehr als die gleiche Menge Cola. Den  Hersteller st\u00f6rt das nicht: Zott jubelt Eltern eine Zuckerbombe, die  dazu noch mit Aroma und Zusatzstoffen aufgepeppt ist, als  Zwischenmahlzeit f\u00fcr Kinder unter \u2013 unversch\u00e4mter kann man nicht  t\u00e4uschen.<\/p>\n<p>Am 23. April 2010 hat Zott anl\u00e4sslich der Verleihung des Goldenen  Windbeutels angek\u00fcndigt, Rezeptur und Aufmachung von Monte Drink \u00e4ndern  zu wollen.<\/p><\/blockquote>\n<p>Die mittlereweile nicht mehr ganz so neuen gro\u00dfen Websites des Web 2.0-Zeitalters \u2013 allen voran Facebook, Twitter und Myspace \u2013 boomen wie nie zuvor. Es geh\u00f6rt immer st\u00e4rker zum \u201eguten Ton\u201c, auch eine Facebookseite zu haben (wozu auch immer die gut sein soll). Im Hintergrund dieser ganzen Usereuphorie spielen sich allerdings die in unserem Wirtschaftssystem \u00fcblichen Prozesse ab: es geht um das kommerzielle Ausschlachten der Userinteressen, darum, m\u00f6glichst fr\u00fch einen m\u00f6glichst gro\u00dfen Marktanteil zu sichern und auch in diesem Medium eine weitere Plattform zu entwickeln, die dem Abverkauf von Produkten und Images dient. Deshalb kann es gar nicht schaden, mal einen Blick auf die \u201eandere Seite\u201c zu werfen, beispielsweise in den erfrischend offenherzigen Artikel \u201e<a href=\"http:\/\/de.finance.yahoo.com\/nachrichten\/das-vglein-twitter-wird-flgge-ftd-c88dfd2a0f26.html\"><strong>Kurzreklame: Das V\u00f6glein Twitter wird fl\u00fcgge<\/strong><\/a>\u201c in der Financial Times Deutschland. Nat\u00fcrlich erwartet man von der FTD keine Analyse der sozialen Komponenten des Internets, dennoch lese ich solche Texte mit gro\u00dfem Unbehagen und Befremden:<\/p>\n<blockquote><p>[&#8230;] Die Werbebranche erkennt langsam den Nutzen der bisher wenig profitablen  Netzwerke, zu denen etwa auch Myspace geh\u00f6rt. [&#8230;] Investoren sind daher \u00fcberzeugt, dass den reichweitenstarken Netzwerken  k\u00fcnftig ein Milliardengesch\u00e4ft sicher ist. [&#8230;]<\/p>\n<p><span class=\"icon markets inline\">Pepsi<span class=\"icon\"> <\/span><\/span> und Co. setzen  verst\u00e4rkt auf das sogenannte virale Marketing, auf eine Werbeform also,  bei der sich Botschaften allein \u00fcber die Kommunikation der Nutzer wie  ein Lauffeuer verbreiten. &#8220;Auf Twitter und anderen Netzwerken geht es  weniger um die direkte Produktwerbung als um Imagepflege&#8221; [&#8230;]. Das seien  teilweise neue Formen der Unternehmenskommunikation. [&#8230;]<\/p>\n<p>[&#8230;] Marktneuling Twitter, gesch\u00e4tzter Unternehmenswert bislang rund 1 Mrd.  $, hat nun am Dienstag erste Pl\u00e4ne f\u00fcr das Onlinewerbegesch\u00e4ft  ver\u00f6ffentlicht &#8211; und dabei gleich eine Reihe namhafter Kunden  pr\u00e4sentiert: Die weltweit gr\u00f6\u00dfte Kaffeehauskette <span class=\"icon markets  inline\">Starbucks<span class=\"icon\"> <\/span><\/span>, der gr\u00f6\u00dfte  US-Elektronikh\u00e4ndler <span class=\"icon markets inline\">Best Buy<\/span> sowie die  Fluggesellschaft Virgin America bezahlen Twitter ab sofort f\u00fcr den  Vertrieb ihrer Botschaften. [&#8230;]<\/p><\/blockquote>\n<p>Bei der Gelegenheit, als\u00a0 kleiner Kontrast zur Totalreklame noch ein Fernsehtipp: heute Abend von 20:15\u201321:45 Uhr im <strong>ZDF<\/strong> der Doku-Spielfilm \u201e<a href=\"http:\/\/dutschke.zdf.de\/ZDFde\/inhalt\/12\/0,1872,8049644,00.html?dr=1\"><strong>Dutschke<\/strong><\/a>\u201c.<\/p>\n<h3 class='related_post_title'>Verwandte Beitr\u00e4ge:<\/h3><ul class='related_post'><li><a href=\"http:\/\/konsumpf.de\/?p=7355\" title=\"Web 2.0 Suicide Machine\">Web 2.0 Suicide Machine<\/a><\/li><li><a href=\"http:\/\/konsumpf.de\/?p=8766\" title=\"Lesetipps: I Can Stalk U \/ Leihen statt kaufen (Nachbarschaftshilfe im Netz) \/ Arbeit macht das Leben s\u00fc\u00df?\">Lesetipps: I Can Stalk U \/ Leihen statt kaufen (Nachbarschaftshilfe im Netz) \/ Arbeit macht das Leben s\u00fc\u00df?<\/a><\/li><li><a href=\"http:\/\/konsumpf.de\/?p=8369\" title=\"Willkommen bei Facebook\">Willkommen bei Facebook<\/a><\/li><li><a href=\"http:\/\/konsumpf.de\/?p=3203\" title=\"Der Goldene Windbeutel 2009 \u2013 Die Wahl zur dreistesten Werbel\u00fcge\">Der Goldene Windbeutel 2009 \u2013 Die Wahl zur dreistesten Werbel\u00fcge<\/a><\/li><li><a href=\"http:\/\/konsumpf.de\/?p=15404\" title=\"Mein Leben als Werbefl\u00e4che: Youtube und die Generation Z\">Mein Leben als Werbefl\u00e4che: Youtube und die Generation Z<\/a><\/li><\/ul>","protected":false},"excerpt":{"rendered":"<p>Da trifft es auf jeden Fall den Richtigen \u2013 der \u00fcberzuckerte Monte Drink von Zott hat die Wahl zum Goldenen Windbeutel 2010, der dreistesten Werbel\u00fcge, \u201egewonnen\u201c \u2013 herzlichen Gl\u00fcckwunsch! Das Ergebnis ist eindeutig: 81.451 Verbraucher beteiligten sich an der Wahl zur dreistesten Werbel\u00fcge des Jahres, und 37,5% stimmten f\u00fcr den \u201eMonte Drink\u201c von Zott. Damit [&hellip;]<\/p>\n","protected":false},"author":1,"featured_media":0,"comment_status":"open","ping_status":"open","sticky":false,"template":"","format":"standard","meta":{"footnotes":""},"categories":[256,265,20,78],"tags":[254,179,255,2882,2867,1327,1326,1254,552,1375],"yoast_head":"<!-- This site is optimized with the Yoast SEO plugin v24.4 - https:\/\/yoast.com\/wordpress\/plugins\/seo\/ -->\n<title>Zott \u201egewinnt\u201c den Goldenen Windbeutel 2010 und die Komplett-Kommerzialisierung der Sozialen Netzwerke - Konsumpf - Forum f\u00fcr kreative Konsumkritik - Culture Jamming, Nachhaltigkeit, Konzernkritik, Adbusting<\/title>\n<meta name=\"robots\" content=\"index, follow, max-snippet:-1, max-image-preview:large, max-video-preview:-1\" \/>\n<link rel=\"canonical\" href=\"https:\/\/konsumpf.de\/?p=7530\" \/>\n<meta property=\"og:locale\" content=\"de_DE\" \/>\n<meta property=\"og:type\" content=\"article\" \/>\n<meta property=\"og:title\" content=\"Zott \u201egewinnt\u201c den Goldenen Windbeutel 2010 und die Komplett-Kommerzialisierung der Sozialen Netzwerke - Konsumpf - Forum f\u00fcr kreative Konsumkritik - Culture Jamming, Nachhaltigkeit, Konzernkritik, Adbusting\" \/>\n<meta property=\"og:description\" content=\"Da trifft es auf jeden Fall den Richtigen \u2013 der \u00fcberzuckerte Monte Drink von Zott hat die Wahl zum Goldenen Windbeutel 2010, der dreistesten Werbel\u00fcge, \u201egewonnen\u201c \u2013 herzlichen Gl\u00fcckwunsch! Das Ergebnis ist eindeutig: 81.451 Verbraucher beteiligten sich an der Wahl zur dreistesten Werbel\u00fcge des Jahres, und 37,5% stimmten f\u00fcr den \u201eMonte Drink\u201c von Zott. Damit [&hellip;]\" \/>\n<meta property=\"og:url\" content=\"https:\/\/konsumpf.de\/?p=7530\" \/>\n<meta property=\"og:site_name\" content=\"Konsumpf - Forum f\u00fcr kreative Konsumkritik - Culture Jamming, Nachhaltigkeit, Konzernkritik, Adbusting\" \/>\n<meta property=\"article:published_time\" content=\"2010-04-27T08:00:23+00:00\" \/>\n<meta property=\"article:modified_time\" content=\"2010-04-28T09:57:44+00:00\" \/>\n<meta property=\"og:image\" content=\"http:\/\/konsumpf.de\/wp-content\/uploads\/2010\/04\/monte-drink_windbeutel_186x4101.jpg\" \/>\n<meta name=\"author\" content=\"Peter M.\" \/>\n<meta name=\"twitter:card\" content=\"summary_large_image\" \/>\n<meta name=\"twitter:label1\" content=\"Verfasst von\" \/>\n\t<meta name=\"twitter:data1\" content=\"Peter M.\" \/>\n\t<meta name=\"twitter:label2\" content=\"Gesch\u00e4tzte Lesezeit\" \/>\n\t<meta name=\"twitter:data2\" content=\"3\u00a0Minuten\" \/>\n<script type=\"application\/ld+json\" class=\"yoast-schema-graph\">{\"@context\":\"https:\/\/schema.org\",\"@graph\":[{\"@type\":\"WebPage\",\"@id\":\"https:\/\/konsumpf.de\/?p=7530\",\"url\":\"https:\/\/konsumpf.de\/?p=7530\",\"name\":\"Zott \u201egewinnt\u201c den Goldenen Windbeutel 2010 und die Komplett-Kommerzialisierung der Sozialen Netzwerke - Konsumpf - Forum f\u00fcr kreative Konsumkritik - Culture Jamming, Nachhaltigkeit, Konzernkritik, Adbusting\",\"isPartOf\":{\"@id\":\"https:\/\/konsumpf.de\/#website\"},\"primaryImageOfPage\":{\"@id\":\"https:\/\/konsumpf.de\/?p=7530#primaryimage\"},\"image\":{\"@id\":\"https:\/\/konsumpf.de\/?p=7530#primaryimage\"},\"thumbnailUrl\":\"http:\/\/konsumpf.de\/wp-content\/uploads\/2010\/04\/monte-drink_windbeutel_186x4101.jpg\",\"datePublished\":\"2010-04-27T08:00:23+00:00\",\"dateModified\":\"2010-04-28T09:57:44+00:00\",\"author\":{\"@id\":\"https:\/\/konsumpf.de\/#\/schema\/person\/e595a6d286b26994e7e0926d70699070\"},\"breadcrumb\":{\"@id\":\"https:\/\/konsumpf.de\/?p=7530#breadcrumb\"},\"inLanguage\":\"de\",\"potentialAction\":[{\"@type\":\"ReadAction\",\"target\":[\"https:\/\/konsumpf.de\/?p=7530\"]}]},{\"@type\":\"ImageObject\",\"inLanguage\":\"de\",\"@id\":\"https:\/\/konsumpf.de\/?p=7530#primaryimage\",\"url\":\"https:\/\/konsumpf.de\/wp-content\/uploads\/2010\/04\/monte-drink_windbeutel_186x4101.jpg\",\"contentUrl\":\"https:\/\/konsumpf.de\/wp-content\/uploads\/2010\/04\/monte-drink_windbeutel_186x4101.jpg\",\"width\":\"116\",\"height\":\"257\"},{\"@type\":\"BreadcrumbList\",\"@id\":\"https:\/\/konsumpf.de\/?p=7530#breadcrumb\",\"itemListElement\":[{\"@type\":\"ListItem\",\"position\":1,\"name\":\"Startseite\",\"item\":\"https:\/\/konsumpf.de\/\"},{\"@type\":\"ListItem\",\"position\":2,\"name\":\"Zott \u201egewinnt\u201c den Goldenen Windbeutel 2010 und die Komplett-Kommerzialisierung der Sozialen Netzwerke\"}]},{\"@type\":\"WebSite\",\"@id\":\"https:\/\/konsumpf.de\/#website\",\"url\":\"https:\/\/konsumpf.de\/\",\"name\":\"Konsumpf - Forum f\u00fcr kreative Konsumkritik - Culture Jamming, Nachhaltigkeit, Konzernkritik, Adbusting\",\"description\":\"\",\"potentialAction\":[{\"@type\":\"SearchAction\",\"target\":{\"@type\":\"EntryPoint\",\"urlTemplate\":\"https:\/\/konsumpf.de\/?s={search_term_string}\"},\"query-input\":{\"@type\":\"PropertyValueSpecification\",\"valueRequired\":true,\"valueName\":\"search_term_string\"}}],\"inLanguage\":\"de\"},{\"@type\":\"Person\",\"@id\":\"https:\/\/konsumpf.de\/#\/schema\/person\/e595a6d286b26994e7e0926d70699070\",\"name\":\"Peter M.\",\"sameAs\":[\"http:\/\/konsumpf.de\"]}]}<\/script>\n<!-- \/ Yoast SEO plugin. -->","yoast_head_json":{"title":"Zott \u201egewinnt\u201c den Goldenen Windbeutel 2010 und die Komplett-Kommerzialisierung der Sozialen Netzwerke - Konsumpf - Forum f\u00fcr kreative Konsumkritik - Culture Jamming, Nachhaltigkeit, Konzernkritik, Adbusting","robots":{"index":"index","follow":"follow","max-snippet":"max-snippet:-1","max-image-preview":"max-image-preview:large","max-video-preview":"max-video-preview:-1"},"canonical":"https:\/\/konsumpf.de\/?p=7530","og_locale":"de_DE","og_type":"article","og_title":"Zott \u201egewinnt\u201c den Goldenen Windbeutel 2010 und die Komplett-Kommerzialisierung der Sozialen Netzwerke - Konsumpf - Forum f\u00fcr kreative Konsumkritik - Culture Jamming, Nachhaltigkeit, Konzernkritik, Adbusting","og_description":"Da trifft es auf jeden Fall den Richtigen \u2013 der \u00fcberzuckerte Monte Drink von Zott hat die Wahl zum Goldenen Windbeutel 2010, der dreistesten Werbel\u00fcge, \u201egewonnen\u201c \u2013 herzlichen Gl\u00fcckwunsch! Das Ergebnis ist eindeutig: 81.451 Verbraucher beteiligten sich an der Wahl zur dreistesten Werbel\u00fcge des Jahres, und 37,5% stimmten f\u00fcr den \u201eMonte Drink\u201c von Zott. Damit [&hellip;]","og_url":"https:\/\/konsumpf.de\/?p=7530","og_site_name":"Konsumpf - Forum f\u00fcr kreative Konsumkritik - Culture Jamming, Nachhaltigkeit, Konzernkritik, Adbusting","article_published_time":"2010-04-27T08:00:23+00:00","article_modified_time":"2010-04-28T09:57:44+00:00","og_image":[{"url":"http:\/\/konsumpf.de\/wp-content\/uploads\/2010\/04\/monte-drink_windbeutel_186x4101.jpg","type":"","width":"","height":""}],"author":"Peter M.","twitter_card":"summary_large_image","twitter_misc":{"Verfasst von":"Peter M.","Gesch\u00e4tzte Lesezeit":"3\u00a0Minuten"},"schema":{"@context":"https:\/\/schema.org","@graph":[{"@type":"WebPage","@id":"https:\/\/konsumpf.de\/?p=7530","url":"https:\/\/konsumpf.de\/?p=7530","name":"Zott \u201egewinnt\u201c den Goldenen Windbeutel 2010 und die Komplett-Kommerzialisierung der Sozialen Netzwerke - Konsumpf - Forum f\u00fcr kreative Konsumkritik - Culture Jamming, Nachhaltigkeit, Konzernkritik, Adbusting","isPartOf":{"@id":"https:\/\/konsumpf.de\/#website"},"primaryImageOfPage":{"@id":"https:\/\/konsumpf.de\/?p=7530#primaryimage"},"image":{"@id":"https:\/\/konsumpf.de\/?p=7530#primaryimage"},"thumbnailUrl":"http:\/\/konsumpf.de\/wp-content\/uploads\/2010\/04\/monte-drink_windbeutel_186x4101.jpg","datePublished":"2010-04-27T08:00:23+00:00","dateModified":"2010-04-28T09:57:44+00:00","author":{"@id":"https:\/\/konsumpf.de\/#\/schema\/person\/e595a6d286b26994e7e0926d70699070"},"breadcrumb":{"@id":"https:\/\/konsumpf.de\/?p=7530#breadcrumb"},"inLanguage":"de","potentialAction":[{"@type":"ReadAction","target":["https:\/\/konsumpf.de\/?p=7530"]}]},{"@type":"ImageObject","inLanguage":"de","@id":"https:\/\/konsumpf.de\/?p=7530#primaryimage","url":"https:\/\/konsumpf.de\/wp-content\/uploads\/2010\/04\/monte-drink_windbeutel_186x4101.jpg","contentUrl":"https:\/\/konsumpf.de\/wp-content\/uploads\/2010\/04\/monte-drink_windbeutel_186x4101.jpg","width":"116","height":"257"},{"@type":"BreadcrumbList","@id":"https:\/\/konsumpf.de\/?p=7530#breadcrumb","itemListElement":[{"@type":"ListItem","position":1,"name":"Startseite","item":"https:\/\/konsumpf.de\/"},{"@type":"ListItem","position":2,"name":"Zott \u201egewinnt\u201c den Goldenen Windbeutel 2010 und die Komplett-Kommerzialisierung der Sozialen Netzwerke"}]},{"@type":"WebSite","@id":"https:\/\/konsumpf.de\/#website","url":"https:\/\/konsumpf.de\/","name":"Konsumpf - Forum f\u00fcr kreative Konsumkritik - Culture Jamming, Nachhaltigkeit, Konzernkritik, Adbusting","description":"","potentialAction":[{"@type":"SearchAction","target":{"@type":"EntryPoint","urlTemplate":"https:\/\/konsumpf.de\/?s={search_term_string}"},"query-input":{"@type":"PropertyValueSpecification","valueRequired":true,"valueName":"search_term_string"}}],"inLanguage":"de"},{"@type":"Person","@id":"https:\/\/konsumpf.de\/#\/schema\/person\/e595a6d286b26994e7e0926d70699070","name":"Peter M.","sameAs":["http:\/\/konsumpf.de"]}]}},"_links":{"self":[{"href":"https:\/\/konsumpf.de\/index.php?rest_route=\/wp\/v2\/posts\/7530"}],"collection":[{"href":"https:\/\/konsumpf.de\/index.php?rest_route=\/wp\/v2\/posts"}],"about":[{"href":"https:\/\/konsumpf.de\/index.php?rest_route=\/wp\/v2\/types\/post"}],"author":[{"embeddable":true,"href":"https:\/\/konsumpf.de\/index.php?rest_route=\/wp\/v2\/users\/1"}],"replies":[{"embeddable":true,"href":"https:\/\/konsumpf.de\/index.php?rest_route=%2Fwp%2Fv2%2Fcomments&post=7530"}],"version-history":[{"count":7,"href":"https:\/\/konsumpf.de\/index.php?rest_route=\/wp\/v2\/posts\/7530\/revisions"}],"predecessor-version":[{"id":7541,"href":"https:\/\/konsumpf.de\/index.php?rest_route=\/wp\/v2\/posts\/7530\/revisions\/7541"}],"wp:attachment":[{"href":"https:\/\/konsumpf.de\/index.php?rest_route=%2Fwp%2Fv2%2Fmedia&parent=7530"}],"wp:term":[{"taxonomy":"category","embeddable":true,"href":"https:\/\/konsumpf.de\/index.php?rest_route=%2Fwp%2Fv2%2Fcategories&post=7530"},{"taxonomy":"post_tag","embeddable":true,"href":"https:\/\/konsumpf.de\/index.php?rest_route=%2Fwp%2Fv2%2Ftags&post=7530"}],"curies":[{"name":"wp","href":"https:\/\/api.w.org\/{rel}","templated":true}]}}