{"id":7429,"date":"2010-04-13T10:04:50","date_gmt":"2010-04-13T08:04:50","guid":{"rendered":"http:\/\/konsumpf.de\/?p=7429"},"modified":"2010-04-12T13:05:02","modified_gmt":"2010-04-12T11:05:02","slug":"umfrage-zu-fairtrade-bekleidung","status":"publish","type":"post","link":"https:\/\/konsumpf.de\/?p=7429","title":{"rendered":"Umfrage zu Fairtrade-Bekleidung"},"content":{"rendered":"<p>Da ich jungen aufstrebenden Menschen, die im Bereich der Nachhaltigkeit etc. unterwegs sind, gerne helfe, m\u00f6chte ich Euch heute diese Umfrage von Katharina Reisch ans Herz legen \u2013 macht doch einfach mit, die Teilnahme ist anonym und man muss weder Namen oder E-Mailadresse o.\u00e4. angeben.<\/p>\n<blockquote><p>Mein Name ist Katharina Reisch und ich studiere &#8220;Textile and Clothing Management&#8221; in der Hochschule Niederrhein. Im Rahmen meiner Bachelorarbeit f\u00fchre ich eine Befragung zum Thema Fairtrade-Bekleidung und Nachhaltigkeit durch. Diese Umfrage ist ein bedeutender Teil meiner Bachelorarbeit, ein Bestandteil der Marktanalyse f\u00fcr ein Berliner Start-Up Unternehmen f\u00fcr Fair-Trade Freizeitbekleidung.<\/p>\n<p>Hierbei bin ich auf Ihre Mithilfe angewiesen und bitte Sie daher herzlich um Ihre Unterst\u00fctzung! Die Teilnahme wird ca. 6 Minuten in Anspruch nehmen. Allein Ihre pers\u00f6nliche Meinung z\u00e4hlt daher gibt es kein Richtig oder Falsch. W\u00e4hlen Sie einfach eine Antwort aus, die Ihrer Ansicht nach am n\u00e4chsten kommt. Selbstverst\u00e4ndlich werden Ihre Daten streng vertraulich und anonym behandelt.<\/p>\n<p>Hier geht es zu der Online-Umfrage: <a href=\"http:\/\/www.wtg01.net\/sv.php?I=AONIGFJO9DO6:1270888185\">http:\/\/www.wtg01.net\/sv.php?I=AONIGFJO9DO6:1270888185<\/a><\/p>\n<p>Ich bedanke mich herzlich f\u00fcr Ihre Unterst\u00fctzung!<\/p><\/blockquote>\n<h3 class='related_post_title'>Verwandte Beitr\u00e4ge:<\/h3><ul class='related_post'><li><a href=\"http:\/\/konsumpf.de\/?p=14937\" title=\"Billig. Billiger. Banane.\">Billig. Billiger. Banane.<\/a><\/li><li><a href=\"http:\/\/konsumpf.de\/?p=13417\" title=\"Die Altkleider-L\u00fcge\">Die Altkleider-L\u00fcge<\/a><\/li><li><a href=\"http:\/\/konsumpf.de\/?p=13012\" title=\"Keine Ausbeutung mit Steuergeldern\">Keine Ausbeutung mit Steuergeldern<\/a><\/li><li><a href=\"http:\/\/konsumpf.de\/?p=13010\" title=\"Billige Klamotten\">Billige Klamotten<\/a><\/li><li><a href=\"http:\/\/konsumpf.de\/?p=12920\" title=\"Sorry, George \u2013 No Nespresso\">Sorry, George \u2013 No Nespresso<\/a><\/li><\/ul>","protected":false},"excerpt":{"rendered":"<p>Da ich jungen aufstrebenden Menschen, die im Bereich der Nachhaltigkeit etc. unterwegs sind, gerne helfe, m\u00f6chte ich Euch heute diese Umfrage von Katharina Reisch ans Herz legen \u2013 macht doch einfach mit, die Teilnahme ist anonym und man muss weder Namen oder E-Mailadresse o.\u00e4. angeben. Mein Name ist Katharina Reisch und ich studiere &#8220;Textile and [&hellip;]<\/p>\n","protected":false},"author":1,"featured_media":0,"comment_status":"open","ping_status":"open","sticky":false,"template":"","format":"standard","meta":{"footnotes":""},"categories":[54],"tags":[1343,195,1342],"yoast_head":"<!-- This site is optimized with the Yoast SEO plugin v24.4 - https:\/\/yoast.com\/wordpress\/plugins\/seo\/ -->\n<title>Umfrage zu Fairtrade-Bekleidung - Konsumpf - Forum f\u00fcr kreative Konsumkritik - Culture Jamming, Nachhaltigkeit, Konzernkritik, Adbusting<\/title>\n<meta name=\"robots\" content=\"index, follow, max-snippet:-1, max-image-preview:large, max-video-preview:-1\" \/>\n<link rel=\"canonical\" href=\"https:\/\/konsumpf.de\/?p=7429\" \/>\n<meta property=\"og:locale\" content=\"de_DE\" \/>\n<meta property=\"og:type\" content=\"article\" \/>\n<meta property=\"og:title\" content=\"Umfrage zu Fairtrade-Bekleidung - Konsumpf - Forum f\u00fcr kreative Konsumkritik - Culture Jamming, Nachhaltigkeit, Konzernkritik, Adbusting\" \/>\n<meta property=\"og:description\" content=\"Da ich jungen aufstrebenden Menschen, die im Bereich der Nachhaltigkeit etc. unterwegs sind, gerne helfe, m\u00f6chte ich Euch heute diese Umfrage von Katharina Reisch ans Herz legen \u2013 macht doch einfach mit, die Teilnahme ist anonym und man muss weder Namen oder E-Mailadresse o.\u00e4. angeben. Mein Name ist Katharina Reisch und ich studiere &#8220;Textile and [&hellip;]\" \/>\n<meta property=\"og:url\" content=\"https:\/\/konsumpf.de\/?p=7429\" \/>\n<meta property=\"og:site_name\" content=\"Konsumpf - Forum f\u00fcr kreative Konsumkritik - Culture Jamming, Nachhaltigkeit, Konzernkritik, Adbusting\" \/>\n<meta property=\"article:published_time\" content=\"2010-04-13T08:04:50+00:00\" \/>\n<meta name=\"author\" content=\"Peter M.\" \/>\n<meta name=\"twitter:card\" content=\"summary_large_image\" \/>\n<meta name=\"twitter:label1\" content=\"Verfasst von\" \/>\n\t<meta name=\"twitter:data1\" content=\"Peter M.\" \/>\n\t<meta name=\"twitter:label2\" content=\"Gesch\u00e4tzte Lesezeit\" \/>\n\t<meta name=\"twitter:data2\" content=\"1\u00a0Minute\" \/>\n<script type=\"application\/ld+json\" class=\"yoast-schema-graph\">{\"@context\":\"https:\/\/schema.org\",\"@graph\":[{\"@type\":\"WebPage\",\"@id\":\"https:\/\/konsumpf.de\/?p=7429\",\"url\":\"https:\/\/konsumpf.de\/?p=7429\",\"name\":\"Umfrage zu Fairtrade-Bekleidung - Konsumpf - Forum f\u00fcr kreative Konsumkritik - Culture Jamming, Nachhaltigkeit, Konzernkritik, Adbusting\",\"isPartOf\":{\"@id\":\"https:\/\/konsumpf.de\/#website\"},\"datePublished\":\"2010-04-13T08:04:50+00:00\",\"author\":{\"@id\":\"https:\/\/konsumpf.de\/#\/schema\/person\/e595a6d286b26994e7e0926d70699070\"},\"breadcrumb\":{\"@id\":\"https:\/\/konsumpf.de\/?p=7429#breadcrumb\"},\"inLanguage\":\"de\",\"potentialAction\":[{\"@type\":\"ReadAction\",\"target\":[\"https:\/\/konsumpf.de\/?p=7429\"]}]},{\"@type\":\"BreadcrumbList\",\"@id\":\"https:\/\/konsumpf.de\/?p=7429#breadcrumb\",\"itemListElement\":[{\"@type\":\"ListItem\",\"position\":1,\"name\":\"Startseite\",\"item\":\"https:\/\/konsumpf.de\/\"},{\"@type\":\"ListItem\",\"position\":2,\"name\":\"Umfrage zu Fairtrade-Bekleidung\"}]},{\"@type\":\"WebSite\",\"@id\":\"https:\/\/konsumpf.de\/#website\",\"url\":\"https:\/\/konsumpf.de\/\",\"name\":\"Konsumpf - Forum f\u00fcr kreative Konsumkritik - Culture Jamming, Nachhaltigkeit, Konzernkritik, Adbusting\",\"description\":\"\",\"potentialAction\":[{\"@type\":\"SearchAction\",\"target\":{\"@type\":\"EntryPoint\",\"urlTemplate\":\"https:\/\/konsumpf.de\/?s={search_term_string}\"},\"query-input\":{\"@type\":\"PropertyValueSpecification\",\"valueRequired\":true,\"valueName\":\"search_term_string\"}}],\"inLanguage\":\"de\"},{\"@type\":\"Person\",\"@id\":\"https:\/\/konsumpf.de\/#\/schema\/person\/e595a6d286b26994e7e0926d70699070\",\"name\":\"Peter M.\",\"sameAs\":[\"http:\/\/konsumpf.de\"]}]}<\/script>\n<!-- \/ Yoast SEO plugin. -->","yoast_head_json":{"title":"Umfrage zu Fairtrade-Bekleidung - Konsumpf - Forum f\u00fcr kreative Konsumkritik - Culture Jamming, Nachhaltigkeit, Konzernkritik, Adbusting","robots":{"index":"index","follow":"follow","max-snippet":"max-snippet:-1","max-image-preview":"max-image-preview:large","max-video-preview":"max-video-preview:-1"},"canonical":"https:\/\/konsumpf.de\/?p=7429","og_locale":"de_DE","og_type":"article","og_title":"Umfrage zu Fairtrade-Bekleidung - Konsumpf - Forum f\u00fcr kreative Konsumkritik - Culture Jamming, Nachhaltigkeit, Konzernkritik, Adbusting","og_description":"Da ich jungen aufstrebenden Menschen, die im Bereich der Nachhaltigkeit etc. unterwegs sind, gerne helfe, m\u00f6chte ich Euch heute diese Umfrage von Katharina Reisch ans Herz legen \u2013 macht doch einfach mit, die Teilnahme ist anonym und man muss weder Namen oder E-Mailadresse o.\u00e4. angeben. Mein Name ist Katharina Reisch und ich studiere &#8220;Textile and [&hellip;]","og_url":"https:\/\/konsumpf.de\/?p=7429","og_site_name":"Konsumpf - Forum f\u00fcr kreative Konsumkritik - Culture Jamming, Nachhaltigkeit, Konzernkritik, Adbusting","article_published_time":"2010-04-13T08:04:50+00:00","author":"Peter M.","twitter_card":"summary_large_image","twitter_misc":{"Verfasst von":"Peter M.","Gesch\u00e4tzte Lesezeit":"1\u00a0Minute"},"schema":{"@context":"https:\/\/schema.org","@graph":[{"@type":"WebPage","@id":"https:\/\/konsumpf.de\/?p=7429","url":"https:\/\/konsumpf.de\/?p=7429","name":"Umfrage zu Fairtrade-Bekleidung - Konsumpf - Forum f\u00fcr kreative Konsumkritik - Culture Jamming, Nachhaltigkeit, Konzernkritik, Adbusting","isPartOf":{"@id":"https:\/\/konsumpf.de\/#website"},"datePublished":"2010-04-13T08:04:50+00:00","author":{"@id":"https:\/\/konsumpf.de\/#\/schema\/person\/e595a6d286b26994e7e0926d70699070"},"breadcrumb":{"@id":"https:\/\/konsumpf.de\/?p=7429#breadcrumb"},"inLanguage":"de","potentialAction":[{"@type":"ReadAction","target":["https:\/\/konsumpf.de\/?p=7429"]}]},{"@type":"BreadcrumbList","@id":"https:\/\/konsumpf.de\/?p=7429#breadcrumb","itemListElement":[{"@type":"ListItem","position":1,"name":"Startseite","item":"https:\/\/konsumpf.de\/"},{"@type":"ListItem","position":2,"name":"Umfrage zu Fairtrade-Bekleidung"}]},{"@type":"WebSite","@id":"https:\/\/konsumpf.de\/#website","url":"https:\/\/konsumpf.de\/","name":"Konsumpf - Forum f\u00fcr kreative Konsumkritik - Culture Jamming, Nachhaltigkeit, Konzernkritik, Adbusting","description":"","potentialAction":[{"@type":"SearchAction","target":{"@type":"EntryPoint","urlTemplate":"https:\/\/konsumpf.de\/?s={search_term_string}"},"query-input":{"@type":"PropertyValueSpecification","valueRequired":true,"valueName":"search_term_string"}}],"inLanguage":"de"},{"@type":"Person","@id":"https:\/\/konsumpf.de\/#\/schema\/person\/e595a6d286b26994e7e0926d70699070","name":"Peter M.","sameAs":["http:\/\/konsumpf.de"]}]}},"_links":{"self":[{"href":"https:\/\/konsumpf.de\/index.php?rest_route=\/wp\/v2\/posts\/7429"}],"collection":[{"href":"https:\/\/konsumpf.de\/index.php?rest_route=\/wp\/v2\/posts"}],"about":[{"href":"https:\/\/konsumpf.de\/index.php?rest_route=\/wp\/v2\/types\/post"}],"author":[{"embeddable":true,"href":"https:\/\/konsumpf.de\/index.php?rest_route=\/wp\/v2\/users\/1"}],"replies":[{"embeddable":true,"href":"https:\/\/konsumpf.de\/index.php?rest_route=%2Fwp%2Fv2%2Fcomments&post=7429"}],"version-history":[{"count":3,"href":"https:\/\/konsumpf.de\/index.php?rest_route=\/wp\/v2\/posts\/7429\/revisions"}],"predecessor-version":[{"id":7432,"href":"https:\/\/konsumpf.de\/index.php?rest_route=\/wp\/v2\/posts\/7429\/revisions\/7432"}],"wp:attachment":[{"href":"https:\/\/konsumpf.de\/index.php?rest_route=%2Fwp%2Fv2%2Fmedia&parent=7429"}],"wp:term":[{"taxonomy":"category","embeddable":true,"href":"https:\/\/konsumpf.de\/index.php?rest_route=%2Fwp%2Fv2%2Fcategories&post=7429"},{"taxonomy":"post_tag","embeddable":true,"href":"https:\/\/konsumpf.de\/index.php?rest_route=%2Fwp%2Fv2%2Ftags&post=7429"}],"curies":[{"name":"wp","href":"https:\/\/api.w.org\/{rel}","templated":true}]}}