{"id":7421,"date":"2010-04-09T16:01:36","date_gmt":"2010-04-09T14:01:36","guid":{"rendered":"http:\/\/konsumpf.de\/?p=7421"},"modified":"2010-04-09T13:09:13","modified_gmt":"2010-04-09T11:09:13","slug":"noch-ein-veranstaltungstipp-morgen-104-anti-atomkette-in-vielen-deutschen-stadten","status":"publish","type":"post","link":"https:\/\/konsumpf.de\/?p=7421","title":{"rendered":"Noch ein Veranstaltungstipp: Morgen, 10.4. Anti-Atomkette in vielen deutschen St\u00e4dten"},"content":{"rendered":"<p><a href=\"http:\/\/konsumpf.de\/wp-content\/uploads\/2010\/04\/campact-kette_2_450.jpg\"><img loading=\"lazy\" decoding=\"async\" class=\"alignright size-medium wp-image-7422\" title=\"campact-kette_2_450\" src=\"http:\/\/konsumpf.de\/wp-content\/uploads\/2010\/04\/campact-kette_2_450-300x187.jpg\" alt=\"campact-kette_2_450\" width=\"251\" height=\"156\" srcset=\"https:\/\/konsumpf.de\/wp-content\/uploads\/2010\/04\/campact-kette_2_450-300x187.jpg 300w, https:\/\/konsumpf.de\/wp-content\/uploads\/2010\/04\/campact-kette_2_450.jpg 450w\" sizes=\"(max-width: 251px) 100vw, 251px\" \/><\/a>Wer am morgen <strong>Samstag<\/strong> mal was Sinnvolles machen will, also sinnvoller als z.B. \u201eshoppen\u201c zu gehen, kann sich ja an der bundesweit von <a href=\"http:\/\/www.campact.de\/atom2\/kette\/home\"><strong>Campact<\/strong><\/a> geplanten Aktion gegen die Verl\u00e4ngerung der Laufzeiten der Kernkraftwerke beteiligen. Die Anti-Atom-Kette soll am 24. April f\u00fcr Aufsehen sorgen, und am <strong>10. April<\/strong>, also morgen, gibt es bereits Auftaktveranstaltungen:<\/p>\n<blockquote><p>Mit zehntausenden Menschen wollen wir am 24. April eine gro\u00dfe Aktions-  und Menschenkette gegen eine Aufk\u00fcndigung des Atomausstiegs entstehen  lassen \u2013 vom Pannenreaktor Kr\u00fcmmel \u00fcber Hamburg bis zum AKW Brunsb\u00fcttel.  Zum richtigen Zeitpunkt: Nach der NRW-Wahl Anfang Mai gehen die  Atom-Verhandlungen zwischen Regierung und Konzernen in die hei\u00dfe Phase.  Unterst\u00fctzen Sie die Aktion!<\/p>\n<p>In Berlin und in bundesweit \u00fcber 50 Orten werden zwei Wochen vor der  gro\u00dfen Aktions- und Menschenkette, am 10.4.2010, bereits Auftakt-Menschenketten  entstehen &#8211; und die Werbetrommel f\u00fcr den 24. April r\u00fchren. Kommen Sie zu  einer Auftakt-Menschenkette in Ihrer N\u00e4he!<\/p>\n<p>&gt;&gt; <a href=\"http:\/\/www.campact.de\/atom2\/kette\/mmkstandorte\">Wo finden Auftakt-Menschenketten vor Ort statt?<\/a><\/p><\/blockquote>\n<h3 class='related_post_title'>Verwandte Beitr\u00e4ge:<\/h3><ul class='related_post'><li><a href=\"http:\/\/konsumpf.de\/?p=5890\" title=\"Den Ausstieg aus dem Ausstieg verhindern!\">Den Ausstieg aus dem Ausstieg verhindern!<\/a><\/li><li><a href=\"http:\/\/konsumpf.de\/?p=14732\" title=\"Die Reklamierer*innen \u2013 Eine Kampagne f\u00fcr alle, die finden, dass endlich Reklame gemacht werden muss, Reklame gegen Werbung!\">Die Reklamierer*innen \u2013 Eine Kampagne f\u00fcr alle, die finden, dass endlich Reklame gemacht werden muss, Reklame gegen Werbung!<\/a><\/li><li><a href=\"http:\/\/konsumpf.de\/?p=14608\" title=\"Unruhe stiften mit stoersender.tv\">Unruhe stiften mit stoersender.tv<\/a><\/li><li><a href=\"http:\/\/konsumpf.de\/?p=14462\" title=\"Helft den Yes Men bei der Revolte!\">Helft den Yes Men bei der Revolte!<\/a><\/li><li><a href=\"http:\/\/konsumpf.de\/?p=14194\" title=\"Lagerfeld z\u00fcndet Autos an \u2013 und weitere Adbusts\">Lagerfeld z\u00fcndet Autos an \u2013 und weitere Adbusts<\/a><\/li><\/ul>","protected":false},"excerpt":{"rendered":"<p>Wer am morgen Samstag mal was Sinnvolles machen will, also sinnvoller als z.B. \u201eshoppen\u201c zu gehen, kann sich ja an der bundesweit von Campact geplanten Aktion gegen die Verl\u00e4ngerung der Laufzeiten der Kernkraftwerke beteiligen. Die Anti-Atom-Kette soll am 24. April f\u00fcr Aufsehen sorgen, und am 10. April, also morgen, gibt es bereits Auftaktveranstaltungen: Mit zehntausenden [&hellip;]<\/p>\n","protected":false},"author":1,"featured_media":0,"comment_status":"open","ping_status":"open","sticky":false,"template":"","format":"standard","meta":{"footnotes":""},"categories":[1097,91],"tags":[2888,2873,388,479],"yoast_head":"<!-- This site is optimized with the Yoast SEO plugin v24.4 - https:\/\/yoast.com\/wordpress\/plugins\/seo\/ -->\n<title>Noch ein Veranstaltungstipp: Morgen, 10.4. Anti-Atomkette in vielen deutschen St\u00e4dten - Konsumpf - Forum f\u00fcr kreative Konsumkritik - Culture Jamming, Nachhaltigkeit, Konzernkritik, Adbusting<\/title>\n<meta name=\"robots\" content=\"index, follow, max-snippet:-1, max-image-preview:large, max-video-preview:-1\" \/>\n<link rel=\"canonical\" href=\"https:\/\/konsumpf.de\/?p=7421\" \/>\n<meta property=\"og:locale\" content=\"de_DE\" \/>\n<meta property=\"og:type\" content=\"article\" \/>\n<meta property=\"og:title\" content=\"Noch ein Veranstaltungstipp: Morgen, 10.4. Anti-Atomkette in vielen deutschen St\u00e4dten - Konsumpf - Forum f\u00fcr kreative Konsumkritik - Culture Jamming, Nachhaltigkeit, Konzernkritik, Adbusting\" \/>\n<meta property=\"og:description\" content=\"Wer am morgen Samstag mal was Sinnvolles machen will, also sinnvoller als z.B. \u201eshoppen\u201c zu gehen, kann sich ja an der bundesweit von Campact geplanten Aktion gegen die Verl\u00e4ngerung der Laufzeiten der Kernkraftwerke beteiligen. Die Anti-Atom-Kette soll am 24. April f\u00fcr Aufsehen sorgen, und am 10. April, also morgen, gibt es bereits Auftaktveranstaltungen: Mit zehntausenden [&hellip;]\" \/>\n<meta property=\"og:url\" content=\"https:\/\/konsumpf.de\/?p=7421\" \/>\n<meta property=\"og:site_name\" content=\"Konsumpf - Forum f\u00fcr kreative Konsumkritik - Culture Jamming, Nachhaltigkeit, Konzernkritik, Adbusting\" \/>\n<meta property=\"article:published_time\" content=\"2010-04-09T14:01:36+00:00\" \/>\n<meta property=\"og:image\" content=\"http:\/\/konsumpf.de\/wp-content\/uploads\/2010\/04\/campact-kette_2_450-300x187.jpg\" \/>\n<meta name=\"author\" content=\"Peter M.\" \/>\n<meta name=\"twitter:card\" content=\"summary_large_image\" \/>\n<meta name=\"twitter:label1\" content=\"Verfasst von\" \/>\n\t<meta name=\"twitter:data1\" content=\"Peter M.\" \/>\n\t<meta name=\"twitter:label2\" content=\"Gesch\u00e4tzte Lesezeit\" \/>\n\t<meta name=\"twitter:data2\" content=\"1\u00a0Minute\" \/>\n<script type=\"application\/ld+json\" class=\"yoast-schema-graph\">{\"@context\":\"https:\/\/schema.org\",\"@graph\":[{\"@type\":\"WebPage\",\"@id\":\"https:\/\/konsumpf.de\/?p=7421\",\"url\":\"https:\/\/konsumpf.de\/?p=7421\",\"name\":\"Noch ein Veranstaltungstipp: Morgen, 10.4. Anti-Atomkette in vielen deutschen St\u00e4dten - Konsumpf - Forum f\u00fcr kreative Konsumkritik - Culture Jamming, Nachhaltigkeit, Konzernkritik, Adbusting\",\"isPartOf\":{\"@id\":\"https:\/\/konsumpf.de\/#website\"},\"primaryImageOfPage\":{\"@id\":\"https:\/\/konsumpf.de\/?p=7421#primaryimage\"},\"image\":{\"@id\":\"https:\/\/konsumpf.de\/?p=7421#primaryimage\"},\"thumbnailUrl\":\"http:\/\/konsumpf.de\/wp-content\/uploads\/2010\/04\/campact-kette_2_450-300x187.jpg\",\"datePublished\":\"2010-04-09T14:01:36+00:00\",\"author\":{\"@id\":\"https:\/\/konsumpf.de\/#\/schema\/person\/e595a6d286b26994e7e0926d70699070\"},\"breadcrumb\":{\"@id\":\"https:\/\/konsumpf.de\/?p=7421#breadcrumb\"},\"inLanguage\":\"de\",\"potentialAction\":[{\"@type\":\"ReadAction\",\"target\":[\"https:\/\/konsumpf.de\/?p=7421\"]}]},{\"@type\":\"ImageObject\",\"inLanguage\":\"de\",\"@id\":\"https:\/\/konsumpf.de\/?p=7421#primaryimage\",\"url\":\"https:\/\/konsumpf.de\/wp-content\/uploads\/2010\/04\/campact-kette_2_450.jpg\",\"contentUrl\":\"https:\/\/konsumpf.de\/wp-content\/uploads\/2010\/04\/campact-kette_2_450.jpg\",\"width\":\"450\",\"height\":\"281\"},{\"@type\":\"BreadcrumbList\",\"@id\":\"https:\/\/konsumpf.de\/?p=7421#breadcrumb\",\"itemListElement\":[{\"@type\":\"ListItem\",\"position\":1,\"name\":\"Startseite\",\"item\":\"https:\/\/konsumpf.de\/\"},{\"@type\":\"ListItem\",\"position\":2,\"name\":\"Noch ein Veranstaltungstipp: Morgen, 10.4. Anti-Atomkette in vielen deutschen St\u00e4dten\"}]},{\"@type\":\"WebSite\",\"@id\":\"https:\/\/konsumpf.de\/#website\",\"url\":\"https:\/\/konsumpf.de\/\",\"name\":\"Konsumpf - Forum f\u00fcr kreative Konsumkritik - Culture Jamming, Nachhaltigkeit, Konzernkritik, Adbusting\",\"description\":\"\",\"potentialAction\":[{\"@type\":\"SearchAction\",\"target\":{\"@type\":\"EntryPoint\",\"urlTemplate\":\"https:\/\/konsumpf.de\/?s={search_term_string}\"},\"query-input\":{\"@type\":\"PropertyValueSpecification\",\"valueRequired\":true,\"valueName\":\"search_term_string\"}}],\"inLanguage\":\"de\"},{\"@type\":\"Person\",\"@id\":\"https:\/\/konsumpf.de\/#\/schema\/person\/e595a6d286b26994e7e0926d70699070\",\"name\":\"Peter M.\",\"sameAs\":[\"http:\/\/konsumpf.de\"]}]}<\/script>\n<!-- \/ Yoast SEO plugin. -->","yoast_head_json":{"title":"Noch ein Veranstaltungstipp: Morgen, 10.4. Anti-Atomkette in vielen deutschen St\u00e4dten - Konsumpf - Forum f\u00fcr kreative Konsumkritik - Culture Jamming, Nachhaltigkeit, Konzernkritik, Adbusting","robots":{"index":"index","follow":"follow","max-snippet":"max-snippet:-1","max-image-preview":"max-image-preview:large","max-video-preview":"max-video-preview:-1"},"canonical":"https:\/\/konsumpf.de\/?p=7421","og_locale":"de_DE","og_type":"article","og_title":"Noch ein Veranstaltungstipp: Morgen, 10.4. Anti-Atomkette in vielen deutschen St\u00e4dten - Konsumpf - Forum f\u00fcr kreative Konsumkritik - Culture Jamming, Nachhaltigkeit, Konzernkritik, Adbusting","og_description":"Wer am morgen Samstag mal was Sinnvolles machen will, also sinnvoller als z.B. \u201eshoppen\u201c zu gehen, kann sich ja an der bundesweit von Campact geplanten Aktion gegen die Verl\u00e4ngerung der Laufzeiten der Kernkraftwerke beteiligen. Die Anti-Atom-Kette soll am 24. April f\u00fcr Aufsehen sorgen, und am 10. April, also morgen, gibt es bereits Auftaktveranstaltungen: Mit zehntausenden [&hellip;]","og_url":"https:\/\/konsumpf.de\/?p=7421","og_site_name":"Konsumpf - Forum f\u00fcr kreative Konsumkritik - Culture Jamming, Nachhaltigkeit, Konzernkritik, Adbusting","article_published_time":"2010-04-09T14:01:36+00:00","og_image":[{"url":"http:\/\/konsumpf.de\/wp-content\/uploads\/2010\/04\/campact-kette_2_450-300x187.jpg","type":"","width":"","height":""}],"author":"Peter M.","twitter_card":"summary_large_image","twitter_misc":{"Verfasst von":"Peter M.","Gesch\u00e4tzte Lesezeit":"1\u00a0Minute"},"schema":{"@context":"https:\/\/schema.org","@graph":[{"@type":"WebPage","@id":"https:\/\/konsumpf.de\/?p=7421","url":"https:\/\/konsumpf.de\/?p=7421","name":"Noch ein Veranstaltungstipp: Morgen, 10.4. Anti-Atomkette in vielen deutschen St\u00e4dten - Konsumpf - Forum f\u00fcr kreative Konsumkritik - Culture Jamming, Nachhaltigkeit, Konzernkritik, Adbusting","isPartOf":{"@id":"https:\/\/konsumpf.de\/#website"},"primaryImageOfPage":{"@id":"https:\/\/konsumpf.de\/?p=7421#primaryimage"},"image":{"@id":"https:\/\/konsumpf.de\/?p=7421#primaryimage"},"thumbnailUrl":"http:\/\/konsumpf.de\/wp-content\/uploads\/2010\/04\/campact-kette_2_450-300x187.jpg","datePublished":"2010-04-09T14:01:36+00:00","author":{"@id":"https:\/\/konsumpf.de\/#\/schema\/person\/e595a6d286b26994e7e0926d70699070"},"breadcrumb":{"@id":"https:\/\/konsumpf.de\/?p=7421#breadcrumb"},"inLanguage":"de","potentialAction":[{"@type":"ReadAction","target":["https:\/\/konsumpf.de\/?p=7421"]}]},{"@type":"ImageObject","inLanguage":"de","@id":"https:\/\/konsumpf.de\/?p=7421#primaryimage","url":"https:\/\/konsumpf.de\/wp-content\/uploads\/2010\/04\/campact-kette_2_450.jpg","contentUrl":"https:\/\/konsumpf.de\/wp-content\/uploads\/2010\/04\/campact-kette_2_450.jpg","width":"450","height":"281"},{"@type":"BreadcrumbList","@id":"https:\/\/konsumpf.de\/?p=7421#breadcrumb","itemListElement":[{"@type":"ListItem","position":1,"name":"Startseite","item":"https:\/\/konsumpf.de\/"},{"@type":"ListItem","position":2,"name":"Noch ein Veranstaltungstipp: Morgen, 10.4. Anti-Atomkette in vielen deutschen St\u00e4dten"}]},{"@type":"WebSite","@id":"https:\/\/konsumpf.de\/#website","url":"https:\/\/konsumpf.de\/","name":"Konsumpf - Forum f\u00fcr kreative Konsumkritik - Culture Jamming, Nachhaltigkeit, Konzernkritik, Adbusting","description":"","potentialAction":[{"@type":"SearchAction","target":{"@type":"EntryPoint","urlTemplate":"https:\/\/konsumpf.de\/?s={search_term_string}"},"query-input":{"@type":"PropertyValueSpecification","valueRequired":true,"valueName":"search_term_string"}}],"inLanguage":"de"},{"@type":"Person","@id":"https:\/\/konsumpf.de\/#\/schema\/person\/e595a6d286b26994e7e0926d70699070","name":"Peter M.","sameAs":["http:\/\/konsumpf.de"]}]}},"_links":{"self":[{"href":"https:\/\/konsumpf.de\/index.php?rest_route=\/wp\/v2\/posts\/7421"}],"collection":[{"href":"https:\/\/konsumpf.de\/index.php?rest_route=\/wp\/v2\/posts"}],"about":[{"href":"https:\/\/konsumpf.de\/index.php?rest_route=\/wp\/v2\/types\/post"}],"author":[{"embeddable":true,"href":"https:\/\/konsumpf.de\/index.php?rest_route=\/wp\/v2\/users\/1"}],"replies":[{"embeddable":true,"href":"https:\/\/konsumpf.de\/index.php?rest_route=%2Fwp%2Fv2%2Fcomments&post=7421"}],"version-history":[{"count":1,"href":"https:\/\/konsumpf.de\/index.php?rest_route=\/wp\/v2\/posts\/7421\/revisions"}],"predecessor-version":[{"id":7423,"href":"https:\/\/konsumpf.de\/index.php?rest_route=\/wp\/v2\/posts\/7421\/revisions\/7423"}],"wp:attachment":[{"href":"https:\/\/konsumpf.de\/index.php?rest_route=%2Fwp%2Fv2%2Fmedia&parent=7421"}],"wp:term":[{"taxonomy":"category","embeddable":true,"href":"https:\/\/konsumpf.de\/index.php?rest_route=%2Fwp%2Fv2%2Fcategories&post=7421"},{"taxonomy":"post_tag","embeddable":true,"href":"https:\/\/konsumpf.de\/index.php?rest_route=%2Fwp%2Fv2%2Ftags&post=7421"}],"curies":[{"name":"wp","href":"https:\/\/api.w.org\/{rel}","templated":true}]}}