{"id":742,"date":"2008-11-02T17:28:45","date_gmt":"2008-11-02T16:28:45","guid":{"rendered":"http:\/\/konsumpf.de\/?p=742"},"modified":"2008-11-02T17:36:22","modified_gmt":"2008-11-02T16:36:22","slug":"der-freie-markt","status":"publish","type":"post","link":"https:\/\/konsumpf.de\/?p=742","title":{"rendered":"Der freie Markt&#8230;"},"content":{"rendered":"<p><a href=\"http:\/\/konsumpf.de\/wp-content\/uploads\/2008\/11\/779159_traffic_jam.jpg\"><img loading=\"lazy\" decoding=\"async\" class=\"alignright size-medium wp-image-756\" title=\"779159_traffic_jam\" src=\"http:\/\/konsumpf.de\/wp-content\/uploads\/2008\/11\/779159_traffic_jam.jpg\" alt=\"\" width=\"283\" height=\"212\" \/><\/a>Die Finanzmarktkrise regt derzeit ja viele Leute aus allen Bereichen von Wirtschaft und Gesellschaft zum Nachdenken an \u2013 einige dar\u00fcber, wie man das grundlegende System reformieren kann, andere kleider nur, wie sie maximalen Profit aus der Lage ziehen k\u00f6nnten. Zu letzteren geh\u00f6rt neben den Bankern auch die <strong>Autoindustrie<\/strong>, <a href=\"http:\/\/afp.google.com\/article\/ALeqM5hdZQ7ZMZrgpS2-6GWxc0TB60J3Lw\" target=\"_blank\">die ja nun auch vom Staat gef\u00f6rdert werden soll<\/a>, um drohende absatzprobleme abzufedern. Wie war das noch mal mit dem angeblich freien Markt, der alles von alleine perfekt regelt? Die Politik ist jedenfalls eifrig dabei, hier \u00fcberhastet falsche Signale zu senden:<\/p>\n<blockquote><p>Mit ihren Pl\u00e4nen f\u00fcr die Kfz-Steuer wirft die Bundesregierung den Klimaschutz \u00fcber Bord. Anstatt Anreize f\u00fcr den Kauf von Autos mit einem geringen CO2-Austo\u00df zu schaffen, subventioniert sie den Erwerb von Spritfressern. Das wird sich mittelfristig r\u00e4chen. (&#8230;)<\/p>\n<p>Mit einem solchen Programm w\u00fcrde die Bundesregierung den Automobilherstellern einen Anreiz geben, weiter gro\u00dfe Benzinfresser zu bauen. Das Beispiel der US-Automobilindustrie, die genau auf diese Modellpolitik gesetzt hat und jetzt in einer sehr schweren Krise steckt, zeigt, dass das die falsche Strategie ist. W\u00fcrden die Pl\u00e4ne umgesetzt, h\u00e4tte die Bundesregierung ihre Klimastrategie in der Finanzkrise \u00fcber Bord geworfen. Das w\u00fcrde mittelfristig die Probleme der deutschen Fahrzeughersteller versch\u00e4rfen statt erleichtern.<\/p>\n<p>[Quelle <a href=\"http:\/\/www.ftd.de\/meinung\/kommentare\/:Kommentar-Kfz-Steuer-Absatzf%F6rderung-f%FCr-Spritfresser\/432681.html\" target=\"_blank\">Financial Times Deutschland<\/a>!]<\/p><\/blockquote>\n<p>Die <a href=\"http:\/\/www.nachdenkseiten.de\/?p=3557#more-3557\" target=\"_blank\">NachDenkSeiten<\/a> kommentieren dies zutreffend:<\/p>\n<blockquote><p>Ein weiterer Sieg der Autolobby \u2013 einmal mehr eine Niederlage f\u00fcrs Klima. Dies passt zur \u201eLogik\u201c einer konzeptionslosen, inkonsequenten und kontraproduktiven Verkehrs-, Bahn- und Umweltpolitik, die das energie-, umwelt- und klimaschonende Verkehrssystem Schiene gegen\u00fcber ihren konkurrierenden Verkehrstr\u00e4gern str\u00e4flich vernachl\u00e4ssigt hat. Es kann nicht Aufgabe des Staates sein, eine verfehlte Modellpolitik der Autokonzerne mit betr\u00e4chtlichen Gewinnmargen in der Vergangenheit, die Fortschritte beim Umweltschutz stets auszubremsen wussten, angesichts ihrer hausgemachten Absatzkrise mit Steuermitteln unter die Arme zu greifen.<\/p>\n<p>Um Kostenwahrheit im Verkehrsbereich herzustellen, ist dem Verursacher- und Wegekostenprinzip, mit dem die externen, also gesamtwirtschaftlich und gesellschaftlichen Folgekosten den jeweiligen Verkehrstr\u00e4gern zuzuordnen und anzulasten sind, Geltung zu verschaffen. Nur so k\u00f6nnen faire Wettbewerbsbedingungen durch Ordnungspolitik im Verkehr ZWISCHEN DEN VERKEHRSTR\u00c4GERN im \u00f6ffentlichen Interesse hergestellt werden und seit Jahrzehnten bestehende massive Wettbewerbsverzerrungen zulasten der Schiene beseitigen.<\/p><\/blockquote>\n<p>Welche Schuld die Politik und die Deregulierung an der Krise tr\u00e4gt, fragte sich neulich auch das <a href=\"http:\/\/www.ardmediathek.de\/ard\/servlet\/content\/1020246\" target=\"_blank\">ARD-Magazin PlusMinus<\/a> &#8211; ein sehr interessanter Beitrag! (via <a href=\"http:\/\/www.weissgarnix.de\/?p=635\" target=\"_blank\">weissgarnix<\/a>)<\/p>\n<p>Kurios bis obskur auch, dass die <strong>BILD-\u201eZeitung\u201d<\/strong> gerade jetzt, wo mit stark sinkenden Unternehmensgewinnen in der Zukunft zu rechnen ist, daf\u00fcr pl\u00e4diert, die Arbeitnehmer an eben selbigen zu beteiligen. <a href=\"http:\/\/www.jjahnke.net\/gedanken36.html#bild\" target=\"_blank\">Joachim Jahnke schreibt dazu<\/a>:<\/p>\n<blockquote><p>Eigentlich nicht nachvollziehbar: Ausgerechnet jetzt, wo die Gewinnperspektiven der Unternehmen drastisch zur\u00fcckgehen, sollen die Arbeitnehmer auch noch das Risiko der Gewinnentwicklung schultern: &#8220;Wenn bescheidene Lohnerh\u00f6hungen mit saftigen Gewinnbeteiligungen gekoppelt w\u00fcrden. Dann h\u00e4tten die Arbeitnehmer in guten Zeiten mehr Geld &#8211; und in schlechten sicherere Arbeitspl\u00e4tze.&#8221; F\u00fcr BILD der Ausweg, damit die Arbeitnehmer die Zeche der Krise nicht zahlen.<\/p>\n<p>F\u00fcr wie dumm h\u00e4lt BILD die Arbeitnehmer unter seinen Lesern eigentlich? Sollen sie nun f\u00fcr die n\u00e4chsten Jahre gleich zweimal auf Einkommen verzichten, n\u00e4mlich bei den L\u00f6hnen und bei der Beteiligung an abst\u00fcrzenden Gewinnen? Und sichere Arbeitspl\u00e4tze gibt es in einer Weltwirtschaftskrise ohnehin nicht, weder mit noch ohne Gewinnbeteiligung.<\/p><\/blockquote>\n<h3 class='related_post_title'>Verwandte Beitr\u00e4ge:<\/h3><ul class='related_post'><li><a href=\"http:\/\/konsumpf.de\/?p=6603\" title=\"Lesetipps: Bayer zahlt erneut weniger Steuern | Langes Arbeiten schadet Gesundheit und Sozialleben | Gutt-bye\">Lesetipps: Bayer zahlt erneut weniger Steuern | Langes Arbeiten schadet Gesundheit und Sozialleben | Gutt-bye<\/a><\/li><li><a href=\"http:\/\/konsumpf.de\/?p=9236\" title=\"Deutschland r\u00fcckt wieder nach rechts\">Deutschland r\u00fcckt wieder nach rechts<\/a><\/li><li><a href=\"http:\/\/konsumpf.de\/?p=15095\" title=\"Umfragen \u2013 Wissenschaft, oder etwas sehr \u00c4hnliches\">Umfragen \u2013 Wissenschaft, oder etwas sehr \u00c4hnliches<\/a><\/li><li><a href=\"http:\/\/konsumpf.de\/?p=15051\" title=\"Keine BILD-\u201eZeitung\u201c am 21.9.\">Keine BILD-\u201eZeitung\u201c am 21.9.<\/a><\/li><li><a href=\"http:\/\/konsumpf.de\/?p=15001\" title=\"Wir brauchen mehr Konsum!\">Wir brauchen mehr Konsum!<\/a><\/li><\/ul>","protected":false},"excerpt":{"rendered":"<p>Die Finanzmarktkrise regt derzeit ja viele Leute aus allen Bereichen von Wirtschaft und Gesellschaft zum Nachdenken an \u2013 einige dar\u00fcber, wie man das grundlegende System reformieren kann, andere kleider nur, wie sie maximalen Profit aus der Lage ziehen k\u00f6nnten. Zu letzteren geh\u00f6rt neben den Bankern auch die Autoindustrie, die ja nun auch vom Staat gef\u00f6rdert [&hellip;]<\/p>\n","protected":false},"author":1,"featured_media":0,"comment_status":"open","ping_status":"open","sticky":false,"template":"","format":"standard","meta":{"footnotes":""},"categories":[12,33,53,78],"tags":[110,109,108,2869],"yoast_head":"<!-- This site is optimized with the Yoast SEO plugin v24.4 - https:\/\/yoast.com\/wordpress\/plugins\/seo\/ -->\n<title>Der freie Markt... - Konsumpf - Forum f\u00fcr kreative Konsumkritik - Culture Jamming, Nachhaltigkeit, Konzernkritik, Adbusting<\/title>\n<meta name=\"robots\" content=\"index, follow, max-snippet:-1, max-image-preview:large, max-video-preview:-1\" \/>\n<link rel=\"canonical\" href=\"https:\/\/konsumpf.de\/?p=742\" \/>\n<meta property=\"og:locale\" content=\"de_DE\" \/>\n<meta property=\"og:type\" content=\"article\" \/>\n<meta property=\"og:title\" content=\"Der freie Markt... - Konsumpf - Forum f\u00fcr kreative Konsumkritik - Culture Jamming, Nachhaltigkeit, Konzernkritik, Adbusting\" \/>\n<meta property=\"og:description\" content=\"Die Finanzmarktkrise regt derzeit ja viele Leute aus allen Bereichen von Wirtschaft und Gesellschaft zum Nachdenken an \u2013 einige dar\u00fcber, wie man das grundlegende System reformieren kann, andere kleider nur, wie sie maximalen Profit aus der Lage ziehen k\u00f6nnten. Zu letzteren geh\u00f6rt neben den Bankern auch die Autoindustrie, die ja nun auch vom Staat gef\u00f6rdert [&hellip;]\" \/>\n<meta property=\"og:url\" content=\"https:\/\/konsumpf.de\/?p=742\" \/>\n<meta property=\"og:site_name\" content=\"Konsumpf - Forum f\u00fcr kreative Konsumkritik - Culture Jamming, Nachhaltigkeit, Konzernkritik, Adbusting\" \/>\n<meta property=\"article:published_time\" content=\"2008-11-02T16:28:45+00:00\" \/>\n<meta property=\"article:modified_time\" content=\"2008-11-02T16:36:22+00:00\" \/>\n<meta property=\"og:image\" content=\"http:\/\/konsumpf.de\/wp-content\/uploads\/2008\/11\/779159_traffic_jam.jpg\" \/>\n<meta name=\"author\" content=\"Peter M.\" \/>\n<meta name=\"twitter:card\" content=\"summary_large_image\" \/>\n<meta name=\"twitter:label1\" content=\"Verfasst von\" \/>\n\t<meta name=\"twitter:data1\" content=\"Peter M.\" \/>\n\t<meta name=\"twitter:label2\" content=\"Gesch\u00e4tzte Lesezeit\" \/>\n\t<meta name=\"twitter:data2\" content=\"3\u00a0Minuten\" \/>\n<script type=\"application\/ld+json\" class=\"yoast-schema-graph\">{\"@context\":\"https:\/\/schema.org\",\"@graph\":[{\"@type\":\"WebPage\",\"@id\":\"https:\/\/konsumpf.de\/?p=742\",\"url\":\"https:\/\/konsumpf.de\/?p=742\",\"name\":\"Der freie Markt... - Konsumpf - Forum f\u00fcr kreative Konsumkritik - Culture Jamming, Nachhaltigkeit, Konzernkritik, Adbusting\",\"isPartOf\":{\"@id\":\"https:\/\/konsumpf.de\/#website\"},\"primaryImageOfPage\":{\"@id\":\"https:\/\/konsumpf.de\/?p=742#primaryimage\"},\"image\":{\"@id\":\"https:\/\/konsumpf.de\/?p=742#primaryimage\"},\"thumbnailUrl\":\"http:\/\/konsumpf.de\/wp-content\/uploads\/2008\/11\/779159_traffic_jam.jpg\",\"datePublished\":\"2008-11-02T16:28:45+00:00\",\"dateModified\":\"2008-11-02T16:36:22+00:00\",\"author\":{\"@id\":\"https:\/\/konsumpf.de\/#\/schema\/person\/e595a6d286b26994e7e0926d70699070\"},\"breadcrumb\":{\"@id\":\"https:\/\/konsumpf.de\/?p=742#breadcrumb\"},\"inLanguage\":\"de\",\"potentialAction\":[{\"@type\":\"ReadAction\",\"target\":[\"https:\/\/konsumpf.de\/?p=742\"]}]},{\"@type\":\"ImageObject\",\"inLanguage\":\"de\",\"@id\":\"https:\/\/konsumpf.de\/?p=742#primaryimage\",\"url\":\"https:\/\/konsumpf.de\/wp-content\/uploads\/2008\/11\/779159_traffic_jam.jpg\",\"contentUrl\":\"https:\/\/konsumpf.de\/wp-content\/uploads\/2008\/11\/779159_traffic_jam.jpg\"},{\"@type\":\"BreadcrumbList\",\"@id\":\"https:\/\/konsumpf.de\/?p=742#breadcrumb\",\"itemListElement\":[{\"@type\":\"ListItem\",\"position\":1,\"name\":\"Startseite\",\"item\":\"https:\/\/konsumpf.de\/\"},{\"@type\":\"ListItem\",\"position\":2,\"name\":\"Der freie Markt&#8230;\"}]},{\"@type\":\"WebSite\",\"@id\":\"https:\/\/konsumpf.de\/#website\",\"url\":\"https:\/\/konsumpf.de\/\",\"name\":\"Konsumpf - Forum f\u00fcr kreative Konsumkritik - Culture Jamming, Nachhaltigkeit, Konzernkritik, Adbusting\",\"description\":\"\",\"potentialAction\":[{\"@type\":\"SearchAction\",\"target\":{\"@type\":\"EntryPoint\",\"urlTemplate\":\"https:\/\/konsumpf.de\/?s={search_term_string}\"},\"query-input\":{\"@type\":\"PropertyValueSpecification\",\"valueRequired\":true,\"valueName\":\"search_term_string\"}}],\"inLanguage\":\"de\"},{\"@type\":\"Person\",\"@id\":\"https:\/\/konsumpf.de\/#\/schema\/person\/e595a6d286b26994e7e0926d70699070\",\"name\":\"Peter M.\",\"sameAs\":[\"http:\/\/konsumpf.de\"]}]}<\/script>\n<!-- \/ Yoast SEO plugin. -->","yoast_head_json":{"title":"Der freie Markt... - Konsumpf - Forum f\u00fcr kreative Konsumkritik - Culture Jamming, Nachhaltigkeit, Konzernkritik, Adbusting","robots":{"index":"index","follow":"follow","max-snippet":"max-snippet:-1","max-image-preview":"max-image-preview:large","max-video-preview":"max-video-preview:-1"},"canonical":"https:\/\/konsumpf.de\/?p=742","og_locale":"de_DE","og_type":"article","og_title":"Der freie Markt... - Konsumpf - Forum f\u00fcr kreative Konsumkritik - Culture Jamming, Nachhaltigkeit, Konzernkritik, Adbusting","og_description":"Die Finanzmarktkrise regt derzeit ja viele Leute aus allen Bereichen von Wirtschaft und Gesellschaft zum Nachdenken an \u2013 einige dar\u00fcber, wie man das grundlegende System reformieren kann, andere kleider nur, wie sie maximalen Profit aus der Lage ziehen k\u00f6nnten. Zu letzteren geh\u00f6rt neben den Bankern auch die Autoindustrie, die ja nun auch vom Staat gef\u00f6rdert [&hellip;]","og_url":"https:\/\/konsumpf.de\/?p=742","og_site_name":"Konsumpf - Forum f\u00fcr kreative Konsumkritik - Culture Jamming, Nachhaltigkeit, Konzernkritik, Adbusting","article_published_time":"2008-11-02T16:28:45+00:00","article_modified_time":"2008-11-02T16:36:22+00:00","og_image":[{"url":"http:\/\/konsumpf.de\/wp-content\/uploads\/2008\/11\/779159_traffic_jam.jpg","type":"","width":"","height":""}],"author":"Peter M.","twitter_card":"summary_large_image","twitter_misc":{"Verfasst von":"Peter M.","Gesch\u00e4tzte Lesezeit":"3\u00a0Minuten"},"schema":{"@context":"https:\/\/schema.org","@graph":[{"@type":"WebPage","@id":"https:\/\/konsumpf.de\/?p=742","url":"https:\/\/konsumpf.de\/?p=742","name":"Der freie Markt... - Konsumpf - Forum f\u00fcr kreative Konsumkritik - Culture Jamming, Nachhaltigkeit, Konzernkritik, Adbusting","isPartOf":{"@id":"https:\/\/konsumpf.de\/#website"},"primaryImageOfPage":{"@id":"https:\/\/konsumpf.de\/?p=742#primaryimage"},"image":{"@id":"https:\/\/konsumpf.de\/?p=742#primaryimage"},"thumbnailUrl":"http:\/\/konsumpf.de\/wp-content\/uploads\/2008\/11\/779159_traffic_jam.jpg","datePublished":"2008-11-02T16:28:45+00:00","dateModified":"2008-11-02T16:36:22+00:00","author":{"@id":"https:\/\/konsumpf.de\/#\/schema\/person\/e595a6d286b26994e7e0926d70699070"},"breadcrumb":{"@id":"https:\/\/konsumpf.de\/?p=742#breadcrumb"},"inLanguage":"de","potentialAction":[{"@type":"ReadAction","target":["https:\/\/konsumpf.de\/?p=742"]}]},{"@type":"ImageObject","inLanguage":"de","@id":"https:\/\/konsumpf.de\/?p=742#primaryimage","url":"https:\/\/konsumpf.de\/wp-content\/uploads\/2008\/11\/779159_traffic_jam.jpg","contentUrl":"https:\/\/konsumpf.de\/wp-content\/uploads\/2008\/11\/779159_traffic_jam.jpg"},{"@type":"BreadcrumbList","@id":"https:\/\/konsumpf.de\/?p=742#breadcrumb","itemListElement":[{"@type":"ListItem","position":1,"name":"Startseite","item":"https:\/\/konsumpf.de\/"},{"@type":"ListItem","position":2,"name":"Der freie Markt&#8230;"}]},{"@type":"WebSite","@id":"https:\/\/konsumpf.de\/#website","url":"https:\/\/konsumpf.de\/","name":"Konsumpf - Forum f\u00fcr kreative Konsumkritik - Culture Jamming, Nachhaltigkeit, Konzernkritik, Adbusting","description":"","potentialAction":[{"@type":"SearchAction","target":{"@type":"EntryPoint","urlTemplate":"https:\/\/konsumpf.de\/?s={search_term_string}"},"query-input":{"@type":"PropertyValueSpecification","valueRequired":true,"valueName":"search_term_string"}}],"inLanguage":"de"},{"@type":"Person","@id":"https:\/\/konsumpf.de\/#\/schema\/person\/e595a6d286b26994e7e0926d70699070","name":"Peter M.","sameAs":["http:\/\/konsumpf.de"]}]}},"_links":{"self":[{"href":"https:\/\/konsumpf.de\/index.php?rest_route=\/wp\/v2\/posts\/742"}],"collection":[{"href":"https:\/\/konsumpf.de\/index.php?rest_route=\/wp\/v2\/posts"}],"about":[{"href":"https:\/\/konsumpf.de\/index.php?rest_route=\/wp\/v2\/types\/post"}],"author":[{"embeddable":true,"href":"https:\/\/konsumpf.de\/index.php?rest_route=\/wp\/v2\/users\/1"}],"replies":[{"embeddable":true,"href":"https:\/\/konsumpf.de\/index.php?rest_route=%2Fwp%2Fv2%2Fcomments&post=742"}],"version-history":[{"count":11,"href":"https:\/\/konsumpf.de\/index.php?rest_route=\/wp\/v2\/posts\/742\/revisions"}],"predecessor-version":[{"id":760,"href":"https:\/\/konsumpf.de\/index.php?rest_route=\/wp\/v2\/posts\/742\/revisions\/760"}],"wp:attachment":[{"href":"https:\/\/konsumpf.de\/index.php?rest_route=%2Fwp%2Fv2%2Fmedia&parent=742"}],"wp:term":[{"taxonomy":"category","embeddable":true,"href":"https:\/\/konsumpf.de\/index.php?rest_route=%2Fwp%2Fv2%2Fcategories&post=742"},{"taxonomy":"post_tag","embeddable":true,"href":"https:\/\/konsumpf.de\/index.php?rest_route=%2Fwp%2Fv2%2Ftags&post=742"}],"curies":[{"name":"wp","href":"https:\/\/api.w.org\/{rel}","templated":true}]}}