{"id":7390,"date":"2010-04-05T10:19:34","date_gmt":"2010-04-05T08:19:34","guid":{"rendered":"http:\/\/konsumpf.de\/?p=7390"},"modified":"2010-11-14T12:44:45","modified_gmt":"2010-11-14T11:44:45","slug":"der-glaserne-deutsche-%e2%80%93%c2%a0wie-wir-burger-ausgespaht-werden","status":"publish","type":"post","link":"https:\/\/konsumpf.de\/?p=7390","title":{"rendered":"Der gl\u00e4serne Deutsche \u2013\u00a0wie wir B\u00fcrger ausgesp\u00e4ht werden"},"content":{"rendered":"<p><a href=\"http:\/\/konsumpf.de\/wp-content\/uploads\/2010\/04\/bildschirmfoto-2010-04-04-um-202155.png\"><img loading=\"lazy\" decoding=\"async\" class=\"alignright size-medium wp-image-7392\" title=\"bildschirmfoto-2010-04-04-um-202155\" src=\"http:\/\/konsumpf.de\/wp-content\/uploads\/2010\/04\/bildschirmfoto-2010-04-04-um-202155-300x167.png\" alt=\"bildschirmfoto-2010-04-04-um-202155\" width=\"239\" height=\"133\" srcset=\"https:\/\/konsumpf.de\/wp-content\/uploads\/2010\/04\/bildschirmfoto-2010-04-04-um-202155-300x167.png 300w, https:\/\/konsumpf.de\/wp-content\/uploads\/2010\/04\/bildschirmfoto-2010-04-04-um-202155.png 917w\" sizes=\"(max-width: 239px) 100vw, 239px\" \/><\/a>Fast ein Jahr ist es her, dass das ZDF die interessante Dokumentation \u201e<a href=\"http:\/\/dokumentation.zdf.de\/ZDFde\/inhalt\/29\/0,1872,7552093,00.html\"><strong>Der gl\u00e4serne Deutsche \u2013 wie wir B\u00fcrger ausgesp\u00e4ht werden<\/strong><\/a>\u201c sendete. Daraus ist zweierlei zu folgern \u2013 ich bin ganz sch\u00f6n sp\u00e4t dran, diesen Film hier zu empfehlen :-), und <span style=\"text-decoration: line-through;\">vermutlich wird er bald aus der Mediathek des ZDF verschwinden<\/span> ist inzwischen verschwunden. Zum Gl\u00fcck gibt es die Doku im Internet Archive auch als Download, entweder als <a href=\"http:\/\/www.archive.org\/download\/Der_glaeserne_Deutsche\/090407_der_glaeserne_deutsche_vh.wmv\">WMV<\/a> oder <a href=\"http:\/\/www.archive.org\/download\/Der_glaeserne_Deutsche\/090407_der_glaeserne_deutsche_vh_512kb.mp4\">MPEG4<\/a>.<\/p>\n<blockquote><p>Die  Deutschen haben ein Recht darauf zu erfahren, &#8220;wer was wann und bei  welcher Gelegenheit \u00fcber sie wei\u00df&#8221;, urteilte das  Bundesverfassungsgericht 1983. Ist das immer noch so? Mehr als ein  Vierteljahrhundert sp\u00e4ter besch\u00e4ftigt sich das ZDF mit der Frage: Haben  wir unsere Daten tats\u00e4chlich noch im Griff?<\/p><\/blockquote>\n<blockquote><p>Verbrauchersch\u00fctzer,  Datensch\u00fctzer, Politiker &#8211; immer wieder wird gewarnt: Passt auf eure  Daten auf! Doch dass immer mehr pers\u00f6nliche Daten kursieren, diese  verkauft, verloren und missbraucht werden, ist l\u00e4ngst nicht immer nur  auf fahrl\u00e4ssigen Umgang zur\u00fcckzuf\u00fchren. (&#8230;)<\/p><\/blockquote>\n<blockquote><p>(&#8230;) Wie sehr Staat und Privatwirtschaft bereits gegen  den Datenschutz miteinander kooperieren, wenn es um die &#8220;innere  Sicherheit&#8221; geht,  zeigt sich an einem besonderen Fall von zwei Berliner  Wissenschaftlern. Andrej Holm und Matthias B. gerieten unter  Terrorverdacht und damit unter monatelange Dauer\u00fcberwachung &#8211; jede  Bewegung wurde protokolliert, Telefongespr\u00e4che abgeh\u00f6rt, Treffen mit  Freunden belauscht. Dabei fanden die Ermittlungsbeh\u00f6rden tatkr\u00e4ftige  Helfer unter Mitarbeitern der Deutschen Bahn, eines Reiseveranstalters  und einer gro\u00dfen Bank, die bereitwillig sehr pers\u00f6nliche Informationen  preisgaben. Einer der beiden \u00dcberwachten, Matthias B., erz\u00e4hlt zum  ersten Mal seine Geschichte. Er will nicht erkannt werden, damit er  nicht im Internet als &#8220;Verd\u00e4chtigter&#8221; gespeichert wird. &#8220;Das Internet  vergisst nichts&#8221;, erkl\u00e4rt er uns, &#8220;jeder der nach mir googelt, s\u00e4he  meinen Namen in Verbindung mit &#8220;Terrorismus&#8221; und &#8220;Tatverdacht&#8221;, das wird  man dann nie wieder los.&#8221;<\/p><\/blockquote>\n<blockquote><p>Die Mehrheit der Deutschen sammelt Payback-Punkte und surft im Internet.  Sie f\u00e4hrt mit der Bahn, zahlt mit Kreditkarte und bestellt beim  Versandh\u00e4ndler. Sie kommuniziert viel und gerne und freut sich, dass das  digitale Zeitalter das Leben in vielerlei Hinsicht leichter macht. Wie  leicht wir dabei aber auch den \u00dcberblick verlieren \u00fcber den Verbleib  unserer Daten ist Thema der  Dokumentation  &#8211;  was passiert &#8211; &#8220;Wenn  B\u00fcrger gl\u00e4sern werden&#8221;.<\/p><\/blockquote>\n<blockquote>\n<div class=\"artikel-inhalt-container\"><\/div>\n<\/blockquote>\n<p><object width=\"500\" height=\"300\"><param name=\"movie\" value=\"http:\/\/www.youtube.com\/v\/s6wja9x-orA?fs=1&amp;hl=de_DE\"><\/param><param name=\"allowFullScreen\" value=\"true\"><\/param><param name=\"allowscriptaccess\" value=\"always\"><\/param><embed src=\"http:\/\/www.youtube.com\/v\/s6wja9x-orA?fs=1&amp;hl=de_DE\" type=\"application\/x-shockwave-flash\" allowscriptaccess=\"always\" allowfullscreen=\"true\" width=\"500\" height=\"300\"><\/embed><\/object><\/p>\n<h3 class='related_post_title'>Verwandte Beitr\u00e4ge:<\/h3><ul class='related_post'><li><a href=\"http:\/\/konsumpf.de\/?p=15369\" title=\"Daten her!\">Daten her!<\/a><\/li><li><a href=\"http:\/\/konsumpf.de\/?p=15365\" title=\"Gl\u00e4serner Mensch: Gesundheits-Apps auf dem Vormarsch\">Gl\u00e4serner Mensch: Gesundheits-Apps auf dem Vormarsch<\/a><\/li><li><a href=\"http:\/\/konsumpf.de\/?p=15275\" title=\"WhatsApp \u2013 Der Spion in der Hosentasche\">WhatsApp \u2013 Der Spion in der Hosentasche<\/a><\/li><li><a href=\"http:\/\/konsumpf.de\/?p=15082\" title=\"Neue Zumutungen der Werbeindustrie: Die Reklame, die mich \u00fcberwacht\">Neue Zumutungen der Werbeindustrie: Die Reklame, die mich \u00fcberwacht<\/a><\/li><li><a href=\"http:\/\/konsumpf.de\/?p=14967\" title=\"Prism, Tempora &#038; Co. \u2013 das Ende der Privatsph\u00e4renillusion\">Prism, Tempora &#038; Co. \u2013 das Ende der Privatsph\u00e4renillusion<\/a><\/li><\/ul>","protected":false},"excerpt":{"rendered":"<p>Fast ein Jahr ist es her, dass das ZDF die interessante Dokumentation \u201eDer gl\u00e4serne Deutsche \u2013 wie wir B\u00fcrger ausgesp\u00e4ht werden\u201c sendete. Daraus ist zweierlei zu folgern \u2013 ich bin ganz sch\u00f6n sp\u00e4t dran, diesen Film hier zu empfehlen :-), und vermutlich wird er bald aus der Mediathek des ZDF verschwinden ist inzwischen verschwunden. Zum [&hellip;]<\/p>\n","protected":false},"author":1,"featured_media":0,"comment_status":"open","ping_status":"open","sticky":false,"template":"","format":"standard","meta":{"footnotes":""},"categories":[311,259,265,53,225,78],"tags":[1334,1333,1282,2879,285],"yoast_head":"<!-- This site is optimized with the Yoast SEO plugin v24.4 - https:\/\/yoast.com\/wordpress\/plugins\/seo\/ -->\n<title>Der gl\u00e4serne Deutsche \u2013\u00a0wie wir B\u00fcrger ausgesp\u00e4ht werden - Konsumpf - Forum f\u00fcr kreative Konsumkritik - Culture Jamming, Nachhaltigkeit, Konzernkritik, Adbusting<\/title>\n<meta name=\"robots\" content=\"index, follow, max-snippet:-1, max-image-preview:large, max-video-preview:-1\" \/>\n<link rel=\"canonical\" href=\"https:\/\/konsumpf.de\/?p=7390\" \/>\n<meta property=\"og:locale\" content=\"de_DE\" \/>\n<meta property=\"og:type\" content=\"article\" \/>\n<meta property=\"og:title\" content=\"Der gl\u00e4serne Deutsche \u2013\u00a0wie wir B\u00fcrger ausgesp\u00e4ht werden - Konsumpf - Forum f\u00fcr kreative Konsumkritik - Culture Jamming, Nachhaltigkeit, Konzernkritik, Adbusting\" \/>\n<meta property=\"og:description\" content=\"Fast ein Jahr ist es her, dass das ZDF die interessante Dokumentation \u201eDer gl\u00e4serne Deutsche \u2013 wie wir B\u00fcrger ausgesp\u00e4ht werden\u201c sendete. Daraus ist zweierlei zu folgern \u2013 ich bin ganz sch\u00f6n sp\u00e4t dran, diesen Film hier zu empfehlen :-), und vermutlich wird er bald aus der Mediathek des ZDF verschwinden ist inzwischen verschwunden. Zum [&hellip;]\" \/>\n<meta property=\"og:url\" content=\"https:\/\/konsumpf.de\/?p=7390\" \/>\n<meta property=\"og:site_name\" content=\"Konsumpf - Forum f\u00fcr kreative Konsumkritik - Culture Jamming, Nachhaltigkeit, Konzernkritik, Adbusting\" \/>\n<meta property=\"article:published_time\" content=\"2010-04-05T08:19:34+00:00\" \/>\n<meta property=\"article:modified_time\" content=\"2010-11-14T11:44:45+00:00\" \/>\n<meta property=\"og:image\" content=\"http:\/\/konsumpf.de\/wp-content\/uploads\/2010\/04\/bildschirmfoto-2010-04-04-um-202155-300x167.png\" \/>\n<meta name=\"author\" content=\"Peter M.\" \/>\n<meta name=\"twitter:card\" content=\"summary_large_image\" \/>\n<meta name=\"twitter:label1\" content=\"Verfasst von\" \/>\n\t<meta name=\"twitter:data1\" content=\"Peter M.\" \/>\n\t<meta name=\"twitter:label2\" content=\"Gesch\u00e4tzte Lesezeit\" \/>\n\t<meta name=\"twitter:data2\" content=\"2\u00a0Minuten\" \/>\n<script type=\"application\/ld+json\" class=\"yoast-schema-graph\">{\"@context\":\"https:\/\/schema.org\",\"@graph\":[{\"@type\":\"WebPage\",\"@id\":\"https:\/\/konsumpf.de\/?p=7390\",\"url\":\"https:\/\/konsumpf.de\/?p=7390\",\"name\":\"Der gl\u00e4serne Deutsche \u2013\u00a0wie wir B\u00fcrger ausgesp\u00e4ht werden - Konsumpf - Forum f\u00fcr kreative Konsumkritik - Culture Jamming, Nachhaltigkeit, Konzernkritik, Adbusting\",\"isPartOf\":{\"@id\":\"https:\/\/konsumpf.de\/#website\"},\"primaryImageOfPage\":{\"@id\":\"https:\/\/konsumpf.de\/?p=7390#primaryimage\"},\"image\":{\"@id\":\"https:\/\/konsumpf.de\/?p=7390#primaryimage\"},\"thumbnailUrl\":\"http:\/\/konsumpf.de\/wp-content\/uploads\/2010\/04\/bildschirmfoto-2010-04-04-um-202155-300x167.png\",\"datePublished\":\"2010-04-05T08:19:34+00:00\",\"dateModified\":\"2010-11-14T11:44:45+00:00\",\"author\":{\"@id\":\"https:\/\/konsumpf.de\/#\/schema\/person\/e595a6d286b26994e7e0926d70699070\"},\"breadcrumb\":{\"@id\":\"https:\/\/konsumpf.de\/?p=7390#breadcrumb\"},\"inLanguage\":\"de\",\"potentialAction\":[{\"@type\":\"ReadAction\",\"target\":[\"https:\/\/konsumpf.de\/?p=7390\"]}]},{\"@type\":\"ImageObject\",\"inLanguage\":\"de\",\"@id\":\"https:\/\/konsumpf.de\/?p=7390#primaryimage\",\"url\":\"https:\/\/konsumpf.de\/wp-content\/uploads\/2010\/04\/bildschirmfoto-2010-04-04-um-202155.png\",\"contentUrl\":\"https:\/\/konsumpf.de\/wp-content\/uploads\/2010\/04\/bildschirmfoto-2010-04-04-um-202155.png\",\"width\":\"917\",\"height\":\"512\"},{\"@type\":\"BreadcrumbList\",\"@id\":\"https:\/\/konsumpf.de\/?p=7390#breadcrumb\",\"itemListElement\":[{\"@type\":\"ListItem\",\"position\":1,\"name\":\"Startseite\",\"item\":\"https:\/\/konsumpf.de\/\"},{\"@type\":\"ListItem\",\"position\":2,\"name\":\"Der gl\u00e4serne Deutsche \u2013\u00a0wie wir B\u00fcrger ausgesp\u00e4ht werden\"}]},{\"@type\":\"WebSite\",\"@id\":\"https:\/\/konsumpf.de\/#website\",\"url\":\"https:\/\/konsumpf.de\/\",\"name\":\"Konsumpf - Forum f\u00fcr kreative Konsumkritik - Culture Jamming, Nachhaltigkeit, Konzernkritik, Adbusting\",\"description\":\"\",\"potentialAction\":[{\"@type\":\"SearchAction\",\"target\":{\"@type\":\"EntryPoint\",\"urlTemplate\":\"https:\/\/konsumpf.de\/?s={search_term_string}\"},\"query-input\":{\"@type\":\"PropertyValueSpecification\",\"valueRequired\":true,\"valueName\":\"search_term_string\"}}],\"inLanguage\":\"de\"},{\"@type\":\"Person\",\"@id\":\"https:\/\/konsumpf.de\/#\/schema\/person\/e595a6d286b26994e7e0926d70699070\",\"name\":\"Peter M.\",\"sameAs\":[\"http:\/\/konsumpf.de\"]}]}<\/script>\n<!-- \/ Yoast SEO plugin. -->","yoast_head_json":{"title":"Der gl\u00e4serne Deutsche \u2013\u00a0wie wir B\u00fcrger ausgesp\u00e4ht werden - Konsumpf - Forum f\u00fcr kreative Konsumkritik - Culture Jamming, Nachhaltigkeit, Konzernkritik, Adbusting","robots":{"index":"index","follow":"follow","max-snippet":"max-snippet:-1","max-image-preview":"max-image-preview:large","max-video-preview":"max-video-preview:-1"},"canonical":"https:\/\/konsumpf.de\/?p=7390","og_locale":"de_DE","og_type":"article","og_title":"Der gl\u00e4serne Deutsche \u2013\u00a0wie wir B\u00fcrger ausgesp\u00e4ht werden - Konsumpf - Forum f\u00fcr kreative Konsumkritik - Culture Jamming, Nachhaltigkeit, Konzernkritik, Adbusting","og_description":"Fast ein Jahr ist es her, dass das ZDF die interessante Dokumentation \u201eDer gl\u00e4serne Deutsche \u2013 wie wir B\u00fcrger ausgesp\u00e4ht werden\u201c sendete. Daraus ist zweierlei zu folgern \u2013 ich bin ganz sch\u00f6n sp\u00e4t dran, diesen Film hier zu empfehlen :-), und vermutlich wird er bald aus der Mediathek des ZDF verschwinden ist inzwischen verschwunden. Zum [&hellip;]","og_url":"https:\/\/konsumpf.de\/?p=7390","og_site_name":"Konsumpf - Forum f\u00fcr kreative Konsumkritik - Culture Jamming, Nachhaltigkeit, Konzernkritik, Adbusting","article_published_time":"2010-04-05T08:19:34+00:00","article_modified_time":"2010-11-14T11:44:45+00:00","og_image":[{"url":"http:\/\/konsumpf.de\/wp-content\/uploads\/2010\/04\/bildschirmfoto-2010-04-04-um-202155-300x167.png","type":"","width":"","height":""}],"author":"Peter M.","twitter_card":"summary_large_image","twitter_misc":{"Verfasst von":"Peter M.","Gesch\u00e4tzte Lesezeit":"2\u00a0Minuten"},"schema":{"@context":"https:\/\/schema.org","@graph":[{"@type":"WebPage","@id":"https:\/\/konsumpf.de\/?p=7390","url":"https:\/\/konsumpf.de\/?p=7390","name":"Der gl\u00e4serne Deutsche \u2013\u00a0wie wir B\u00fcrger ausgesp\u00e4ht werden - Konsumpf - Forum f\u00fcr kreative Konsumkritik - Culture Jamming, Nachhaltigkeit, Konzernkritik, Adbusting","isPartOf":{"@id":"https:\/\/konsumpf.de\/#website"},"primaryImageOfPage":{"@id":"https:\/\/konsumpf.de\/?p=7390#primaryimage"},"image":{"@id":"https:\/\/konsumpf.de\/?p=7390#primaryimage"},"thumbnailUrl":"http:\/\/konsumpf.de\/wp-content\/uploads\/2010\/04\/bildschirmfoto-2010-04-04-um-202155-300x167.png","datePublished":"2010-04-05T08:19:34+00:00","dateModified":"2010-11-14T11:44:45+00:00","author":{"@id":"https:\/\/konsumpf.de\/#\/schema\/person\/e595a6d286b26994e7e0926d70699070"},"breadcrumb":{"@id":"https:\/\/konsumpf.de\/?p=7390#breadcrumb"},"inLanguage":"de","potentialAction":[{"@type":"ReadAction","target":["https:\/\/konsumpf.de\/?p=7390"]}]},{"@type":"ImageObject","inLanguage":"de","@id":"https:\/\/konsumpf.de\/?p=7390#primaryimage","url":"https:\/\/konsumpf.de\/wp-content\/uploads\/2010\/04\/bildschirmfoto-2010-04-04-um-202155.png","contentUrl":"https:\/\/konsumpf.de\/wp-content\/uploads\/2010\/04\/bildschirmfoto-2010-04-04-um-202155.png","width":"917","height":"512"},{"@type":"BreadcrumbList","@id":"https:\/\/konsumpf.de\/?p=7390#breadcrumb","itemListElement":[{"@type":"ListItem","position":1,"name":"Startseite","item":"https:\/\/konsumpf.de\/"},{"@type":"ListItem","position":2,"name":"Der gl\u00e4serne Deutsche \u2013\u00a0wie wir B\u00fcrger ausgesp\u00e4ht werden"}]},{"@type":"WebSite","@id":"https:\/\/konsumpf.de\/#website","url":"https:\/\/konsumpf.de\/","name":"Konsumpf - Forum f\u00fcr kreative Konsumkritik - Culture Jamming, Nachhaltigkeit, Konzernkritik, Adbusting","description":"","potentialAction":[{"@type":"SearchAction","target":{"@type":"EntryPoint","urlTemplate":"https:\/\/konsumpf.de\/?s={search_term_string}"},"query-input":{"@type":"PropertyValueSpecification","valueRequired":true,"valueName":"search_term_string"}}],"inLanguage":"de"},{"@type":"Person","@id":"https:\/\/konsumpf.de\/#\/schema\/person\/e595a6d286b26994e7e0926d70699070","name":"Peter M.","sameAs":["http:\/\/konsumpf.de"]}]}},"_links":{"self":[{"href":"https:\/\/konsumpf.de\/index.php?rest_route=\/wp\/v2\/posts\/7390"}],"collection":[{"href":"https:\/\/konsumpf.de\/index.php?rest_route=\/wp\/v2\/posts"}],"about":[{"href":"https:\/\/konsumpf.de\/index.php?rest_route=\/wp\/v2\/types\/post"}],"author":[{"embeddable":true,"href":"https:\/\/konsumpf.de\/index.php?rest_route=\/wp\/v2\/users\/1"}],"replies":[{"embeddable":true,"href":"https:\/\/konsumpf.de\/index.php?rest_route=%2Fwp%2Fv2%2Fcomments&post=7390"}],"version-history":[{"count":3,"href":"https:\/\/konsumpf.de\/index.php?rest_route=\/wp\/v2\/posts\/7390\/revisions"}],"predecessor-version":[{"id":9924,"href":"https:\/\/konsumpf.de\/index.php?rest_route=\/wp\/v2\/posts\/7390\/revisions\/9924"}],"wp:attachment":[{"href":"https:\/\/konsumpf.de\/index.php?rest_route=%2Fwp%2Fv2%2Fmedia&parent=7390"}],"wp:term":[{"taxonomy":"category","embeddable":true,"href":"https:\/\/konsumpf.de\/index.php?rest_route=%2Fwp%2Fv2%2Fcategories&post=7390"},{"taxonomy":"post_tag","embeddable":true,"href":"https:\/\/konsumpf.de\/index.php?rest_route=%2Fwp%2Fv2%2Ftags&post=7390"}],"curies":[{"name":"wp","href":"https:\/\/api.w.org\/{rel}","templated":true}]}}