{"id":7288,"date":"2010-03-17T10:27:59","date_gmt":"2010-03-17T09:27:59","guid":{"rendered":"http:\/\/konsumpf.de\/?p=7288"},"modified":"2010-03-17T13:44:42","modified_gmt":"2010-03-17T12:44:42","slug":"ausgezeichnet","status":"publish","type":"post","link":"https:\/\/konsumpf.de\/?p=7288","title":{"rendered":"Ausgezeichnet&#8230;"},"content":{"rendered":"<p><a href=\"http:\/\/konsumpf.de\/wp-content\/uploads\/2010\/03\/bildschirmfoto-2010-03-16-um-212751.png\"><img loading=\"lazy\" decoding=\"async\" class=\"alignright size-full wp-image-7289\" title=\"bildschirmfoto-2010-03-16-um-212751\" src=\"http:\/\/konsumpf.de\/wp-content\/uploads\/2010\/03\/bildschirmfoto-2010-03-16-um-212751.png\" alt=\"bildschirmfoto-2010-03-16-um-212751\" width=\"213\" height=\"76\" \/><\/a>&#8230; wurde mein Konsumpf-Blog zwar noch nicht, aber zumindest wurde er f\u00fcr die Blog-Awards <strong>The BOBs<\/strong> im Bereich \u201e<strong>Best Weblog Deutsch<\/strong>\u201c der <strong>Deutschen Welle<\/strong> nominiert, zu meiner eigenen \u00dcberraschung. Bis zum 14. April d\u00fcrfen die User noch \u00fcber ihre Favoriten abstimmen \u2013 <a href=\"http:\/\/www.thebobs.com\/index.php?l=de&amp;s=1155503109924847OMDFOOVR-NONE\">und zwar unter diesem Link<\/a>. Wer also mein kleines Projekt ein wenig unterst\u00fctzen m\u00f6chte&#8230; :-) Ansonsten gibt es auch einige andere Kandidaten, die stimmw\u00fcrdig sind, vor allem nat\u00fcrlich <a href=\"http:\/\/bleib-passiv.de\/\">Bleib Passiv<\/a>, aber auch <a href=\"http:\/\/fixmbr.de\/\">FIXMBR!<\/a>, <a href=\"http:\/\/ad-sinistram.blogspot.com\/\">Ad Sinistram<\/a> und der \u201ePlatzhirsch\u201c <a href=\"http:\/\/www.nachdenkseiten.de\/\">NachDenkSeiten<\/a>, die vermutlich das Rennen machen werden&#8230;<\/p>\n<h3 class='related_post_title'>Verwandte Beitr\u00e4ge:<\/h3><ul class='related_post'><li><a href=\"http:\/\/konsumpf.de\/?p=9582\" title=\"Blogputz\">Blogputz<\/a><\/li><li><a href=\"http:\/\/konsumpf.de\/?p=10238\" title=\"Buchbesprechung: Caroline Glathe \u201eKommunikation von Nachhaltigkeit in Fernsehen und Web 2.0\u201c\">Buchbesprechung: Caroline Glathe \u201eKommunikation von Nachhaltigkeit in Fernsehen und Web 2.0\u201c<\/a><\/li><li><a href=\"http:\/\/konsumpf.de\/?p=9216\" title=\"Konsumpf heute Abend auf Radio Fritz\">Konsumpf heute Abend auf Radio Fritz<\/a><\/li><li><a href=\"http:\/\/konsumpf.de\/?p=8475\" title=\"Konsumpf auf quu.fm\">Konsumpf auf quu.fm<\/a><\/li><li><a href=\"http:\/\/konsumpf.de\/?p=7703\" title=\"flattr \u2013 der Selbstversuch\">flattr \u2013 der Selbstversuch<\/a><\/li><\/ul>","protected":false},"excerpt":{"rendered":"<p>&#8230; wurde mein Konsumpf-Blog zwar noch nicht, aber zumindest wurde er f\u00fcr die Blog-Awards The BOBs im Bereich \u201eBest Weblog Deutsch\u201c der Deutschen Welle nominiert, zu meiner eigenen \u00dcberraschung. Bis zum 14. April d\u00fcrfen die User noch \u00fcber ihre Favoriten abstimmen \u2013 und zwar unter diesem Link. Wer also mein kleines Projekt ein wenig unterst\u00fctzen [&hellip;]<\/p>\n","protected":false},"author":1,"featured_media":0,"comment_status":"open","ping_status":"open","sticky":false,"template":"","format":"standard","meta":{"footnotes":""},"categories":[265,33],"tags":[1310,1309,1311,1308],"yoast_head":"<!-- This site is optimized with the Yoast SEO plugin v24.4 - https:\/\/yoast.com\/wordpress\/plugins\/seo\/ -->\n<title>Ausgezeichnet... - Konsumpf - Forum f\u00fcr kreative Konsumkritik - Culture Jamming, Nachhaltigkeit, Konzernkritik, Adbusting<\/title>\n<meta name=\"robots\" content=\"index, follow, max-snippet:-1, max-image-preview:large, max-video-preview:-1\" \/>\n<link rel=\"canonical\" href=\"https:\/\/konsumpf.de\/?p=7288\" \/>\n<meta property=\"og:locale\" content=\"de_DE\" \/>\n<meta property=\"og:type\" content=\"article\" \/>\n<meta property=\"og:title\" content=\"Ausgezeichnet... - Konsumpf - Forum f\u00fcr kreative Konsumkritik - Culture Jamming, Nachhaltigkeit, Konzernkritik, Adbusting\" \/>\n<meta property=\"og:description\" content=\"&#8230; wurde mein Konsumpf-Blog zwar noch nicht, aber zumindest wurde er f\u00fcr die Blog-Awards The BOBs im Bereich \u201eBest Weblog Deutsch\u201c der Deutschen Welle nominiert, zu meiner eigenen \u00dcberraschung. Bis zum 14. April d\u00fcrfen die User noch \u00fcber ihre Favoriten abstimmen \u2013 und zwar unter diesem Link. Wer also mein kleines Projekt ein wenig unterst\u00fctzen [&hellip;]\" \/>\n<meta property=\"og:url\" content=\"https:\/\/konsumpf.de\/?p=7288\" \/>\n<meta property=\"og:site_name\" content=\"Konsumpf - Forum f\u00fcr kreative Konsumkritik - Culture Jamming, Nachhaltigkeit, Konzernkritik, Adbusting\" \/>\n<meta property=\"article:published_time\" content=\"2010-03-17T09:27:59+00:00\" \/>\n<meta property=\"article:modified_time\" content=\"2010-03-17T12:44:42+00:00\" \/>\n<meta property=\"og:image\" content=\"http:\/\/konsumpf.de\/wp-content\/uploads\/2010\/03\/bildschirmfoto-2010-03-16-um-212751.png\" \/>\n<meta name=\"author\" content=\"Peter M.\" \/>\n<meta name=\"twitter:card\" content=\"summary_large_image\" \/>\n<meta name=\"twitter:label1\" content=\"Verfasst von\" \/>\n\t<meta name=\"twitter:data1\" content=\"Peter M.\" \/>\n<script type=\"application\/ld+json\" class=\"yoast-schema-graph\">{\"@context\":\"https:\/\/schema.org\",\"@graph\":[{\"@type\":\"WebPage\",\"@id\":\"https:\/\/konsumpf.de\/?p=7288\",\"url\":\"https:\/\/konsumpf.de\/?p=7288\",\"name\":\"Ausgezeichnet... - Konsumpf - Forum f\u00fcr kreative Konsumkritik - Culture Jamming, Nachhaltigkeit, Konzernkritik, Adbusting\",\"isPartOf\":{\"@id\":\"https:\/\/konsumpf.de\/#website\"},\"primaryImageOfPage\":{\"@id\":\"https:\/\/konsumpf.de\/?p=7288#primaryimage\"},\"image\":{\"@id\":\"https:\/\/konsumpf.de\/?p=7288#primaryimage\"},\"thumbnailUrl\":\"http:\/\/konsumpf.de\/wp-content\/uploads\/2010\/03\/bildschirmfoto-2010-03-16-um-212751.png\",\"datePublished\":\"2010-03-17T09:27:59+00:00\",\"dateModified\":\"2010-03-17T12:44:42+00:00\",\"author\":{\"@id\":\"https:\/\/konsumpf.de\/#\/schema\/person\/e595a6d286b26994e7e0926d70699070\"},\"breadcrumb\":{\"@id\":\"https:\/\/konsumpf.de\/?p=7288#breadcrumb\"},\"inLanguage\":\"de\",\"potentialAction\":[{\"@type\":\"ReadAction\",\"target\":[\"https:\/\/konsumpf.de\/?p=7288\"]}]},{\"@type\":\"ImageObject\",\"inLanguage\":\"de\",\"@id\":\"https:\/\/konsumpf.de\/?p=7288#primaryimage\",\"url\":\"https:\/\/konsumpf.de\/wp-content\/uploads\/2010\/03\/bildschirmfoto-2010-03-16-um-212751.png\",\"contentUrl\":\"https:\/\/konsumpf.de\/wp-content\/uploads\/2010\/03\/bildschirmfoto-2010-03-16-um-212751.png\",\"width\":\"213\",\"height\":\"76\"},{\"@type\":\"BreadcrumbList\",\"@id\":\"https:\/\/konsumpf.de\/?p=7288#breadcrumb\",\"itemListElement\":[{\"@type\":\"ListItem\",\"position\":1,\"name\":\"Startseite\",\"item\":\"https:\/\/konsumpf.de\/\"},{\"@type\":\"ListItem\",\"position\":2,\"name\":\"Ausgezeichnet&#8230;\"}]},{\"@type\":\"WebSite\",\"@id\":\"https:\/\/konsumpf.de\/#website\",\"url\":\"https:\/\/konsumpf.de\/\",\"name\":\"Konsumpf - Forum f\u00fcr kreative Konsumkritik - Culture Jamming, Nachhaltigkeit, Konzernkritik, Adbusting\",\"description\":\"\",\"potentialAction\":[{\"@type\":\"SearchAction\",\"target\":{\"@type\":\"EntryPoint\",\"urlTemplate\":\"https:\/\/konsumpf.de\/?s={search_term_string}\"},\"query-input\":{\"@type\":\"PropertyValueSpecification\",\"valueRequired\":true,\"valueName\":\"search_term_string\"}}],\"inLanguage\":\"de\"},{\"@type\":\"Person\",\"@id\":\"https:\/\/konsumpf.de\/#\/schema\/person\/e595a6d286b26994e7e0926d70699070\",\"name\":\"Peter M.\",\"sameAs\":[\"http:\/\/konsumpf.de\"]}]}<\/script>\n<!-- \/ Yoast SEO plugin. -->","yoast_head_json":{"title":"Ausgezeichnet... - Konsumpf - Forum f\u00fcr kreative Konsumkritik - Culture Jamming, Nachhaltigkeit, Konzernkritik, Adbusting","robots":{"index":"index","follow":"follow","max-snippet":"max-snippet:-1","max-image-preview":"max-image-preview:large","max-video-preview":"max-video-preview:-1"},"canonical":"https:\/\/konsumpf.de\/?p=7288","og_locale":"de_DE","og_type":"article","og_title":"Ausgezeichnet... - Konsumpf - Forum f\u00fcr kreative Konsumkritik - Culture Jamming, Nachhaltigkeit, Konzernkritik, Adbusting","og_description":"&#8230; wurde mein Konsumpf-Blog zwar noch nicht, aber zumindest wurde er f\u00fcr die Blog-Awards The BOBs im Bereich \u201eBest Weblog Deutsch\u201c der Deutschen Welle nominiert, zu meiner eigenen \u00dcberraschung. Bis zum 14. April d\u00fcrfen die User noch \u00fcber ihre Favoriten abstimmen \u2013 und zwar unter diesem Link. Wer also mein kleines Projekt ein wenig unterst\u00fctzen [&hellip;]","og_url":"https:\/\/konsumpf.de\/?p=7288","og_site_name":"Konsumpf - Forum f\u00fcr kreative Konsumkritik - Culture Jamming, Nachhaltigkeit, Konzernkritik, Adbusting","article_published_time":"2010-03-17T09:27:59+00:00","article_modified_time":"2010-03-17T12:44:42+00:00","og_image":[{"url":"http:\/\/konsumpf.de\/wp-content\/uploads\/2010\/03\/bildschirmfoto-2010-03-16-um-212751.png","type":"","width":"","height":""}],"author":"Peter M.","twitter_card":"summary_large_image","twitter_misc":{"Verfasst von":"Peter M."},"schema":{"@context":"https:\/\/schema.org","@graph":[{"@type":"WebPage","@id":"https:\/\/konsumpf.de\/?p=7288","url":"https:\/\/konsumpf.de\/?p=7288","name":"Ausgezeichnet... - Konsumpf - Forum f\u00fcr kreative Konsumkritik - Culture Jamming, Nachhaltigkeit, Konzernkritik, Adbusting","isPartOf":{"@id":"https:\/\/konsumpf.de\/#website"},"primaryImageOfPage":{"@id":"https:\/\/konsumpf.de\/?p=7288#primaryimage"},"image":{"@id":"https:\/\/konsumpf.de\/?p=7288#primaryimage"},"thumbnailUrl":"http:\/\/konsumpf.de\/wp-content\/uploads\/2010\/03\/bildschirmfoto-2010-03-16-um-212751.png","datePublished":"2010-03-17T09:27:59+00:00","dateModified":"2010-03-17T12:44:42+00:00","author":{"@id":"https:\/\/konsumpf.de\/#\/schema\/person\/e595a6d286b26994e7e0926d70699070"},"breadcrumb":{"@id":"https:\/\/konsumpf.de\/?p=7288#breadcrumb"},"inLanguage":"de","potentialAction":[{"@type":"ReadAction","target":["https:\/\/konsumpf.de\/?p=7288"]}]},{"@type":"ImageObject","inLanguage":"de","@id":"https:\/\/konsumpf.de\/?p=7288#primaryimage","url":"https:\/\/konsumpf.de\/wp-content\/uploads\/2010\/03\/bildschirmfoto-2010-03-16-um-212751.png","contentUrl":"https:\/\/konsumpf.de\/wp-content\/uploads\/2010\/03\/bildschirmfoto-2010-03-16-um-212751.png","width":"213","height":"76"},{"@type":"BreadcrumbList","@id":"https:\/\/konsumpf.de\/?p=7288#breadcrumb","itemListElement":[{"@type":"ListItem","position":1,"name":"Startseite","item":"https:\/\/konsumpf.de\/"},{"@type":"ListItem","position":2,"name":"Ausgezeichnet&#8230;"}]},{"@type":"WebSite","@id":"https:\/\/konsumpf.de\/#website","url":"https:\/\/konsumpf.de\/","name":"Konsumpf - Forum f\u00fcr kreative Konsumkritik - Culture Jamming, Nachhaltigkeit, Konzernkritik, Adbusting","description":"","potentialAction":[{"@type":"SearchAction","target":{"@type":"EntryPoint","urlTemplate":"https:\/\/konsumpf.de\/?s={search_term_string}"},"query-input":{"@type":"PropertyValueSpecification","valueRequired":true,"valueName":"search_term_string"}}],"inLanguage":"de"},{"@type":"Person","@id":"https:\/\/konsumpf.de\/#\/schema\/person\/e595a6d286b26994e7e0926d70699070","name":"Peter M.","sameAs":["http:\/\/konsumpf.de"]}]}},"_links":{"self":[{"href":"https:\/\/konsumpf.de\/index.php?rest_route=\/wp\/v2\/posts\/7288"}],"collection":[{"href":"https:\/\/konsumpf.de\/index.php?rest_route=\/wp\/v2\/posts"}],"about":[{"href":"https:\/\/konsumpf.de\/index.php?rest_route=\/wp\/v2\/types\/post"}],"author":[{"embeddable":true,"href":"https:\/\/konsumpf.de\/index.php?rest_route=\/wp\/v2\/users\/1"}],"replies":[{"embeddable":true,"href":"https:\/\/konsumpf.de\/index.php?rest_route=%2Fwp%2Fv2%2Fcomments&post=7288"}],"version-history":[{"count":3,"href":"https:\/\/konsumpf.de\/index.php?rest_route=\/wp\/v2\/posts\/7288\/revisions"}],"predecessor-version":[{"id":7294,"href":"https:\/\/konsumpf.de\/index.php?rest_route=\/wp\/v2\/posts\/7288\/revisions\/7294"}],"wp:attachment":[{"href":"https:\/\/konsumpf.de\/index.php?rest_route=%2Fwp%2Fv2%2Fmedia&parent=7288"}],"wp:term":[{"taxonomy":"category","embeddable":true,"href":"https:\/\/konsumpf.de\/index.php?rest_route=%2Fwp%2Fv2%2Fcategories&post=7288"},{"taxonomy":"post_tag","embeddable":true,"href":"https:\/\/konsumpf.de\/index.php?rest_route=%2Fwp%2Fv2%2Ftags&post=7288"}],"curies":[{"name":"wp","href":"https:\/\/api.w.org\/{rel}","templated":true}]}}