{"id":7213,"date":"2010-03-14T10:04:09","date_gmt":"2010-03-14T09:04:09","guid":{"rendered":"http:\/\/konsumpf.de\/?p=7213"},"modified":"2010-03-13T10:53:51","modified_gmt":"2010-03-13T09:53:51","slug":"sao-paulo-%e2%80%93%c2%a0die-saubere-stadt","status":"publish","type":"post","link":"https:\/\/konsumpf.de\/?p=7213","title":{"rendered":"S\u00e3o Paulo \u2013\u00a0die saubere Stadt"},"content":{"rendered":"<p>Ich hatte es an dieser Stelle ja schon des \u00f6fteren anklingen lassen, dass der Widerstand der Leue gegen die Zumutungen der Reklameindustrie weltweit w\u00e4chst. Selten ist man dabei aber so konsequent und erfreulich radikal wie der B\u00fcrgermeister von <strong>S\u00e3o Paulo<\/strong> \u2013 seit September 2007 sind dort jegliche Formen von Au\u00dfenwerbung verboten! Das ganze riesigen Neonreklame-Ged\u00f6ns, alle Plakate und \u00fcberdimensionalen Aufsteller, die einen ansonsten ins Sichtfeld springen und ungefragt zum Konsum auffordern, sind verschwunden. Tats\u00e4chlich sp\u00fcre ich bereits beim Betrachten der Vorher-\/Nachher-Bilder aus S\u00e3o Paulo eine Entspannung im Gehirn \u2013 das dreiste Anpl\u00e4rren durch den Kommerz verschwindet und das Auge hat wieder mehr Raum zum unbeschwerten Schauen. Das ist das wahre Adbusting!<\/p>\n<p><object width=\"425\" height=\"344\" data=\"http:\/\/www.youtube.com\/v\/Vta6Cn_dLTE&amp;color1=0xb1b1b1&amp;color2=0xcfcfcf&amp;hl=en_US&amp;feature=player_embedded&amp;fs=1\" type=\"application\/x-shockwave-flash\"><param name=\"allowFullScreen\" value=\"true\" \/><param name=\"allowScriptAccess\" value=\"always\" \/><param name=\"src\" value=\"http:\/\/www.youtube.com\/v\/Vta6Cn_dLTE&amp;color1=0xb1b1b1&amp;color2=0xcfcfcf&amp;hl=en_US&amp;feature=player_embedded&amp;fs=1\" \/><param name=\"allowfullscreen\" value=\"true\" \/><\/object><\/p>\n<p>Der <strong>Weburbanist-Blog<\/strong> schreibt in \u201e<a href=\"http:\/\/weburbanist.com\/2010\/03\/06\/clean-city-sao-paulo-scrubbed-of-outdoor-ads\/\"><strong>&#8216;Clean City&#8217;: S\u00e3o Paulo scrubbed of outdoor ads<\/strong><\/a>\u201c:<\/p>\n<blockquote><p>Outdoor advertising is so ubiquitous in almost every urban setting  around the world, it\u2019s difficult to <a href=\"http:\/\/weburbanist.com\/2010\/02\/01\/word-on-the-street-14-fun-urban-street-ads\/\">walk  down a street<\/a>, <a href=\"http:\/\/weburbanist.com\/2010\/01\/25\/stupendous-steps-15-great-escalator-stair-ads\/\">take  an escalator<\/a> or <a href=\"http:\/\/weburbanist.com\/2010\/01\/18\/more-than-fit-to-sit-15-clever-bench-ads\/\">sit  on a bench<\/a> without getting slapped in the face with one product or  another. But the city of S\u00e3o Paulo, Brazil is like an advertising ghost  town: all of its billboards stand oddly blank and empty. (&#8230;)<\/p><\/blockquote>\n<p>und berichtet weiter, dass diese Ma\u00dfnahmen vom Gro\u00dfteil der Bev\u00f6lkerung begr\u00fc\u00dft werden, trotz des verzweifelten Versuchs der Reklamewirtschaft, die Leute mit Kampagnen vom Gegenteil zu \u00fcberzeugen.<\/p>\n<blockquote><p>While advertisers weren\u2019t too happy about the law \u2013 $8 million in fines  were levied against those who dawdled in taking ads down, and Clear  Channel launched an unsuccessful campaign to raise support for putting  them back up \u2013 the citizens clearly approve. Surveys found that at least  70% are happy with the change.<\/p><\/blockquote>\n<p>Erstaunlich, dass hier also zur Abwechslung mal die Interessen und Bed\u00fcrfnisse der B\u00fcrger, der Menschen im Mittelpunkt stehen und nicht die der Wirtschaft. Ein Beispiel, dass Schule machen sollte.<\/p>\n<h3 class='related_post_title'>Verwandte Beitr\u00e4ge:<\/h3><ul class='related_post'><li><a href=\"http:\/\/konsumpf.de\/?p=6522\" title=\"Werbung schadet&#8230; Mietern!\">Werbung schadet&#8230; Mietern!<\/a><\/li><li><a href=\"http:\/\/konsumpf.de\/?p=5034\" title=\"Vieles von dem, was Werbetreibende tun, ist eine Verletzung der Privatsph\u00e4re\">Vieles von dem, was Werbetreibende tun, ist eine Verletzung der Privatsph\u00e4re<\/a><\/li><li><a href=\"http:\/\/konsumpf.de\/?p=15184\" title=\"Kulturelle St\u00f6rger\u00e4usche \">Kulturelle St\u00f6rger\u00e4usche <\/a><\/li><li><a href=\"http:\/\/konsumpf.de\/?p=15119\" title=\"Amt f\u00fcr Werbefreiheit und Gutes Leben\">Amt f\u00fcr Werbefreiheit und Gutes Leben<\/a><\/li><li><a href=\"http:\/\/konsumpf.de\/?p=14732\" title=\"Die Reklamierer*innen \u2013 Eine Kampagne f\u00fcr alle, die finden, dass endlich Reklame gemacht werden muss, Reklame gegen Werbung!\">Die Reklamierer*innen \u2013 Eine Kampagne f\u00fcr alle, die finden, dass endlich Reklame gemacht werden muss, Reklame gegen Werbung!<\/a><\/li><\/ul>","protected":false},"excerpt":{"rendered":"<p>Ich hatte es an dieser Stelle ja schon des \u00f6fteren anklingen lassen, dass der Widerstand der Leue gegen die Zumutungen der Reklameindustrie weltweit w\u00e4chst. Selten ist man dabei aber so konsequent und erfreulich radikal wie der B\u00fcrgermeister von S\u00e3o Paulo \u2013 seit September 2007 sind dort jegliche Formen von Au\u00dfenwerbung verboten! Das ganze riesigen Neonreklame-Ged\u00f6ns, [&hellip;]<\/p>\n","protected":false},"author":1,"featured_media":0,"comment_status":"open","ping_status":"open","sticky":false,"template":"","format":"standard","meta":{"footnotes":""},"categories":[18,259,12,20,50,78],"tags":[1292,159,648,1293,19,479,1291],"yoast_head":"<!-- This site is optimized with the Yoast SEO plugin v24.4 - https:\/\/yoast.com\/wordpress\/plugins\/seo\/ -->\n<title>S\u00e3o Paulo \u2013\u00a0die saubere Stadt - Konsumpf - Forum f\u00fcr kreative Konsumkritik - Culture Jamming, Nachhaltigkeit, Konzernkritik, Adbusting<\/title>\n<meta name=\"robots\" content=\"index, follow, max-snippet:-1, max-image-preview:large, max-video-preview:-1\" \/>\n<link rel=\"canonical\" href=\"https:\/\/konsumpf.de\/?p=7213\" \/>\n<meta property=\"og:locale\" content=\"de_DE\" \/>\n<meta property=\"og:type\" content=\"article\" \/>\n<meta property=\"og:title\" content=\"S\u00e3o Paulo \u2013\u00a0die saubere Stadt - Konsumpf - Forum f\u00fcr kreative Konsumkritik - Culture Jamming, Nachhaltigkeit, Konzernkritik, Adbusting\" \/>\n<meta property=\"og:description\" content=\"Ich hatte es an dieser Stelle ja schon des \u00f6fteren anklingen lassen, dass der Widerstand der Leue gegen die Zumutungen der Reklameindustrie weltweit w\u00e4chst. Selten ist man dabei aber so konsequent und erfreulich radikal wie der B\u00fcrgermeister von S\u00e3o Paulo \u2013 seit September 2007 sind dort jegliche Formen von Au\u00dfenwerbung verboten! Das ganze riesigen Neonreklame-Ged\u00f6ns, [&hellip;]\" \/>\n<meta property=\"og:url\" content=\"https:\/\/konsumpf.de\/?p=7213\" \/>\n<meta property=\"og:site_name\" content=\"Konsumpf - Forum f\u00fcr kreative Konsumkritik - Culture Jamming, Nachhaltigkeit, Konzernkritik, Adbusting\" \/>\n<meta property=\"article:published_time\" content=\"2010-03-14T09:04:09+00:00\" \/>\n<meta name=\"author\" content=\"Peter M.\" \/>\n<meta name=\"twitter:card\" content=\"summary_large_image\" \/>\n<meta name=\"twitter:label1\" content=\"Verfasst von\" \/>\n\t<meta name=\"twitter:data1\" content=\"Peter M.\" \/>\n\t<meta name=\"twitter:label2\" content=\"Gesch\u00e4tzte Lesezeit\" \/>\n\t<meta name=\"twitter:data2\" content=\"2\u00a0Minuten\" \/>\n<script type=\"application\/ld+json\" class=\"yoast-schema-graph\">{\"@context\":\"https:\/\/schema.org\",\"@graph\":[{\"@type\":\"WebPage\",\"@id\":\"https:\/\/konsumpf.de\/?p=7213\",\"url\":\"https:\/\/konsumpf.de\/?p=7213\",\"name\":\"S\u00e3o Paulo \u2013\u00a0die saubere Stadt - Konsumpf - Forum f\u00fcr kreative Konsumkritik - Culture Jamming, Nachhaltigkeit, Konzernkritik, Adbusting\",\"isPartOf\":{\"@id\":\"https:\/\/konsumpf.de\/#website\"},\"datePublished\":\"2010-03-14T09:04:09+00:00\",\"author\":{\"@id\":\"https:\/\/konsumpf.de\/#\/schema\/person\/e595a6d286b26994e7e0926d70699070\"},\"breadcrumb\":{\"@id\":\"https:\/\/konsumpf.de\/?p=7213#breadcrumb\"},\"inLanguage\":\"de\",\"potentialAction\":[{\"@type\":\"ReadAction\",\"target\":[\"https:\/\/konsumpf.de\/?p=7213\"]}]},{\"@type\":\"BreadcrumbList\",\"@id\":\"https:\/\/konsumpf.de\/?p=7213#breadcrumb\",\"itemListElement\":[{\"@type\":\"ListItem\",\"position\":1,\"name\":\"Startseite\",\"item\":\"https:\/\/konsumpf.de\/\"},{\"@type\":\"ListItem\",\"position\":2,\"name\":\"S\u00e3o Paulo \u2013\u00a0die saubere Stadt\"}]},{\"@type\":\"WebSite\",\"@id\":\"https:\/\/konsumpf.de\/#website\",\"url\":\"https:\/\/konsumpf.de\/\",\"name\":\"Konsumpf - Forum f\u00fcr kreative Konsumkritik - Culture Jamming, Nachhaltigkeit, Konzernkritik, Adbusting\",\"description\":\"\",\"potentialAction\":[{\"@type\":\"SearchAction\",\"target\":{\"@type\":\"EntryPoint\",\"urlTemplate\":\"https:\/\/konsumpf.de\/?s={search_term_string}\"},\"query-input\":{\"@type\":\"PropertyValueSpecification\",\"valueRequired\":true,\"valueName\":\"search_term_string\"}}],\"inLanguage\":\"de\"},{\"@type\":\"Person\",\"@id\":\"https:\/\/konsumpf.de\/#\/schema\/person\/e595a6d286b26994e7e0926d70699070\",\"name\":\"Peter M.\",\"sameAs\":[\"http:\/\/konsumpf.de\"]}]}<\/script>\n<!-- \/ Yoast SEO plugin. -->","yoast_head_json":{"title":"S\u00e3o Paulo \u2013\u00a0die saubere Stadt - Konsumpf - Forum f\u00fcr kreative Konsumkritik - Culture Jamming, Nachhaltigkeit, Konzernkritik, Adbusting","robots":{"index":"index","follow":"follow","max-snippet":"max-snippet:-1","max-image-preview":"max-image-preview:large","max-video-preview":"max-video-preview:-1"},"canonical":"https:\/\/konsumpf.de\/?p=7213","og_locale":"de_DE","og_type":"article","og_title":"S\u00e3o Paulo \u2013\u00a0die saubere Stadt - Konsumpf - Forum f\u00fcr kreative Konsumkritik - Culture Jamming, Nachhaltigkeit, Konzernkritik, Adbusting","og_description":"Ich hatte es an dieser Stelle ja schon des \u00f6fteren anklingen lassen, dass der Widerstand der Leue gegen die Zumutungen der Reklameindustrie weltweit w\u00e4chst. Selten ist man dabei aber so konsequent und erfreulich radikal wie der B\u00fcrgermeister von S\u00e3o Paulo \u2013 seit September 2007 sind dort jegliche Formen von Au\u00dfenwerbung verboten! Das ganze riesigen Neonreklame-Ged\u00f6ns, [&hellip;]","og_url":"https:\/\/konsumpf.de\/?p=7213","og_site_name":"Konsumpf - Forum f\u00fcr kreative Konsumkritik - Culture Jamming, Nachhaltigkeit, Konzernkritik, Adbusting","article_published_time":"2010-03-14T09:04:09+00:00","author":"Peter M.","twitter_card":"summary_large_image","twitter_misc":{"Verfasst von":"Peter M.","Gesch\u00e4tzte Lesezeit":"2\u00a0Minuten"},"schema":{"@context":"https:\/\/schema.org","@graph":[{"@type":"WebPage","@id":"https:\/\/konsumpf.de\/?p=7213","url":"https:\/\/konsumpf.de\/?p=7213","name":"S\u00e3o Paulo \u2013\u00a0die saubere Stadt - Konsumpf - Forum f\u00fcr kreative Konsumkritik - Culture Jamming, Nachhaltigkeit, Konzernkritik, Adbusting","isPartOf":{"@id":"https:\/\/konsumpf.de\/#website"},"datePublished":"2010-03-14T09:04:09+00:00","author":{"@id":"https:\/\/konsumpf.de\/#\/schema\/person\/e595a6d286b26994e7e0926d70699070"},"breadcrumb":{"@id":"https:\/\/konsumpf.de\/?p=7213#breadcrumb"},"inLanguage":"de","potentialAction":[{"@type":"ReadAction","target":["https:\/\/konsumpf.de\/?p=7213"]}]},{"@type":"BreadcrumbList","@id":"https:\/\/konsumpf.de\/?p=7213#breadcrumb","itemListElement":[{"@type":"ListItem","position":1,"name":"Startseite","item":"https:\/\/konsumpf.de\/"},{"@type":"ListItem","position":2,"name":"S\u00e3o Paulo \u2013\u00a0die saubere Stadt"}]},{"@type":"WebSite","@id":"https:\/\/konsumpf.de\/#website","url":"https:\/\/konsumpf.de\/","name":"Konsumpf - Forum f\u00fcr kreative Konsumkritik - Culture Jamming, Nachhaltigkeit, Konzernkritik, Adbusting","description":"","potentialAction":[{"@type":"SearchAction","target":{"@type":"EntryPoint","urlTemplate":"https:\/\/konsumpf.de\/?s={search_term_string}"},"query-input":{"@type":"PropertyValueSpecification","valueRequired":true,"valueName":"search_term_string"}}],"inLanguage":"de"},{"@type":"Person","@id":"https:\/\/konsumpf.de\/#\/schema\/person\/e595a6d286b26994e7e0926d70699070","name":"Peter M.","sameAs":["http:\/\/konsumpf.de"]}]}},"_links":{"self":[{"href":"https:\/\/konsumpf.de\/index.php?rest_route=\/wp\/v2\/posts\/7213"}],"collection":[{"href":"https:\/\/konsumpf.de\/index.php?rest_route=\/wp\/v2\/posts"}],"about":[{"href":"https:\/\/konsumpf.de\/index.php?rest_route=\/wp\/v2\/types\/post"}],"author":[{"embeddable":true,"href":"https:\/\/konsumpf.de\/index.php?rest_route=\/wp\/v2\/users\/1"}],"replies":[{"embeddable":true,"href":"https:\/\/konsumpf.de\/index.php?rest_route=%2Fwp%2Fv2%2Fcomments&post=7213"}],"version-history":[{"count":3,"href":"https:\/\/konsumpf.de\/index.php?rest_route=\/wp\/v2\/posts\/7213\/revisions"}],"predecessor-version":[{"id":7216,"href":"https:\/\/konsumpf.de\/index.php?rest_route=\/wp\/v2\/posts\/7213\/revisions\/7216"}],"wp:attachment":[{"href":"https:\/\/konsumpf.de\/index.php?rest_route=%2Fwp%2Fv2%2Fmedia&parent=7213"}],"wp:term":[{"taxonomy":"category","embeddable":true,"href":"https:\/\/konsumpf.de\/index.php?rest_route=%2Fwp%2Fv2%2Fcategories&post=7213"},{"taxonomy":"post_tag","embeddable":true,"href":"https:\/\/konsumpf.de\/index.php?rest_route=%2Fwp%2Fv2%2Ftags&post=7213"}],"curies":[{"name":"wp","href":"https:\/\/api.w.org\/{rel}","templated":true}]}}