{"id":7142,"date":"2010-03-04T10:05:45","date_gmt":"2010-03-04T09:05:45","guid":{"rendered":"http:\/\/konsumpf.de\/?p=7142"},"modified":"2010-03-03T13:27:28","modified_gmt":"2010-03-03T12:27:28","slug":"genkartoffel-amflora-die-schwarz-gelbe-basf-genkartoffel","status":"publish","type":"post","link":"https:\/\/konsumpf.de\/?p=7142","title":{"rendered":"Genkartoffel Amflora: Die schwarz-gelbe BASF-Genkartoffel"},"content":{"rendered":"<p>Es gibt mal wieder Neues aus dem Bereich des \u201eFrankenfood\u201c, wie die Amerikaner genmanipulierte Nahrungsmittel so treffend nennen \u2013 nun sind also auch die europ\u00e4ischen Kartoffeln an der Reihe&#8230; Anbei eine Pressemitteilung des BUND:<\/p>\n<p>&#8212;&#8212;&#8212;&#8212;<\/p>\n<p><strong><a href=\"http:\/\/konsumpf.de\/wp-content\/uploads\/2010\/03\/schwarzgelbe-genkartoffeln1.jpg\"><img loading=\"lazy\" decoding=\"async\" class=\"alignright size-medium wp-image-7145\" title=\"schwarzgelbe-genkartoffeln1\" src=\"http:\/\/konsumpf.de\/wp-content\/uploads\/2010\/03\/schwarzgelbe-genkartoffeln1-300x300.jpg\" alt=\"schwarzgelbe-genkartoffeln1\" width=\"246\" height=\"246\" srcset=\"https:\/\/konsumpf.de\/wp-content\/uploads\/2010\/03\/schwarzgelbe-genkartoffeln1-300x300.jpg 300w, https:\/\/konsumpf.de\/wp-content\/uploads\/2010\/03\/schwarzgelbe-genkartoffeln1-150x150.jpg 150w, https:\/\/konsumpf.de\/wp-content\/uploads\/2010\/03\/schwarzgelbe-genkartoffeln1.jpg 600w\" sizes=\"(max-width: 246px) 100vw, 246px\" \/><\/a>Die umstrittene Genkartoffelsorte Amflora<\/strong> darf ab sofort in der Europ\u00e4ischen Union angebaut werden. Die EU-Kommission hat am 2.3.2010 wieder einmal industriefreundlich und verbraucherfeindlich entschieden. Zum Einsatz kommen d\u00fcrfte die Knolle eigentlich nur f\u00fcr industrielle Zwecke, doch Nebenprodukte sind auch als Tierfutter zul\u00e4ssig.<\/p>\n<p><strong>CDU und FDP f\u00fcr Gentechnik und die Genkartoffel Amflora<\/strong><br \/>\nSchon vor dieser Entscheidung gab es die die Ank\u00fcndigung der schwarz-gelben Bundesregierung, den Anbau der Genkartoffel Amflora f\u00fcr eine kommerzielle, industrielle Verwertung zu unterst\u00fctzen. <em>&#8220;Der Anbau der gentechnisch ver\u00e4nderten St\u00e4rkekartoffel Amflora f\u00fcr eine kommerzielle, industrielle Verwertung wird unterst\u00fctzt&#8221;<\/em>, hie\u00df es im Koalitionsvertrag von Union und FDP. In der Landwirtschaftspolitik ist trotz des Bekenntnisses von CDU und FDP zum \u00f6kologischen Landbau keine nachhaltige Linie zu entdecken. Die EU-Genkartoffel, das CDU-FDP Ja zur Gentechnik in der Landwirtschaft und der Ausstieg aus dem Atomausstieg sind die Spitze des Eisbergs einer nicht nachhaltigen und verbraucherfeindlichen Politik, die alleine den Interessen der gro\u00dfen Konzerne dient. Wie so h\u00e4ufig h\u00e4tte es auch eine \u00f6kologische Alternative zur Genkartoffel gegeben. Es gibt inzwischen zwei ohne Gentechnik gez\u00fcchtete Kartoffelsorten, die \u00e4hnliche Eigenschaft wie Amflora besitzen: Die St\u00e4rke dieser Kartoffeln enth\u00e4lt ausschlie\u00dflich Amylopektin, das in der Industrie f\u00fcr zahlreiche Zwecke verwendet wird. Die \u00f6kologische Alternative kommt ohne das problematische Markergen aus. Es ist unverst\u00e4ndlich, warum die EU-Kommission auf die Risikotechnologie setzt, wenn es unproblematische Alternativen gibt. Die Macht der Konzerne auf der europ\u00e4ischen Ebene ist ungebrochen.<\/p>\n<p><em>Axel Mayer, BUND Gesch\u00e4ftsf\u00fchrer<\/em><\/p>\n<p>mehr Infos:<br \/>\n<a href=\"http:\/\/www.bund.net\/\">http:\/\/www.bund.net\/<\/a><br \/>\n<a href=\"http:\/\/vorort.bund.net\/suedlicher-oberrhein\/genkartoffel-amflora-basf.html\">http:\/\/vorort.bund.net\/suedlicher-oberrhein\/genkartoffel-amflora-basf.html<\/a><\/p>\n<h3 class='related_post_title'>Verwandte Beitr\u00e4ge:<\/h3><ul class='related_post'><li><a href=\"http:\/\/konsumpf.de\/?p=5694\" title=\"Surftipp: Biotech-Seilschaften \u2013 der Gentechnik-Filz\">Surftipp: Biotech-Seilschaften \u2013 der Gentechnik-Filz<\/a><\/li><li><a href=\"http:\/\/konsumpf.de\/?p=9770\" title=\"Lobbyismus f\u00fcr Dummies\">Lobbyismus f\u00fcr Dummies<\/a><\/li><li><a href=\"http:\/\/konsumpf.de\/?p=6106\" title=\"Endspurt Lobby-Appell: Noch bis 31.10. unterzeichnen\">Endspurt Lobby-Appell: Noch bis 31.10. unterzeichnen<\/a><\/li><li><a href=\"http:\/\/konsumpf.de\/?p=5908\" title=\"\u201eDurchmarsch auf leisen Sohlen\u201c\">\u201eDurchmarsch auf leisen Sohlen\u201c<\/a><\/li><li><a href=\"http:\/\/konsumpf.de\/?p=15332\" title=\"Gef\u00e4hrliche Geheimnisse \u2013 Das Freihandelsabkommen\">Gef\u00e4hrliche Geheimnisse \u2013 Das Freihandelsabkommen<\/a><\/li><\/ul>","protected":false},"excerpt":{"rendered":"<p>Es gibt mal wieder Neues aus dem Bereich des \u201eFrankenfood\u201c, wie die Amerikaner genmanipulierte Nahrungsmittel so treffend nennen \u2013 nun sind also auch die europ\u00e4ischen Kartoffeln an der Reihe&#8230; Anbei eine Pressemitteilung des BUND: &#8212;&#8212;&#8212;&#8212; Die umstrittene Genkartoffelsorte Amflora darf ab sofort in der Europ\u00e4ischen Union angebaut werden. Die EU-Kommission hat am 2.3.2010 wieder einmal [&hellip;]<\/p>\n","protected":false},"author":1,"featured_media":0,"comment_status":"open","ping_status":"open","sticky":false,"template":"","format":"standard","meta":{"footnotes":""},"categories":[256,12,320,54,78],"tags":[456,233,85,86,1280,647,2884],"yoast_head":"<!-- This site is optimized with the Yoast SEO plugin v24.4 - https:\/\/yoast.com\/wordpress\/plugins\/seo\/ -->\n<title>Genkartoffel Amflora: Die schwarz-gelbe BASF-Genkartoffel - Konsumpf - Forum f\u00fcr kreative Konsumkritik - Culture Jamming, Nachhaltigkeit, Konzernkritik, Adbusting<\/title>\n<meta name=\"robots\" content=\"index, follow, max-snippet:-1, max-image-preview:large, max-video-preview:-1\" \/>\n<link rel=\"canonical\" href=\"https:\/\/konsumpf.de\/?p=7142\" \/>\n<meta property=\"og:locale\" content=\"de_DE\" \/>\n<meta property=\"og:type\" content=\"article\" \/>\n<meta property=\"og:title\" content=\"Genkartoffel Amflora: Die schwarz-gelbe BASF-Genkartoffel - Konsumpf - Forum f\u00fcr kreative Konsumkritik - Culture Jamming, Nachhaltigkeit, Konzernkritik, Adbusting\" \/>\n<meta property=\"og:description\" content=\"Es gibt mal wieder Neues aus dem Bereich des \u201eFrankenfood\u201c, wie die Amerikaner genmanipulierte Nahrungsmittel so treffend nennen \u2013 nun sind also auch die europ\u00e4ischen Kartoffeln an der Reihe&#8230; Anbei eine Pressemitteilung des BUND: &#8212;&#8212;&#8212;&#8212; Die umstrittene Genkartoffelsorte Amflora darf ab sofort in der Europ\u00e4ischen Union angebaut werden. Die EU-Kommission hat am 2.3.2010 wieder einmal [&hellip;]\" \/>\n<meta property=\"og:url\" content=\"https:\/\/konsumpf.de\/?p=7142\" \/>\n<meta property=\"og:site_name\" content=\"Konsumpf - Forum f\u00fcr kreative Konsumkritik - Culture Jamming, Nachhaltigkeit, Konzernkritik, Adbusting\" \/>\n<meta property=\"article:published_time\" content=\"2010-03-04T09:05:45+00:00\" \/>\n<meta property=\"og:image\" content=\"http:\/\/konsumpf.de\/wp-content\/uploads\/2010\/03\/schwarzgelbe-genkartoffeln1-300x300.jpg\" \/>\n<meta name=\"author\" content=\"Peter M.\" \/>\n<meta name=\"twitter:card\" content=\"summary_large_image\" \/>\n<meta name=\"twitter:label1\" content=\"Verfasst von\" \/>\n\t<meta name=\"twitter:data1\" content=\"Peter M.\" \/>\n\t<meta name=\"twitter:label2\" content=\"Gesch\u00e4tzte Lesezeit\" \/>\n\t<meta name=\"twitter:data2\" content=\"2\u00a0Minuten\" \/>\n<script type=\"application\/ld+json\" class=\"yoast-schema-graph\">{\"@context\":\"https:\/\/schema.org\",\"@graph\":[{\"@type\":\"WebPage\",\"@id\":\"https:\/\/konsumpf.de\/?p=7142\",\"url\":\"https:\/\/konsumpf.de\/?p=7142\",\"name\":\"Genkartoffel Amflora: Die schwarz-gelbe BASF-Genkartoffel - Konsumpf - Forum f\u00fcr kreative Konsumkritik - Culture Jamming, Nachhaltigkeit, Konzernkritik, Adbusting\",\"isPartOf\":{\"@id\":\"https:\/\/konsumpf.de\/#website\"},\"primaryImageOfPage\":{\"@id\":\"https:\/\/konsumpf.de\/?p=7142#primaryimage\"},\"image\":{\"@id\":\"https:\/\/konsumpf.de\/?p=7142#primaryimage\"},\"thumbnailUrl\":\"http:\/\/konsumpf.de\/wp-content\/uploads\/2010\/03\/schwarzgelbe-genkartoffeln1-300x300.jpg\",\"datePublished\":\"2010-03-04T09:05:45+00:00\",\"author\":{\"@id\":\"https:\/\/konsumpf.de\/#\/schema\/person\/e595a6d286b26994e7e0926d70699070\"},\"breadcrumb\":{\"@id\":\"https:\/\/konsumpf.de\/?p=7142#breadcrumb\"},\"inLanguage\":\"de\",\"potentialAction\":[{\"@type\":\"ReadAction\",\"target\":[\"https:\/\/konsumpf.de\/?p=7142\"]}]},{\"@type\":\"ImageObject\",\"inLanguage\":\"de\",\"@id\":\"https:\/\/konsumpf.de\/?p=7142#primaryimage\",\"url\":\"https:\/\/konsumpf.de\/wp-content\/uploads\/2010\/03\/schwarzgelbe-genkartoffeln1.jpg\",\"contentUrl\":\"https:\/\/konsumpf.de\/wp-content\/uploads\/2010\/03\/schwarzgelbe-genkartoffeln1.jpg\",\"width\":\"600\",\"height\":\"600\"},{\"@type\":\"BreadcrumbList\",\"@id\":\"https:\/\/konsumpf.de\/?p=7142#breadcrumb\",\"itemListElement\":[{\"@type\":\"ListItem\",\"position\":1,\"name\":\"Startseite\",\"item\":\"https:\/\/konsumpf.de\/\"},{\"@type\":\"ListItem\",\"position\":2,\"name\":\"Genkartoffel Amflora: Die schwarz-gelbe BASF-Genkartoffel\"}]},{\"@type\":\"WebSite\",\"@id\":\"https:\/\/konsumpf.de\/#website\",\"url\":\"https:\/\/konsumpf.de\/\",\"name\":\"Konsumpf - Forum f\u00fcr kreative Konsumkritik - Culture Jamming, Nachhaltigkeit, Konzernkritik, Adbusting\",\"description\":\"\",\"potentialAction\":[{\"@type\":\"SearchAction\",\"target\":{\"@type\":\"EntryPoint\",\"urlTemplate\":\"https:\/\/konsumpf.de\/?s={search_term_string}\"},\"query-input\":{\"@type\":\"PropertyValueSpecification\",\"valueRequired\":true,\"valueName\":\"search_term_string\"}}],\"inLanguage\":\"de\"},{\"@type\":\"Person\",\"@id\":\"https:\/\/konsumpf.de\/#\/schema\/person\/e595a6d286b26994e7e0926d70699070\",\"name\":\"Peter M.\",\"sameAs\":[\"http:\/\/konsumpf.de\"]}]}<\/script>\n<!-- \/ Yoast SEO plugin. -->","yoast_head_json":{"title":"Genkartoffel Amflora: Die schwarz-gelbe BASF-Genkartoffel - Konsumpf - Forum f\u00fcr kreative Konsumkritik - Culture Jamming, Nachhaltigkeit, Konzernkritik, Adbusting","robots":{"index":"index","follow":"follow","max-snippet":"max-snippet:-1","max-image-preview":"max-image-preview:large","max-video-preview":"max-video-preview:-1"},"canonical":"https:\/\/konsumpf.de\/?p=7142","og_locale":"de_DE","og_type":"article","og_title":"Genkartoffel Amflora: Die schwarz-gelbe BASF-Genkartoffel - Konsumpf - Forum f\u00fcr kreative Konsumkritik - Culture Jamming, Nachhaltigkeit, Konzernkritik, Adbusting","og_description":"Es gibt mal wieder Neues aus dem Bereich des \u201eFrankenfood\u201c, wie die Amerikaner genmanipulierte Nahrungsmittel so treffend nennen \u2013 nun sind also auch die europ\u00e4ischen Kartoffeln an der Reihe&#8230; Anbei eine Pressemitteilung des BUND: &#8212;&#8212;&#8212;&#8212; Die umstrittene Genkartoffelsorte Amflora darf ab sofort in der Europ\u00e4ischen Union angebaut werden. Die EU-Kommission hat am 2.3.2010 wieder einmal [&hellip;]","og_url":"https:\/\/konsumpf.de\/?p=7142","og_site_name":"Konsumpf - Forum f\u00fcr kreative Konsumkritik - Culture Jamming, Nachhaltigkeit, Konzernkritik, Adbusting","article_published_time":"2010-03-04T09:05:45+00:00","og_image":[{"url":"http:\/\/konsumpf.de\/wp-content\/uploads\/2010\/03\/schwarzgelbe-genkartoffeln1-300x300.jpg","type":"","width":"","height":""}],"author":"Peter M.","twitter_card":"summary_large_image","twitter_misc":{"Verfasst von":"Peter M.","Gesch\u00e4tzte Lesezeit":"2\u00a0Minuten"},"schema":{"@context":"https:\/\/schema.org","@graph":[{"@type":"WebPage","@id":"https:\/\/konsumpf.de\/?p=7142","url":"https:\/\/konsumpf.de\/?p=7142","name":"Genkartoffel Amflora: Die schwarz-gelbe BASF-Genkartoffel - Konsumpf - Forum f\u00fcr kreative Konsumkritik - Culture Jamming, Nachhaltigkeit, Konzernkritik, Adbusting","isPartOf":{"@id":"https:\/\/konsumpf.de\/#website"},"primaryImageOfPage":{"@id":"https:\/\/konsumpf.de\/?p=7142#primaryimage"},"image":{"@id":"https:\/\/konsumpf.de\/?p=7142#primaryimage"},"thumbnailUrl":"http:\/\/konsumpf.de\/wp-content\/uploads\/2010\/03\/schwarzgelbe-genkartoffeln1-300x300.jpg","datePublished":"2010-03-04T09:05:45+00:00","author":{"@id":"https:\/\/konsumpf.de\/#\/schema\/person\/e595a6d286b26994e7e0926d70699070"},"breadcrumb":{"@id":"https:\/\/konsumpf.de\/?p=7142#breadcrumb"},"inLanguage":"de","potentialAction":[{"@type":"ReadAction","target":["https:\/\/konsumpf.de\/?p=7142"]}]},{"@type":"ImageObject","inLanguage":"de","@id":"https:\/\/konsumpf.de\/?p=7142#primaryimage","url":"https:\/\/konsumpf.de\/wp-content\/uploads\/2010\/03\/schwarzgelbe-genkartoffeln1.jpg","contentUrl":"https:\/\/konsumpf.de\/wp-content\/uploads\/2010\/03\/schwarzgelbe-genkartoffeln1.jpg","width":"600","height":"600"},{"@type":"BreadcrumbList","@id":"https:\/\/konsumpf.de\/?p=7142#breadcrumb","itemListElement":[{"@type":"ListItem","position":1,"name":"Startseite","item":"https:\/\/konsumpf.de\/"},{"@type":"ListItem","position":2,"name":"Genkartoffel Amflora: Die schwarz-gelbe BASF-Genkartoffel"}]},{"@type":"WebSite","@id":"https:\/\/konsumpf.de\/#website","url":"https:\/\/konsumpf.de\/","name":"Konsumpf - Forum f\u00fcr kreative Konsumkritik - Culture Jamming, Nachhaltigkeit, Konzernkritik, Adbusting","description":"","potentialAction":[{"@type":"SearchAction","target":{"@type":"EntryPoint","urlTemplate":"https:\/\/konsumpf.de\/?s={search_term_string}"},"query-input":{"@type":"PropertyValueSpecification","valueRequired":true,"valueName":"search_term_string"}}],"inLanguage":"de"},{"@type":"Person","@id":"https:\/\/konsumpf.de\/#\/schema\/person\/e595a6d286b26994e7e0926d70699070","name":"Peter M.","sameAs":["http:\/\/konsumpf.de"]}]}},"_links":{"self":[{"href":"https:\/\/konsumpf.de\/index.php?rest_route=\/wp\/v2\/posts\/7142"}],"collection":[{"href":"https:\/\/konsumpf.de\/index.php?rest_route=\/wp\/v2\/posts"}],"about":[{"href":"https:\/\/konsumpf.de\/index.php?rest_route=\/wp\/v2\/types\/post"}],"author":[{"embeddable":true,"href":"https:\/\/konsumpf.de\/index.php?rest_route=\/wp\/v2\/users\/1"}],"replies":[{"embeddable":true,"href":"https:\/\/konsumpf.de\/index.php?rest_route=%2Fwp%2Fv2%2Fcomments&post=7142"}],"version-history":[{"count":3,"href":"https:\/\/konsumpf.de\/index.php?rest_route=\/wp\/v2\/posts\/7142\/revisions"}],"predecessor-version":[{"id":7146,"href":"https:\/\/konsumpf.de\/index.php?rest_route=\/wp\/v2\/posts\/7142\/revisions\/7146"}],"wp:attachment":[{"href":"https:\/\/konsumpf.de\/index.php?rest_route=%2Fwp%2Fv2%2Fmedia&parent=7142"}],"wp:term":[{"taxonomy":"category","embeddable":true,"href":"https:\/\/konsumpf.de\/index.php?rest_route=%2Fwp%2Fv2%2Fcategories&post=7142"},{"taxonomy":"post_tag","embeddable":true,"href":"https:\/\/konsumpf.de\/index.php?rest_route=%2Fwp%2Fv2%2Ftags&post=7142"}],"curies":[{"name":"wp","href":"https:\/\/api.w.org\/{rel}","templated":true}]}}