{"id":7132,"date":"2010-03-03T10:05:59","date_gmt":"2010-03-03T09:05:59","guid":{"rendered":"http:\/\/konsumpf.de\/?p=7132"},"modified":"2010-03-03T13:51:13","modified_gmt":"2010-03-03T12:51:13","slug":"neue-zeitschrift-oya-anders-denken-anders-leben","status":"publish","type":"post","link":"https:\/\/konsumpf.de\/?p=7132","title":{"rendered":"Neue Zeitschrift: Oya \u2013 anders denken. anders leben."},"content":{"rendered":"<p><a href=\"http:\/\/konsumpf.de\/wp-content\/uploads\/2010\/03\/oya_cover_2010-01.jpg\"><img loading=\"lazy\" decoding=\"async\" class=\"alignright size-full wp-image-7136\" title=\"oya_cover_2010-01\" src=\"http:\/\/konsumpf.de\/wp-content\/uploads\/2010\/03\/oya_cover_2010-01.jpg\" alt=\"oya_cover_2010-01\" width=\"200\" height=\"255\" \/><\/a>Viel wird ja in der Verlagsbranche dar\u00fcber gejammert, dass es Zeitungen und Zeitschriften heutzutage so schlecht geht. Ehrlich gesagt finde ich es auch nicht weiter schlimm, wenn das 1000. reklameverseuchte Lifestyle- oder \u201ePeople\u201c-Magazin den Bach runter geht \u2013 diese Art von vermeintlicher Vielfalt im Medienbereich braucht keiner, <a href=\"http:\/\/konsumpf.de\/?p=2044\">da diese Hefte eh nur dazu dienen, Werbung an den Mann bzw. die Frau zu bringen und den Konsum anzuheizen<\/a>. Umso erfreulicher ist es, wenn sich dieser Tage eine neue Zeitschrift auf dem Markt pr\u00e4sentiert, die eine komplett andere Ausrichtung aufweist: \u201e<a href=\"http:\/\/www.oya-online.de\"><strong>Oya \u2013 anders denken. anders leben<\/strong><\/a>\u201c, das sich als neue \u201ekulturkreative Zeitschrift\u201c versteht. Die Absichten der K\u00f6pfe hinter Oya klingen sehr vielversprechend:<\/p>\n<blockquote><p><strong>Oya wird \u2026<\/strong><\/p>\n<ul>\n<li>\u2026 ein Magazin \u00fcber gemeinschaftliches Leben und Handeln,  lebensf\u00f6rdernde Gesellschaftsmodelle, Sinnsuche und Lebensqualit\u00e4t  jenseits der Konsumkultur, Freiheit und Partizipation, eine  Gesundheitskultur im Sinne der Salutogenese, Permakultur und  Tiefen\u00f6kologie, Bildungsfreiheit, regionale Wirtschaftskreisl\u00e4ufe,  Soziales Unternehmertum sowie viele weitere Themen aus dem  kulturkreativen Spektrum.<\/li>\n<li>\u2026 vielf\u00e4ltig und lebensnah \u00fcber die vielen Initiativen, Projekte,  Netzwerke, B\u00fcrgerforen und individuellen Lebenswege der kulturkreativen  Bewegung berichten und diese \u00fcber eine kommunikative Internetplattform  vernetzen.<\/li>\n<li>\u2026 in einem frischen, lebendigen Layout mit starken Fotos auf einem  selbstverst\u00e4ndlich \u00f6kologischen Papier im Magazin-Format erscheinen.<\/li>\n<li>\u2026 sorgf\u00e4ltig ausgew\u00e4hlte Veranstaltungshinweise, Buch- und  Kulturtipps aus dem kulturkreativen Spektrum enthalten.<\/li>\n<li>\u2026 \u00fcber wechselnde Schwerpunktthemen berichten und viele  Reportagen, Interviews  und Gespr\u00e4che enthalten.<\/li>\n<\/ul>\n<\/blockquote>\n<p>Das erste Heft, das \u00fcbrigens <a href=\"http:\/\/www.oya-online.de\/home\/kontakt.html?probeheft\">unverbindlich als kostenloses Probeheft bestellt werden kann<\/a>, befasst sich dann passenderweise gleich hiermit:<\/p>\n<blockquote><p>Der Titel unserer ersten Ausgabe lautet \u201eWovon wir alle leben. Allmende,  Gemeing\u00fcter, Commons\u201c. Gemeing\u00fcter sind einerseits unsere  Lebensgrundlagen, wie die Erde, die Luft und das Wasser, und  andererseits gemeinschaftlich geschaffene Kulturg\u00fcter, wie Volkslieder,  freie Software oder freie Enzyklop\u00e4dien. Gemeing\u00fcter entstehen, wenn  Menschen sie gemeinschaftlich pflegen und dazu beitragen, dass sie sich  vermehren. Diese Logik der Gemeing\u00fcter hilft uns, eine wirklich  nachhaltige Kultur denken und leben zu lernen.<\/p><\/blockquote>\n<p>Reklame f\u00fcr etwas so Unterst\u00fctzenswertes wie dieses Magazin darf auch im Konsumpf erlaubt sein. :-) [via <a href=\"http:\/\/www.dayinmylife.de\/2010\/02\/27\/oya-ein-magazin-ueber-gemeinschaftliches-leben-und-handeln\/comment-page-1\/#comment-565\">Sisyphos Periodical<\/a>]<\/p>\n<h3 class='related_post_title'>Verwandte Beitr\u00e4ge:<\/h3><ul class='related_post'><li><a href=\"http:\/\/konsumpf.de\/?p=15349\" title=\"Schluss mit schnell \u2013 Alternativen zur Turbo-Konsumgesellschaft\">Schluss mit schnell \u2013 Alternativen zur Turbo-Konsumgesellschaft<\/a><\/li><li><a href=\"http:\/\/konsumpf.de\/?p=15318\" title=\"Wem geh\u00f6rt die Welt? Wachstum durch Teilen\">Wem geh\u00f6rt die Welt? Wachstum durch Teilen<\/a><\/li><li><a href=\"http:\/\/konsumpf.de\/?p=14550\" title=\"Futurzwei \u2013 Plattform f\u00fcr zukunftsf\u00e4hige Ideen und nachhaltige Konzepte\">Futurzwei \u2013 Plattform f\u00fcr zukunftsf\u00e4hige Ideen und nachhaltige Konzepte<\/a><\/li><li><a href=\"http:\/\/konsumpf.de\/?p=14248\" title=\"Zwei interessante Veranstaltungen \u2013 Transition-Konferenz und Umundu-Festival\">Zwei interessante Veranstaltungen \u2013 Transition-Konferenz und Umundu-Festival<\/a><\/li><li><a href=\"http:\/\/konsumpf.de\/?p=14070\" title=\"Tauschringe\">Tauschringe<\/a><\/li><\/ul>","protected":false},"excerpt":{"rendered":"<p>Viel wird ja in der Verlagsbranche dar\u00fcber gejammert, dass es Zeitungen und Zeitschriften heutzutage so schlecht geht. Ehrlich gesagt finde ich es auch nicht weiter schlimm, wenn das 1000. reklameverseuchte Lifestyle- oder \u201ePeople\u201c-Magazin den Bach runter geht \u2013 diese Art von vermeintlicher Vielfalt im Medienbereich braucht keiner, da diese Hefte eh nur dazu dienen, Werbung [&hellip;]<\/p>\n","protected":false},"author":1,"featured_media":0,"comment_status":"open","ping_status":"open","sticky":false,"template":"","format":"standard","meta":{"footnotes":""},"categories":[259,12,50,78],"tags":[562,1277,1279,1276,1275,1278],"yoast_head":"<!-- This site is optimized with the Yoast SEO plugin v24.4 - https:\/\/yoast.com\/wordpress\/plugins\/seo\/ -->\n<title>Neue Zeitschrift: Oya \u2013 anders denken. anders leben. - Konsumpf - Forum f\u00fcr kreative Konsumkritik - Culture Jamming, Nachhaltigkeit, Konzernkritik, Adbusting<\/title>\n<meta name=\"robots\" content=\"index, follow, max-snippet:-1, max-image-preview:large, max-video-preview:-1\" \/>\n<link rel=\"canonical\" href=\"https:\/\/konsumpf.de\/?p=7132\" \/>\n<meta property=\"og:locale\" content=\"de_DE\" \/>\n<meta property=\"og:type\" content=\"article\" \/>\n<meta property=\"og:title\" content=\"Neue Zeitschrift: Oya \u2013 anders denken. anders leben. - Konsumpf - Forum f\u00fcr kreative Konsumkritik - Culture Jamming, Nachhaltigkeit, Konzernkritik, Adbusting\" \/>\n<meta property=\"og:description\" content=\"Viel wird ja in der Verlagsbranche dar\u00fcber gejammert, dass es Zeitungen und Zeitschriften heutzutage so schlecht geht. Ehrlich gesagt finde ich es auch nicht weiter schlimm, wenn das 1000. reklameverseuchte Lifestyle- oder \u201ePeople\u201c-Magazin den Bach runter geht \u2013 diese Art von vermeintlicher Vielfalt im Medienbereich braucht keiner, da diese Hefte eh nur dazu dienen, Werbung [&hellip;]\" \/>\n<meta property=\"og:url\" content=\"https:\/\/konsumpf.de\/?p=7132\" \/>\n<meta property=\"og:site_name\" content=\"Konsumpf - Forum f\u00fcr kreative Konsumkritik - Culture Jamming, Nachhaltigkeit, Konzernkritik, Adbusting\" \/>\n<meta property=\"article:published_time\" content=\"2010-03-03T09:05:59+00:00\" \/>\n<meta property=\"article:modified_time\" content=\"2010-03-03T12:51:13+00:00\" \/>\n<meta property=\"og:image\" content=\"http:\/\/konsumpf.de\/wp-content\/uploads\/2010\/03\/oya_cover_2010-01.jpg\" \/>\n<meta name=\"author\" content=\"Peter M.\" \/>\n<meta name=\"twitter:card\" content=\"summary_large_image\" \/>\n<meta name=\"twitter:label1\" content=\"Verfasst von\" \/>\n\t<meta name=\"twitter:data1\" content=\"Peter M.\" \/>\n\t<meta name=\"twitter:label2\" content=\"Gesch\u00e4tzte Lesezeit\" \/>\n\t<meta name=\"twitter:data2\" content=\"2\u00a0Minuten\" \/>\n<script type=\"application\/ld+json\" class=\"yoast-schema-graph\">{\"@context\":\"https:\/\/schema.org\",\"@graph\":[{\"@type\":\"WebPage\",\"@id\":\"https:\/\/konsumpf.de\/?p=7132\",\"url\":\"https:\/\/konsumpf.de\/?p=7132\",\"name\":\"Neue Zeitschrift: Oya \u2013 anders denken. anders leben. - Konsumpf - Forum f\u00fcr kreative Konsumkritik - Culture Jamming, Nachhaltigkeit, Konzernkritik, Adbusting\",\"isPartOf\":{\"@id\":\"https:\/\/konsumpf.de\/#website\"},\"primaryImageOfPage\":{\"@id\":\"https:\/\/konsumpf.de\/?p=7132#primaryimage\"},\"image\":{\"@id\":\"https:\/\/konsumpf.de\/?p=7132#primaryimage\"},\"thumbnailUrl\":\"http:\/\/konsumpf.de\/wp-content\/uploads\/2010\/03\/oya_cover_2010-01.jpg\",\"datePublished\":\"2010-03-03T09:05:59+00:00\",\"dateModified\":\"2010-03-03T12:51:13+00:00\",\"author\":{\"@id\":\"https:\/\/konsumpf.de\/#\/schema\/person\/e595a6d286b26994e7e0926d70699070\"},\"breadcrumb\":{\"@id\":\"https:\/\/konsumpf.de\/?p=7132#breadcrumb\"},\"inLanguage\":\"de\",\"potentialAction\":[{\"@type\":\"ReadAction\",\"target\":[\"https:\/\/konsumpf.de\/?p=7132\"]}]},{\"@type\":\"ImageObject\",\"inLanguage\":\"de\",\"@id\":\"https:\/\/konsumpf.de\/?p=7132#primaryimage\",\"url\":\"https:\/\/konsumpf.de\/wp-content\/uploads\/2010\/03\/oya_cover_2010-01.jpg\",\"contentUrl\":\"https:\/\/konsumpf.de\/wp-content\/uploads\/2010\/03\/oya_cover_2010-01.jpg\",\"width\":\"200\",\"height\":\"255\"},{\"@type\":\"BreadcrumbList\",\"@id\":\"https:\/\/konsumpf.de\/?p=7132#breadcrumb\",\"itemListElement\":[{\"@type\":\"ListItem\",\"position\":1,\"name\":\"Startseite\",\"item\":\"https:\/\/konsumpf.de\/\"},{\"@type\":\"ListItem\",\"position\":2,\"name\":\"Neue Zeitschrift: Oya \u2013 anders denken. anders leben.\"}]},{\"@type\":\"WebSite\",\"@id\":\"https:\/\/konsumpf.de\/#website\",\"url\":\"https:\/\/konsumpf.de\/\",\"name\":\"Konsumpf - Forum f\u00fcr kreative Konsumkritik - Culture Jamming, Nachhaltigkeit, Konzernkritik, Adbusting\",\"description\":\"\",\"potentialAction\":[{\"@type\":\"SearchAction\",\"target\":{\"@type\":\"EntryPoint\",\"urlTemplate\":\"https:\/\/konsumpf.de\/?s={search_term_string}\"},\"query-input\":{\"@type\":\"PropertyValueSpecification\",\"valueRequired\":true,\"valueName\":\"search_term_string\"}}],\"inLanguage\":\"de\"},{\"@type\":\"Person\",\"@id\":\"https:\/\/konsumpf.de\/#\/schema\/person\/e595a6d286b26994e7e0926d70699070\",\"name\":\"Peter M.\",\"sameAs\":[\"http:\/\/konsumpf.de\"]}]}<\/script>\n<!-- \/ Yoast SEO plugin. -->","yoast_head_json":{"title":"Neue Zeitschrift: Oya \u2013 anders denken. anders leben. - Konsumpf - Forum f\u00fcr kreative Konsumkritik - Culture Jamming, Nachhaltigkeit, Konzernkritik, Adbusting","robots":{"index":"index","follow":"follow","max-snippet":"max-snippet:-1","max-image-preview":"max-image-preview:large","max-video-preview":"max-video-preview:-1"},"canonical":"https:\/\/konsumpf.de\/?p=7132","og_locale":"de_DE","og_type":"article","og_title":"Neue Zeitschrift: Oya \u2013 anders denken. anders leben. - Konsumpf - Forum f\u00fcr kreative Konsumkritik - Culture Jamming, Nachhaltigkeit, Konzernkritik, Adbusting","og_description":"Viel wird ja in der Verlagsbranche dar\u00fcber gejammert, dass es Zeitungen und Zeitschriften heutzutage so schlecht geht. Ehrlich gesagt finde ich es auch nicht weiter schlimm, wenn das 1000. reklameverseuchte Lifestyle- oder \u201ePeople\u201c-Magazin den Bach runter geht \u2013 diese Art von vermeintlicher Vielfalt im Medienbereich braucht keiner, da diese Hefte eh nur dazu dienen, Werbung [&hellip;]","og_url":"https:\/\/konsumpf.de\/?p=7132","og_site_name":"Konsumpf - Forum f\u00fcr kreative Konsumkritik - Culture Jamming, Nachhaltigkeit, Konzernkritik, Adbusting","article_published_time":"2010-03-03T09:05:59+00:00","article_modified_time":"2010-03-03T12:51:13+00:00","og_image":[{"url":"http:\/\/konsumpf.de\/wp-content\/uploads\/2010\/03\/oya_cover_2010-01.jpg","type":"","width":"","height":""}],"author":"Peter M.","twitter_card":"summary_large_image","twitter_misc":{"Verfasst von":"Peter M.","Gesch\u00e4tzte Lesezeit":"2\u00a0Minuten"},"schema":{"@context":"https:\/\/schema.org","@graph":[{"@type":"WebPage","@id":"https:\/\/konsumpf.de\/?p=7132","url":"https:\/\/konsumpf.de\/?p=7132","name":"Neue Zeitschrift: Oya \u2013 anders denken. anders leben. - Konsumpf - Forum f\u00fcr kreative Konsumkritik - Culture Jamming, Nachhaltigkeit, Konzernkritik, Adbusting","isPartOf":{"@id":"https:\/\/konsumpf.de\/#website"},"primaryImageOfPage":{"@id":"https:\/\/konsumpf.de\/?p=7132#primaryimage"},"image":{"@id":"https:\/\/konsumpf.de\/?p=7132#primaryimage"},"thumbnailUrl":"http:\/\/konsumpf.de\/wp-content\/uploads\/2010\/03\/oya_cover_2010-01.jpg","datePublished":"2010-03-03T09:05:59+00:00","dateModified":"2010-03-03T12:51:13+00:00","author":{"@id":"https:\/\/konsumpf.de\/#\/schema\/person\/e595a6d286b26994e7e0926d70699070"},"breadcrumb":{"@id":"https:\/\/konsumpf.de\/?p=7132#breadcrumb"},"inLanguage":"de","potentialAction":[{"@type":"ReadAction","target":["https:\/\/konsumpf.de\/?p=7132"]}]},{"@type":"ImageObject","inLanguage":"de","@id":"https:\/\/konsumpf.de\/?p=7132#primaryimage","url":"https:\/\/konsumpf.de\/wp-content\/uploads\/2010\/03\/oya_cover_2010-01.jpg","contentUrl":"https:\/\/konsumpf.de\/wp-content\/uploads\/2010\/03\/oya_cover_2010-01.jpg","width":"200","height":"255"},{"@type":"BreadcrumbList","@id":"https:\/\/konsumpf.de\/?p=7132#breadcrumb","itemListElement":[{"@type":"ListItem","position":1,"name":"Startseite","item":"https:\/\/konsumpf.de\/"},{"@type":"ListItem","position":2,"name":"Neue Zeitschrift: Oya \u2013 anders denken. anders leben."}]},{"@type":"WebSite","@id":"https:\/\/konsumpf.de\/#website","url":"https:\/\/konsumpf.de\/","name":"Konsumpf - Forum f\u00fcr kreative Konsumkritik - Culture Jamming, Nachhaltigkeit, Konzernkritik, Adbusting","description":"","potentialAction":[{"@type":"SearchAction","target":{"@type":"EntryPoint","urlTemplate":"https:\/\/konsumpf.de\/?s={search_term_string}"},"query-input":{"@type":"PropertyValueSpecification","valueRequired":true,"valueName":"search_term_string"}}],"inLanguage":"de"},{"@type":"Person","@id":"https:\/\/konsumpf.de\/#\/schema\/person\/e595a6d286b26994e7e0926d70699070","name":"Peter M.","sameAs":["http:\/\/konsumpf.de"]}]}},"_links":{"self":[{"href":"https:\/\/konsumpf.de\/index.php?rest_route=\/wp\/v2\/posts\/7132"}],"collection":[{"href":"https:\/\/konsumpf.de\/index.php?rest_route=\/wp\/v2\/posts"}],"about":[{"href":"https:\/\/konsumpf.de\/index.php?rest_route=\/wp\/v2\/types\/post"}],"author":[{"embeddable":true,"href":"https:\/\/konsumpf.de\/index.php?rest_route=\/wp\/v2\/users\/1"}],"replies":[{"embeddable":true,"href":"https:\/\/konsumpf.de\/index.php?rest_route=%2Fwp%2Fv2%2Fcomments&post=7132"}],"version-history":[{"count":8,"href":"https:\/\/konsumpf.de\/index.php?rest_route=\/wp\/v2\/posts\/7132\/revisions"}],"predecessor-version":[{"id":7147,"href":"https:\/\/konsumpf.de\/index.php?rest_route=\/wp\/v2\/posts\/7132\/revisions\/7147"}],"wp:attachment":[{"href":"https:\/\/konsumpf.de\/index.php?rest_route=%2Fwp%2Fv2%2Fmedia&parent=7132"}],"wp:term":[{"taxonomy":"category","embeddable":true,"href":"https:\/\/konsumpf.de\/index.php?rest_route=%2Fwp%2Fv2%2Fcategories&post=7132"},{"taxonomy":"post_tag","embeddable":true,"href":"https:\/\/konsumpf.de\/index.php?rest_route=%2Fwp%2Fv2%2Ftags&post=7132"}],"curies":[{"name":"wp","href":"https:\/\/api.w.org\/{rel}","templated":true}]}}