{"id":7111,"date":"2010-02-27T12:45:47","date_gmt":"2010-02-27T11:45:47","guid":{"rendered":"http:\/\/konsumpf.de\/?p=7111"},"modified":"2010-02-27T12:45:47","modified_gmt":"2010-02-27T11:45:47","slug":"andalusien-gemusesklaven-mit-zeitvertragen","status":"publish","type":"post","link":"https:\/\/konsumpf.de\/?p=7111","title":{"rendered":"Andalusien: Gem\u00fcsesklaven mit Zeitvertr\u00e4gen"},"content":{"rendered":"<p>Bevor beim n\u00e4chsten Einkauf bedenkenlos zu Obst und Gem\u00fcse aus Spanien gegriffen wird, sollte man sich vielleicht mal den erschreckenden Artikel \u201e<a href=\"http:\/\/no-racism.net\/article\/2455\/\"><strong>Andalusien: Gem\u00fcsesklaven mit Zeitvertr\u00e4gen<\/strong><\/a>\u201c durchlesen:<\/p>\n<blockquote><p>(&#8230;) Spanien wirbt seit Jahren schon Saisonarbeiter aus Osteuropa an ?  neuerdings auch aus den Heimatl\u00e4ndern der Bootsfl\u00fcchtlinge. Nach  denVorstellungen der Regierung in Madrid sollen Zeitarbeitsvertr\u00e4ge das  Problem des illegalen Massenmigration l\u00f6sen (j\u00e4hrlich \u00fcber 6000  registrierte). F\u00f6rdergelder sollen helfen, die m\u00f6rderische Flucht der  Menschen \u00fcber das offene Meer in wenig seetauglichen Booten in geregelte  Bahnen zu lenken. Aufgrund der humanit\u00e4ren Katastrophe auf den Kanaren  und an der S\u00fcdk\u00fcste handelt Madrid zurzeit mit mehreren  westafrikanischen L\u00e4ndern solche Abkommen aus. Ab der Winterernteperiode  2007\/08 sollen dem Agrobusiness diese neuen Saisonniers zur Verf\u00fcgung  stehen. Funktioniert dieses Modell k\u00f6nnen die Bauern besser auf illegal  Besch\u00e4ftigte verzichten.<\/p>\n<p>Die illegal Eingewanderten k\u00f6nen vertrieben werden, da sie nicht mehr  als billiges Arbeitskr\u00e4ftereservoir ben\u00f6tigt werden; oder der Staat  schiebt ab. Spanien und Marokko haben wenig Skrupel &#8220;Papierlose&#8221; einfach  in der Sahara auszusetzen. Oder der rassistische Mob jagt sie aus dem  Dorf, wie im Februar 2000 die Marokkaner in El Ejido. (&#8230;)<\/p>\n<p>Genau wie die illegal eingewanderten Landsleute erleiden diese  SaisonarbeiterInnen &#8211; mit scheinbar &#8220;guten Vertr\u00e4gen&#8221; &#8211; Rechtlosigkeit  und Rassismus pur. Sie haben sich gewehrt und dieses Spiel nicht  mitgespielt. Wenn sich diese sch\u00e4bige Behandlung auch in den  Herkunftsl\u00e4ndern herumspricht, wird es nichts mit dem neuen Modell  &#8220;internationale Sicherheit durch Zeitarbeit&#8221;. Beim Genuss von spanischem  Treibhausgem\u00fcse bleibt ein bitterer Geschmack?<\/p><\/blockquote>\n<h3 class='related_post_title'>Verwandte Beitr\u00e4ge:<\/h3><ul class='related_post'><li><a href=\"https:\/\/konsumpf.de\/?p=12154\" title=\"Ausbeutung f\u00fcr Bio-Ware\">Ausbeutung f\u00fcr Bio-Ware<\/a><\/li><li><a href=\"https:\/\/konsumpf.de\/?p=11893\" title=\"Gef\u00e4hrliches Gem\u00fcse \u2013 Antiobiotikaresistente Bakterien\">Gef\u00e4hrliches Gem\u00fcse \u2013 Antiobiotikaresistente Bakterien<\/a><\/li><li><a href=\"https:\/\/konsumpf.de\/?p=4230\" title=\"Lesetipps: Gefr\u00e4\u00dfigmacher Glutamat | Selbstmorde trotz \u201egr\u00fcnem\u201c Apfel | Selbstversorgung: blo\u00df nicht zu streng sein\">Lesetipps: Gefr\u00e4\u00dfigmacher Glutamat | Selbstmorde trotz \u201egr\u00fcnem\u201c Apfel | Selbstversorgung: blo\u00df nicht zu streng sein<\/a><\/li><li><a href=\"https:\/\/konsumpf.de\/?p=10250\" title=\"Wir haben es satt! Demo in Berlin, 22.1.2011\">Wir haben es satt! Demo in Berlin, 22.1.2011<\/a><\/li><li><a href=\"https:\/\/konsumpf.de\/?p=10445\" title=\"Lesetipps: Lass uns den Verkehrsinselmais ernten  |  Billige T-Shirts  |  10 Empfehlungen zur Rettung der Welt\">Lesetipps: Lass uns den Verkehrsinselmais ernten  |  Billige T-Shirts  |  10 Empfehlungen zur Rettung der Welt<\/a><\/li><\/ul>","protected":false},"excerpt":{"rendered":"<p>Bevor beim n\u00e4chsten Einkauf bedenkenlos zu Obst und Gem\u00fcse aus Spanien gegriffen wird, sollte man sich vielleicht mal den erschreckenden Artikel \u201eAndalusien: Gem\u00fcsesklaven mit Zeitvertr\u00e4gen\u201c durchlesen: (&#8230;) Spanien wirbt seit Jahren schon Saisonarbeiter aus Osteuropa an ? neuerdings auch aus den Heimatl\u00e4ndern der Bootsfl\u00fcchtlinge. Nach denVorstellungen der Regierung in Madrid sollen Zeitarbeitsvertr\u00e4ge das Problem des [&hellip;]<\/p>\n","protected":false},"author":1,"featured_media":0,"comment_status":"open","ping_status":"open","sticky":false,"template":"","format":"standard","meta":{"footnotes":""},"categories":[259,37,78],"tags":[603,85,1272,1273,1121,1271,942],"yoast_head":"<!-- This site is optimized with the Yoast SEO plugin v24.4 - https:\/\/yoast.com\/wordpress\/plugins\/seo\/ -->\n<title>Andalusien: Gem\u00fcsesklaven mit Zeitvertr\u00e4gen - Konsumpf - Forum f\u00fcr kreative Konsumkritik - Culture Jamming, Nachhaltigkeit, Konzernkritik, Adbusting<\/title>\n<meta name=\"robots\" content=\"index, follow, max-snippet:-1, max-image-preview:large, max-video-preview:-1\" \/>\n<link rel=\"canonical\" href=\"https:\/\/konsumpf.de\/?p=7111\" \/>\n<meta property=\"og:locale\" content=\"de_DE\" \/>\n<meta property=\"og:type\" content=\"article\" \/>\n<meta property=\"og:title\" content=\"Andalusien: Gem\u00fcsesklaven mit Zeitvertr\u00e4gen - Konsumpf - Forum f\u00fcr kreative Konsumkritik - Culture Jamming, Nachhaltigkeit, Konzernkritik, Adbusting\" \/>\n<meta property=\"og:description\" content=\"Bevor beim n\u00e4chsten Einkauf bedenkenlos zu Obst und Gem\u00fcse aus Spanien gegriffen wird, sollte man sich vielleicht mal den erschreckenden Artikel \u201eAndalusien: Gem\u00fcsesklaven mit Zeitvertr\u00e4gen\u201c durchlesen: (&#8230;) Spanien wirbt seit Jahren schon Saisonarbeiter aus Osteuropa an ? neuerdings auch aus den Heimatl\u00e4ndern der Bootsfl\u00fcchtlinge. Nach denVorstellungen der Regierung in Madrid sollen Zeitarbeitsvertr\u00e4ge das Problem des [&hellip;]\" \/>\n<meta property=\"og:url\" content=\"https:\/\/konsumpf.de\/?p=7111\" \/>\n<meta property=\"og:site_name\" content=\"Konsumpf - Forum f\u00fcr kreative Konsumkritik - Culture Jamming, Nachhaltigkeit, Konzernkritik, Adbusting\" \/>\n<meta property=\"article:published_time\" content=\"2010-02-27T11:45:47+00:00\" \/>\n<meta name=\"author\" content=\"Peter M.\" \/>\n<meta name=\"twitter:card\" content=\"summary_large_image\" \/>\n<meta name=\"twitter:label1\" content=\"Verfasst von\" \/>\n\t<meta name=\"twitter:data1\" content=\"Peter M.\" \/>\n\t<meta name=\"twitter:label2\" content=\"Gesch\u00e4tzte Lesezeit\" \/>\n\t<meta name=\"twitter:data2\" content=\"1\u00a0Minute\" \/>\n<script type=\"application\/ld+json\" class=\"yoast-schema-graph\">{\"@context\":\"https:\/\/schema.org\",\"@graph\":[{\"@type\":\"WebPage\",\"@id\":\"https:\/\/konsumpf.de\/?p=7111\",\"url\":\"https:\/\/konsumpf.de\/?p=7111\",\"name\":\"Andalusien: Gem\u00fcsesklaven mit Zeitvertr\u00e4gen - Konsumpf - Forum f\u00fcr kreative Konsumkritik - Culture Jamming, Nachhaltigkeit, Konzernkritik, Adbusting\",\"isPartOf\":{\"@id\":\"https:\/\/konsumpf.de\/#website\"},\"datePublished\":\"2010-02-27T11:45:47+00:00\",\"author\":{\"@id\":\"https:\/\/konsumpf.de\/#\/schema\/person\/e595a6d286b26994e7e0926d70699070\"},\"breadcrumb\":{\"@id\":\"https:\/\/konsumpf.de\/?p=7111#breadcrumb\"},\"inLanguage\":\"de\",\"potentialAction\":[{\"@type\":\"ReadAction\",\"target\":[\"https:\/\/konsumpf.de\/?p=7111\"]}]},{\"@type\":\"BreadcrumbList\",\"@id\":\"https:\/\/konsumpf.de\/?p=7111#breadcrumb\",\"itemListElement\":[{\"@type\":\"ListItem\",\"position\":1,\"name\":\"Startseite\",\"item\":\"https:\/\/konsumpf.de\/\"},{\"@type\":\"ListItem\",\"position\":2,\"name\":\"Andalusien: Gem\u00fcsesklaven mit Zeitvertr\u00e4gen\"}]},{\"@type\":\"WebSite\",\"@id\":\"https:\/\/konsumpf.de\/#website\",\"url\":\"https:\/\/konsumpf.de\/\",\"name\":\"Konsumpf - Forum f\u00fcr kreative Konsumkritik - Culture Jamming, Nachhaltigkeit, Konzernkritik, Adbusting\",\"description\":\"\",\"potentialAction\":[{\"@type\":\"SearchAction\",\"target\":{\"@type\":\"EntryPoint\",\"urlTemplate\":\"https:\/\/konsumpf.de\/?s={search_term_string}\"},\"query-input\":{\"@type\":\"PropertyValueSpecification\",\"valueRequired\":true,\"valueName\":\"search_term_string\"}}],\"inLanguage\":\"de\"},{\"@type\":\"Person\",\"@id\":\"https:\/\/konsumpf.de\/#\/schema\/person\/e595a6d286b26994e7e0926d70699070\",\"name\":\"Peter M.\",\"sameAs\":[\"http:\/\/konsumpf.de\"]}]}<\/script>\n<!-- \/ Yoast SEO plugin. -->","yoast_head_json":{"title":"Andalusien: Gem\u00fcsesklaven mit Zeitvertr\u00e4gen - Konsumpf - Forum f\u00fcr kreative Konsumkritik - Culture Jamming, Nachhaltigkeit, Konzernkritik, Adbusting","robots":{"index":"index","follow":"follow","max-snippet":"max-snippet:-1","max-image-preview":"max-image-preview:large","max-video-preview":"max-video-preview:-1"},"canonical":"https:\/\/konsumpf.de\/?p=7111","og_locale":"de_DE","og_type":"article","og_title":"Andalusien: Gem\u00fcsesklaven mit Zeitvertr\u00e4gen - Konsumpf - Forum f\u00fcr kreative Konsumkritik - Culture Jamming, Nachhaltigkeit, Konzernkritik, Adbusting","og_description":"Bevor beim n\u00e4chsten Einkauf bedenkenlos zu Obst und Gem\u00fcse aus Spanien gegriffen wird, sollte man sich vielleicht mal den erschreckenden Artikel \u201eAndalusien: Gem\u00fcsesklaven mit Zeitvertr\u00e4gen\u201c durchlesen: (&#8230;) Spanien wirbt seit Jahren schon Saisonarbeiter aus Osteuropa an ? neuerdings auch aus den Heimatl\u00e4ndern der Bootsfl\u00fcchtlinge. Nach denVorstellungen der Regierung in Madrid sollen Zeitarbeitsvertr\u00e4ge das Problem des [&hellip;]","og_url":"https:\/\/konsumpf.de\/?p=7111","og_site_name":"Konsumpf - Forum f\u00fcr kreative Konsumkritik - Culture Jamming, Nachhaltigkeit, Konzernkritik, Adbusting","article_published_time":"2010-02-27T11:45:47+00:00","author":"Peter M.","twitter_card":"summary_large_image","twitter_misc":{"Verfasst von":"Peter M.","Gesch\u00e4tzte Lesezeit":"1\u00a0Minute"},"schema":{"@context":"https:\/\/schema.org","@graph":[{"@type":"WebPage","@id":"https:\/\/konsumpf.de\/?p=7111","url":"https:\/\/konsumpf.de\/?p=7111","name":"Andalusien: Gem\u00fcsesklaven mit Zeitvertr\u00e4gen - Konsumpf - Forum f\u00fcr kreative Konsumkritik - Culture Jamming, Nachhaltigkeit, Konzernkritik, Adbusting","isPartOf":{"@id":"https:\/\/konsumpf.de\/#website"},"datePublished":"2010-02-27T11:45:47+00:00","author":{"@id":"https:\/\/konsumpf.de\/#\/schema\/person\/e595a6d286b26994e7e0926d70699070"},"breadcrumb":{"@id":"https:\/\/konsumpf.de\/?p=7111#breadcrumb"},"inLanguage":"de","potentialAction":[{"@type":"ReadAction","target":["https:\/\/konsumpf.de\/?p=7111"]}]},{"@type":"BreadcrumbList","@id":"https:\/\/konsumpf.de\/?p=7111#breadcrumb","itemListElement":[{"@type":"ListItem","position":1,"name":"Startseite","item":"https:\/\/konsumpf.de\/"},{"@type":"ListItem","position":2,"name":"Andalusien: Gem\u00fcsesklaven mit Zeitvertr\u00e4gen"}]},{"@type":"WebSite","@id":"https:\/\/konsumpf.de\/#website","url":"https:\/\/konsumpf.de\/","name":"Konsumpf - Forum f\u00fcr kreative Konsumkritik - Culture Jamming, Nachhaltigkeit, Konzernkritik, Adbusting","description":"","potentialAction":[{"@type":"SearchAction","target":{"@type":"EntryPoint","urlTemplate":"https:\/\/konsumpf.de\/?s={search_term_string}"},"query-input":{"@type":"PropertyValueSpecification","valueRequired":true,"valueName":"search_term_string"}}],"inLanguage":"de"},{"@type":"Person","@id":"https:\/\/konsumpf.de\/#\/schema\/person\/e595a6d286b26994e7e0926d70699070","name":"Peter M.","sameAs":["http:\/\/konsumpf.de"]}]}},"_links":{"self":[{"href":"https:\/\/konsumpf.de\/index.php?rest_route=\/wp\/v2\/posts\/7111"}],"collection":[{"href":"https:\/\/konsumpf.de\/index.php?rest_route=\/wp\/v2\/posts"}],"about":[{"href":"https:\/\/konsumpf.de\/index.php?rest_route=\/wp\/v2\/types\/post"}],"author":[{"embeddable":true,"href":"https:\/\/konsumpf.de\/index.php?rest_route=\/wp\/v2\/users\/1"}],"replies":[{"embeddable":true,"href":"https:\/\/konsumpf.de\/index.php?rest_route=%2Fwp%2Fv2%2Fcomments&post=7111"}],"version-history":[{"count":2,"href":"https:\/\/konsumpf.de\/index.php?rest_route=\/wp\/v2\/posts\/7111\/revisions"}],"predecessor-version":[{"id":7113,"href":"https:\/\/konsumpf.de\/index.php?rest_route=\/wp\/v2\/posts\/7111\/revisions\/7113"}],"wp:attachment":[{"href":"https:\/\/konsumpf.de\/index.php?rest_route=%2Fwp%2Fv2%2Fmedia&parent=7111"}],"wp:term":[{"taxonomy":"category","embeddable":true,"href":"https:\/\/konsumpf.de\/index.php?rest_route=%2Fwp%2Fv2%2Fcategories&post=7111"},{"taxonomy":"post_tag","embeddable":true,"href":"https:\/\/konsumpf.de\/index.php?rest_route=%2Fwp%2Fv2%2Ftags&post=7111"}],"curies":[{"name":"wp","href":"https:\/\/api.w.org\/{rel}","templated":true}]}}