{"id":7102,"date":"2010-02-28T09:45:52","date_gmt":"2010-02-28T08:45:52","guid":{"rendered":"http:\/\/konsumpf.de\/?p=7102"},"modified":"2010-02-27T12:17:51","modified_gmt":"2010-02-27T11:17:51","slug":"stopp-acta","status":"publish","type":"post","link":"https:\/\/konsumpf.de\/?p=7102","title":{"rendered":"Stopp ACTA!"},"content":{"rendered":"<p><a href=\"http:\/\/konsumpf.de\/wp-content\/uploads\/2010\/02\/stopp_acta_mid.png\"><img loading=\"lazy\" decoding=\"async\" class=\"aligncenter size-full wp-image-7104\" title=\"stopp_acta_mid\" src=\"http:\/\/konsumpf.de\/wp-content\/uploads\/2010\/02\/stopp_acta_mid.png\" alt=\"stopp_acta_mid\" width=\"345\" height=\"400\" srcset=\"https:\/\/konsumpf.de\/wp-content\/uploads\/2010\/02\/stopp_acta_mid.png 345w, https:\/\/konsumpf.de\/wp-content\/uploads\/2010\/02\/stopp_acta_mid-258x300.png 258w\" sizes=\"(max-width: 345px) 100vw, 345px\" \/><\/a>Es ist eine Weile her, dass ich an dieser Stelle mal ein paar Worte \u00fcber die Piratenpartei verloren habe, aber eine neue Aktion erscheint mir sehr berichtenswert. Und zwar hat die Schweizer Piratenpartei eine Initiative ins Leben gerufen, in der es um ein in der \u00d6ffentlichkeit weitgehend unbekanntes Thema geht, das von den verantwortlichen Staatslenkern auch aus guten Gr\u00fcnden eher im Verborgenen, hinter den Kulissen, durchgezogen werden soll. \u201e<a href=\"http:\/\/www.stopp-acta.info\/\"><strong>Stopp ACTA<\/strong><\/a>\u201c nennt sich die Aktion. Was ist ACTA?<\/p>\n<blockquote><p><!-- WYSIWYGImage 1.8 --><\/p>\n<p><strong><\/strong>Die Abk\u00fcrzung \u00abACTA\u00bb steht f\u00fcr das  geplante plurilaterale Handelsabkommen \u00abAnti-Counterfeiting Trade  Agreement\u00bb. Die teilnehmenden Nationen bzw. Staatenb\u00fcnde geben an, damit  den Kampf gegen Produktpiraterie verbessern zu wollen. Das angeblich  wachsende Problem der F\u00e4lschungen und der Piraterie soll mit dem  Abkommen besser bek\u00e4mpft werden k\u00f6nnen. Die geheimen Verhandlungen  laufen seit 2008 und sollen noch in diesem Jahr abgeschlossen werden.  Die teilnehmenden Parteien sind die Schweiz, die USA, die EU, Kanada,  Japan, Korea, Singapur, Australien, Neuseeland, Mexiko, Jordanien,  Marokko und die Vereinigten Arabischen Emirate.<\/p><\/blockquote>\n<p>Die \u00f6sterreichische Piratenpartei erg\u00e4nzt in \u201e<a href=\"http:\/\/www.piratenpartei.at\/acta-befuerchtungen-der-piratenparteien-bestaetigen-sich\"><strong>ACTA: Bef\u00fcrchtungen der Piratenpartei best\u00e4tigen sich<\/strong><\/a>\u201c weitere Infos, um die Brisanz der Thematik zu verdeutlichen:<\/p>\n<blockquote><p>Vieles rund um <a href=\"https:\/\/wiki.piratenpartei.at\/ACTA\" target=\"_blank\">ACTA<\/a> muss  seri\u00f6ser Weise als Spekulation bezeichnet werden. Die geheimen  Verhandlungen gestatten es den Verhandlungspartnern, ihre Kritiker als  wahlweise als naiv, paranoid oder hysterisch darzustellen. Die  EU-Kommission dr\u00fcckt sich in Form von <a href=\"https:\/\/wiki.piratenpartei.at\/ACTA#Ver.C3.B6ffentlichte_.E2.80.9EFakten.E2.80.9C_der_Europ.C3.A4ischen_Kommission_und_die_Realit.C3.A4t\" target=\"_blank\">knappen Mitteilungen<\/a> aus, die jedoch den  auftauchenden Puzzlesteinen widersprechen.<\/p>\n<p style=\"margin-bottom: 0cm;\">Nun wurde via <a href=\"http:\/\/www.netzpolitik.org\/wp-upload\/acta_digital_chapter.pdf\" target=\"_blank\">Netzpolitik.org<\/a> und <a href=\"http:\/\/computerworld.co.nz\/news.nsf\/news\/leaked-acta-draft-treaty-reveals-plans-for-internet-clampdown\" target=\"_blank\">Computerworld <\/a>ein Teil des &#8220;digital chapter\u201c  bekannt, welches sich mit der Rolle der Internet Service Provider und  teilweise auch <a href=\"https:\/\/wiki.piratenpartei.at\/DRM\" target=\"_blank\">Digital Rights Management <\/a>besch\u00e4ftigt. Auch der  EU-Datenschutzbeauftragte Peter Hustinx sah sich durch diese  Informationen zu einer drastischen Stellungnahme gezwungen, was den  offiziellen Charakter des Dokuments unterstreicht: <a href=\"http:\/\/futurezone.orf.at\/stories\/1640140\/\" target=\"_blank\">siehe  ORF Futurezone<\/a>.<\/p>\n<p style=\"margin-bottom: 0cm;\">Eckpunkte sind die Verantwortung der ISP  f\u00fcr die T\u00e4tigkeiten ihrer Benutzer. Service Provider werden ermuntert,  den Verkehr auf m\u00f6gliche Verst\u00f6\u00dfe gegen das Urheberrecht zu \u00fcberwachen.  Die Strafen f\u00fcr die Internetprovider sollen sowohl im Straf- als auch im  Zivilrecht verankert werden. Provider sollen bei einer Aufforderung  wegen mutma\u00dflicher Urheberrechtsverletzungen durch einen Rechteinhaber  sofort Ma\u00dfnahmen einleiten. Daf\u00fcr m\u00fcssen die Staaten auf rechtlicher  Ebene Eilverfahren etablieren. Die technischen Details der Ma\u00dfnahmen  wurden im Dokument offen gelassen, jedoch muss ein Provider auf jeden  Fall den Zugang zum Internet sperren bzw. bei ihm gespeichertes Material  entfernen. Den Benutzern wird die M\u00f6glichkeit einger\u00e4umt, den Provider  auf einen m\u00f6glichen Fehler hinzuweisen. Wie sie das machen k\u00f6nnen und  wie weit ihre Rechte dabei gehen, wird offen gelassen. (&#8230;)<\/p>\n<\/blockquote>\n<p style=\"margin-bottom: 0cm;\">Auf der stopp-acta-Site kann man eine <a href=\"http:\/\/www.stopp-acta.info\/deutsch\/werde+aktiv\/e-petition\/e-petition.html\">E-Petition gegen diese am B\u00fcrger vorbei geschleusten Entscheidungen unterzeichnen<\/a>.<\/p>\n<h3 class='related_post_title'>Verwandte Beitr\u00e4ge:<\/h3><ul class='related_post'><li><a href=\"http:\/\/konsumpf.de\/?p=14967\" title=\"Prism, Tempora &#038; Co. \u2013 das Ende der Privatsph\u00e4renillusion\">Prism, Tempora &#038; Co. \u2013 das Ende der Privatsph\u00e4renillusion<\/a><\/li><li><a href=\"http:\/\/konsumpf.de\/?p=15404\" title=\"Mein Leben als Werbefl\u00e4che: Youtube und die Generation Z\">Mein Leben als Werbefl\u00e4che: Youtube und die Generation Z<\/a><\/li><li><a href=\"http:\/\/konsumpf.de\/?p=15369\" title=\"Daten her!\">Daten her!<\/a><\/li><li><a href=\"http:\/\/konsumpf.de\/?p=15282\" title=\"Native Ads: Werbung oder Journalismus?\">Native Ads: Werbung oder Journalismus?<\/a><\/li><li><a href=\"http:\/\/konsumpf.de\/?p=15163\" title=\"Lesetipps: Materialismus macht krank |\u00a0Heile Bio-Welt? | Nespresso-M\u00fcll | Werbevideos | Filmeverschenken\">Lesetipps: Materialismus macht krank |\u00a0Heile Bio-Welt? | Nespresso-M\u00fcll | Werbevideos | Filmeverschenken<\/a><\/li><\/ul>","protected":false},"excerpt":{"rendered":"<p>Es ist eine Weile her, dass ich an dieser Stelle mal ein paar Worte \u00fcber die Piratenpartei verloren habe, aber eine neue Aktion erscheint mir sehr berichtenswert. Und zwar hat die Schweizer Piratenpartei eine Initiative ins Leben gerufen, in der es um ein in der \u00d6ffentlichkeit weitgehend unbekanntes Thema geht, das von den verantwortlichen Staatslenkern [&hellip;]<\/p>\n","protected":false},"author":1,"featured_media":0,"comment_status":"open","ping_status":"open","sticky":false,"template":"","format":"standard","meta":{"footnotes":""},"categories":[311,265,225],"tags":[1269,1270,2882,767,773],"yoast_head":"<!-- This site is optimized with the Yoast SEO plugin v24.4 - https:\/\/yoast.com\/wordpress\/plugins\/seo\/ -->\n<title>Stopp ACTA! - Konsumpf - Forum f\u00fcr kreative Konsumkritik - Culture Jamming, Nachhaltigkeit, Konzernkritik, Adbusting<\/title>\n<meta name=\"robots\" content=\"index, follow, max-snippet:-1, max-image-preview:large, max-video-preview:-1\" \/>\n<link rel=\"canonical\" href=\"https:\/\/konsumpf.de\/?p=7102\" \/>\n<meta property=\"og:locale\" content=\"de_DE\" \/>\n<meta property=\"og:type\" content=\"article\" \/>\n<meta property=\"og:title\" content=\"Stopp ACTA! - Konsumpf - Forum f\u00fcr kreative Konsumkritik - Culture Jamming, Nachhaltigkeit, Konzernkritik, Adbusting\" \/>\n<meta property=\"og:description\" content=\"Es ist eine Weile her, dass ich an dieser Stelle mal ein paar Worte \u00fcber die Piratenpartei verloren habe, aber eine neue Aktion erscheint mir sehr berichtenswert. Und zwar hat die Schweizer Piratenpartei eine Initiative ins Leben gerufen, in der es um ein in der \u00d6ffentlichkeit weitgehend unbekanntes Thema geht, das von den verantwortlichen Staatslenkern [&hellip;]\" \/>\n<meta property=\"og:url\" content=\"https:\/\/konsumpf.de\/?p=7102\" \/>\n<meta property=\"og:site_name\" content=\"Konsumpf - Forum f\u00fcr kreative Konsumkritik - Culture Jamming, Nachhaltigkeit, Konzernkritik, Adbusting\" \/>\n<meta property=\"article:published_time\" content=\"2010-02-28T08:45:52+00:00\" \/>\n<meta property=\"og:image\" content=\"http:\/\/konsumpf.de\/wp-content\/uploads\/2010\/02\/stopp_acta_mid.png\" \/>\n<meta name=\"author\" content=\"Peter M.\" \/>\n<meta name=\"twitter:card\" content=\"summary_large_image\" \/>\n<meta name=\"twitter:label1\" content=\"Verfasst von\" \/>\n\t<meta name=\"twitter:data1\" content=\"Peter M.\" \/>\n\t<meta name=\"twitter:label2\" content=\"Gesch\u00e4tzte Lesezeit\" \/>\n\t<meta name=\"twitter:data2\" content=\"2\u00a0Minuten\" \/>\n<script type=\"application\/ld+json\" class=\"yoast-schema-graph\">{\"@context\":\"https:\/\/schema.org\",\"@graph\":[{\"@type\":\"WebPage\",\"@id\":\"https:\/\/konsumpf.de\/?p=7102\",\"url\":\"https:\/\/konsumpf.de\/?p=7102\",\"name\":\"Stopp ACTA! - Konsumpf - Forum f\u00fcr kreative Konsumkritik - Culture Jamming, Nachhaltigkeit, Konzernkritik, Adbusting\",\"isPartOf\":{\"@id\":\"https:\/\/konsumpf.de\/#website\"},\"primaryImageOfPage\":{\"@id\":\"https:\/\/konsumpf.de\/?p=7102#primaryimage\"},\"image\":{\"@id\":\"https:\/\/konsumpf.de\/?p=7102#primaryimage\"},\"thumbnailUrl\":\"http:\/\/konsumpf.de\/wp-content\/uploads\/2010\/02\/stopp_acta_mid.png\",\"datePublished\":\"2010-02-28T08:45:52+00:00\",\"author\":{\"@id\":\"https:\/\/konsumpf.de\/#\/schema\/person\/e595a6d286b26994e7e0926d70699070\"},\"breadcrumb\":{\"@id\":\"https:\/\/konsumpf.de\/?p=7102#breadcrumb\"},\"inLanguage\":\"de\",\"potentialAction\":[{\"@type\":\"ReadAction\",\"target\":[\"https:\/\/konsumpf.de\/?p=7102\"]}]},{\"@type\":\"ImageObject\",\"inLanguage\":\"de\",\"@id\":\"https:\/\/konsumpf.de\/?p=7102#primaryimage\",\"url\":\"https:\/\/konsumpf.de\/wp-content\/uploads\/2010\/02\/stopp_acta_mid.png\",\"contentUrl\":\"https:\/\/konsumpf.de\/wp-content\/uploads\/2010\/02\/stopp_acta_mid.png\",\"width\":\"345\",\"height\":\"400\"},{\"@type\":\"BreadcrumbList\",\"@id\":\"https:\/\/konsumpf.de\/?p=7102#breadcrumb\",\"itemListElement\":[{\"@type\":\"ListItem\",\"position\":1,\"name\":\"Startseite\",\"item\":\"https:\/\/konsumpf.de\/\"},{\"@type\":\"ListItem\",\"position\":2,\"name\":\"Stopp ACTA!\"}]},{\"@type\":\"WebSite\",\"@id\":\"https:\/\/konsumpf.de\/#website\",\"url\":\"https:\/\/konsumpf.de\/\",\"name\":\"Konsumpf - Forum f\u00fcr kreative Konsumkritik - Culture Jamming, Nachhaltigkeit, Konzernkritik, Adbusting\",\"description\":\"\",\"potentialAction\":[{\"@type\":\"SearchAction\",\"target\":{\"@type\":\"EntryPoint\",\"urlTemplate\":\"https:\/\/konsumpf.de\/?s={search_term_string}\"},\"query-input\":{\"@type\":\"PropertyValueSpecification\",\"valueRequired\":true,\"valueName\":\"search_term_string\"}}],\"inLanguage\":\"de\"},{\"@type\":\"Person\",\"@id\":\"https:\/\/konsumpf.de\/#\/schema\/person\/e595a6d286b26994e7e0926d70699070\",\"name\":\"Peter M.\",\"sameAs\":[\"http:\/\/konsumpf.de\"]}]}<\/script>\n<!-- \/ Yoast SEO plugin. -->","yoast_head_json":{"title":"Stopp ACTA! - Konsumpf - Forum f\u00fcr kreative Konsumkritik - Culture Jamming, Nachhaltigkeit, Konzernkritik, Adbusting","robots":{"index":"index","follow":"follow","max-snippet":"max-snippet:-1","max-image-preview":"max-image-preview:large","max-video-preview":"max-video-preview:-1"},"canonical":"https:\/\/konsumpf.de\/?p=7102","og_locale":"de_DE","og_type":"article","og_title":"Stopp ACTA! - Konsumpf - Forum f\u00fcr kreative Konsumkritik - Culture Jamming, Nachhaltigkeit, Konzernkritik, Adbusting","og_description":"Es ist eine Weile her, dass ich an dieser Stelle mal ein paar Worte \u00fcber die Piratenpartei verloren habe, aber eine neue Aktion erscheint mir sehr berichtenswert. Und zwar hat die Schweizer Piratenpartei eine Initiative ins Leben gerufen, in der es um ein in der \u00d6ffentlichkeit weitgehend unbekanntes Thema geht, das von den verantwortlichen Staatslenkern [&hellip;]","og_url":"https:\/\/konsumpf.de\/?p=7102","og_site_name":"Konsumpf - Forum f\u00fcr kreative Konsumkritik - Culture Jamming, Nachhaltigkeit, Konzernkritik, Adbusting","article_published_time":"2010-02-28T08:45:52+00:00","og_image":[{"url":"http:\/\/konsumpf.de\/wp-content\/uploads\/2010\/02\/stopp_acta_mid.png","type":"","width":"","height":""}],"author":"Peter M.","twitter_card":"summary_large_image","twitter_misc":{"Verfasst von":"Peter M.","Gesch\u00e4tzte Lesezeit":"2\u00a0Minuten"},"schema":{"@context":"https:\/\/schema.org","@graph":[{"@type":"WebPage","@id":"https:\/\/konsumpf.de\/?p=7102","url":"https:\/\/konsumpf.de\/?p=7102","name":"Stopp ACTA! - Konsumpf - Forum f\u00fcr kreative Konsumkritik - Culture Jamming, Nachhaltigkeit, Konzernkritik, Adbusting","isPartOf":{"@id":"https:\/\/konsumpf.de\/#website"},"primaryImageOfPage":{"@id":"https:\/\/konsumpf.de\/?p=7102#primaryimage"},"image":{"@id":"https:\/\/konsumpf.de\/?p=7102#primaryimage"},"thumbnailUrl":"http:\/\/konsumpf.de\/wp-content\/uploads\/2010\/02\/stopp_acta_mid.png","datePublished":"2010-02-28T08:45:52+00:00","author":{"@id":"https:\/\/konsumpf.de\/#\/schema\/person\/e595a6d286b26994e7e0926d70699070"},"breadcrumb":{"@id":"https:\/\/konsumpf.de\/?p=7102#breadcrumb"},"inLanguage":"de","potentialAction":[{"@type":"ReadAction","target":["https:\/\/konsumpf.de\/?p=7102"]}]},{"@type":"ImageObject","inLanguage":"de","@id":"https:\/\/konsumpf.de\/?p=7102#primaryimage","url":"https:\/\/konsumpf.de\/wp-content\/uploads\/2010\/02\/stopp_acta_mid.png","contentUrl":"https:\/\/konsumpf.de\/wp-content\/uploads\/2010\/02\/stopp_acta_mid.png","width":"345","height":"400"},{"@type":"BreadcrumbList","@id":"https:\/\/konsumpf.de\/?p=7102#breadcrumb","itemListElement":[{"@type":"ListItem","position":1,"name":"Startseite","item":"https:\/\/konsumpf.de\/"},{"@type":"ListItem","position":2,"name":"Stopp ACTA!"}]},{"@type":"WebSite","@id":"https:\/\/konsumpf.de\/#website","url":"https:\/\/konsumpf.de\/","name":"Konsumpf - Forum f\u00fcr kreative Konsumkritik - Culture Jamming, Nachhaltigkeit, Konzernkritik, Adbusting","description":"","potentialAction":[{"@type":"SearchAction","target":{"@type":"EntryPoint","urlTemplate":"https:\/\/konsumpf.de\/?s={search_term_string}"},"query-input":{"@type":"PropertyValueSpecification","valueRequired":true,"valueName":"search_term_string"}}],"inLanguage":"de"},{"@type":"Person","@id":"https:\/\/konsumpf.de\/#\/schema\/person\/e595a6d286b26994e7e0926d70699070","name":"Peter M.","sameAs":["http:\/\/konsumpf.de"]}]}},"_links":{"self":[{"href":"https:\/\/konsumpf.de\/index.php?rest_route=\/wp\/v2\/posts\/7102"}],"collection":[{"href":"https:\/\/konsumpf.de\/index.php?rest_route=\/wp\/v2\/posts"}],"about":[{"href":"https:\/\/konsumpf.de\/index.php?rest_route=\/wp\/v2\/types\/post"}],"author":[{"embeddable":true,"href":"https:\/\/konsumpf.de\/index.php?rest_route=\/wp\/v2\/users\/1"}],"replies":[{"embeddable":true,"href":"https:\/\/konsumpf.de\/index.php?rest_route=%2Fwp%2Fv2%2Fcomments&post=7102"}],"version-history":[{"count":5,"href":"https:\/\/konsumpf.de\/index.php?rest_route=\/wp\/v2\/posts\/7102\/revisions"}],"predecessor-version":[{"id":7107,"href":"https:\/\/konsumpf.de\/index.php?rest_route=\/wp\/v2\/posts\/7102\/revisions\/7107"}],"wp:attachment":[{"href":"https:\/\/konsumpf.de\/index.php?rest_route=%2Fwp%2Fv2%2Fmedia&parent=7102"}],"wp:term":[{"taxonomy":"category","embeddable":true,"href":"https:\/\/konsumpf.de\/index.php?rest_route=%2Fwp%2Fv2%2Fcategories&post=7102"},{"taxonomy":"post_tag","embeddable":true,"href":"https:\/\/konsumpf.de\/index.php?rest_route=%2Fwp%2Fv2%2Ftags&post=7102"}],"curies":[{"name":"wp","href":"https:\/\/api.w.org\/{rel}","templated":true}]}}