{"id":6952,"date":"2010-02-04T10:12:17","date_gmt":"2010-02-04T09:12:17","guid":{"rendered":"http:\/\/konsumpf.de\/?p=6952"},"modified":"2010-02-02T20:14:57","modified_gmt":"2010-02-02T19:14:57","slug":"den-kopfpauschalen-wahnsinn-stoppen","status":"publish","type":"post","link":"https:\/\/konsumpf.de\/?p=6952","title":{"rendered":"Den Kopfpauschalen-Wahnsinn stoppen!"},"content":{"rendered":"<p>Die Regierungskoalition ist ja drauf und dran, eines der Lieblingskinder der FDP \u2013 die unselige Kopfpauschale bei der Krankenversicherung \u2013 umzusetzen. Dass die FDP ihrem Klientel damit was Guts tun will, ist klar, denn fortan sollen alle Menschen, unabh\u00e4ngig vom Einkommen, die gleiche Summe f\u00fcr ihre Krankenversicherung berappen. Noch ungerechter geht es wohl kaum. Gl\u00fccklicherweise regt sich bei CDU\/CSU Widerstand und auch die Aktionsplattform <strong>Campact<\/strong> hat eine neue Online-Unterschriftenaktion dazu gestartet \u2013 also bitte alle mitmachen! <a href=\"http:\/\/campact.de\/gesund\/sn1\/signer\">&gt;&gt; hier entlang<\/a><\/p>\n<p><object width=\"425\" height=\"344\" data=\"http:\/\/www.youtube.com\/v\/K1ql79o7Z4o&amp;color1=0xb1b1b1&amp;color2=0xcfcfcf&amp;hl=de_DE&amp;feature=player_embedded&amp;fs=1\" type=\"application\/x-shockwave-flash\"><param name=\"allowFullScreen\" value=\"true\" \/><param name=\"allowScriptAccess\" value=\"always\" \/><param name=\"src\" value=\"http:\/\/www.youtube.com\/v\/K1ql79o7Z4o&amp;color1=0xb1b1b1&amp;color2=0xcfcfcf&amp;hl=de_DE&amp;feature=player_embedded&amp;fs=1\" \/><param name=\"allowfullscreen\" value=\"true\" \/><\/object><\/p>\n<h3 class='related_post_title'>Verwandte Beitr\u00e4ge:<\/h3><ul class='related_post'><li><a href=\"http:\/\/konsumpf.de\/?p=15064\" title=\"Wahlplakat-Adbusting 2013\">Wahlplakat-Adbusting 2013<\/a><\/li><li><a href=\"http:\/\/konsumpf.de\/?p=15036\" title=\"Die \u201eErfolgsbilanz\u201c von Schwarz-Gelb, Parteispenden sowie Tierschutz in den Wahlprogrammen\">Die \u201eErfolgsbilanz\u201c von Schwarz-Gelb, Parteispenden sowie Tierschutz in den Wahlprogrammen<\/a><\/li><li><a href=\"http:\/\/konsumpf.de\/?p=14894\" title=\"Der Parteien-Einheitsbrei\">Der Parteien-Einheitsbrei<\/a><\/li><li><a href=\"http:\/\/konsumpf.de\/?p=14377\" title=\"Lesetipps: FDP-Firmengeflecht | Euro-Tode | H\u00e4nde weg von News | Wasserverschwendung\">Lesetipps: FDP-Firmengeflecht | Euro-Tode | H\u00e4nde weg von News | Wasserverschwendung<\/a><\/li><li><a href=\"http:\/\/konsumpf.de\/?p=14332\" title=\"Da hilft doch nur noch Auswandern\">Da hilft doch nur noch Auswandern<\/a><\/li><\/ul>","protected":false},"excerpt":{"rendered":"<p>Die Regierungskoalition ist ja drauf und dran, eines der Lieblingskinder der FDP \u2013 die unselige Kopfpauschale bei der Krankenversicherung \u2013 umzusetzen. Dass die FDP ihrem Klientel damit was Guts tun will, ist klar, denn fortan sollen alle Menschen, unabh\u00e4ngig vom Einkommen, die gleiche Summe f\u00fcr ihre Krankenversicherung berappen. Noch ungerechter geht es wohl kaum. Gl\u00fccklicherweise [&hellip;]<\/p>\n","protected":false},"author":1,"featured_media":0,"comment_status":"open","ping_status":"open","sticky":false,"template":"","format":"standard","meta":{"footnotes":""},"categories":[311,259,53],"tags":[1236,388,86,1238,1237],"yoast_head":"<!-- This site is optimized with the Yoast SEO plugin v24.4 - https:\/\/yoast.com\/wordpress\/plugins\/seo\/ -->\n<title>Den Kopfpauschalen-Wahnsinn stoppen! - Konsumpf - Forum f\u00fcr kreative Konsumkritik - Culture Jamming, Nachhaltigkeit, Konzernkritik, Adbusting<\/title>\n<meta name=\"robots\" content=\"index, follow, max-snippet:-1, max-image-preview:large, max-video-preview:-1\" \/>\n<link rel=\"canonical\" href=\"https:\/\/konsumpf.de\/?p=6952\" \/>\n<meta property=\"og:locale\" content=\"de_DE\" \/>\n<meta property=\"og:type\" content=\"article\" \/>\n<meta property=\"og:title\" content=\"Den Kopfpauschalen-Wahnsinn stoppen! - Konsumpf - Forum f\u00fcr kreative Konsumkritik - Culture Jamming, Nachhaltigkeit, Konzernkritik, Adbusting\" \/>\n<meta property=\"og:description\" content=\"Die Regierungskoalition ist ja drauf und dran, eines der Lieblingskinder der FDP \u2013 die unselige Kopfpauschale bei der Krankenversicherung \u2013 umzusetzen. Dass die FDP ihrem Klientel damit was Guts tun will, ist klar, denn fortan sollen alle Menschen, unabh\u00e4ngig vom Einkommen, die gleiche Summe f\u00fcr ihre Krankenversicherung berappen. Noch ungerechter geht es wohl kaum. Gl\u00fccklicherweise [&hellip;]\" \/>\n<meta property=\"og:url\" content=\"https:\/\/konsumpf.de\/?p=6952\" \/>\n<meta property=\"og:site_name\" content=\"Konsumpf - Forum f\u00fcr kreative Konsumkritik - Culture Jamming, Nachhaltigkeit, Konzernkritik, Adbusting\" \/>\n<meta property=\"article:published_time\" content=\"2010-02-04T09:12:17+00:00\" \/>\n<meta name=\"author\" content=\"Peter M.\" \/>\n<meta name=\"twitter:card\" content=\"summary_large_image\" \/>\n<meta name=\"twitter:label1\" content=\"Verfasst von\" \/>\n\t<meta name=\"twitter:data1\" content=\"Peter M.\" \/>\n<script type=\"application\/ld+json\" class=\"yoast-schema-graph\">{\"@context\":\"https:\/\/schema.org\",\"@graph\":[{\"@type\":\"WebPage\",\"@id\":\"https:\/\/konsumpf.de\/?p=6952\",\"url\":\"https:\/\/konsumpf.de\/?p=6952\",\"name\":\"Den Kopfpauschalen-Wahnsinn stoppen! - Konsumpf - Forum f\u00fcr kreative Konsumkritik - Culture Jamming, Nachhaltigkeit, Konzernkritik, Adbusting\",\"isPartOf\":{\"@id\":\"https:\/\/konsumpf.de\/#website\"},\"datePublished\":\"2010-02-04T09:12:17+00:00\",\"author\":{\"@id\":\"https:\/\/konsumpf.de\/#\/schema\/person\/e595a6d286b26994e7e0926d70699070\"},\"breadcrumb\":{\"@id\":\"https:\/\/konsumpf.de\/?p=6952#breadcrumb\"},\"inLanguage\":\"de\",\"potentialAction\":[{\"@type\":\"ReadAction\",\"target\":[\"https:\/\/konsumpf.de\/?p=6952\"]}]},{\"@type\":\"BreadcrumbList\",\"@id\":\"https:\/\/konsumpf.de\/?p=6952#breadcrumb\",\"itemListElement\":[{\"@type\":\"ListItem\",\"position\":1,\"name\":\"Startseite\",\"item\":\"https:\/\/konsumpf.de\/\"},{\"@type\":\"ListItem\",\"position\":2,\"name\":\"Den Kopfpauschalen-Wahnsinn stoppen!\"}]},{\"@type\":\"WebSite\",\"@id\":\"https:\/\/konsumpf.de\/#website\",\"url\":\"https:\/\/konsumpf.de\/\",\"name\":\"Konsumpf - Forum f\u00fcr kreative Konsumkritik - Culture Jamming, Nachhaltigkeit, Konzernkritik, Adbusting\",\"description\":\"\",\"potentialAction\":[{\"@type\":\"SearchAction\",\"target\":{\"@type\":\"EntryPoint\",\"urlTemplate\":\"https:\/\/konsumpf.de\/?s={search_term_string}\"},\"query-input\":{\"@type\":\"PropertyValueSpecification\",\"valueRequired\":true,\"valueName\":\"search_term_string\"}}],\"inLanguage\":\"de\"},{\"@type\":\"Person\",\"@id\":\"https:\/\/konsumpf.de\/#\/schema\/person\/e595a6d286b26994e7e0926d70699070\",\"name\":\"Peter M.\",\"sameAs\":[\"http:\/\/konsumpf.de\"]}]}<\/script>\n<!-- \/ Yoast SEO plugin. -->","yoast_head_json":{"title":"Den Kopfpauschalen-Wahnsinn stoppen! - Konsumpf - Forum f\u00fcr kreative Konsumkritik - Culture Jamming, Nachhaltigkeit, Konzernkritik, Adbusting","robots":{"index":"index","follow":"follow","max-snippet":"max-snippet:-1","max-image-preview":"max-image-preview:large","max-video-preview":"max-video-preview:-1"},"canonical":"https:\/\/konsumpf.de\/?p=6952","og_locale":"de_DE","og_type":"article","og_title":"Den Kopfpauschalen-Wahnsinn stoppen! - Konsumpf - Forum f\u00fcr kreative Konsumkritik - Culture Jamming, Nachhaltigkeit, Konzernkritik, Adbusting","og_description":"Die Regierungskoalition ist ja drauf und dran, eines der Lieblingskinder der FDP \u2013 die unselige Kopfpauschale bei der Krankenversicherung \u2013 umzusetzen. Dass die FDP ihrem Klientel damit was Guts tun will, ist klar, denn fortan sollen alle Menschen, unabh\u00e4ngig vom Einkommen, die gleiche Summe f\u00fcr ihre Krankenversicherung berappen. Noch ungerechter geht es wohl kaum. Gl\u00fccklicherweise [&hellip;]","og_url":"https:\/\/konsumpf.de\/?p=6952","og_site_name":"Konsumpf - Forum f\u00fcr kreative Konsumkritik - Culture Jamming, Nachhaltigkeit, Konzernkritik, Adbusting","article_published_time":"2010-02-04T09:12:17+00:00","author":"Peter M.","twitter_card":"summary_large_image","twitter_misc":{"Verfasst von":"Peter M."},"schema":{"@context":"https:\/\/schema.org","@graph":[{"@type":"WebPage","@id":"https:\/\/konsumpf.de\/?p=6952","url":"https:\/\/konsumpf.de\/?p=6952","name":"Den Kopfpauschalen-Wahnsinn stoppen! - Konsumpf - Forum f\u00fcr kreative Konsumkritik - Culture Jamming, Nachhaltigkeit, Konzernkritik, Adbusting","isPartOf":{"@id":"https:\/\/konsumpf.de\/#website"},"datePublished":"2010-02-04T09:12:17+00:00","author":{"@id":"https:\/\/konsumpf.de\/#\/schema\/person\/e595a6d286b26994e7e0926d70699070"},"breadcrumb":{"@id":"https:\/\/konsumpf.de\/?p=6952#breadcrumb"},"inLanguage":"de","potentialAction":[{"@type":"ReadAction","target":["https:\/\/konsumpf.de\/?p=6952"]}]},{"@type":"BreadcrumbList","@id":"https:\/\/konsumpf.de\/?p=6952#breadcrumb","itemListElement":[{"@type":"ListItem","position":1,"name":"Startseite","item":"https:\/\/konsumpf.de\/"},{"@type":"ListItem","position":2,"name":"Den Kopfpauschalen-Wahnsinn stoppen!"}]},{"@type":"WebSite","@id":"https:\/\/konsumpf.de\/#website","url":"https:\/\/konsumpf.de\/","name":"Konsumpf - Forum f\u00fcr kreative Konsumkritik - Culture Jamming, Nachhaltigkeit, Konzernkritik, Adbusting","description":"","potentialAction":[{"@type":"SearchAction","target":{"@type":"EntryPoint","urlTemplate":"https:\/\/konsumpf.de\/?s={search_term_string}"},"query-input":{"@type":"PropertyValueSpecification","valueRequired":true,"valueName":"search_term_string"}}],"inLanguage":"de"},{"@type":"Person","@id":"https:\/\/konsumpf.de\/#\/schema\/person\/e595a6d286b26994e7e0926d70699070","name":"Peter M.","sameAs":["http:\/\/konsumpf.de"]}]}},"_links":{"self":[{"href":"https:\/\/konsumpf.de\/index.php?rest_route=\/wp\/v2\/posts\/6952"}],"collection":[{"href":"https:\/\/konsumpf.de\/index.php?rest_route=\/wp\/v2\/posts"}],"about":[{"href":"https:\/\/konsumpf.de\/index.php?rest_route=\/wp\/v2\/types\/post"}],"author":[{"embeddable":true,"href":"https:\/\/konsumpf.de\/index.php?rest_route=\/wp\/v2\/users\/1"}],"replies":[{"embeddable":true,"href":"https:\/\/konsumpf.de\/index.php?rest_route=%2Fwp%2Fv2%2Fcomments&post=6952"}],"version-history":[{"count":2,"href":"https:\/\/konsumpf.de\/index.php?rest_route=\/wp\/v2\/posts\/6952\/revisions"}],"predecessor-version":[{"id":6954,"href":"https:\/\/konsumpf.de\/index.php?rest_route=\/wp\/v2\/posts\/6952\/revisions\/6954"}],"wp:attachment":[{"href":"https:\/\/konsumpf.de\/index.php?rest_route=%2Fwp%2Fv2%2Fmedia&parent=6952"}],"wp:term":[{"taxonomy":"category","embeddable":true,"href":"https:\/\/konsumpf.de\/index.php?rest_route=%2Fwp%2Fv2%2Fcategories&post=6952"},{"taxonomy":"post_tag","embeddable":true,"href":"https:\/\/konsumpf.de\/index.php?rest_route=%2Fwp%2Fv2%2Ftags&post=6952"}],"curies":[{"name":"wp","href":"https:\/\/api.w.org\/{rel}","templated":true}]}}