{"id":6651,"date":"2010-01-02T11:35:34","date_gmt":"2010-01-02T10:35:34","guid":{"rendered":"http:\/\/konsumpf.de\/?p=6651"},"modified":"2010-01-02T11:37:27","modified_gmt":"2010-01-02T10:37:27","slug":"abgesang-aufs-auto","status":"publish","type":"post","link":"https:\/\/konsumpf.de\/?p=6651","title":{"rendered":"Abgesang aufs Auto"},"content":{"rendered":"<p>\u00dcber die Fixierung der Verkehrsplanung hierzulande bzw. weltweit auf das Auto hatte ich ja schon des \u00f6fteren kritisch berichtet, und die Abwrackpr\u00e4mie gab dieses, pardon, letztes Jahr einen \u201esch\u00f6nen\u201c Beleg daf\u00fcr, wie wichtig, lieb und vor allem teuer Autos gerade den Deutschen sind. Von daher finde ich es sehr erfrischend, dass sich auch die Stimmen mehren (noch sind es nur einzelne), die ein Umdenken anmahnen. Besonders bemerkenswert am Artikel \u201e<a href=\"http:\/\/www.heise.de\/tp\/r4\/artikel\/31\/31641\/1.html\"><strong>Abgesang aufs Auto \u2013 Elektrofahrzeuge, CO2-Emissionen und alternative Verkehrs- und Besch\u00e4ftigungskonzepte<\/strong><\/a>\u201c von Birgit G\u00e4rtner auf Telepolis finde ich, dass selbst ein Mitglied des VW-Betriebsrat die Sinnlosigkeit des jetzigen Verkehrskonzepts und auch des blo\u00dfen Umstiegs auf Elektro- statt Benzinautos anspricht! Ein erstes kleines Wunder im neuen Jahrzehnt&#8230;<\/p>\n<blockquote><p>(&#8230;) Fachleute wie der Verkehrsexperte Axel Friedrich, der ehemaliger Leiter der Verkehrsabteilung des Wuppertalinstituts, Rudolf Petersen, Heiner Mohnheim von der Universit\u00e4t Trier und Wolfgang Lohbeck von Greenpeace wiesen zu Beginn der Tagung auf die \u00f6kologischen Konsequenzen des Ausbaus des Individualverkehrs, z. B. die Folgen durch Bodenversiegelung beim Stra\u00dfenbau, hin. Zwar seien nach der Wiedervereinigung 100% der Autoverbindungen von Ost nach West erneuert worden, allerdings nur sechs Eisenbahnstrecken, wurde bem\u00e4ngelt. Dieser \u00f6kologischen Katastrophe sei auch mit dem Elektroauto nicht zu begegnen. (&#8230;)<\/p>\n<p>(&#8230;) Die L\u00f6sung liegt f\u00fcr den Betriebsrat in einer umfassenden gesellschaftlichen Diskussion \u00fcber die Zukunft der Arbeit: &#8220;Wir brauchen gesellschaftlich notwendige und n\u00fctzliche Besch\u00e4ftigung, die Autoproduktion geh\u00f6rt definitiv nicht dazu.&#8221; Das in den K\u00f6pfen der Besch\u00e4ftigten zu verankern, sei in einem Land, in dem das Auto das &#8220;zweite Wohnzimmer&#8221; sei, allerdings nicht so einfach. Die individuelle Mobilit\u00e4t k\u00f6nne in Zukunft nur \u00f6kologisch sinnvoll durch den Ausbau des \u00f6ffentlichen Personen Nahverkehrs und des Schienennetzes gew\u00e4hrleistet werden. Auch die Wirtschaftskrise k\u00f6nne nicht durch den Ausbau des Individualverkehrs gel\u00f6st werden, sondern durch drastische Verk\u00fcrzung der Arbeitszeit bei vollem Lohnausgleich und die F\u00f6rderung von sinnvollen Produktionszweigen wie z. B. Umwelttechnologie. (&#8230;)<\/p><\/blockquote>\n<h3 class='related_post_title'>Verwandte Beitr\u00e4ge:<\/h3><ul class='related_post'><li><a href=\"http:\/\/konsumpf.de\/?p=8164\" title=\"Weise Worte (22): Fahrr\u00e4der sind schneller als Autos\">Weise Worte (22): Fahrr\u00e4der sind schneller als Autos<\/a><\/li><li><a href=\"http:\/\/konsumpf.de\/?p=5830\" title=\"Verursachen Elektroautos die n\u00e4chste Umweltkrise?\">Verursachen Elektroautos die n\u00e4chste Umweltkrise?<\/a><\/li><li><a href=\"http:\/\/konsumpf.de\/?p=15125\" title=\"Die Geschichte der L\u00f6sungen\">Die Geschichte der L\u00f6sungen<\/a><\/li><li><a href=\"http:\/\/konsumpf.de\/?p=14722\" title=\"BASF und der Clearfield-Raps\">BASF und der Clearfield-Raps<\/a><\/li><li><a href=\"http:\/\/konsumpf.de\/?p=14361\" title=\"Wegezoll \u2013 Reiche Bahn la\u0308sst Regionalverkehr ausbluten\">Wegezoll \u2013 Reiche Bahn la\u0308sst Regionalverkehr ausbluten<\/a><\/li><\/ul>","protected":false},"excerpt":{"rendered":"<p>\u00dcber die Fixierung der Verkehrsplanung hierzulande bzw. weltweit auf das Auto hatte ich ja schon des \u00f6fteren kritisch berichtet, und die Abwrackpr\u00e4mie gab dieses, pardon, letztes Jahr einen \u201esch\u00f6nen\u201c Beleg daf\u00fcr, wie wichtig, lieb und vor allem teuer Autos gerade den Deutschen sind. Von daher finde ich es sehr erfrischend, dass sich auch die Stimmen [&hellip;]<\/p>\n","protected":false},"author":1,"featured_media":0,"comment_status":"open","ping_status":"open","sticky":false,"template":"","format":"standard","meta":{"footnotes":""},"categories":[12,54,50,78],"tags":[1034,346,2886,1009],"yoast_head":"<!-- This site is optimized with the Yoast SEO plugin v24.4 - https:\/\/yoast.com\/wordpress\/plugins\/seo\/ -->\n<title>Abgesang aufs Auto - Konsumpf - Forum f\u00fcr kreative Konsumkritik - Culture Jamming, Nachhaltigkeit, Konzernkritik, Adbusting<\/title>\n<meta name=\"robots\" content=\"index, follow, max-snippet:-1, max-image-preview:large, max-video-preview:-1\" \/>\n<link rel=\"canonical\" href=\"https:\/\/konsumpf.de\/?p=6651\" \/>\n<meta property=\"og:locale\" content=\"de_DE\" \/>\n<meta property=\"og:type\" content=\"article\" \/>\n<meta property=\"og:title\" content=\"Abgesang aufs Auto - Konsumpf - Forum f\u00fcr kreative Konsumkritik - Culture Jamming, Nachhaltigkeit, Konzernkritik, Adbusting\" \/>\n<meta property=\"og:description\" content=\"\u00dcber die Fixierung der Verkehrsplanung hierzulande bzw. weltweit auf das Auto hatte ich ja schon des \u00f6fteren kritisch berichtet, und die Abwrackpr\u00e4mie gab dieses, pardon, letztes Jahr einen \u201esch\u00f6nen\u201c Beleg daf\u00fcr, wie wichtig, lieb und vor allem teuer Autos gerade den Deutschen sind. Von daher finde ich es sehr erfrischend, dass sich auch die Stimmen [&hellip;]\" \/>\n<meta property=\"og:url\" content=\"https:\/\/konsumpf.de\/?p=6651\" \/>\n<meta property=\"og:site_name\" content=\"Konsumpf - Forum f\u00fcr kreative Konsumkritik - Culture Jamming, Nachhaltigkeit, Konzernkritik, Adbusting\" \/>\n<meta property=\"article:published_time\" content=\"2010-01-02T10:35:34+00:00\" \/>\n<meta property=\"article:modified_time\" content=\"2010-01-02T10:37:27+00:00\" \/>\n<meta name=\"author\" content=\"Peter M.\" \/>\n<meta name=\"twitter:card\" content=\"summary_large_image\" \/>\n<meta name=\"twitter:label1\" content=\"Verfasst von\" \/>\n\t<meta name=\"twitter:data1\" content=\"Peter M.\" \/>\n\t<meta name=\"twitter:label2\" content=\"Gesch\u00e4tzte Lesezeit\" \/>\n\t<meta name=\"twitter:data2\" content=\"2\u00a0Minuten\" \/>\n<script type=\"application\/ld+json\" class=\"yoast-schema-graph\">{\"@context\":\"https:\/\/schema.org\",\"@graph\":[{\"@type\":\"WebPage\",\"@id\":\"https:\/\/konsumpf.de\/?p=6651\",\"url\":\"https:\/\/konsumpf.de\/?p=6651\",\"name\":\"Abgesang aufs Auto - Konsumpf - Forum f\u00fcr kreative Konsumkritik - Culture Jamming, Nachhaltigkeit, Konzernkritik, Adbusting\",\"isPartOf\":{\"@id\":\"https:\/\/konsumpf.de\/#website\"},\"datePublished\":\"2010-01-02T10:35:34+00:00\",\"dateModified\":\"2010-01-02T10:37:27+00:00\",\"author\":{\"@id\":\"https:\/\/konsumpf.de\/#\/schema\/person\/e595a6d286b26994e7e0926d70699070\"},\"breadcrumb\":{\"@id\":\"https:\/\/konsumpf.de\/?p=6651#breadcrumb\"},\"inLanguage\":\"de\",\"potentialAction\":[{\"@type\":\"ReadAction\",\"target\":[\"https:\/\/konsumpf.de\/?p=6651\"]}]},{\"@type\":\"BreadcrumbList\",\"@id\":\"https:\/\/konsumpf.de\/?p=6651#breadcrumb\",\"itemListElement\":[{\"@type\":\"ListItem\",\"position\":1,\"name\":\"Startseite\",\"item\":\"https:\/\/konsumpf.de\/\"},{\"@type\":\"ListItem\",\"position\":2,\"name\":\"Abgesang aufs Auto\"}]},{\"@type\":\"WebSite\",\"@id\":\"https:\/\/konsumpf.de\/#website\",\"url\":\"https:\/\/konsumpf.de\/\",\"name\":\"Konsumpf - Forum f\u00fcr kreative Konsumkritik - Culture Jamming, Nachhaltigkeit, Konzernkritik, Adbusting\",\"description\":\"\",\"potentialAction\":[{\"@type\":\"SearchAction\",\"target\":{\"@type\":\"EntryPoint\",\"urlTemplate\":\"https:\/\/konsumpf.de\/?s={search_term_string}\"},\"query-input\":{\"@type\":\"PropertyValueSpecification\",\"valueRequired\":true,\"valueName\":\"search_term_string\"}}],\"inLanguage\":\"de\"},{\"@type\":\"Person\",\"@id\":\"https:\/\/konsumpf.de\/#\/schema\/person\/e595a6d286b26994e7e0926d70699070\",\"name\":\"Peter M.\",\"sameAs\":[\"http:\/\/konsumpf.de\"]}]}<\/script>\n<!-- \/ Yoast SEO plugin. -->","yoast_head_json":{"title":"Abgesang aufs Auto - Konsumpf - Forum f\u00fcr kreative Konsumkritik - Culture Jamming, Nachhaltigkeit, Konzernkritik, Adbusting","robots":{"index":"index","follow":"follow","max-snippet":"max-snippet:-1","max-image-preview":"max-image-preview:large","max-video-preview":"max-video-preview:-1"},"canonical":"https:\/\/konsumpf.de\/?p=6651","og_locale":"de_DE","og_type":"article","og_title":"Abgesang aufs Auto - Konsumpf - Forum f\u00fcr kreative Konsumkritik - Culture Jamming, Nachhaltigkeit, Konzernkritik, Adbusting","og_description":"\u00dcber die Fixierung der Verkehrsplanung hierzulande bzw. weltweit auf das Auto hatte ich ja schon des \u00f6fteren kritisch berichtet, und die Abwrackpr\u00e4mie gab dieses, pardon, letztes Jahr einen \u201esch\u00f6nen\u201c Beleg daf\u00fcr, wie wichtig, lieb und vor allem teuer Autos gerade den Deutschen sind. Von daher finde ich es sehr erfrischend, dass sich auch die Stimmen [&hellip;]","og_url":"https:\/\/konsumpf.de\/?p=6651","og_site_name":"Konsumpf - Forum f\u00fcr kreative Konsumkritik - Culture Jamming, Nachhaltigkeit, Konzernkritik, Adbusting","article_published_time":"2010-01-02T10:35:34+00:00","article_modified_time":"2010-01-02T10:37:27+00:00","author":"Peter M.","twitter_card":"summary_large_image","twitter_misc":{"Verfasst von":"Peter M.","Gesch\u00e4tzte Lesezeit":"2\u00a0Minuten"},"schema":{"@context":"https:\/\/schema.org","@graph":[{"@type":"WebPage","@id":"https:\/\/konsumpf.de\/?p=6651","url":"https:\/\/konsumpf.de\/?p=6651","name":"Abgesang aufs Auto - Konsumpf - Forum f\u00fcr kreative Konsumkritik - Culture Jamming, Nachhaltigkeit, Konzernkritik, Adbusting","isPartOf":{"@id":"https:\/\/konsumpf.de\/#website"},"datePublished":"2010-01-02T10:35:34+00:00","dateModified":"2010-01-02T10:37:27+00:00","author":{"@id":"https:\/\/konsumpf.de\/#\/schema\/person\/e595a6d286b26994e7e0926d70699070"},"breadcrumb":{"@id":"https:\/\/konsumpf.de\/?p=6651#breadcrumb"},"inLanguage":"de","potentialAction":[{"@type":"ReadAction","target":["https:\/\/konsumpf.de\/?p=6651"]}]},{"@type":"BreadcrumbList","@id":"https:\/\/konsumpf.de\/?p=6651#breadcrumb","itemListElement":[{"@type":"ListItem","position":1,"name":"Startseite","item":"https:\/\/konsumpf.de\/"},{"@type":"ListItem","position":2,"name":"Abgesang aufs Auto"}]},{"@type":"WebSite","@id":"https:\/\/konsumpf.de\/#website","url":"https:\/\/konsumpf.de\/","name":"Konsumpf - Forum f\u00fcr kreative Konsumkritik - Culture Jamming, Nachhaltigkeit, Konzernkritik, Adbusting","description":"","potentialAction":[{"@type":"SearchAction","target":{"@type":"EntryPoint","urlTemplate":"https:\/\/konsumpf.de\/?s={search_term_string}"},"query-input":{"@type":"PropertyValueSpecification","valueRequired":true,"valueName":"search_term_string"}}],"inLanguage":"de"},{"@type":"Person","@id":"https:\/\/konsumpf.de\/#\/schema\/person\/e595a6d286b26994e7e0926d70699070","name":"Peter M.","sameAs":["http:\/\/konsumpf.de"]}]}},"_links":{"self":[{"href":"https:\/\/konsumpf.de\/index.php?rest_route=\/wp\/v2\/posts\/6651"}],"collection":[{"href":"https:\/\/konsumpf.de\/index.php?rest_route=\/wp\/v2\/posts"}],"about":[{"href":"https:\/\/konsumpf.de\/index.php?rest_route=\/wp\/v2\/types\/post"}],"author":[{"embeddable":true,"href":"https:\/\/konsumpf.de\/index.php?rest_route=\/wp\/v2\/users\/1"}],"replies":[{"embeddable":true,"href":"https:\/\/konsumpf.de\/index.php?rest_route=%2Fwp%2Fv2%2Fcomments&post=6651"}],"version-history":[{"count":6,"href":"https:\/\/konsumpf.de\/index.php?rest_route=\/wp\/v2\/posts\/6651\/revisions"}],"predecessor-version":[{"id":6661,"href":"https:\/\/konsumpf.de\/index.php?rest_route=\/wp\/v2\/posts\/6651\/revisions\/6661"}],"wp:attachment":[{"href":"https:\/\/konsumpf.de\/index.php?rest_route=%2Fwp%2Fv2%2Fmedia&parent=6651"}],"wp:term":[{"taxonomy":"category","embeddable":true,"href":"https:\/\/konsumpf.de\/index.php?rest_route=%2Fwp%2Fv2%2Fcategories&post=6651"},{"taxonomy":"post_tag","embeddable":true,"href":"https:\/\/konsumpf.de\/index.php?rest_route=%2Fwp%2Fv2%2Ftags&post=6651"}],"curies":[{"name":"wp","href":"https:\/\/api.w.org\/{rel}","templated":true}]}}