{"id":6607,"date":"2010-01-04T09:39:48","date_gmt":"2010-01-04T08:39:48","guid":{"rendered":"http:\/\/konsumpf.de\/?p=6607"},"modified":"2010-11-03T14:00:10","modified_gmt":"2010-11-03T13:00:10","slug":"offener-brief-an-die-horzu","status":"publish","type":"post","link":"https:\/\/konsumpf.de\/?p=6607","title":{"rendered":"Offener Brief an die H\u00f6rZu"},"content":{"rendered":"<div id=\"attachment_6669\" style=\"width: 245px\" class=\"wp-caption alignright\"><a href=\"http:\/\/www.sxc.hu\/photo\/1084231\"><img loading=\"lazy\" decoding=\"async\" aria-describedby=\"caption-attachment-6669\" class=\"size-full wp-image-6669\" title=\"dont_see\" src=\"http:\/\/konsumpf.de\/wp-content\/uploads\/2010\/01\/dont_see.jpg\" alt=\"dont_see\" width=\"235\" height=\"157\" \/><\/a><p id=\"caption-attachment-6669\" class=\"wp-caption-text\">\u00a9 Mattox, stock.xchng<\/p><\/div>\n<p>\u00dcber die Feiertage kam ich in den (eher zweifelhaften) Genuss, in der Fernsehzeitschrift <strong>H\u00f6rZu<\/strong> bl\u00e4ttern zu k\u00f6nnen und war ob des dort abgedruckten Artikels, der einen Ausblick auf die Aktionsware der n\u00e4chsten Monate bei gro\u00dfen Discountern wie Aldi und Lidl gab (mit einer widerlichen Zeichnung, auf der eine gl\u00fccksstrahlende Familie zu sehen ist, die sich den Einkaufswagen randvoll mit Zeugs packt), so erbost, dass ich besagtem Blatt (das \u00fcbrigens zum Springer-Verlag geh\u00f6rt) postwendend eine E-Mail mit entsprechendem Informationsmaterial zur redaktionellen Selbsterkenntnis und Weiterbildung schreiben musste \u2013 diese hier:<\/p>\n<p>&#8212;&#8212;&#8212;&#8212;&#8212;&#8211;<\/p>\n<p>Sehr geehrter Herr Vogt,<\/p>\n<p>Als ich in der neuen Ausgabe der H\u00f6rzu den &#8220;Schn\u00e4ppchenf\u00fchrer&#8221; mit den Einkaufstipps bei Discountern wie Aldi, Lidl &amp; Co. las, stockte mir doch der Atem. Die komplett unkritische Darstellung der vermeintlichen Schn\u00e4ppchen, dazu der Hinweis auf die doch von Stiftung Warentest erwiesene vermeintlich vergleichsweise hohe Qualit\u00e4t der Discount-Produkte lassen mich fast vermuten, dass f\u00fcr diesen nahe am &#8220;Advertorial&#8221; gebauten Beitrag Zuwendungen der entsprechenden Konzerne geflossen sind (zumal ja bekannt ist, dass es enge freundschaftliche Verbindungen von zB BILD (also Springer) und Lidl gibt). Aber dies will ich gar nicht mal unterstellen.<\/p>\n<p>Ich m\u00f6chte Sie jedoch auf einige Fakten hinweisen, die Ihnen eventuell bisher nicht bekannt sind bzw. die man vor der Ver\u00f6ffentlichung solch lobpreisender Artikel eigentlich bedenken sollte. Denn diese &#8220;Schn\u00e4ppchen&#8221; der Discounter sind teuer erkauft, sowohl durch gesellschaftliche wie auch umweltbez\u00fcgliche Sch\u00e4den, die diese Firmen weltweit anrichten. Ein paar Links m\u00f6gen Ihnen dabei die entsprechenden Informationen vermitteln:<\/p>\n<p>&#8211; Diese beiden Grundsatzartikel fassen eine Vielzahl der Kritikpunkte und Nachteile des Discountwahns zusammen:<br \/>\n<a href=\"http:\/\/konsumpf.de\/?p=2353\"> http:\/\/konsumpf.de\/?p=2353<\/a><br \/>\n<a href=\"http:\/\/konsumpf.de\/?p=2766\"> http:\/\/konsumpf.de\/?p=2766<\/a><\/p>\n<p>&#8211; Mehrere Studien zeigen die \u00fcblen Bedingungen, unter denen diese Aktionsware der Discounter andernorts hergestellt wird:<br \/>\n<a href=\"http:\/\/www.suedwind-institut.de\/web-beitraege\/pe\/pe2009-02__09-02-03_aldi-studie-2.htm\"> http:\/\/www.suedwind-institut.de\/web-beitraege\/pe\/pe2009-02__09-02-03_aldi-studie-2.htm<\/a><br \/>\n<a href=\"http:\/\/www.saubere-kleidung.de\/2008\/ccc_08-01-30_pu_discounter_lidl-kik.html\"> http:\/\/www.saubere-kleidung.de\/2008\/ccc_08-01-30_pu_discounter_lidl-kik.html<\/a><br \/>\n<a href=\"http:\/\/www.spiegel.de\/wirtschaft\/0,1518,592711,00.html\"> http:\/\/www.spiegel.de\/wirtschaft\/0,1518,592711,00.html<\/a><\/p>\n<p>&#8211; Eine Vielzahl weiterer Texte quer durch alle Medien besch\u00e4ftigt sich mit den schlimmen Folgen und Hintergr\u00fcnden des Aldi- &amp; Lidl-Erfolgs:<br \/>\n<a href=\"http:\/\/www.zeit.de\/2008\/19\/Wallraff-19\"> http:\/\/www.zeit.de\/2008\/19\/Wallraff-19<\/a><br \/>\n<a href=\"http:\/\/www.stuttgarter-zeitung.de\/stz\/page\/detail.php\/1422478\"> http:\/\/www.stuttgarter-zeitung.de\/stz\/page\/detail.php\/1422478<\/a><br \/>\n<a href=\"http:\/\/www.zeit.de\/2005\/47\/Fiese_Arbeit-Alternative\"> http:\/\/www.zeit.de\/2005\/47\/Fiese_Arbeit-Alternative<\/a><br \/>\n<a href=\"http:\/\/lidl.verdi.de\/\"> http:\/\/lidl.verdi.de\/<\/a><br \/>\n<a href=\"http:\/\/www.handelsblatt.com\/unternehmen\/handel-dienstleister\/aldi-brutal;1383241\"> http:\/\/www.handelsblatt.com\/unternehmen\/handel-dienstleister\/aldi-brutal;1383241<\/a><br \/>\n<a href=\"http:\/\/www.cvengineering.ch\/politikritik\/index-Dateien\/Discounter.htm\">http:\/\/www.cvengineering.ch\/politikritik\/index-Dateien\/Discounter.htm<\/a><\/p>\n<p>Ganz aktuell noch ein Bericht aus der Wirtschaftswoche, der ebenfalls (und das von einem so konservativem Heft!) die Probleme dieser Ankurbelung sinnlosen Konsums durch Billigpreise thematisiert:<br \/>\n<a href=\"http:\/\/www.wiwo.de\/politik-weltwirtschaft\/die-fabrik-der-welt-hat-sich-veraendert-413909\/\">http:\/\/www.wiwo.de\/politik-weltwirtschaft\/die-fabrik-der-welt-hat-sich-veraendert-413909\/<\/a><\/p>\n<blockquote><p>&#8220;Um im Gesch\u00e4ft zu bleiben, m\u00fcssen die Fabriken noch billiger produzieren. Ein Hersteller von Textilien aus Hangzhou in der N\u00e4he von Shanghai etwa hat eine blitzsaubere, moderne Fabrik, in der er, so gibt er an, unter anderem f\u00fcr Abnehmer in Deutschland produziert. Eines Tages wird ein Kunde misstrauisch. Das Werk sei viel zu klein, dort k\u00f6nne er die bestellten Mengen doch gar nicht produzieren. Nachforschungen ergeben, dass der Unternehmer in Gef\u00e4ngnissen produzieren l\u00e4sst. Die Fabrik in Hangzhou dient lediglich zum Vorzeigen bei den Abnehmern im Ausland.&#8221;<\/p><\/blockquote>\n<p>Solche Hintergr\u00fcnde, die eigentlich journalistischer Sorgfaltspflicht entspr\u00e4chen, werden leider bei der Anpreisung der &#8220;tollen Schn\u00e4ppchen&#8221; komplett ignoriert. Man sollte solch skrupellosen Konzernen wie Lidl, Aldi etc. nicht auch noch zus\u00e4tzlich eine B\u00fchne geben, indem man ihre Produkte so promotet. Ich finde das verantwortungslos.<\/p>\n<p>Mit freundlichen Gr\u00fc\u00dfen und weiterhin ein sch\u00f6nes Weihnachtsfest (ohne Discount-Plunder),<br \/>\nPeter Marwitz<br \/>\n<img loading=\"lazy\" decoding=\"async\" src=\"http:\/\/vg07.met.vgwort.de\/na\/1ea240731cf1499596eeb6ddb0d69e5e\" width=\"1\" height=\"1\" alt=\"\"><\/p>\n<h3 class='related_post_title'>Verwandte Beitr\u00e4ge:<\/h3><ul class='related_post'><li><a href=\"http:\/\/konsumpf.de\/?p=12338\" title=\"Sch\u00f6nf\u00e4rberei konkret bei Discountern\">Sch\u00f6nf\u00e4rberei konkret bei Discountern<\/a><\/li><li><a href=\"http:\/\/konsumpf.de\/?p=11704\" title=\"Billig ist unfair \u2013 Ausbeutung sichtbar machen!\">Billig ist unfair \u2013 Ausbeutung sichtbar machen!<\/a><\/li><li><a href=\"http:\/\/konsumpf.de\/?p=8932\" title=\"Sch\u00f6n! F\u00e4rber! PR ist Augenwischerei\">Sch\u00f6n! F\u00e4rber! PR ist Augenwischerei<\/a><\/li><li><a href=\"http:\/\/konsumpf.de\/?p=8621\" title=\"Fernsehtipp: Hauptsache billig\">Fernsehtipp: Hauptsache billig<\/a><\/li><li><a href=\"http:\/\/konsumpf.de\/?p=14937\" title=\"Billig. Billiger. Banane.\">Billig. Billiger. Banane.<\/a><\/li><\/ul>","protected":false},"excerpt":{"rendered":"<p>\u00dcber die Feiertage kam ich in den (eher zweifelhaften) Genuss, in der Fernsehzeitschrift H\u00f6rZu bl\u00e4ttern zu k\u00f6nnen und war ob des dort abgedruckten Artikels, der einen Ausblick auf die Aktionsware der n\u00e4chsten Monate bei gro\u00dfen Discountern wie Aldi und Lidl gab (mit einer widerlichen Zeichnung, auf der eine gl\u00fccksstrahlende Familie zu sehen ist, die sich [&hellip;]<\/p>\n","protected":false},"author":1,"featured_media":0,"comment_status":"open","ping_status":"open","sticky":false,"template":"","format":"standard","meta":{"footnotes":""},"categories":[23,37,33,78],"tags":[25,603,2860,2865,1185,24,1186],"yoast_head":"<!-- This site is optimized with the Yoast SEO plugin v24.4 - https:\/\/yoast.com\/wordpress\/plugins\/seo\/ -->\n<title>Offener Brief an die H\u00f6rZu - Konsumpf - Forum f\u00fcr kreative Konsumkritik - Culture Jamming, Nachhaltigkeit, Konzernkritik, Adbusting<\/title>\n<meta name=\"robots\" content=\"index, follow, max-snippet:-1, max-image-preview:large, max-video-preview:-1\" \/>\n<link rel=\"canonical\" href=\"https:\/\/konsumpf.de\/?p=6607\" \/>\n<meta property=\"og:locale\" content=\"de_DE\" \/>\n<meta property=\"og:type\" content=\"article\" \/>\n<meta property=\"og:title\" content=\"Offener Brief an die H\u00f6rZu - Konsumpf - Forum f\u00fcr kreative Konsumkritik - Culture Jamming, Nachhaltigkeit, Konzernkritik, Adbusting\" \/>\n<meta property=\"og:description\" content=\"\u00dcber die Feiertage kam ich in den (eher zweifelhaften) Genuss, in der Fernsehzeitschrift H\u00f6rZu bl\u00e4ttern zu k\u00f6nnen und war ob des dort abgedruckten Artikels, der einen Ausblick auf die Aktionsware der n\u00e4chsten Monate bei gro\u00dfen Discountern wie Aldi und Lidl gab (mit einer widerlichen Zeichnung, auf der eine gl\u00fccksstrahlende Familie zu sehen ist, die sich [&hellip;]\" \/>\n<meta property=\"og:url\" content=\"https:\/\/konsumpf.de\/?p=6607\" \/>\n<meta property=\"og:site_name\" content=\"Konsumpf - Forum f\u00fcr kreative Konsumkritik - Culture Jamming, Nachhaltigkeit, Konzernkritik, Adbusting\" \/>\n<meta property=\"article:published_time\" content=\"2010-01-04T08:39:48+00:00\" \/>\n<meta property=\"article:modified_time\" content=\"2010-11-03T13:00:10+00:00\" \/>\n<meta property=\"og:image\" content=\"http:\/\/konsumpf.de\/wp-content\/uploads\/2010\/01\/dont_see.jpg\" \/>\n<meta name=\"author\" content=\"Peter M.\" \/>\n<meta name=\"twitter:card\" content=\"summary_large_image\" \/>\n<meta name=\"twitter:label1\" content=\"Verfasst von\" \/>\n\t<meta name=\"twitter:data1\" content=\"Peter M.\" \/>\n\t<meta name=\"twitter:label2\" content=\"Gesch\u00e4tzte Lesezeit\" \/>\n\t<meta name=\"twitter:data2\" content=\"3\u00a0Minuten\" \/>\n<script type=\"application\/ld+json\" class=\"yoast-schema-graph\">{\"@context\":\"https:\/\/schema.org\",\"@graph\":[{\"@type\":\"WebPage\",\"@id\":\"https:\/\/konsumpf.de\/?p=6607\",\"url\":\"https:\/\/konsumpf.de\/?p=6607\",\"name\":\"Offener Brief an die H\u00f6rZu - Konsumpf - Forum f\u00fcr kreative Konsumkritik - Culture Jamming, Nachhaltigkeit, Konzernkritik, Adbusting\",\"isPartOf\":{\"@id\":\"https:\/\/konsumpf.de\/#website\"},\"primaryImageOfPage\":{\"@id\":\"https:\/\/konsumpf.de\/?p=6607#primaryimage\"},\"image\":{\"@id\":\"https:\/\/konsumpf.de\/?p=6607#primaryimage\"},\"thumbnailUrl\":\"http:\/\/konsumpf.de\/wp-content\/uploads\/2010\/01\/dont_see.jpg\",\"datePublished\":\"2010-01-04T08:39:48+00:00\",\"dateModified\":\"2010-11-03T13:00:10+00:00\",\"author\":{\"@id\":\"https:\/\/konsumpf.de\/#\/schema\/person\/e595a6d286b26994e7e0926d70699070\"},\"breadcrumb\":{\"@id\":\"https:\/\/konsumpf.de\/?p=6607#breadcrumb\"},\"inLanguage\":\"de\",\"potentialAction\":[{\"@type\":\"ReadAction\",\"target\":[\"https:\/\/konsumpf.de\/?p=6607\"]}]},{\"@type\":\"ImageObject\",\"inLanguage\":\"de\",\"@id\":\"https:\/\/konsumpf.de\/?p=6607#primaryimage\",\"url\":\"https:\/\/konsumpf.de\/wp-content\/uploads\/2010\/01\/dont_see.jpg\",\"contentUrl\":\"https:\/\/konsumpf.de\/wp-content\/uploads\/2010\/01\/dont_see.jpg\",\"width\":\"300\",\"height\":\"201\"},{\"@type\":\"BreadcrumbList\",\"@id\":\"https:\/\/konsumpf.de\/?p=6607#breadcrumb\",\"itemListElement\":[{\"@type\":\"ListItem\",\"position\":1,\"name\":\"Startseite\",\"item\":\"https:\/\/konsumpf.de\/\"},{\"@type\":\"ListItem\",\"position\":2,\"name\":\"Offener Brief an die H\u00f6rZu\"}]},{\"@type\":\"WebSite\",\"@id\":\"https:\/\/konsumpf.de\/#website\",\"url\":\"https:\/\/konsumpf.de\/\",\"name\":\"Konsumpf - Forum f\u00fcr kreative Konsumkritik - Culture Jamming, Nachhaltigkeit, Konzernkritik, Adbusting\",\"description\":\"\",\"potentialAction\":[{\"@type\":\"SearchAction\",\"target\":{\"@type\":\"EntryPoint\",\"urlTemplate\":\"https:\/\/konsumpf.de\/?s={search_term_string}\"},\"query-input\":{\"@type\":\"PropertyValueSpecification\",\"valueRequired\":true,\"valueName\":\"search_term_string\"}}],\"inLanguage\":\"de\"},{\"@type\":\"Person\",\"@id\":\"https:\/\/konsumpf.de\/#\/schema\/person\/e595a6d286b26994e7e0926d70699070\",\"name\":\"Peter M.\",\"sameAs\":[\"http:\/\/konsumpf.de\"]}]}<\/script>\n<!-- \/ Yoast SEO plugin. -->","yoast_head_json":{"title":"Offener Brief an die H\u00f6rZu - Konsumpf - Forum f\u00fcr kreative Konsumkritik - Culture Jamming, Nachhaltigkeit, Konzernkritik, Adbusting","robots":{"index":"index","follow":"follow","max-snippet":"max-snippet:-1","max-image-preview":"max-image-preview:large","max-video-preview":"max-video-preview:-1"},"canonical":"https:\/\/konsumpf.de\/?p=6607","og_locale":"de_DE","og_type":"article","og_title":"Offener Brief an die H\u00f6rZu - Konsumpf - Forum f\u00fcr kreative Konsumkritik - Culture Jamming, Nachhaltigkeit, Konzernkritik, Adbusting","og_description":"\u00dcber die Feiertage kam ich in den (eher zweifelhaften) Genuss, in der Fernsehzeitschrift H\u00f6rZu bl\u00e4ttern zu k\u00f6nnen und war ob des dort abgedruckten Artikels, der einen Ausblick auf die Aktionsware der n\u00e4chsten Monate bei gro\u00dfen Discountern wie Aldi und Lidl gab (mit einer widerlichen Zeichnung, auf der eine gl\u00fccksstrahlende Familie zu sehen ist, die sich [&hellip;]","og_url":"https:\/\/konsumpf.de\/?p=6607","og_site_name":"Konsumpf - Forum f\u00fcr kreative Konsumkritik - Culture Jamming, Nachhaltigkeit, Konzernkritik, Adbusting","article_published_time":"2010-01-04T08:39:48+00:00","article_modified_time":"2010-11-03T13:00:10+00:00","og_image":[{"url":"http:\/\/konsumpf.de\/wp-content\/uploads\/2010\/01\/dont_see.jpg","type":"","width":"","height":""}],"author":"Peter M.","twitter_card":"summary_large_image","twitter_misc":{"Verfasst von":"Peter M.","Gesch\u00e4tzte Lesezeit":"3\u00a0Minuten"},"schema":{"@context":"https:\/\/schema.org","@graph":[{"@type":"WebPage","@id":"https:\/\/konsumpf.de\/?p=6607","url":"https:\/\/konsumpf.de\/?p=6607","name":"Offener Brief an die H\u00f6rZu - Konsumpf - Forum f\u00fcr kreative Konsumkritik - Culture Jamming, Nachhaltigkeit, Konzernkritik, Adbusting","isPartOf":{"@id":"https:\/\/konsumpf.de\/#website"},"primaryImageOfPage":{"@id":"https:\/\/konsumpf.de\/?p=6607#primaryimage"},"image":{"@id":"https:\/\/konsumpf.de\/?p=6607#primaryimage"},"thumbnailUrl":"http:\/\/konsumpf.de\/wp-content\/uploads\/2010\/01\/dont_see.jpg","datePublished":"2010-01-04T08:39:48+00:00","dateModified":"2010-11-03T13:00:10+00:00","author":{"@id":"https:\/\/konsumpf.de\/#\/schema\/person\/e595a6d286b26994e7e0926d70699070"},"breadcrumb":{"@id":"https:\/\/konsumpf.de\/?p=6607#breadcrumb"},"inLanguage":"de","potentialAction":[{"@type":"ReadAction","target":["https:\/\/konsumpf.de\/?p=6607"]}]},{"@type":"ImageObject","inLanguage":"de","@id":"https:\/\/konsumpf.de\/?p=6607#primaryimage","url":"https:\/\/konsumpf.de\/wp-content\/uploads\/2010\/01\/dont_see.jpg","contentUrl":"https:\/\/konsumpf.de\/wp-content\/uploads\/2010\/01\/dont_see.jpg","width":"300","height":"201"},{"@type":"BreadcrumbList","@id":"https:\/\/konsumpf.de\/?p=6607#breadcrumb","itemListElement":[{"@type":"ListItem","position":1,"name":"Startseite","item":"https:\/\/konsumpf.de\/"},{"@type":"ListItem","position":2,"name":"Offener Brief an die H\u00f6rZu"}]},{"@type":"WebSite","@id":"https:\/\/konsumpf.de\/#website","url":"https:\/\/konsumpf.de\/","name":"Konsumpf - Forum f\u00fcr kreative Konsumkritik - Culture Jamming, Nachhaltigkeit, Konzernkritik, Adbusting","description":"","potentialAction":[{"@type":"SearchAction","target":{"@type":"EntryPoint","urlTemplate":"https:\/\/konsumpf.de\/?s={search_term_string}"},"query-input":{"@type":"PropertyValueSpecification","valueRequired":true,"valueName":"search_term_string"}}],"inLanguage":"de"},{"@type":"Person","@id":"https:\/\/konsumpf.de\/#\/schema\/person\/e595a6d286b26994e7e0926d70699070","name":"Peter M.","sameAs":["http:\/\/konsumpf.de"]}]}},"_links":{"self":[{"href":"https:\/\/konsumpf.de\/index.php?rest_route=\/wp\/v2\/posts\/6607"}],"collection":[{"href":"https:\/\/konsumpf.de\/index.php?rest_route=\/wp\/v2\/posts"}],"about":[{"href":"https:\/\/konsumpf.de\/index.php?rest_route=\/wp\/v2\/types\/post"}],"author":[{"embeddable":true,"href":"https:\/\/konsumpf.de\/index.php?rest_route=\/wp\/v2\/users\/1"}],"replies":[{"embeddable":true,"href":"https:\/\/konsumpf.de\/index.php?rest_route=%2Fwp%2Fv2%2Fcomments&post=6607"}],"version-history":[{"count":8,"href":"https:\/\/konsumpf.de\/index.php?rest_route=\/wp\/v2\/posts\/6607\/revisions"}],"predecessor-version":[{"id":6671,"href":"https:\/\/konsumpf.de\/index.php?rest_route=\/wp\/v2\/posts\/6607\/revisions\/6671"}],"wp:attachment":[{"href":"https:\/\/konsumpf.de\/index.php?rest_route=%2Fwp%2Fv2%2Fmedia&parent=6607"}],"wp:term":[{"taxonomy":"category","embeddable":true,"href":"https:\/\/konsumpf.de\/index.php?rest_route=%2Fwp%2Fv2%2Fcategories&post=6607"},{"taxonomy":"post_tag","embeddable":true,"href":"https:\/\/konsumpf.de\/index.php?rest_route=%2Fwp%2Fv2%2Ftags&post=6607"}],"curies":[{"name":"wp","href":"https:\/\/api.w.org\/{rel}","templated":true}]}}