{"id":6605,"date":"2009-12-27T09:05:32","date_gmt":"2009-12-27T08:05:32","guid":{"rendered":"http:\/\/konsumpf.de\/?p=6605"},"modified":"2009-12-25T18:06:25","modified_gmt":"2009-12-25T17:06:25","slug":"dekadenz","status":"publish","type":"post","link":"https:\/\/konsumpf.de\/?p=6605","title":{"rendered":"Dekadenz"},"content":{"rendered":"<p>Mit Produktempfehlungen halte ich mich im Konsumpf verst\u00e4ndlicher Weise eher zur\u00fcck, doch bei <a href=\"http:\/\/sprusko.blogspot.com\/2009\/10\/wunder-der-warenwelt-der-solarbrauner.html\"><strong>Sprusko<\/strong><\/a> habe ich nun etwas gesehen, das so derma\u00dfen toll ist, dass es ein jeder in seinem Besitz haben sollte \u2013 das Solarium f\u00fcr die F\u00fc\u00dfe! Gro\u00dfartig, das ist echte Dekadenz&#8230; Sprusko-Autor <a href=\"http:\/\/www.marcusmeier.de\/cms\/?page_id=217\">Marcus Meier schreibt dazu<\/a> (bitte auch <a href=\"http:\/\/www.skymall.com\/shopping\/detail.htm?pid=203076371&amp;c=&amp;v=&amp;ddi=\/products\/b3\/1a\/0c\/203076371x.jpg\">unbedingt das Bild anschauen<\/a>!):<\/p>\n<blockquote><p><strong>Fu\u00df-Br\u00e4uner<\/strong> <strong>| <\/strong>Dermatologen k\u00f6nnen sich freuen: Hautkrebs grassiert demn\u00e4chst auch in einer K\u00f6rperregion, die davon bisher weitestgehend verschont blieb \u2013 der Region unterhalb der Kn\u00f6chel. Zumindest dann, wenn der \u201e<a href=\"http:\/\/www.skymall.com\/shopping\/detail.htm?pid=203076371&amp;c=&amp;v=&amp;ddi=\/products\/b3\/1a\/0c\/203076371x.jpg\">Solafeet Foot Tanner<\/a>\u201c sich auf dem Markt durchsetzen wird. Die Sonnenbank f\u00fcr die F\u00fc\u00dfe sieht aus wie ein rechteckiger Sonnenschirmst\u00e4nder mit zwei ovalen L\u00f6chern, die nach Einschalten des Ger\u00e4ts gr\u00fcn leuchten. Beworben wird es als \u201eideal f\u00fcr Flip-Flop-Tr\u00e4ger, Tennisspieler und Jogger\u201c. Denn die m\u00fcssten nun nicht mehr bef\u00fcrchten, dass \u201edie Leute\u201c ihnen \u201eauf die wei\u00dfen F\u00fc\u00dfe glotzen\u201c. Das Ger\u00e4t k\u00f6nne, schw\u00e4rmt der Hersteller, \u201ebinnen f\u00fcnf bis zehn Tagen\u201c die Bikini-, pardon: Sockenstreifen an den Fu\u00dfkn\u00f6cheln verschwinden lassen \u2013 bei einem ultravioletten Fu\u00dfbad von lediglich einer Viertelstunde pro Tag. Und dann? \u201eDann\u201c, so die Werbeprosa, \u201ek\u00f6nnen Sie voll Zuversicht vom Golfplatz zum Clubhaus gehen\u201c. Bisher ist das Untenrum-Solarium, das unter dem Schreibtisch bequem Platz findet, erst auf dem US-Markt zu erstehen. 230 US-Dollar sollte Ihnen die Untenrumbr\u00e4une aber schon wert sein.<\/p><\/blockquote>\n<h3 class='related_post_title'>Verwandte Beitr\u00e4ge:<\/h3><ul class='related_post'><li><a href=\"http:\/\/konsumpf.de\/?p=15374\" title=\"Der schwarze Freitag\">Der schwarze Freitag<\/a><\/li><li><a href=\"http:\/\/konsumpf.de\/?p=15354\" title=\"Die besten Weihnachtsgeschenketipps aller Zeiten\">Die besten Weihnachtsgeschenketipps aller Zeiten<\/a><\/li><li><a href=\"http:\/\/konsumpf.de\/?p=15349\" title=\"Schluss mit schnell \u2013 Alternativen zur Turbo-Konsumgesellschaft\">Schluss mit schnell \u2013 Alternativen zur Turbo-Konsumgesellschaft<\/a><\/li><li><a href=\"http:\/\/konsumpf.de\/?p=15242\" title=\"Ein Jahr ohne Zeug \u2013 das Gesellschaftsspiel\">Ein Jahr ohne Zeug \u2013 das Gesellschaftsspiel<\/a><\/li><li><a href=\"http:\/\/konsumpf.de\/?p=15133\" title=\"\u00dcberdruss im \u00dcberfluss \u2013 Vom Ende der Konsumkultur\">\u00dcberdruss im \u00dcberfluss \u2013 Vom Ende der Konsumkultur<\/a><\/li><\/ul>","protected":false},"excerpt":{"rendered":"<p>Mit Produktempfehlungen halte ich mich im Konsumpf verst\u00e4ndlicher Weise eher zur\u00fcck, doch bei Sprusko habe ich nun etwas gesehen, das so derma\u00dfen toll ist, dass es ein jeder in seinem Besitz haben sollte \u2013 das Solarium f\u00fcr die F\u00fc\u00dfe! Gro\u00dfartig, das ist echte Dekadenz&#8230; Sprusko-Autor Marcus Meier schreibt dazu (bitte auch unbedingt das Bild anschauen!): [&hellip;]<\/p>\n","protected":false},"author":1,"featured_media":0,"comment_status":"open","ping_status":"open","sticky":false,"template":"","format":"standard","meta":{"footnotes":""},"categories":[190,4],"tags":[1189,58,1187,1190,1188],"yoast_head":"<!-- This site is optimized with the Yoast SEO plugin v24.4 - https:\/\/yoast.com\/wordpress\/plugins\/seo\/ -->\n<title>Dekadenz - Konsumpf - Forum f\u00fcr kreative Konsumkritik - Culture Jamming, Nachhaltigkeit, Konzernkritik, Adbusting<\/title>\n<meta name=\"robots\" content=\"index, follow, max-snippet:-1, max-image-preview:large, max-video-preview:-1\" \/>\n<link rel=\"canonical\" href=\"https:\/\/konsumpf.de\/?p=6605\" \/>\n<meta property=\"og:locale\" content=\"de_DE\" \/>\n<meta property=\"og:type\" content=\"article\" \/>\n<meta property=\"og:title\" content=\"Dekadenz - Konsumpf - Forum f\u00fcr kreative Konsumkritik - Culture Jamming, Nachhaltigkeit, Konzernkritik, Adbusting\" \/>\n<meta property=\"og:description\" content=\"Mit Produktempfehlungen halte ich mich im Konsumpf verst\u00e4ndlicher Weise eher zur\u00fcck, doch bei Sprusko habe ich nun etwas gesehen, das so derma\u00dfen toll ist, dass es ein jeder in seinem Besitz haben sollte \u2013 das Solarium f\u00fcr die F\u00fc\u00dfe! Gro\u00dfartig, das ist echte Dekadenz&#8230; Sprusko-Autor Marcus Meier schreibt dazu (bitte auch unbedingt das Bild anschauen!): [&hellip;]\" \/>\n<meta property=\"og:url\" content=\"https:\/\/konsumpf.de\/?p=6605\" \/>\n<meta property=\"og:site_name\" content=\"Konsumpf - Forum f\u00fcr kreative Konsumkritik - Culture Jamming, Nachhaltigkeit, Konzernkritik, Adbusting\" \/>\n<meta property=\"article:published_time\" content=\"2009-12-27T08:05:32+00:00\" \/>\n<meta name=\"author\" content=\"Peter M.\" \/>\n<meta name=\"twitter:card\" content=\"summary_large_image\" \/>\n<meta name=\"twitter:label1\" content=\"Verfasst von\" \/>\n\t<meta name=\"twitter:data1\" content=\"Peter M.\" \/>\n\t<meta name=\"twitter:label2\" content=\"Gesch\u00e4tzte Lesezeit\" \/>\n\t<meta name=\"twitter:data2\" content=\"1\u00a0Minute\" \/>\n<script type=\"application\/ld+json\" class=\"yoast-schema-graph\">{\"@context\":\"https:\/\/schema.org\",\"@graph\":[{\"@type\":\"WebPage\",\"@id\":\"https:\/\/konsumpf.de\/?p=6605\",\"url\":\"https:\/\/konsumpf.de\/?p=6605\",\"name\":\"Dekadenz - Konsumpf - Forum f\u00fcr kreative Konsumkritik - Culture Jamming, Nachhaltigkeit, Konzernkritik, Adbusting\",\"isPartOf\":{\"@id\":\"https:\/\/konsumpf.de\/#website\"},\"datePublished\":\"2009-12-27T08:05:32+00:00\",\"author\":{\"@id\":\"https:\/\/konsumpf.de\/#\/schema\/person\/e595a6d286b26994e7e0926d70699070\"},\"breadcrumb\":{\"@id\":\"https:\/\/konsumpf.de\/?p=6605#breadcrumb\"},\"inLanguage\":\"de\",\"potentialAction\":[{\"@type\":\"ReadAction\",\"target\":[\"https:\/\/konsumpf.de\/?p=6605\"]}]},{\"@type\":\"BreadcrumbList\",\"@id\":\"https:\/\/konsumpf.de\/?p=6605#breadcrumb\",\"itemListElement\":[{\"@type\":\"ListItem\",\"position\":1,\"name\":\"Startseite\",\"item\":\"https:\/\/konsumpf.de\/\"},{\"@type\":\"ListItem\",\"position\":2,\"name\":\"Dekadenz\"}]},{\"@type\":\"WebSite\",\"@id\":\"https:\/\/konsumpf.de\/#website\",\"url\":\"https:\/\/konsumpf.de\/\",\"name\":\"Konsumpf - Forum f\u00fcr kreative Konsumkritik - Culture Jamming, Nachhaltigkeit, Konzernkritik, Adbusting\",\"description\":\"\",\"potentialAction\":[{\"@type\":\"SearchAction\",\"target\":{\"@type\":\"EntryPoint\",\"urlTemplate\":\"https:\/\/konsumpf.de\/?s={search_term_string}\"},\"query-input\":{\"@type\":\"PropertyValueSpecification\",\"valueRequired\":true,\"valueName\":\"search_term_string\"}}],\"inLanguage\":\"de\"},{\"@type\":\"Person\",\"@id\":\"https:\/\/konsumpf.de\/#\/schema\/person\/e595a6d286b26994e7e0926d70699070\",\"name\":\"Peter M.\",\"sameAs\":[\"http:\/\/konsumpf.de\"]}]}<\/script>\n<!-- \/ Yoast SEO plugin. -->","yoast_head_json":{"title":"Dekadenz - Konsumpf - Forum f\u00fcr kreative Konsumkritik - Culture Jamming, Nachhaltigkeit, Konzernkritik, Adbusting","robots":{"index":"index","follow":"follow","max-snippet":"max-snippet:-1","max-image-preview":"max-image-preview:large","max-video-preview":"max-video-preview:-1"},"canonical":"https:\/\/konsumpf.de\/?p=6605","og_locale":"de_DE","og_type":"article","og_title":"Dekadenz - Konsumpf - Forum f\u00fcr kreative Konsumkritik - Culture Jamming, Nachhaltigkeit, Konzernkritik, Adbusting","og_description":"Mit Produktempfehlungen halte ich mich im Konsumpf verst\u00e4ndlicher Weise eher zur\u00fcck, doch bei Sprusko habe ich nun etwas gesehen, das so derma\u00dfen toll ist, dass es ein jeder in seinem Besitz haben sollte \u2013 das Solarium f\u00fcr die F\u00fc\u00dfe! Gro\u00dfartig, das ist echte Dekadenz&#8230; Sprusko-Autor Marcus Meier schreibt dazu (bitte auch unbedingt das Bild anschauen!): [&hellip;]","og_url":"https:\/\/konsumpf.de\/?p=6605","og_site_name":"Konsumpf - Forum f\u00fcr kreative Konsumkritik - Culture Jamming, Nachhaltigkeit, Konzernkritik, Adbusting","article_published_time":"2009-12-27T08:05:32+00:00","author":"Peter M.","twitter_card":"summary_large_image","twitter_misc":{"Verfasst von":"Peter M.","Gesch\u00e4tzte Lesezeit":"1\u00a0Minute"},"schema":{"@context":"https:\/\/schema.org","@graph":[{"@type":"WebPage","@id":"https:\/\/konsumpf.de\/?p=6605","url":"https:\/\/konsumpf.de\/?p=6605","name":"Dekadenz - Konsumpf - Forum f\u00fcr kreative Konsumkritik - Culture Jamming, Nachhaltigkeit, Konzernkritik, Adbusting","isPartOf":{"@id":"https:\/\/konsumpf.de\/#website"},"datePublished":"2009-12-27T08:05:32+00:00","author":{"@id":"https:\/\/konsumpf.de\/#\/schema\/person\/e595a6d286b26994e7e0926d70699070"},"breadcrumb":{"@id":"https:\/\/konsumpf.de\/?p=6605#breadcrumb"},"inLanguage":"de","potentialAction":[{"@type":"ReadAction","target":["https:\/\/konsumpf.de\/?p=6605"]}]},{"@type":"BreadcrumbList","@id":"https:\/\/konsumpf.de\/?p=6605#breadcrumb","itemListElement":[{"@type":"ListItem","position":1,"name":"Startseite","item":"https:\/\/konsumpf.de\/"},{"@type":"ListItem","position":2,"name":"Dekadenz"}]},{"@type":"WebSite","@id":"https:\/\/konsumpf.de\/#website","url":"https:\/\/konsumpf.de\/","name":"Konsumpf - Forum f\u00fcr kreative Konsumkritik - Culture Jamming, Nachhaltigkeit, Konzernkritik, Adbusting","description":"","potentialAction":[{"@type":"SearchAction","target":{"@type":"EntryPoint","urlTemplate":"https:\/\/konsumpf.de\/?s={search_term_string}"},"query-input":{"@type":"PropertyValueSpecification","valueRequired":true,"valueName":"search_term_string"}}],"inLanguage":"de"},{"@type":"Person","@id":"https:\/\/konsumpf.de\/#\/schema\/person\/e595a6d286b26994e7e0926d70699070","name":"Peter M.","sameAs":["http:\/\/konsumpf.de"]}]}},"_links":{"self":[{"href":"https:\/\/konsumpf.de\/index.php?rest_route=\/wp\/v2\/posts\/6605"}],"collection":[{"href":"https:\/\/konsumpf.de\/index.php?rest_route=\/wp\/v2\/posts"}],"about":[{"href":"https:\/\/konsumpf.de\/index.php?rest_route=\/wp\/v2\/types\/post"}],"author":[{"embeddable":true,"href":"https:\/\/konsumpf.de\/index.php?rest_route=\/wp\/v2\/users\/1"}],"replies":[{"embeddable":true,"href":"https:\/\/konsumpf.de\/index.php?rest_route=%2Fwp%2Fv2%2Fcomments&post=6605"}],"version-history":[{"count":3,"href":"https:\/\/konsumpf.de\/index.php?rest_route=\/wp\/v2\/posts\/6605\/revisions"}],"predecessor-version":[{"id":6611,"href":"https:\/\/konsumpf.de\/index.php?rest_route=\/wp\/v2\/posts\/6605\/revisions\/6611"}],"wp:attachment":[{"href":"https:\/\/konsumpf.de\/index.php?rest_route=%2Fwp%2Fv2%2Fmedia&parent=6605"}],"wp:term":[{"taxonomy":"category","embeddable":true,"href":"https:\/\/konsumpf.de\/index.php?rest_route=%2Fwp%2Fv2%2Fcategories&post=6605"},{"taxonomy":"post_tag","embeddable":true,"href":"https:\/\/konsumpf.de\/index.php?rest_route=%2Fwp%2Fv2%2Ftags&post=6605"}],"curies":[{"name":"wp","href":"https:\/\/api.w.org\/{rel}","templated":true}]}}