{"id":6563,"date":"2009-12-23T12:10:06","date_gmt":"2009-12-23T11:10:06","guid":{"rendered":"http:\/\/konsumpf.de\/?p=6563"},"modified":"2009-12-23T12:10:06","modified_gmt":"2009-12-23T11:10:06","slug":"meinungsmache","status":"publish","type":"post","link":"https:\/\/konsumpf.de\/?p=6563","title":{"rendered":"Meinungsmache"},"content":{"rendered":"<p>Die <a href=\"http:\/\/www.nachdenkseiten.de\"><strong>NachDenkSeiten<\/strong><\/a> geh\u00f6ren bekanntlich zu den interessantesten Websites im Netz und sind ein wichtiger Eckpfeiler einer \u201eGegen\u00f6ffentlichkeit\u201c zu der tagt\u00e4glich auf uns einstr\u00f6menden Gehirnw\u00e4sche durch die Mainstreammedien. Der Initiator des Projekts, <strong>Albrecht M\u00fcller<\/strong>, ist seit l\u00e4ngerem auch als Buchautor aktiv und versucht so, ein bisschen mehr Licht ins Dunkel der allt\u00e4glichen Politik und Korruption zu bringen. Sein letztes Werk hei\u00dft \u201e<strong>Meinungsmache. <span>Wie Wirtschaft, Politik und Medien uns das Denken abgew\u00f6hnen wollen<\/span><\/strong>\u201c und befasst sich genau mit dieser Rolle der Medien bei der politischen \u201eWillensbildung\u201c. Vor einiger Zeit stellte er das Buch in der Berliner Kulturbrauerei vor, im Rahmen einer Diskussion mit Oskar Lafontaine und Hans-Ulrich J\u00f6rges vom Stern \u2013 f\u00fcr alle, die sich an Weihnachten zwischen dem brennenden Baum und dem hoffentlich m\u00f6glichst kleinen Geschenkeberg langweilen, empfehle ich den Videomitschnitt dieser Veranstaltung (in immerhin 15 Teilen!) \u2013 hier Teil 1, die restlichen findet Ihr dann direkt bei YouTube:<\/p>\n<p><object width=\"480\" height=\"295\" data=\"http:\/\/www.youtube.com\/v\/eXr1QpF5byE&amp;hl=de_DE&amp;fs=1&amp;\" type=\"application\/x-shockwave-flash\"><param name=\"allowFullScreen\" value=\"true\" \/><param name=\"allowscriptaccess\" value=\"always\" \/><param name=\"src\" value=\"http:\/\/www.youtube.com\/v\/eXr1QpF5byE&amp;hl=de_DE&amp;fs=1&amp;\" \/><param name=\"allowfullscreen\" value=\"true\" \/><\/object><\/p>\n<h3 class='related_post_title'>Verwandte Beitr\u00e4ge:<\/h3><ul class='related_post'><li><a href=\"http:\/\/konsumpf.de\/?p=6235\" title=\"\u201eUnsere Demokratie ist in Not\u201c\">\u201eUnsere Demokratie ist in Not\u201c<\/a><\/li><li><a href=\"http:\/\/konsumpf.de\/?p=5530\" title=\"Statistik \u2013 Kniffe und Tricks\">Statistik \u2013 Kniffe und Tricks<\/a><\/li><li><a href=\"http:\/\/konsumpf.de\/?p=3778\" title=\"Lesetipps: Schaeffler, die Krise und die deutsche Wut\">Lesetipps: Schaeffler, die Krise und die deutsche Wut<\/a><\/li><li><a href=\"http:\/\/konsumpf.de\/?p=12268\" title=\"Ehemaliger Spiegel-Journalist \u00fcber Objektivit\u00e4t und Meinungsfreiheit in den Medien\">Ehemaliger Spiegel-Journalist \u00fcber Objektivit\u00e4t und Meinungsfreiheit in den Medien<\/a><\/li><li><a href=\"http:\/\/konsumpf.de\/?p=10382\" title=\"Lesetipps \u2013 Kehraus-Edition. Von Privatisierungswahn, Sarrazinaden und Parteispenden\">Lesetipps \u2013 Kehraus-Edition. Von Privatisierungswahn, Sarrazinaden und Parteispenden<\/a><\/li><\/ul>","protected":false},"excerpt":{"rendered":"<p>Die NachDenkSeiten geh\u00f6ren bekanntlich zu den interessantesten Websites im Netz und sind ein wichtiger Eckpfeiler einer \u201eGegen\u00f6ffentlichkeit\u201c zu der tagt\u00e4glich auf uns einstr\u00f6menden Gehirnw\u00e4sche durch die Mainstreammedien. Der Initiator des Projekts, Albrecht M\u00fcller, ist seit l\u00e4ngerem auch als Buchautor aktiv und versucht so, ein bisschen mehr Licht ins Dunkel der allt\u00e4glichen Politik und Korruption zu [&hellip;]<\/p>\n","protected":false},"author":1,"featured_media":0,"comment_status":"open","ping_status":"open","sticky":false,"template":"","format":"standard","meta":{"footnotes":""},"categories":[311,259,320,33,53],"tags":[1109,2863,972,671,2869],"yoast_head":"<!-- This site is optimized with the Yoast SEO plugin v24.4 - https:\/\/yoast.com\/wordpress\/plugins\/seo\/ -->\n<title>Meinungsmache - Konsumpf - Forum f\u00fcr kreative Konsumkritik - Culture Jamming, Nachhaltigkeit, Konzernkritik, Adbusting<\/title>\n<meta name=\"robots\" content=\"index, follow, max-snippet:-1, max-image-preview:large, max-video-preview:-1\" \/>\n<link rel=\"canonical\" href=\"https:\/\/konsumpf.de\/?p=6563\" \/>\n<meta property=\"og:locale\" content=\"de_DE\" \/>\n<meta property=\"og:type\" content=\"article\" \/>\n<meta property=\"og:title\" content=\"Meinungsmache - Konsumpf - Forum f\u00fcr kreative Konsumkritik - Culture Jamming, Nachhaltigkeit, Konzernkritik, Adbusting\" \/>\n<meta property=\"og:description\" content=\"Die NachDenkSeiten geh\u00f6ren bekanntlich zu den interessantesten Websites im Netz und sind ein wichtiger Eckpfeiler einer \u201eGegen\u00f6ffentlichkeit\u201c zu der tagt\u00e4glich auf uns einstr\u00f6menden Gehirnw\u00e4sche durch die Mainstreammedien. Der Initiator des Projekts, Albrecht M\u00fcller, ist seit l\u00e4ngerem auch als Buchautor aktiv und versucht so, ein bisschen mehr Licht ins Dunkel der allt\u00e4glichen Politik und Korruption zu [&hellip;]\" \/>\n<meta property=\"og:url\" content=\"https:\/\/konsumpf.de\/?p=6563\" \/>\n<meta property=\"og:site_name\" content=\"Konsumpf - Forum f\u00fcr kreative Konsumkritik - Culture Jamming, Nachhaltigkeit, Konzernkritik, Adbusting\" \/>\n<meta property=\"article:published_time\" content=\"2009-12-23T11:10:06+00:00\" \/>\n<meta name=\"author\" content=\"Peter M.\" \/>\n<meta name=\"twitter:card\" content=\"summary_large_image\" \/>\n<meta name=\"twitter:label1\" content=\"Verfasst von\" \/>\n\t<meta name=\"twitter:data1\" content=\"Peter M.\" \/>\n\t<meta name=\"twitter:label2\" content=\"Gesch\u00e4tzte Lesezeit\" \/>\n\t<meta name=\"twitter:data2\" content=\"1\u00a0Minute\" \/>\n<script type=\"application\/ld+json\" class=\"yoast-schema-graph\">{\"@context\":\"https:\/\/schema.org\",\"@graph\":[{\"@type\":\"WebPage\",\"@id\":\"https:\/\/konsumpf.de\/?p=6563\",\"url\":\"https:\/\/konsumpf.de\/?p=6563\",\"name\":\"Meinungsmache - Konsumpf - Forum f\u00fcr kreative Konsumkritik - Culture Jamming, Nachhaltigkeit, Konzernkritik, Adbusting\",\"isPartOf\":{\"@id\":\"https:\/\/konsumpf.de\/#website\"},\"datePublished\":\"2009-12-23T11:10:06+00:00\",\"author\":{\"@id\":\"https:\/\/konsumpf.de\/#\/schema\/person\/e595a6d286b26994e7e0926d70699070\"},\"breadcrumb\":{\"@id\":\"https:\/\/konsumpf.de\/?p=6563#breadcrumb\"},\"inLanguage\":\"de\",\"potentialAction\":[{\"@type\":\"ReadAction\",\"target\":[\"https:\/\/konsumpf.de\/?p=6563\"]}]},{\"@type\":\"BreadcrumbList\",\"@id\":\"https:\/\/konsumpf.de\/?p=6563#breadcrumb\",\"itemListElement\":[{\"@type\":\"ListItem\",\"position\":1,\"name\":\"Startseite\",\"item\":\"https:\/\/konsumpf.de\/\"},{\"@type\":\"ListItem\",\"position\":2,\"name\":\"Meinungsmache\"}]},{\"@type\":\"WebSite\",\"@id\":\"https:\/\/konsumpf.de\/#website\",\"url\":\"https:\/\/konsumpf.de\/\",\"name\":\"Konsumpf - Forum f\u00fcr kreative Konsumkritik - Culture Jamming, Nachhaltigkeit, Konzernkritik, Adbusting\",\"description\":\"\",\"potentialAction\":[{\"@type\":\"SearchAction\",\"target\":{\"@type\":\"EntryPoint\",\"urlTemplate\":\"https:\/\/konsumpf.de\/?s={search_term_string}\"},\"query-input\":{\"@type\":\"PropertyValueSpecification\",\"valueRequired\":true,\"valueName\":\"search_term_string\"}}],\"inLanguage\":\"de\"},{\"@type\":\"Person\",\"@id\":\"https:\/\/konsumpf.de\/#\/schema\/person\/e595a6d286b26994e7e0926d70699070\",\"name\":\"Peter M.\",\"sameAs\":[\"http:\/\/konsumpf.de\"]}]}<\/script>\n<!-- \/ Yoast SEO plugin. -->","yoast_head_json":{"title":"Meinungsmache - Konsumpf - Forum f\u00fcr kreative Konsumkritik - Culture Jamming, Nachhaltigkeit, Konzernkritik, Adbusting","robots":{"index":"index","follow":"follow","max-snippet":"max-snippet:-1","max-image-preview":"max-image-preview:large","max-video-preview":"max-video-preview:-1"},"canonical":"https:\/\/konsumpf.de\/?p=6563","og_locale":"de_DE","og_type":"article","og_title":"Meinungsmache - Konsumpf - Forum f\u00fcr kreative Konsumkritik - Culture Jamming, Nachhaltigkeit, Konzernkritik, Adbusting","og_description":"Die NachDenkSeiten geh\u00f6ren bekanntlich zu den interessantesten Websites im Netz und sind ein wichtiger Eckpfeiler einer \u201eGegen\u00f6ffentlichkeit\u201c zu der tagt\u00e4glich auf uns einstr\u00f6menden Gehirnw\u00e4sche durch die Mainstreammedien. Der Initiator des Projekts, Albrecht M\u00fcller, ist seit l\u00e4ngerem auch als Buchautor aktiv und versucht so, ein bisschen mehr Licht ins Dunkel der allt\u00e4glichen Politik und Korruption zu [&hellip;]","og_url":"https:\/\/konsumpf.de\/?p=6563","og_site_name":"Konsumpf - Forum f\u00fcr kreative Konsumkritik - Culture Jamming, Nachhaltigkeit, Konzernkritik, Adbusting","article_published_time":"2009-12-23T11:10:06+00:00","author":"Peter M.","twitter_card":"summary_large_image","twitter_misc":{"Verfasst von":"Peter M.","Gesch\u00e4tzte Lesezeit":"1\u00a0Minute"},"schema":{"@context":"https:\/\/schema.org","@graph":[{"@type":"WebPage","@id":"https:\/\/konsumpf.de\/?p=6563","url":"https:\/\/konsumpf.de\/?p=6563","name":"Meinungsmache - Konsumpf - Forum f\u00fcr kreative Konsumkritik - Culture Jamming, Nachhaltigkeit, Konzernkritik, Adbusting","isPartOf":{"@id":"https:\/\/konsumpf.de\/#website"},"datePublished":"2009-12-23T11:10:06+00:00","author":{"@id":"https:\/\/konsumpf.de\/#\/schema\/person\/e595a6d286b26994e7e0926d70699070"},"breadcrumb":{"@id":"https:\/\/konsumpf.de\/?p=6563#breadcrumb"},"inLanguage":"de","potentialAction":[{"@type":"ReadAction","target":["https:\/\/konsumpf.de\/?p=6563"]}]},{"@type":"BreadcrumbList","@id":"https:\/\/konsumpf.de\/?p=6563#breadcrumb","itemListElement":[{"@type":"ListItem","position":1,"name":"Startseite","item":"https:\/\/konsumpf.de\/"},{"@type":"ListItem","position":2,"name":"Meinungsmache"}]},{"@type":"WebSite","@id":"https:\/\/konsumpf.de\/#website","url":"https:\/\/konsumpf.de\/","name":"Konsumpf - Forum f\u00fcr kreative Konsumkritik - Culture Jamming, Nachhaltigkeit, Konzernkritik, Adbusting","description":"","potentialAction":[{"@type":"SearchAction","target":{"@type":"EntryPoint","urlTemplate":"https:\/\/konsumpf.de\/?s={search_term_string}"},"query-input":{"@type":"PropertyValueSpecification","valueRequired":true,"valueName":"search_term_string"}}],"inLanguage":"de"},{"@type":"Person","@id":"https:\/\/konsumpf.de\/#\/schema\/person\/e595a6d286b26994e7e0926d70699070","name":"Peter M.","sameAs":["http:\/\/konsumpf.de"]}]}},"_links":{"self":[{"href":"https:\/\/konsumpf.de\/index.php?rest_route=\/wp\/v2\/posts\/6563"}],"collection":[{"href":"https:\/\/konsumpf.de\/index.php?rest_route=\/wp\/v2\/posts"}],"about":[{"href":"https:\/\/konsumpf.de\/index.php?rest_route=\/wp\/v2\/types\/post"}],"author":[{"embeddable":true,"href":"https:\/\/konsumpf.de\/index.php?rest_route=\/wp\/v2\/users\/1"}],"replies":[{"embeddable":true,"href":"https:\/\/konsumpf.de\/index.php?rest_route=%2Fwp%2Fv2%2Fcomments&post=6563"}],"version-history":[{"count":2,"href":"https:\/\/konsumpf.de\/index.php?rest_route=\/wp\/v2\/posts\/6563\/revisions"}],"predecessor-version":[{"id":6565,"href":"https:\/\/konsumpf.de\/index.php?rest_route=\/wp\/v2\/posts\/6563\/revisions\/6565"}],"wp:attachment":[{"href":"https:\/\/konsumpf.de\/index.php?rest_route=%2Fwp%2Fv2%2Fmedia&parent=6563"}],"wp:term":[{"taxonomy":"category","embeddable":true,"href":"https:\/\/konsumpf.de\/index.php?rest_route=%2Fwp%2Fv2%2Fcategories&post=6563"},{"taxonomy":"post_tag","embeddable":true,"href":"https:\/\/konsumpf.de\/index.php?rest_route=%2Fwp%2Fv2%2Ftags&post=6563"}],"curies":[{"name":"wp","href":"https:\/\/api.w.org\/{rel}","templated":true}]}}