{"id":6554,"date":"2009-12-19T18:08:27","date_gmt":"2009-12-19T17:08:27","guid":{"rendered":"http:\/\/konsumpf.de\/?p=6554"},"modified":"2009-12-19T18:08:56","modified_gmt":"2009-12-19T17:08:56","slug":"%e2%80%9edas-klagliche-ende-einer-grosen-hoffnung%e2%80%9c","status":"publish","type":"post","link":"https:\/\/konsumpf.de\/?p=6554","title":{"rendered":"\u201eDas kl\u00e4gliche Ende einer gro\u00dfen Hoffnung\u201c"},"content":{"rendered":"<p>Kurzer Lesetipp, passend zum vergeigten Klimagipfel in Kopenhagen \u2013 \u201e<a href=\"http:\/\/www.zeit.de\/wirtschaft\/2009-12\/klimagipfel-versagen\"><strong>Das kl\u00e4gliche Ende einer gro\u00dfen Hoffnung<\/strong><\/a>\u201c in der <strong>Zeit<\/strong>. Ehrlich gesagt hatte ich sowieso keinerlei Hoffnung, dass die Politik pl\u00f6tzlich aufh\u00f6ren w\u00fcrde, sich nur um die kurzfristigen Belange der Wirtschaft zu k\u00fcmmern, egal wie desastr\u00f6s das mittel- und langfristig f\u00fcr die Menschheit ist. Traurig, dass Dummheit offenbar weltweit durch die Bank in die Regierungen gew\u00e4hlt wurde&#8230;<\/p>\n<blockquote><p>Die Abschlusserkl\u00e4rung der Weltklimakonferenz in Kopenhagen ist ein Desaster. Die Hoffnung von Millionen wird bitter entt\u00e4uscht.<\/p>\n<p>Die politische Abschlusserkl\u00e4rung, die das Plenum der Weltklimakonferenz am Samstagmorgen in Kopenhagen &#8220;zur Kenntnis&#8221; nahm, ist eine einzige gro\u00dfe Entt\u00e4uschung. Weder enth\u00e4lt der &#8220;Copenhagen Accord&#8221; das verbindliche Ziel, den weltweiten Kohlendioxidaussto\u00df bis 2050 zu halbieren, noch verpflichten sich die Staaten, alles zu versuchen, um den weltweiten Temperaturanstieg auf zwei Grad zu begrenzen. Das strengere Ziel einer maximalen Erw\u00e4rmung von 1,5 Grad wird gar nicht mehr genannt. Auch das urspr\u00fcngliche Vorhaben, im Laufe des Jahres 2010 auf weiteren Klimagipfeln ein verbindliches Abkommen zu beschlie\u00dfen, wurde gestrichen.<\/p>\n<div id=\"place_4\" class=\"block mr ad\" style=\"display: none;\"><span class=\"anzeige\">Anzeige<\/span><\/p>\n<div class=\"innerad\">\n<div class=\"inner\"><!--Bannerplatz \"tribune\" Nr.4   Tile:4--> <script type=\"text\/javascript\"><!--\n\n\t\t\t\t\/\/ &lt;![CDATA[ \t\t\n\t\t\t\tdocument.write('&lt;script src=\"http:\/\/ad.de.doubleclick.net\/adj\/zeitonline\/wirtschaft\/article;tile=4;' + n_pbt + ';sz=300x250;ord=' + ord + '?\" type=\"text\/javascript\"&gt;&lt;\\\/script&gt;');\n\t\t\t\t\/\/ ]]&gt;\n\n\/\/ --><\/script><script src=\"http:\/\/ad.de.doubleclick.net\/adj\/zeitonline\/wirtschaft\/article;tile=4;ngx=1;nd_bbs=0;nd_edc=4;nd_hhs=1;nd_hsh=1;nd_mnc=1;nd_ncm=3;nd_ppl=0;nd_prf=2;nd_yth=0;ni_arts=2;ni_came=4;ni_comp=4;ni_cons=4;ni_doit=3;ni_educ=4;ni_elec=4;ni_fash=4;ni_fina=2;ni_mdia=3;ni_mobi=4;ni_musi=2;ni_food=4;na_econ=2;nd_dcb=5;nd_dcd=1;nd_dcp=3;frq=1;co1=0;nd_dcs=3;;sz=300x250;ord=1773.6850414015848?\" type=\"text\/javascript\"><\/script><img loading=\"lazy\" decoding=\"async\" style=\"display: none;\" src=\"http:\/\/s0.2mdn.net\/dot.gif\" border=\"0\" alt=\"\" width=\"1\" height=\"1\" \/><noscript>&amp;lt;div&amp;gt;&amp;lt;a href=&#8221;http:\/\/ad.de.doubleclick.net\/jump\/zeitonline\/wirtschaft\/article;tile=4;sz=300&#215;250;ord=123456789?&#8221; rel=&#8221;nofollow&#8221;&amp;gt;&amp;lt;img src=&#8221;http:\/\/ad.de.doubleclick.net\/ad\/zeitonline\/wirtschaft\/article;tile=4;sz=300&#215;250;ord=123456789?&#8221; width=&#8221;300&#8243; height=&#8221;250&#8243; style=&#8221;border:none;&#8221; alt=&#8221;&#8221;&amp;gt;&amp;lt;\/a&amp;gt;&amp;lt;\/div&amp;gt;<\/noscript> <script type=\"text\/javascript\"><!--\nif(ZEIT.hideEmptyAdPlace){ZEIT.hideEmptyAdPlace('place_4');}\n\/\/ --><\/script><\/div>\n<\/div>\n<\/div>\n<p>Windelweiche Willensbekundungen statt harter Verpflichtungen: Diese Erkl\u00e4rung ist praktisch wertlos. (&#8230;)<\/p><\/blockquote>\n<h3 class='related_post_title'>Verwandte Beitr\u00e4ge:<\/h3><ul class='related_post'><li><a href=\"http:\/\/konsumpf.de\/?p=8025\" title=\"W\u00e4lder verheizt: Umweltgefahr durch \u00d6ko-Kraftwerke \">W\u00e4lder verheizt: Umweltgefahr durch \u00d6ko-Kraftwerke <\/a><\/li><li><a href=\"http:\/\/konsumpf.de\/?p=6369\" title=\"Ein paar Lesetipps: Landwirtschaft, Gentechnik und Kooperativen\">Ein paar Lesetipps: Landwirtschaft, Gentechnik und Kooperativen<\/a><\/li><li><a href=\"http:\/\/konsumpf.de\/?p=15125\" title=\"Die Geschichte der L\u00f6sungen\">Die Geschichte der L\u00f6sungen<\/a><\/li><li><a href=\"http:\/\/konsumpf.de\/?p=15095\" title=\"Umfragen \u2013 Wissenschaft, oder etwas sehr \u00c4hnliches\">Umfragen \u2013 Wissenschaft, oder etwas sehr \u00c4hnliches<\/a><\/li><li><a href=\"http:\/\/konsumpf.de\/?p=15001\" title=\"Wir brauchen mehr Konsum!\">Wir brauchen mehr Konsum!<\/a><\/li><\/ul>","protected":false},"excerpt":{"rendered":"<p>Kurzer Lesetipp, passend zum vergeigten Klimagipfel in Kopenhagen \u2013 \u201eDas kl\u00e4gliche Ende einer gro\u00dfen Hoffnung\u201c in der Zeit. Ehrlich gesagt hatte ich sowieso keinerlei Hoffnung, dass die Politik pl\u00f6tzlich aufh\u00f6ren w\u00fcrde, sich nur um die kurzfristigen Belange der Wirtschaft zu k\u00fcmmern, egal wie desastr\u00f6s das mittel- und langfristig f\u00fcr die Menschheit ist. Traurig, dass Dummheit [&hellip;]<\/p>\n","protected":false},"author":1,"featured_media":0,"comment_status":"open","ping_status":"open","sticky":false,"template":"","format":"standard","meta":{"footnotes":""},"categories":[53],"tags":[56,1175,2869,1176,346],"yoast_head":"<!-- This site is optimized with the Yoast SEO plugin v24.4 - https:\/\/yoast.com\/wordpress\/plugins\/seo\/ -->\n<title>\u201eDas kl\u00e4gliche Ende einer gro\u00dfen Hoffnung\u201c - Konsumpf - Forum f\u00fcr kreative Konsumkritik - Culture Jamming, Nachhaltigkeit, Konzernkritik, Adbusting<\/title>\n<meta name=\"robots\" content=\"index, follow, max-snippet:-1, max-image-preview:large, max-video-preview:-1\" \/>\n<link rel=\"canonical\" href=\"https:\/\/konsumpf.de\/?p=6554\" \/>\n<meta property=\"og:locale\" content=\"de_DE\" \/>\n<meta property=\"og:type\" content=\"article\" \/>\n<meta property=\"og:title\" content=\"\u201eDas kl\u00e4gliche Ende einer gro\u00dfen Hoffnung\u201c - Konsumpf - Forum f\u00fcr kreative Konsumkritik - Culture Jamming, Nachhaltigkeit, Konzernkritik, Adbusting\" \/>\n<meta property=\"og:description\" content=\"Kurzer Lesetipp, passend zum vergeigten Klimagipfel in Kopenhagen \u2013 \u201eDas kl\u00e4gliche Ende einer gro\u00dfen Hoffnung\u201c in der Zeit. Ehrlich gesagt hatte ich sowieso keinerlei Hoffnung, dass die Politik pl\u00f6tzlich aufh\u00f6ren w\u00fcrde, sich nur um die kurzfristigen Belange der Wirtschaft zu k\u00fcmmern, egal wie desastr\u00f6s das mittel- und langfristig f\u00fcr die Menschheit ist. Traurig, dass Dummheit [&hellip;]\" \/>\n<meta property=\"og:url\" content=\"https:\/\/konsumpf.de\/?p=6554\" \/>\n<meta property=\"og:site_name\" content=\"Konsumpf - Forum f\u00fcr kreative Konsumkritik - Culture Jamming, Nachhaltigkeit, Konzernkritik, Adbusting\" \/>\n<meta property=\"article:published_time\" content=\"2009-12-19T17:08:27+00:00\" \/>\n<meta property=\"article:modified_time\" content=\"2009-12-19T17:08:56+00:00\" \/>\n<meta property=\"og:image\" content=\"http:\/\/s0.2mdn.net\/dot.gif\" \/>\n<meta name=\"author\" content=\"Peter M.\" \/>\n<meta name=\"twitter:card\" content=\"summary_large_image\" \/>\n<meta name=\"twitter:label1\" content=\"Verfasst von\" \/>\n\t<meta name=\"twitter:data1\" content=\"Peter M.\" \/>\n\t<meta name=\"twitter:label2\" content=\"Gesch\u00e4tzte Lesezeit\" \/>\n\t<meta name=\"twitter:data2\" content=\"1\u00a0Minute\" \/>\n<script type=\"application\/ld+json\" class=\"yoast-schema-graph\">{\"@context\":\"https:\/\/schema.org\",\"@graph\":[{\"@type\":\"WebPage\",\"@id\":\"https:\/\/konsumpf.de\/?p=6554\",\"url\":\"https:\/\/konsumpf.de\/?p=6554\",\"name\":\"\u201eDas kl\u00e4gliche Ende einer gro\u00dfen Hoffnung\u201c - Konsumpf - Forum f\u00fcr kreative Konsumkritik - Culture Jamming, Nachhaltigkeit, Konzernkritik, Adbusting\",\"isPartOf\":{\"@id\":\"https:\/\/konsumpf.de\/#website\"},\"primaryImageOfPage\":{\"@id\":\"https:\/\/konsumpf.de\/?p=6554#primaryimage\"},\"image\":{\"@id\":\"https:\/\/konsumpf.de\/?p=6554#primaryimage\"},\"thumbnailUrl\":\"http:\/\/s0.2mdn.net\/dot.gif\",\"datePublished\":\"2009-12-19T17:08:27+00:00\",\"dateModified\":\"2009-12-19T17:08:56+00:00\",\"author\":{\"@id\":\"https:\/\/konsumpf.de\/#\/schema\/person\/e595a6d286b26994e7e0926d70699070\"},\"breadcrumb\":{\"@id\":\"https:\/\/konsumpf.de\/?p=6554#breadcrumb\"},\"inLanguage\":\"de\",\"potentialAction\":[{\"@type\":\"ReadAction\",\"target\":[\"https:\/\/konsumpf.de\/?p=6554\"]}]},{\"@type\":\"ImageObject\",\"inLanguage\":\"de\",\"@id\":\"https:\/\/konsumpf.de\/?p=6554#primaryimage\",\"url\":\"http:\/\/s0.2mdn.net\/dot.gif\",\"contentUrl\":\"http:\/\/s0.2mdn.net\/dot.gif\"},{\"@type\":\"BreadcrumbList\",\"@id\":\"https:\/\/konsumpf.de\/?p=6554#breadcrumb\",\"itemListElement\":[{\"@type\":\"ListItem\",\"position\":1,\"name\":\"Startseite\",\"item\":\"https:\/\/konsumpf.de\/\"},{\"@type\":\"ListItem\",\"position\":2,\"name\":\"\u201eDas kl\u00e4gliche Ende einer gro\u00dfen Hoffnung\u201c\"}]},{\"@type\":\"WebSite\",\"@id\":\"https:\/\/konsumpf.de\/#website\",\"url\":\"https:\/\/konsumpf.de\/\",\"name\":\"Konsumpf - Forum f\u00fcr kreative Konsumkritik - Culture Jamming, Nachhaltigkeit, Konzernkritik, Adbusting\",\"description\":\"\",\"potentialAction\":[{\"@type\":\"SearchAction\",\"target\":{\"@type\":\"EntryPoint\",\"urlTemplate\":\"https:\/\/konsumpf.de\/?s={search_term_string}\"},\"query-input\":{\"@type\":\"PropertyValueSpecification\",\"valueRequired\":true,\"valueName\":\"search_term_string\"}}],\"inLanguage\":\"de\"},{\"@type\":\"Person\",\"@id\":\"https:\/\/konsumpf.de\/#\/schema\/person\/e595a6d286b26994e7e0926d70699070\",\"name\":\"Peter M.\",\"sameAs\":[\"http:\/\/konsumpf.de\"]}]}<\/script>\n<!-- \/ Yoast SEO plugin. -->","yoast_head_json":{"title":"\u201eDas kl\u00e4gliche Ende einer gro\u00dfen Hoffnung\u201c - Konsumpf - Forum f\u00fcr kreative Konsumkritik - Culture Jamming, Nachhaltigkeit, Konzernkritik, Adbusting","robots":{"index":"index","follow":"follow","max-snippet":"max-snippet:-1","max-image-preview":"max-image-preview:large","max-video-preview":"max-video-preview:-1"},"canonical":"https:\/\/konsumpf.de\/?p=6554","og_locale":"de_DE","og_type":"article","og_title":"\u201eDas kl\u00e4gliche Ende einer gro\u00dfen Hoffnung\u201c - Konsumpf - Forum f\u00fcr kreative Konsumkritik - Culture Jamming, Nachhaltigkeit, Konzernkritik, Adbusting","og_description":"Kurzer Lesetipp, passend zum vergeigten Klimagipfel in Kopenhagen \u2013 \u201eDas kl\u00e4gliche Ende einer gro\u00dfen Hoffnung\u201c in der Zeit. Ehrlich gesagt hatte ich sowieso keinerlei Hoffnung, dass die Politik pl\u00f6tzlich aufh\u00f6ren w\u00fcrde, sich nur um die kurzfristigen Belange der Wirtschaft zu k\u00fcmmern, egal wie desastr\u00f6s das mittel- und langfristig f\u00fcr die Menschheit ist. Traurig, dass Dummheit [&hellip;]","og_url":"https:\/\/konsumpf.de\/?p=6554","og_site_name":"Konsumpf - Forum f\u00fcr kreative Konsumkritik - Culture Jamming, Nachhaltigkeit, Konzernkritik, Adbusting","article_published_time":"2009-12-19T17:08:27+00:00","article_modified_time":"2009-12-19T17:08:56+00:00","og_image":[{"url":"http:\/\/s0.2mdn.net\/dot.gif","type":"","width":"","height":""}],"author":"Peter M.","twitter_card":"summary_large_image","twitter_misc":{"Verfasst von":"Peter M.","Gesch\u00e4tzte Lesezeit":"1\u00a0Minute"},"schema":{"@context":"https:\/\/schema.org","@graph":[{"@type":"WebPage","@id":"https:\/\/konsumpf.de\/?p=6554","url":"https:\/\/konsumpf.de\/?p=6554","name":"\u201eDas kl\u00e4gliche Ende einer gro\u00dfen Hoffnung\u201c - Konsumpf - Forum f\u00fcr kreative Konsumkritik - Culture Jamming, Nachhaltigkeit, Konzernkritik, Adbusting","isPartOf":{"@id":"https:\/\/konsumpf.de\/#website"},"primaryImageOfPage":{"@id":"https:\/\/konsumpf.de\/?p=6554#primaryimage"},"image":{"@id":"https:\/\/konsumpf.de\/?p=6554#primaryimage"},"thumbnailUrl":"http:\/\/s0.2mdn.net\/dot.gif","datePublished":"2009-12-19T17:08:27+00:00","dateModified":"2009-12-19T17:08:56+00:00","author":{"@id":"https:\/\/konsumpf.de\/#\/schema\/person\/e595a6d286b26994e7e0926d70699070"},"breadcrumb":{"@id":"https:\/\/konsumpf.de\/?p=6554#breadcrumb"},"inLanguage":"de","potentialAction":[{"@type":"ReadAction","target":["https:\/\/konsumpf.de\/?p=6554"]}]},{"@type":"ImageObject","inLanguage":"de","@id":"https:\/\/konsumpf.de\/?p=6554#primaryimage","url":"http:\/\/s0.2mdn.net\/dot.gif","contentUrl":"http:\/\/s0.2mdn.net\/dot.gif"},{"@type":"BreadcrumbList","@id":"https:\/\/konsumpf.de\/?p=6554#breadcrumb","itemListElement":[{"@type":"ListItem","position":1,"name":"Startseite","item":"https:\/\/konsumpf.de\/"},{"@type":"ListItem","position":2,"name":"\u201eDas kl\u00e4gliche Ende einer gro\u00dfen Hoffnung\u201c"}]},{"@type":"WebSite","@id":"https:\/\/konsumpf.de\/#website","url":"https:\/\/konsumpf.de\/","name":"Konsumpf - Forum f\u00fcr kreative Konsumkritik - Culture Jamming, Nachhaltigkeit, Konzernkritik, Adbusting","description":"","potentialAction":[{"@type":"SearchAction","target":{"@type":"EntryPoint","urlTemplate":"https:\/\/konsumpf.de\/?s={search_term_string}"},"query-input":{"@type":"PropertyValueSpecification","valueRequired":true,"valueName":"search_term_string"}}],"inLanguage":"de"},{"@type":"Person","@id":"https:\/\/konsumpf.de\/#\/schema\/person\/e595a6d286b26994e7e0926d70699070","name":"Peter M.","sameAs":["http:\/\/konsumpf.de"]}]}},"_links":{"self":[{"href":"https:\/\/konsumpf.de\/index.php?rest_route=\/wp\/v2\/posts\/6554"}],"collection":[{"href":"https:\/\/konsumpf.de\/index.php?rest_route=\/wp\/v2\/posts"}],"about":[{"href":"https:\/\/konsumpf.de\/index.php?rest_route=\/wp\/v2\/types\/post"}],"author":[{"embeddable":true,"href":"https:\/\/konsumpf.de\/index.php?rest_route=\/wp\/v2\/users\/1"}],"replies":[{"embeddable":true,"href":"https:\/\/konsumpf.de\/index.php?rest_route=%2Fwp%2Fv2%2Fcomments&post=6554"}],"version-history":[{"count":2,"href":"https:\/\/konsumpf.de\/index.php?rest_route=\/wp\/v2\/posts\/6554\/revisions"}],"predecessor-version":[{"id":6556,"href":"https:\/\/konsumpf.de\/index.php?rest_route=\/wp\/v2\/posts\/6554\/revisions\/6556"}],"wp:attachment":[{"href":"https:\/\/konsumpf.de\/index.php?rest_route=%2Fwp%2Fv2%2Fmedia&parent=6554"}],"wp:term":[{"taxonomy":"category","embeddable":true,"href":"https:\/\/konsumpf.de\/index.php?rest_route=%2Fwp%2Fv2%2Fcategories&post=6554"},{"taxonomy":"post_tag","embeddable":true,"href":"https:\/\/konsumpf.de\/index.php?rest_route=%2Fwp%2Fv2%2Ftags&post=6554"}],"curies":[{"name":"wp","href":"https:\/\/api.w.org\/{rel}","templated":true}]}}