{"id":6442,"date":"2009-12-04T12:21:42","date_gmt":"2009-12-04T11:21:42","guid":{"rendered":"http:\/\/konsumpf.de\/?p=6442"},"modified":"2009-12-04T09:26:53","modified_gmt":"2009-12-04T08:26:53","slug":"wieviel-klima-kostet-unser-essen","status":"publish","type":"post","link":"https:\/\/konsumpf.de\/?p=6442","title":{"rendered":"Wieviel Klima kostet unser Essen?"},"content":{"rendered":"<p>Diese Woche brachte der WDR im Rahmen der Sendung Quarks &amp; Co. den netten Beitrag \u201e<a href=\"http:\/\/www.wdr.de\/tv\/quarks\/sendungsbeitraege\/2009\/1201\/001_klimarettung3.jsp\"><strong>Klimaschutz bei Tisch \u2013 Wieviel Klima kostet unser Essen?<\/strong><\/a>&#8220;, der ein wenig hinter die f\u00fcr verschiedene Nahrungsmittel notwendigen Energie- &amp; CO2-Bilanzen schaut. Wenig verwunderlich, dass Pommes und Fleisch sehr schlecht abschneiden, aber auch Salat aus dem Treibhaus kommt alles andere als gut weg.<\/p>\n<blockquote><p>(&#8230;) \u201eMan kann sagen, die deutsche Landwirtschaft tr\u00e4gt st\u00e4rker zum Klimawandel bei als das bisher in der \u00d6ffentlichkeit wahrgenommen worden ist\u201c, fasst Hirschfeld zusammen. \u201eFast so viel wie der gesamte deutsche Autoverkehr.\u201c (&#8230;)<\/p>\n<p>(&#8230;) Fleisch ist ein Klimakiller, denn zum Treibhausgasausto\u00df der Tiere kommen die Klimaeeffekte durch den Anbau der verwendeten Futtermittel. (&#8230;)<\/p><\/blockquote>\n<p>Die belgische Stadt Gent versucht etwas dagegen zu tun und hat den w\u00f6chentlichen \u201eVeggie-Dag\u201c ausgerufen, an dem z.B. in Mensen und Kantinen, aber auch in vielen Restaurants nur vegetarische Gerichte gereicht werden.<\/p>\n<blockquote><p>(&#8230;) Und die Kampagne hat Erfolg: inzwischen essen die Genter doppelt so viele vegetarische Gerichte als noch vor Einf\u00fchrung des Veggie-Dags. (&#8230;)<\/p><\/blockquote>\n<p>Auf der WDR-Seite kann man sich den Beitrag derzeit noch <a href=\"http:\/\/www.wdr.de\/tv\/quarks\/sendungsbeitraege\/2009\/1201\/001_klimarettung3.jsp\">online anschauen<\/a> (oder am 5.12. zwischen 12:00\u201312:45 Uhr im TV).<\/p>\n<p><a href=\"http:\/\/www.wdr.de\/tv\/quarks\/sendungsbeitraege\/2009\/1201\/001_klimarettung3.jsp\"><img loading=\"lazy\" decoding=\"async\" class=\"aligncenter size-full wp-image-6443\" title=\"bild-4\" src=\"http:\/\/konsumpf.de\/wp-content\/uploads\/2009\/12\/bild-4.png\" alt=\"bild-4\" width=\"437\" height=\"267\" srcset=\"https:\/\/konsumpf.de\/wp-content\/uploads\/2009\/12\/bild-4.png 437w, https:\/\/konsumpf.de\/wp-content\/uploads\/2009\/12\/bild-4-300x183.png 300w\" sizes=\"(max-width: 437px) 100vw, 437px\" \/><\/a><\/p>\n<h3 class='related_post_title'>Verwandte Beitr\u00e4ge:<\/h3><ul class='related_post'><li><a href=\"http:\/\/konsumpf.de\/?p=14722\" title=\"BASF und der Clearfield-Raps\">BASF und der Clearfield-Raps<\/a><\/li><li><a href=\"http:\/\/konsumpf.de\/?p=14266\" title=\"Klonfleisch \u2013 guten Appetit!\">Klonfleisch \u2013 guten Appetit!<\/a><\/li><li><a href=\"http:\/\/konsumpf.de\/?p=12302\" title=\"Die dunkle Seite von Volkswagen\">Die dunkle Seite von Volkswagen<\/a><\/li><li><a href=\"http:\/\/konsumpf.de\/?p=7636\" title=\"Werktags-Vegetarier\">Werktags-Vegetarier<\/a><\/li><li><a href=\"http:\/\/konsumpf.de\/?p=6369\" title=\"Ein paar Lesetipps: Landwirtschaft, Gentechnik und Kooperativen\">Ein paar Lesetipps: Landwirtschaft, Gentechnik und Kooperativen<\/a><\/li><\/ul>","protected":false},"excerpt":{"rendered":"<p>Diese Woche brachte der WDR im Rahmen der Sendung Quarks &amp; Co. den netten Beitrag \u201eKlimaschutz bei Tisch \u2013 Wieviel Klima kostet unser Essen?&#8220;, der ein wenig hinter die f\u00fcr verschiedene Nahrungsmittel notwendigen Energie- &amp; CO2-Bilanzen schaut. Wenig verwunderlich, dass Pommes und Fleisch sehr schlecht abschneiden, aber auch Salat aus dem Treibhaus kommt alles andere [&hellip;]<\/p>\n","protected":false},"author":1,"featured_media":0,"comment_status":"open","ping_status":"open","sticky":false,"template":"","format":"standard","meta":{"footnotes":""},"categories":[256,50],"tags":[732,2878,1121,346,1147],"yoast_head":"<!-- This site is optimized with the Yoast SEO plugin v24.4 - https:\/\/yoast.com\/wordpress\/plugins\/seo\/ -->\n<title>Wieviel Klima kostet unser Essen? - Konsumpf - Forum f\u00fcr kreative Konsumkritik - Culture Jamming, Nachhaltigkeit, Konzernkritik, Adbusting<\/title>\n<meta name=\"robots\" content=\"index, follow, max-snippet:-1, max-image-preview:large, max-video-preview:-1\" \/>\n<link rel=\"canonical\" href=\"https:\/\/konsumpf.de\/?p=6442\" \/>\n<meta property=\"og:locale\" content=\"de_DE\" \/>\n<meta property=\"og:type\" content=\"article\" \/>\n<meta property=\"og:title\" content=\"Wieviel Klima kostet unser Essen? - Konsumpf - Forum f\u00fcr kreative Konsumkritik - Culture Jamming, Nachhaltigkeit, Konzernkritik, Adbusting\" \/>\n<meta property=\"og:description\" content=\"Diese Woche brachte der WDR im Rahmen der Sendung Quarks &amp; Co. den netten Beitrag \u201eKlimaschutz bei Tisch \u2013 Wieviel Klima kostet unser Essen?&#8220;, der ein wenig hinter die f\u00fcr verschiedene Nahrungsmittel notwendigen Energie- &amp; CO2-Bilanzen schaut. Wenig verwunderlich, dass Pommes und Fleisch sehr schlecht abschneiden, aber auch Salat aus dem Treibhaus kommt alles andere [&hellip;]\" \/>\n<meta property=\"og:url\" content=\"https:\/\/konsumpf.de\/?p=6442\" \/>\n<meta property=\"og:site_name\" content=\"Konsumpf - Forum f\u00fcr kreative Konsumkritik - Culture Jamming, Nachhaltigkeit, Konzernkritik, Adbusting\" \/>\n<meta property=\"article:published_time\" content=\"2009-12-04T11:21:42+00:00\" \/>\n<meta property=\"og:image\" content=\"http:\/\/konsumpf.de\/wp-content\/uploads\/2009\/12\/bild-4.png\" \/>\n<meta name=\"author\" content=\"Peter M.\" \/>\n<meta name=\"twitter:card\" content=\"summary_large_image\" \/>\n<meta name=\"twitter:label1\" content=\"Verfasst von\" \/>\n\t<meta name=\"twitter:data1\" content=\"Peter M.\" \/>\n\t<meta name=\"twitter:label2\" content=\"Gesch\u00e4tzte Lesezeit\" \/>\n\t<meta name=\"twitter:data2\" content=\"1\u00a0Minute\" \/>\n<script type=\"application\/ld+json\" class=\"yoast-schema-graph\">{\"@context\":\"https:\/\/schema.org\",\"@graph\":[{\"@type\":\"WebPage\",\"@id\":\"https:\/\/konsumpf.de\/?p=6442\",\"url\":\"https:\/\/konsumpf.de\/?p=6442\",\"name\":\"Wieviel Klima kostet unser Essen? - Konsumpf - Forum f\u00fcr kreative Konsumkritik - Culture Jamming, Nachhaltigkeit, Konzernkritik, Adbusting\",\"isPartOf\":{\"@id\":\"https:\/\/konsumpf.de\/#website\"},\"primaryImageOfPage\":{\"@id\":\"https:\/\/konsumpf.de\/?p=6442#primaryimage\"},\"image\":{\"@id\":\"https:\/\/konsumpf.de\/?p=6442#primaryimage\"},\"thumbnailUrl\":\"http:\/\/konsumpf.de\/wp-content\/uploads\/2009\/12\/bild-4.png\",\"datePublished\":\"2009-12-04T11:21:42+00:00\",\"author\":{\"@id\":\"https:\/\/konsumpf.de\/#\/schema\/person\/e595a6d286b26994e7e0926d70699070\"},\"breadcrumb\":{\"@id\":\"https:\/\/konsumpf.de\/?p=6442#breadcrumb\"},\"inLanguage\":\"de\",\"potentialAction\":[{\"@type\":\"ReadAction\",\"target\":[\"https:\/\/konsumpf.de\/?p=6442\"]}]},{\"@type\":\"ImageObject\",\"inLanguage\":\"de\",\"@id\":\"https:\/\/konsumpf.de\/?p=6442#primaryimage\",\"url\":\"https:\/\/konsumpf.de\/wp-content\/uploads\/2009\/12\/bild-4.png\",\"contentUrl\":\"https:\/\/konsumpf.de\/wp-content\/uploads\/2009\/12\/bild-4.png\",\"width\":\"437\",\"height\":\"267\"},{\"@type\":\"BreadcrumbList\",\"@id\":\"https:\/\/konsumpf.de\/?p=6442#breadcrumb\",\"itemListElement\":[{\"@type\":\"ListItem\",\"position\":1,\"name\":\"Startseite\",\"item\":\"https:\/\/konsumpf.de\/\"},{\"@type\":\"ListItem\",\"position\":2,\"name\":\"Wieviel Klima kostet unser Essen?\"}]},{\"@type\":\"WebSite\",\"@id\":\"https:\/\/konsumpf.de\/#website\",\"url\":\"https:\/\/konsumpf.de\/\",\"name\":\"Konsumpf - Forum f\u00fcr kreative Konsumkritik - Culture Jamming, Nachhaltigkeit, Konzernkritik, Adbusting\",\"description\":\"\",\"potentialAction\":[{\"@type\":\"SearchAction\",\"target\":{\"@type\":\"EntryPoint\",\"urlTemplate\":\"https:\/\/konsumpf.de\/?s={search_term_string}\"},\"query-input\":{\"@type\":\"PropertyValueSpecification\",\"valueRequired\":true,\"valueName\":\"search_term_string\"}}],\"inLanguage\":\"de\"},{\"@type\":\"Person\",\"@id\":\"https:\/\/konsumpf.de\/#\/schema\/person\/e595a6d286b26994e7e0926d70699070\",\"name\":\"Peter M.\",\"sameAs\":[\"http:\/\/konsumpf.de\"]}]}<\/script>\n<!-- \/ Yoast SEO plugin. -->","yoast_head_json":{"title":"Wieviel Klima kostet unser Essen? - Konsumpf - Forum f\u00fcr kreative Konsumkritik - Culture Jamming, Nachhaltigkeit, Konzernkritik, Adbusting","robots":{"index":"index","follow":"follow","max-snippet":"max-snippet:-1","max-image-preview":"max-image-preview:large","max-video-preview":"max-video-preview:-1"},"canonical":"https:\/\/konsumpf.de\/?p=6442","og_locale":"de_DE","og_type":"article","og_title":"Wieviel Klima kostet unser Essen? - Konsumpf - Forum f\u00fcr kreative Konsumkritik - Culture Jamming, Nachhaltigkeit, Konzernkritik, Adbusting","og_description":"Diese Woche brachte der WDR im Rahmen der Sendung Quarks &amp; Co. den netten Beitrag \u201eKlimaschutz bei Tisch \u2013 Wieviel Klima kostet unser Essen?&#8220;, der ein wenig hinter die f\u00fcr verschiedene Nahrungsmittel notwendigen Energie- &amp; CO2-Bilanzen schaut. Wenig verwunderlich, dass Pommes und Fleisch sehr schlecht abschneiden, aber auch Salat aus dem Treibhaus kommt alles andere [&hellip;]","og_url":"https:\/\/konsumpf.de\/?p=6442","og_site_name":"Konsumpf - Forum f\u00fcr kreative Konsumkritik - Culture Jamming, Nachhaltigkeit, Konzernkritik, Adbusting","article_published_time":"2009-12-04T11:21:42+00:00","og_image":[{"url":"http:\/\/konsumpf.de\/wp-content\/uploads\/2009\/12\/bild-4.png","type":"","width":"","height":""}],"author":"Peter M.","twitter_card":"summary_large_image","twitter_misc":{"Verfasst von":"Peter M.","Gesch\u00e4tzte Lesezeit":"1\u00a0Minute"},"schema":{"@context":"https:\/\/schema.org","@graph":[{"@type":"WebPage","@id":"https:\/\/konsumpf.de\/?p=6442","url":"https:\/\/konsumpf.de\/?p=6442","name":"Wieviel Klima kostet unser Essen? - Konsumpf - Forum f\u00fcr kreative Konsumkritik - Culture Jamming, Nachhaltigkeit, Konzernkritik, Adbusting","isPartOf":{"@id":"https:\/\/konsumpf.de\/#website"},"primaryImageOfPage":{"@id":"https:\/\/konsumpf.de\/?p=6442#primaryimage"},"image":{"@id":"https:\/\/konsumpf.de\/?p=6442#primaryimage"},"thumbnailUrl":"http:\/\/konsumpf.de\/wp-content\/uploads\/2009\/12\/bild-4.png","datePublished":"2009-12-04T11:21:42+00:00","author":{"@id":"https:\/\/konsumpf.de\/#\/schema\/person\/e595a6d286b26994e7e0926d70699070"},"breadcrumb":{"@id":"https:\/\/konsumpf.de\/?p=6442#breadcrumb"},"inLanguage":"de","potentialAction":[{"@type":"ReadAction","target":["https:\/\/konsumpf.de\/?p=6442"]}]},{"@type":"ImageObject","inLanguage":"de","@id":"https:\/\/konsumpf.de\/?p=6442#primaryimage","url":"https:\/\/konsumpf.de\/wp-content\/uploads\/2009\/12\/bild-4.png","contentUrl":"https:\/\/konsumpf.de\/wp-content\/uploads\/2009\/12\/bild-4.png","width":"437","height":"267"},{"@type":"BreadcrumbList","@id":"https:\/\/konsumpf.de\/?p=6442#breadcrumb","itemListElement":[{"@type":"ListItem","position":1,"name":"Startseite","item":"https:\/\/konsumpf.de\/"},{"@type":"ListItem","position":2,"name":"Wieviel Klima kostet unser Essen?"}]},{"@type":"WebSite","@id":"https:\/\/konsumpf.de\/#website","url":"https:\/\/konsumpf.de\/","name":"Konsumpf - Forum f\u00fcr kreative Konsumkritik - Culture Jamming, Nachhaltigkeit, Konzernkritik, Adbusting","description":"","potentialAction":[{"@type":"SearchAction","target":{"@type":"EntryPoint","urlTemplate":"https:\/\/konsumpf.de\/?s={search_term_string}"},"query-input":{"@type":"PropertyValueSpecification","valueRequired":true,"valueName":"search_term_string"}}],"inLanguage":"de"},{"@type":"Person","@id":"https:\/\/konsumpf.de\/#\/schema\/person\/e595a6d286b26994e7e0926d70699070","name":"Peter M.","sameAs":["http:\/\/konsumpf.de"]}]}},"_links":{"self":[{"href":"https:\/\/konsumpf.de\/index.php?rest_route=\/wp\/v2\/posts\/6442"}],"collection":[{"href":"https:\/\/konsumpf.de\/index.php?rest_route=\/wp\/v2\/posts"}],"about":[{"href":"https:\/\/konsumpf.de\/index.php?rest_route=\/wp\/v2\/types\/post"}],"author":[{"embeddable":true,"href":"https:\/\/konsumpf.de\/index.php?rest_route=\/wp\/v2\/users\/1"}],"replies":[{"embeddable":true,"href":"https:\/\/konsumpf.de\/index.php?rest_route=%2Fwp%2Fv2%2Fcomments&post=6442"}],"version-history":[{"count":4,"href":"https:\/\/konsumpf.de\/index.php?rest_route=\/wp\/v2\/posts\/6442\/revisions"}],"predecessor-version":[{"id":6456,"href":"https:\/\/konsumpf.de\/index.php?rest_route=\/wp\/v2\/posts\/6442\/revisions\/6456"}],"wp:attachment":[{"href":"https:\/\/konsumpf.de\/index.php?rest_route=%2Fwp%2Fv2%2Fmedia&parent=6442"}],"wp:term":[{"taxonomy":"category","embeddable":true,"href":"https:\/\/konsumpf.de\/index.php?rest_route=%2Fwp%2Fv2%2Fcategories&post=6442"},{"taxonomy":"post_tag","embeddable":true,"href":"https:\/\/konsumpf.de\/index.php?rest_route=%2Fwp%2Fv2%2Ftags&post=6442"}],"curies":[{"name":"wp","href":"https:\/\/api.w.org\/{rel}","templated":true}]}}