{"id":6426,"date":"2009-12-13T10:13:53","date_gmt":"2009-12-13T09:13:53","guid":{"rendered":"http:\/\/konsumpf.de\/?p=6426"},"modified":"2009-12-13T10:18:23","modified_gmt":"2009-12-13T09:18:23","slug":"mal-wieder-etikettenschwindel-%e2%80%9eprodukte-aus-der-heimat%e2%80%9c","status":"publish","type":"post","link":"https:\/\/konsumpf.de\/?p=6426","title":{"rendered":"Mal wieder Etikettenschwindel: \u201eProdukte aus der Heimat\u201c"},"content":{"rendered":"<p>Bekanntlich lassen Firmen nichts unversucht, um an unser \u201eBestes\u201c \u2013 unser Geld \u2013 zu gelangen. Da sich seit einiger Zeit bei manchen Verbrauchern eine Pr\u00e4ferenz f\u00fcr Produkte aus der Region feststellen l\u00e4sst \u2013 sei es nun aus \u00f6kologischen Gr\u00fcnden, weil es halt absolut irrsinnig ist, in Norddeutschland franz\u00f6sisches Flaschenwasser zu trinken beispielsweise, oder um die regionale Wirtschaft zu st\u00fctzen und zu st\u00e4rken \u2013 werden vermehrt auch Waren als \u201eregional\u201c vermarktet. Wie meist in der bunten Reklamewelt steckt hinter wohlklingenden Namen und Bildern aber zuweilen eine Verbrauchert\u00e4uschung, da solche Produkte in Wahrheit von sonstwoher stammen. <strong>Frontal 21<\/strong> ging dieser Sache vor einiger Zeit n\u00e4her auf den Grund \u2013 \u201e<a href=\"http:\/\/frontal21.zdf.de\/ZDFde\/inhalt\/26\/0,1872,7909818,00.html\"><strong>Get\u00e4uschte Verbraucher \u2013 Etikettenschwindel bei Lebensmitteln<\/strong><\/a>\u201c:<\/p>\n<blockquote><p><span>Hersteller von Lebensmitteln lassen Verbraucher ob der Herkunft ihrer Produkte oft im Unklaren, verstecken die Angaben im Kleingedruckten. So glauben die Kunden, eine Delikatesse aus einem anderen Land zu kaufen, in Wahrheit stammt die Ware aber aus Deutschland. Umgekehrt wird vieles, was nach heimischer Spezialit\u00e4t klingt, in der Ferne produziert oder aber der Rohstoff kommt ganz woanders her.<\/span><\/p>\n<p>Beispiel: Milch<br \/>\nDer Konzern Royal FrieslandCampina verkauft Milchprodukte unter der Marke &#8220;Mark Brandenburg&#8221;. &#8220;Frischmilch und H-Milch werden ausschlie\u00dflich im Gro\u00dfraum Berlin und Brandenburg verkauft&#8221;, beantwortet das Unternehmen eine Nachfrage von Frontal21. Viele Konsumenten haben beim Markennamen offenbar den Eindruck, ein lokales Produkt zu kaufen. Man &#8220;denke schon, dass die hier hergestellt wird&#8221;, sagt ein Mann. Und eine Frau kauft die Milch nur, &#8220;weil sie aus Brandenburg kommt&#8221;, sagt sie. Doch Brandenburg sieht die &#8220;Mark Brandenburg&#8221;-Milch h\u00e4ufig erst, wenn sie dort im Supermarkt steht. Denn die Milch wird in K\u00f6ln abgef\u00fcllt. Das steht auch auf der Packung, aber eher unauff\u00e4llig. Die Frischmilch komme sogar &#8220;zu 92 Prozent von Landwirten aus Nordrhein-Westfalen&#8221;, beantwortet Campina die Frontal21-Frage nach der Herkunft. (&#8230;)<\/p><\/blockquote>\n<p><object width=\"480\" height=\"295\" data=\"http:\/\/www.youtube.com\/v\/ez5buttqTG8&amp;hl=en_US&amp;fs=1&amp;\" type=\"application\/x-shockwave-flash\"><param name=\"allowFullScreen\" value=\"true\" \/><param name=\"allowscriptaccess\" value=\"always\" \/><param name=\"src\" value=\"http:\/\/www.youtube.com\/v\/ez5buttqTG8&amp;hl=en_US&amp;fs=1&amp;\" \/><param name=\"allowfullscreen\" value=\"true\" \/><\/object><\/p>\n<h3 class='related_post_title'>Verwandte Beitr\u00e4ge:<\/h3><ul class='related_post'><li><a href=\"http:\/\/konsumpf.de\/?p=15234\" title=\"Unilever und die Ekligkeit der Reklame\">Unilever und die Ekligkeit der Reklame<\/a><\/li><li><a href=\"http:\/\/konsumpf.de\/?p=13134\" title=\"Nimm2 ist nicht f\u00fcr Kinder und Danones Verpackungsschwindel\">Nimm2 ist nicht f\u00fcr Kinder und Danones Verpackungsschwindel<\/a><\/li><li><a href=\"http:\/\/konsumpf.de\/?p=7352\" title=\"Die dreisteste Werbel\u00fcge \u2013 Der Goldene Windbeutel 2010\">Die dreisteste Werbel\u00fcge \u2013 Der Goldene Windbeutel 2010<\/a><\/li><li><a href=\"http:\/\/konsumpf.de\/?p=5652\" title=\"Nochmal Greenwashing: Tetra Pak umweltfreundlich?\">Nochmal Greenwashing: Tetra Pak umweltfreundlich?<\/a><\/li><li><a href=\"http:\/\/konsumpf.de\/?p=5632\" title=\"veRWEgen l\u00fcgen\">veRWEgen l\u00fcgen<\/a><\/li><\/ul>","protected":false},"excerpt":{"rendered":"<p>Bekanntlich lassen Firmen nichts unversucht, um an unser \u201eBestes\u201c \u2013 unser Geld \u2013 zu gelangen. Da sich seit einiger Zeit bei manchen Verbrauchern eine Pr\u00e4ferenz f\u00fcr Produkte aus der Region feststellen l\u00e4sst \u2013 sei es nun aus \u00f6kologischen Gr\u00fcnden, weil es halt absolut irrsinnig ist, in Norddeutschland franz\u00f6sisches Flaschenwasser zu trinken beispielsweise, oder um die [&hellip;]<\/p>\n","protected":false},"author":1,"featured_media":0,"comment_status":"open","ping_status":"open","sticky":false,"template":"","format":"standard","meta":{"footnotes":""},"categories":[256,12,20,78],"tags":[1162,2859,623],"yoast_head":"<!-- This site is optimized with the Yoast SEO plugin v24.4 - https:\/\/yoast.com\/wordpress\/plugins\/seo\/ -->\n<title>Mal wieder Etikettenschwindel: \u201eProdukte aus der Heimat\u201c - Konsumpf - Forum f\u00fcr kreative Konsumkritik - Culture Jamming, Nachhaltigkeit, Konzernkritik, Adbusting<\/title>\n<meta name=\"robots\" content=\"index, follow, max-snippet:-1, max-image-preview:large, max-video-preview:-1\" \/>\n<link rel=\"canonical\" href=\"https:\/\/konsumpf.de\/?p=6426\" \/>\n<meta property=\"og:locale\" content=\"de_DE\" \/>\n<meta property=\"og:type\" content=\"article\" \/>\n<meta property=\"og:title\" content=\"Mal wieder Etikettenschwindel: \u201eProdukte aus der Heimat\u201c - Konsumpf - Forum f\u00fcr kreative Konsumkritik - Culture Jamming, Nachhaltigkeit, Konzernkritik, Adbusting\" \/>\n<meta property=\"og:description\" content=\"Bekanntlich lassen Firmen nichts unversucht, um an unser \u201eBestes\u201c \u2013 unser Geld \u2013 zu gelangen. Da sich seit einiger Zeit bei manchen Verbrauchern eine Pr\u00e4ferenz f\u00fcr Produkte aus der Region feststellen l\u00e4sst \u2013 sei es nun aus \u00f6kologischen Gr\u00fcnden, weil es halt absolut irrsinnig ist, in Norddeutschland franz\u00f6sisches Flaschenwasser zu trinken beispielsweise, oder um die [&hellip;]\" \/>\n<meta property=\"og:url\" content=\"https:\/\/konsumpf.de\/?p=6426\" \/>\n<meta property=\"og:site_name\" content=\"Konsumpf - Forum f\u00fcr kreative Konsumkritik - Culture Jamming, Nachhaltigkeit, Konzernkritik, Adbusting\" \/>\n<meta property=\"article:published_time\" content=\"2009-12-13T09:13:53+00:00\" \/>\n<meta property=\"article:modified_time\" content=\"2009-12-13T09:18:23+00:00\" \/>\n<meta name=\"author\" content=\"Peter M.\" \/>\n<meta name=\"twitter:card\" content=\"summary_large_image\" \/>\n<meta name=\"twitter:label1\" content=\"Verfasst von\" \/>\n\t<meta name=\"twitter:data1\" content=\"Peter M.\" \/>\n\t<meta name=\"twitter:label2\" content=\"Gesch\u00e4tzte Lesezeit\" \/>\n\t<meta name=\"twitter:data2\" content=\"1\u00a0Minute\" \/>\n<script type=\"application\/ld+json\" class=\"yoast-schema-graph\">{\"@context\":\"https:\/\/schema.org\",\"@graph\":[{\"@type\":\"WebPage\",\"@id\":\"https:\/\/konsumpf.de\/?p=6426\",\"url\":\"https:\/\/konsumpf.de\/?p=6426\",\"name\":\"Mal wieder Etikettenschwindel: \u201eProdukte aus der Heimat\u201c - Konsumpf - Forum f\u00fcr kreative Konsumkritik - Culture Jamming, Nachhaltigkeit, Konzernkritik, Adbusting\",\"isPartOf\":{\"@id\":\"https:\/\/konsumpf.de\/#website\"},\"datePublished\":\"2009-12-13T09:13:53+00:00\",\"dateModified\":\"2009-12-13T09:18:23+00:00\",\"author\":{\"@id\":\"https:\/\/konsumpf.de\/#\/schema\/person\/e595a6d286b26994e7e0926d70699070\"},\"breadcrumb\":{\"@id\":\"https:\/\/konsumpf.de\/?p=6426#breadcrumb\"},\"inLanguage\":\"de\",\"potentialAction\":[{\"@type\":\"ReadAction\",\"target\":[\"https:\/\/konsumpf.de\/?p=6426\"]}]},{\"@type\":\"BreadcrumbList\",\"@id\":\"https:\/\/konsumpf.de\/?p=6426#breadcrumb\",\"itemListElement\":[{\"@type\":\"ListItem\",\"position\":1,\"name\":\"Startseite\",\"item\":\"https:\/\/konsumpf.de\/\"},{\"@type\":\"ListItem\",\"position\":2,\"name\":\"Mal wieder Etikettenschwindel: \u201eProdukte aus der Heimat\u201c\"}]},{\"@type\":\"WebSite\",\"@id\":\"https:\/\/konsumpf.de\/#website\",\"url\":\"https:\/\/konsumpf.de\/\",\"name\":\"Konsumpf - Forum f\u00fcr kreative Konsumkritik - Culture Jamming, Nachhaltigkeit, Konzernkritik, Adbusting\",\"description\":\"\",\"potentialAction\":[{\"@type\":\"SearchAction\",\"target\":{\"@type\":\"EntryPoint\",\"urlTemplate\":\"https:\/\/konsumpf.de\/?s={search_term_string}\"},\"query-input\":{\"@type\":\"PropertyValueSpecification\",\"valueRequired\":true,\"valueName\":\"search_term_string\"}}],\"inLanguage\":\"de\"},{\"@type\":\"Person\",\"@id\":\"https:\/\/konsumpf.de\/#\/schema\/person\/e595a6d286b26994e7e0926d70699070\",\"name\":\"Peter M.\",\"sameAs\":[\"http:\/\/konsumpf.de\"]}]}<\/script>\n<!-- \/ Yoast SEO plugin. -->","yoast_head_json":{"title":"Mal wieder Etikettenschwindel: \u201eProdukte aus der Heimat\u201c - Konsumpf - Forum f\u00fcr kreative Konsumkritik - Culture Jamming, Nachhaltigkeit, Konzernkritik, Adbusting","robots":{"index":"index","follow":"follow","max-snippet":"max-snippet:-1","max-image-preview":"max-image-preview:large","max-video-preview":"max-video-preview:-1"},"canonical":"https:\/\/konsumpf.de\/?p=6426","og_locale":"de_DE","og_type":"article","og_title":"Mal wieder Etikettenschwindel: \u201eProdukte aus der Heimat\u201c - Konsumpf - Forum f\u00fcr kreative Konsumkritik - Culture Jamming, Nachhaltigkeit, Konzernkritik, Adbusting","og_description":"Bekanntlich lassen Firmen nichts unversucht, um an unser \u201eBestes\u201c \u2013 unser Geld \u2013 zu gelangen. Da sich seit einiger Zeit bei manchen Verbrauchern eine Pr\u00e4ferenz f\u00fcr Produkte aus der Region feststellen l\u00e4sst \u2013 sei es nun aus \u00f6kologischen Gr\u00fcnden, weil es halt absolut irrsinnig ist, in Norddeutschland franz\u00f6sisches Flaschenwasser zu trinken beispielsweise, oder um die [&hellip;]","og_url":"https:\/\/konsumpf.de\/?p=6426","og_site_name":"Konsumpf - Forum f\u00fcr kreative Konsumkritik - Culture Jamming, Nachhaltigkeit, Konzernkritik, Adbusting","article_published_time":"2009-12-13T09:13:53+00:00","article_modified_time":"2009-12-13T09:18:23+00:00","author":"Peter M.","twitter_card":"summary_large_image","twitter_misc":{"Verfasst von":"Peter M.","Gesch\u00e4tzte Lesezeit":"1\u00a0Minute"},"schema":{"@context":"https:\/\/schema.org","@graph":[{"@type":"WebPage","@id":"https:\/\/konsumpf.de\/?p=6426","url":"https:\/\/konsumpf.de\/?p=6426","name":"Mal wieder Etikettenschwindel: \u201eProdukte aus der Heimat\u201c - Konsumpf - Forum f\u00fcr kreative Konsumkritik - Culture Jamming, Nachhaltigkeit, Konzernkritik, Adbusting","isPartOf":{"@id":"https:\/\/konsumpf.de\/#website"},"datePublished":"2009-12-13T09:13:53+00:00","dateModified":"2009-12-13T09:18:23+00:00","author":{"@id":"https:\/\/konsumpf.de\/#\/schema\/person\/e595a6d286b26994e7e0926d70699070"},"breadcrumb":{"@id":"https:\/\/konsumpf.de\/?p=6426#breadcrumb"},"inLanguage":"de","potentialAction":[{"@type":"ReadAction","target":["https:\/\/konsumpf.de\/?p=6426"]}]},{"@type":"BreadcrumbList","@id":"https:\/\/konsumpf.de\/?p=6426#breadcrumb","itemListElement":[{"@type":"ListItem","position":1,"name":"Startseite","item":"https:\/\/konsumpf.de\/"},{"@type":"ListItem","position":2,"name":"Mal wieder Etikettenschwindel: \u201eProdukte aus der Heimat\u201c"}]},{"@type":"WebSite","@id":"https:\/\/konsumpf.de\/#website","url":"https:\/\/konsumpf.de\/","name":"Konsumpf - Forum f\u00fcr kreative Konsumkritik - Culture Jamming, Nachhaltigkeit, Konzernkritik, Adbusting","description":"","potentialAction":[{"@type":"SearchAction","target":{"@type":"EntryPoint","urlTemplate":"https:\/\/konsumpf.de\/?s={search_term_string}"},"query-input":{"@type":"PropertyValueSpecification","valueRequired":true,"valueName":"search_term_string"}}],"inLanguage":"de"},{"@type":"Person","@id":"https:\/\/konsumpf.de\/#\/schema\/person\/e595a6d286b26994e7e0926d70699070","name":"Peter M.","sameAs":["http:\/\/konsumpf.de"]}]}},"_links":{"self":[{"href":"https:\/\/konsumpf.de\/index.php?rest_route=\/wp\/v2\/posts\/6426"}],"collection":[{"href":"https:\/\/konsumpf.de\/index.php?rest_route=\/wp\/v2\/posts"}],"about":[{"href":"https:\/\/konsumpf.de\/index.php?rest_route=\/wp\/v2\/types\/post"}],"author":[{"embeddable":true,"href":"https:\/\/konsumpf.de\/index.php?rest_route=\/wp\/v2\/users\/1"}],"replies":[{"embeddable":true,"href":"https:\/\/konsumpf.de\/index.php?rest_route=%2Fwp%2Fv2%2Fcomments&post=6426"}],"version-history":[{"count":5,"href":"https:\/\/konsumpf.de\/index.php?rest_route=\/wp\/v2\/posts\/6426\/revisions"}],"predecessor-version":[{"id":6492,"href":"https:\/\/konsumpf.de\/index.php?rest_route=\/wp\/v2\/posts\/6426\/revisions\/6492"}],"wp:attachment":[{"href":"https:\/\/konsumpf.de\/index.php?rest_route=%2Fwp%2Fv2%2Fmedia&parent=6426"}],"wp:term":[{"taxonomy":"category","embeddable":true,"href":"https:\/\/konsumpf.de\/index.php?rest_route=%2Fwp%2Fv2%2Fcategories&post=6426"},{"taxonomy":"post_tag","embeddable":true,"href":"https:\/\/konsumpf.de\/index.php?rest_route=%2Fwp%2Fv2%2Ftags&post=6426"}],"curies":[{"name":"wp","href":"https:\/\/api.w.org\/{rel}","templated":true}]}}