{"id":6400,"date":"2009-12-02T09:58:48","date_gmt":"2009-12-02T08:58:48","guid":{"rendered":"http:\/\/konsumpf.de\/?p=6400"},"modified":"2009-12-02T17:05:17","modified_gmt":"2009-12-02T16:05:17","slug":"die-zeitraffer-die-entschleunigung-unserer-zukunft","status":"publish","type":"post","link":"https:\/\/konsumpf.de\/?p=6400","title":{"rendered":"Die Zeitraffer &#8211; Die Entschleunigung unserer Zukunft"},"content":{"rendered":"<p>Habt Ihr eigentlich auch \u201enie Zeit\u201c? Zerrinnt Euch der Tag so zwischen den Fingern und es ist schon wieder Schlafenszeit, wo Ihr doch gef\u00fchlt eigentlich gerade erst aufgestanden seid? Unsere heutige Industriegesellschaft sorgt f\u00fcr eine stetige Beschleunigung unseres Zeitempfindens, f\u00fcr immer mehr Gehetze, alles im Dienste eines sich genauso wild steigernden Wirtschaftswachstums, auf der Suche nach immer mehr Dingen, immer mehr Geld, immer mehr mehr mehr&#8230; In ihrer Reihe \u201e<strong>Z wie Zukunft<\/strong>\u201c brachte der Fernsehsender 3sat letztes Jahr die interessanten Kurzfilm \u201e<a href=\"http:\/\/www.3sat.de\/dynamic\/sitegen\/bin\/sitegen.php?tab=2&amp;source=\/specials\/125140\/index.html\"><strong>Die Zeitraffer \u2013 von der Entschleunigung unserer Zukunft<\/strong><\/a>\u201c von Sabrina Dittus und Nico Weber. Da ich in meinem Blog auch immer wieder einen Blick \u00fcber den Rand der Konsumgesellschaft hinzu Utopien oder anderen Gesellschaftsentw\u00fcrfen hin wage, passt dieser Beitrag perfekt hierher. [<a href=\"http:\/\/vitao.magix.net\/blog\/seniorissimo\/categories\/14-11-Interview-Lebensplanung\">Quelle<\/a>]<\/p>\n<blockquote><p>Tempowahn, Tempovirus, Temporausch. Tempo, Profitstreben und die sozialen Folgen, allzeitige Verf\u00fcgbarkeit, Zeitgewinn durch Zeitverlust &#8211; das sind nur einige Stichworte, die die Debatte um Entschleunigung und Zeitnot bestimmen. Konsens ist: Zeit ist ein Gut. Und heute ist Zeit zu einem knappen Gut geworden. Nicht Geld, nicht Macht, sondern Beschleunigung regiert die Welt. Die Schwierigkeit liegt keineswegs darin, dass die Zeit knapp ist, sondern dass wir schlecht mit dieser Zeit umgehen.<\/p>\n<p>Die Dokumentation &#8220;Die Zeitraffer&#8221; macht sich auf die Suche nach der gesparten, verlorenen Zeit und nach Perspektiven, Visionen. Mit Apokalyptikern wie dem Jenaer Soziologieprofessor Hartmut Rosa, Beschleunigungstheoretiker, f\u00fcr den es nur Ausstieg oder Kollaps gibt, und der Empirikerin Nadine Sch\u00f6neck, die wider besseres Wissen mit dem Tempowahn Schritt zu halten versucht.(&#8230;)<\/p>\n<p>(&#8230;) Dabei geht es nicht um eine Verlangsamung des Tempos. So einfach ist es nicht: manches k\u00f6nnte sogar schneller gehen, anderes eben langsamer. Es geht um eine differenzierte Bef\u00fcrwortung von mehr &#8220;Zeitsouver\u00e4nit\u00e4t&#8221;.<\/p>\n<p>Wird der Mensch in Zukunft nicht mehr in ein abstraktes Konzept der Zeit gez\u00e4unt werden? Wird es eine neue Kultur der Zeit geben? Eines ist sicher: Der Takt der Gesellschaft muss sich \u00e4ndern. Aber wie?<\/p><\/blockquote>\n<p><span id=\"flash_player_flv0.44372747625704123A8D6B6A0E94211DD88996287550553B6\"> <script src=\"http:\/\/www.magix-photos.com\/magix\/flash\/player2\/flv\/player.js\" type=\"text\/javascript\"><\/script><\/span><\/p>\n<div><object width=\"480\" height=\"320\" data=\"http:\/\/www.magix-photos.com\/magix\/flash\/player2\/flv\/loader.swf?&amp;permacode=A8D6B6A0E94211DD88996287550553B6&amp;width=480&amp;height=320&amp;server=http:\/\/www.magix-photos.com&amp;playerdir=\/magix\/flash\/player2\/flv\/&amp;lang=de_DE_magix&amp;bgcolor=000000&amp;color=FFFFFF&amp;base=http:\/\/www.magix-photos.com\/magix\/flash\/player2\/flv\/&amp;xmlBase=http:\/\/www.magix-photos.com&amp;mode=small\" type=\"application\/x-shockwave-flash\"><param name=\"id\" value=\"player_main\" \/><param name=\"name\" value=\"player_main\" \/><param name=\"bgcolor\" value=\"#000000\" \/><param name=\"src\" value=\"http:\/\/www.magix-photos.com\/magix\/flash\/player2\/flv\/loader.swf?&amp;permacode=A8D6B6A0E94211DD88996287550553B6&amp;width=480&amp;height=320&amp;server=http:\/\/www.magix-photos.com&amp;playerdir=\/magix\/flash\/player2\/flv\/&amp;lang=de_DE_magix&amp;bgcolor=000000&amp;color=FFFFFF&amp;base=http:\/\/www.magix-photos.com\/magix\/flash\/player2\/flv\/&amp;xmlBase=http:\/\/www.magix-photos.com&amp;mode=small\" \/><\/object><\/div>\n<h3 class='related_post_title'>Verwandte Beitr\u00e4ge:<\/h3><ul class='related_post'><li><a href=\"http:\/\/konsumpf.de\/?p=14205\" title=\"Beschleunigte Welt\">Beschleunigte Welt<\/a><\/li><li><a href=\"http:\/\/konsumpf.de\/?p=13109\" title=\"Surftipp: Alternative Realit\u00e4t\">Surftipp: Alternative Realit\u00e4t<\/a><\/li><li><a href=\"http:\/\/konsumpf.de\/?p=12996\" title=\"Buchtipp: Die stille Revolution\">Buchtipp: Die stille Revolution<\/a><\/li><li><a href=\"http:\/\/konsumpf.de\/?p=11446\" title=\"Affenm\u00e4rchen \u2013 Arbeit frei von Lack &#038; Leder\">Affenm\u00e4rchen \u2013 Arbeit frei von Lack &#038; Leder<\/a><\/li><li><a href=\"http:\/\/konsumpf.de\/?p=15009\" title=\"Gegen die st\u00e4ndige Erreichbarkeit des Seins\">Gegen die st\u00e4ndige Erreichbarkeit des Seins<\/a><\/li><\/ul>","protected":false},"excerpt":{"rendered":"<p>Habt Ihr eigentlich auch \u201enie Zeit\u201c? Zerrinnt Euch der Tag so zwischen den Fingern und es ist schon wieder Schlafenszeit, wo Ihr doch gef\u00fchlt eigentlich gerade erst aufgestanden seid? Unsere heutige Industriegesellschaft sorgt f\u00fcr eine stetige Beschleunigung unseres Zeitempfindens, f\u00fcr immer mehr Gehetze, alles im Dienste eines sich genauso wild steigernden Wirtschaftswachstums, auf der Suche [&hellip;]<\/p>\n","protected":false},"author":1,"featured_media":0,"comment_status":"open","ping_status":"open","sticky":false,"template":"","format":"standard","meta":{"footnotes":""},"categories":[259,12],"tags":[2881,1143,693,1142,1040],"yoast_head":"<!-- This site is optimized with the Yoast SEO plugin v24.4 - https:\/\/yoast.com\/wordpress\/plugins\/seo\/ -->\n<title>Die Zeitraffer - Die Entschleunigung unserer Zukunft - Konsumpf - Forum f\u00fcr kreative Konsumkritik - Culture Jamming, Nachhaltigkeit, Konzernkritik, Adbusting<\/title>\n<meta name=\"robots\" content=\"index, follow, max-snippet:-1, max-image-preview:large, max-video-preview:-1\" \/>\n<link rel=\"canonical\" href=\"https:\/\/konsumpf.de\/?p=6400\" \/>\n<meta property=\"og:locale\" content=\"de_DE\" \/>\n<meta property=\"og:type\" content=\"article\" \/>\n<meta property=\"og:title\" content=\"Die Zeitraffer - Die Entschleunigung unserer Zukunft - Konsumpf - Forum f\u00fcr kreative Konsumkritik - Culture Jamming, Nachhaltigkeit, Konzernkritik, Adbusting\" \/>\n<meta property=\"og:description\" content=\"Habt Ihr eigentlich auch \u201enie Zeit\u201c? Zerrinnt Euch der Tag so zwischen den Fingern und es ist schon wieder Schlafenszeit, wo Ihr doch gef\u00fchlt eigentlich gerade erst aufgestanden seid? Unsere heutige Industriegesellschaft sorgt f\u00fcr eine stetige Beschleunigung unseres Zeitempfindens, f\u00fcr immer mehr Gehetze, alles im Dienste eines sich genauso wild steigernden Wirtschaftswachstums, auf der Suche [&hellip;]\" \/>\n<meta property=\"og:url\" content=\"https:\/\/konsumpf.de\/?p=6400\" \/>\n<meta property=\"og:site_name\" content=\"Konsumpf - Forum f\u00fcr kreative Konsumkritik - Culture Jamming, Nachhaltigkeit, Konzernkritik, Adbusting\" \/>\n<meta property=\"article:published_time\" content=\"2009-12-02T08:58:48+00:00\" \/>\n<meta property=\"article:modified_time\" content=\"2009-12-02T16:05:17+00:00\" \/>\n<meta name=\"author\" content=\"Peter M.\" \/>\n<meta name=\"twitter:card\" content=\"summary_large_image\" \/>\n<meta name=\"twitter:label1\" content=\"Verfasst von\" \/>\n\t<meta name=\"twitter:data1\" content=\"Peter M.\" \/>\n\t<meta name=\"twitter:label2\" content=\"Gesch\u00e4tzte Lesezeit\" \/>\n\t<meta name=\"twitter:data2\" content=\"2\u00a0Minuten\" \/>\n<script type=\"application\/ld+json\" class=\"yoast-schema-graph\">{\"@context\":\"https:\/\/schema.org\",\"@graph\":[{\"@type\":\"WebPage\",\"@id\":\"https:\/\/konsumpf.de\/?p=6400\",\"url\":\"https:\/\/konsumpf.de\/?p=6400\",\"name\":\"Die Zeitraffer - Die Entschleunigung unserer Zukunft - Konsumpf - Forum f\u00fcr kreative Konsumkritik - Culture Jamming, Nachhaltigkeit, Konzernkritik, Adbusting\",\"isPartOf\":{\"@id\":\"https:\/\/konsumpf.de\/#website\"},\"datePublished\":\"2009-12-02T08:58:48+00:00\",\"dateModified\":\"2009-12-02T16:05:17+00:00\",\"author\":{\"@id\":\"https:\/\/konsumpf.de\/#\/schema\/person\/e595a6d286b26994e7e0926d70699070\"},\"breadcrumb\":{\"@id\":\"https:\/\/konsumpf.de\/?p=6400#breadcrumb\"},\"inLanguage\":\"de\",\"potentialAction\":[{\"@type\":\"ReadAction\",\"target\":[\"https:\/\/konsumpf.de\/?p=6400\"]}]},{\"@type\":\"BreadcrumbList\",\"@id\":\"https:\/\/konsumpf.de\/?p=6400#breadcrumb\",\"itemListElement\":[{\"@type\":\"ListItem\",\"position\":1,\"name\":\"Startseite\",\"item\":\"https:\/\/konsumpf.de\/\"},{\"@type\":\"ListItem\",\"position\":2,\"name\":\"Die Zeitraffer &#8211; Die Entschleunigung unserer Zukunft\"}]},{\"@type\":\"WebSite\",\"@id\":\"https:\/\/konsumpf.de\/#website\",\"url\":\"https:\/\/konsumpf.de\/\",\"name\":\"Konsumpf - Forum f\u00fcr kreative Konsumkritik - Culture Jamming, Nachhaltigkeit, Konzernkritik, Adbusting\",\"description\":\"\",\"potentialAction\":[{\"@type\":\"SearchAction\",\"target\":{\"@type\":\"EntryPoint\",\"urlTemplate\":\"https:\/\/konsumpf.de\/?s={search_term_string}\"},\"query-input\":{\"@type\":\"PropertyValueSpecification\",\"valueRequired\":true,\"valueName\":\"search_term_string\"}}],\"inLanguage\":\"de\"},{\"@type\":\"Person\",\"@id\":\"https:\/\/konsumpf.de\/#\/schema\/person\/e595a6d286b26994e7e0926d70699070\",\"name\":\"Peter M.\",\"sameAs\":[\"http:\/\/konsumpf.de\"]}]}<\/script>\n<!-- \/ Yoast SEO plugin. -->","yoast_head_json":{"title":"Die Zeitraffer - Die Entschleunigung unserer Zukunft - Konsumpf - Forum f\u00fcr kreative Konsumkritik - Culture Jamming, Nachhaltigkeit, Konzernkritik, Adbusting","robots":{"index":"index","follow":"follow","max-snippet":"max-snippet:-1","max-image-preview":"max-image-preview:large","max-video-preview":"max-video-preview:-1"},"canonical":"https:\/\/konsumpf.de\/?p=6400","og_locale":"de_DE","og_type":"article","og_title":"Die Zeitraffer - Die Entschleunigung unserer Zukunft - Konsumpf - Forum f\u00fcr kreative Konsumkritik - Culture Jamming, Nachhaltigkeit, Konzernkritik, Adbusting","og_description":"Habt Ihr eigentlich auch \u201enie Zeit\u201c? Zerrinnt Euch der Tag so zwischen den Fingern und es ist schon wieder Schlafenszeit, wo Ihr doch gef\u00fchlt eigentlich gerade erst aufgestanden seid? Unsere heutige Industriegesellschaft sorgt f\u00fcr eine stetige Beschleunigung unseres Zeitempfindens, f\u00fcr immer mehr Gehetze, alles im Dienste eines sich genauso wild steigernden Wirtschaftswachstums, auf der Suche [&hellip;]","og_url":"https:\/\/konsumpf.de\/?p=6400","og_site_name":"Konsumpf - Forum f\u00fcr kreative Konsumkritik - Culture Jamming, Nachhaltigkeit, Konzernkritik, Adbusting","article_published_time":"2009-12-02T08:58:48+00:00","article_modified_time":"2009-12-02T16:05:17+00:00","author":"Peter M.","twitter_card":"summary_large_image","twitter_misc":{"Verfasst von":"Peter M.","Gesch\u00e4tzte Lesezeit":"2\u00a0Minuten"},"schema":{"@context":"https:\/\/schema.org","@graph":[{"@type":"WebPage","@id":"https:\/\/konsumpf.de\/?p=6400","url":"https:\/\/konsumpf.de\/?p=6400","name":"Die Zeitraffer - Die Entschleunigung unserer Zukunft - Konsumpf - Forum f\u00fcr kreative Konsumkritik - Culture Jamming, Nachhaltigkeit, Konzernkritik, Adbusting","isPartOf":{"@id":"https:\/\/konsumpf.de\/#website"},"datePublished":"2009-12-02T08:58:48+00:00","dateModified":"2009-12-02T16:05:17+00:00","author":{"@id":"https:\/\/konsumpf.de\/#\/schema\/person\/e595a6d286b26994e7e0926d70699070"},"breadcrumb":{"@id":"https:\/\/konsumpf.de\/?p=6400#breadcrumb"},"inLanguage":"de","potentialAction":[{"@type":"ReadAction","target":["https:\/\/konsumpf.de\/?p=6400"]}]},{"@type":"BreadcrumbList","@id":"https:\/\/konsumpf.de\/?p=6400#breadcrumb","itemListElement":[{"@type":"ListItem","position":1,"name":"Startseite","item":"https:\/\/konsumpf.de\/"},{"@type":"ListItem","position":2,"name":"Die Zeitraffer &#8211; Die Entschleunigung unserer Zukunft"}]},{"@type":"WebSite","@id":"https:\/\/konsumpf.de\/#website","url":"https:\/\/konsumpf.de\/","name":"Konsumpf - Forum f\u00fcr kreative Konsumkritik - Culture Jamming, Nachhaltigkeit, Konzernkritik, Adbusting","description":"","potentialAction":[{"@type":"SearchAction","target":{"@type":"EntryPoint","urlTemplate":"https:\/\/konsumpf.de\/?s={search_term_string}"},"query-input":{"@type":"PropertyValueSpecification","valueRequired":true,"valueName":"search_term_string"}}],"inLanguage":"de"},{"@type":"Person","@id":"https:\/\/konsumpf.de\/#\/schema\/person\/e595a6d286b26994e7e0926d70699070","name":"Peter M.","sameAs":["http:\/\/konsumpf.de"]}]}},"_links":{"self":[{"href":"https:\/\/konsumpf.de\/index.php?rest_route=\/wp\/v2\/posts\/6400"}],"collection":[{"href":"https:\/\/konsumpf.de\/index.php?rest_route=\/wp\/v2\/posts"}],"about":[{"href":"https:\/\/konsumpf.de\/index.php?rest_route=\/wp\/v2\/types\/post"}],"author":[{"embeddable":true,"href":"https:\/\/konsumpf.de\/index.php?rest_route=\/wp\/v2\/users\/1"}],"replies":[{"embeddable":true,"href":"https:\/\/konsumpf.de\/index.php?rest_route=%2Fwp%2Fv2%2Fcomments&post=6400"}],"version-history":[{"count":12,"href":"https:\/\/konsumpf.de\/index.php?rest_route=\/wp\/v2\/posts\/6400\/revisions"}],"predecessor-version":[{"id":9748,"href":"https:\/\/konsumpf.de\/index.php?rest_route=\/wp\/v2\/posts\/6400\/revisions\/9748"}],"wp:attachment":[{"href":"https:\/\/konsumpf.de\/index.php?rest_route=%2Fwp%2Fv2%2Fmedia&parent=6400"}],"wp:term":[{"taxonomy":"category","embeddable":true,"href":"https:\/\/konsumpf.de\/index.php?rest_route=%2Fwp%2Fv2%2Fcategories&post=6400"},{"taxonomy":"post_tag","embeddable":true,"href":"https:\/\/konsumpf.de\/index.php?rest_route=%2Fwp%2Fv2%2Ftags&post=6400"}],"curies":[{"name":"wp","href":"https:\/\/api.w.org\/{rel}","templated":true}]}}