{"id":6380,"date":"2009-11-30T09:30:50","date_gmt":"2009-11-30T08:30:50","guid":{"rendered":"http:\/\/konsumpf.de\/?p=6380"},"modified":"2009-11-30T11:13:40","modified_gmt":"2009-11-30T10:13:40","slug":"von-klimakonferenzen-und-klimawandelskeptikern-klimaveranderung-alles-luge","status":"publish","type":"post","link":"https:\/\/konsumpf.de\/?p=6380","title":{"rendered":"Von Klimakonferenzen und Klimawandelskeptikern: Klimaver\u00e4nderung? Alles L\u00fcge."},"content":{"rendered":"<p><a href=\"http:\/\/konsumpf.de\/wp-content\/uploads\/2009\/11\/dead_drought_tree.jpg\"><img loading=\"lazy\" decoding=\"async\" class=\"alignright size-full wp-image-6383\" title=\"dead_drought_tree\" src=\"http:\/\/konsumpf.de\/wp-content\/uploads\/2009\/11\/dead_drought_tree.jpg\" alt=\"dead_drought_tree\" width=\"230\" height=\"153\" \/><\/a>Der <strong>BUND Regionalverband S\u00fcdlicher Oberrhein<\/strong> ist sehr aktiv, was Informationen \u00fcber aktuelle Umtriebe diverser Lobbyisten und Umwelts\u00fcnder angeht. So setzt er sich in seiner neuesten Pressemitteilung \u201e<a href=\"http:\/\/vorort.bund.net\/suedlicher-oberrhein\/klimawandelleugner.html\"><strong>Von Klimakonferenzen und Klimawandelskeptikern<\/strong><\/a>\u201c mit den Kr\u00e4ften auseinander, die seit Jahrzehnten versuchen, die menschlichen Ursachen in Bezug auf die Umwelt- und Klimaver\u00e4nderung mit widerspr\u00fcchlichen Kampagnen herunterzuspielen. Wenn ich auch nicht glaube, dass eine etwaige Klimaerw\u00e4rmung nur auf den Menschen zur\u00fcckgeht, wie es die Panikmache derjenigen impliziert, die wie gebannt auf den CO2-Aussto\u00df starren, sondern es eben auch nat\u00fcrliche Klimaver\u00e4nderungen gibt, so ist es doch m.E. unstrittig, dass unser Verhalten, unser Wirtschafts- und Konsumsystem einen massiven negativen Effekt auf die Umwelt aus\u00fcbt, der gestoppt werden muss.<\/p>\n<p>&#8212;&#8212;&#8212;&#8212;&#8212;-<\/p>\n<p><strong>Von Klimakonferenzen und Klimawandelskeptikern: Klimaver\u00e4nderung? Alles L\u00fcge<\/strong><br \/>\nVom 7. bis 18. Dezember 2009 findet in Kopenhagen die UN-Klimakonferenz statt. Wenn bereits im Vorfeld von eher mageren Ergebnissen dieser wichtigen Konferenz ausgegangen wird, dann hat das auch mit der &#8220;erfolgreichen&#8221; Arbeit der weltweit gut organisierten Klimawandelskeptiker zu tun.<\/p>\n<p><strong>Klimaver\u00e4nderung? Alles L\u00fcge<\/strong><br \/>\nEs gibt eine Vielzahl von Kohle-, \u00d6l-\u00a0 und Autokonzernen, die ein massives Interesse daran haben den menschengemachten Klimawandel zu leugnen, zu verharmlosen und herunterzuspielen. Diese aggressive Lobby hat (nicht nur) in den USA jahrelang Kampagnen organisiert, kritische WissenschaftlerInnen bek\u00e4mpft und verleumdet und Klimaschutzgesetze verhindert. Diese Lobby ist weltweit auch heute aktiv. Wenn die Erderw\u00e4rmung und die Zahl der Klimafl\u00fcchtlinge und Klimaopfer zunehmen, dann sind diese Konzerne und ihre Lobbyisten daf\u00fcr mitverantwortlich.<\/p>\n<p>Die Kohle-, \u00d6l- und Autolobbyisten behindern mit ihren aggressiven Methoden, Kampagnen und Totschlagargumenten leider auch eine qualifizierte Diskussion zu tats\u00e4chlich diskussionsw\u00fcrdigen Aspekten und offenen Fragen des Klimawandels.<\/p>\n<p><strong>Es gibt keine menschengemachte Klimaver\u00e4nderung<\/strong><br \/>\nwar eine der vielen Werbeaussagen von Burson Marsteller. Um das Jahr 1990 lancierte das weltweit agierende PR-Unternehmen eine massive und erfolgreiche Anti\u2013Klimaschutzkampagne im Auftrag von verschiedenen US-\u00d6lfirmen und US\u2013Autoherstellern in den USA. Viele klimabelastende Unternehmen waren an der von Burson Marsteller geschaffenen Global Climate Coalition beteiligt. Diese industriegelenkte Scheinb\u00fcrgerinitiative agierte als unabh\u00e4ngige Organisation im Stil einer nichtstaatlichen Organisation und hatte nur ein Ziel: Es ging darum, aus wirtschaftlichen Interessen die Gefahren der Klimaerw\u00e4rmung herunterzuspielen. Wie Susanne Boos in der WOZ berichtete, schaffte es diese Kampagne, eine erste Umweltsteuer, die der US-Pr\u00e4sident Bill Clinton einf\u00fchren wollte, zu beerdigen. \u201eMan trichterte der Bev\u00f6lkerung ein: 1. Die Klimaerw\u00e4rmung ist wissenschaftlich nicht belegt, 2. Ma\u00dfnahmen f\u00fcr den Klimaschutz schaden der Wirtschaft und erh\u00f6hen die Arbeitslosigkeit, 3. Die USA sollen erst dann etwas f\u00fcr den Klimaschutz tun, wenn auch die Entwicklungsl\u00e4nder Ma\u00dfnahmen ergreifen.\u201c (Zitatende) Erst im Jahr 2000 war es nicht mehr m\u00f6glich diese L\u00fcgenm\u00e4rchen zu verbreiten. Die gro\u00dfen Autohersteller verlie\u00dfen die Global Climate Coalition \u2013 und die Tarnorganisation verschwand. Der Schaden der Kampagne f\u00fcr das Weltklima ist betr\u00e4chtlich.<\/p>\n<p><strong>\u201eWegen der Klimaver\u00e4nderung brauchen wir unbedingt mehr Atomkraftwerke\u201c<\/strong><br \/>\nist erstaunlicherweise jetzt die gegens\u00e4tzliche, neue Werbebotschaft der Atomindustrie f\u00fcr die Burson Marsteller nun arbeitet. \u201eWes Brot ich ess, dess Lied ich sing\u201c und diese Lieder klingen doch recht unterschiedlich. Jetzt arbeitet Burson Marsteller f\u00fcr die gro\u00dfen Atomkonzerne und singt laut, misst\u00f6nend und f\u00fcr viel Geld das hohe Lied des Klimaschutzes und der \u201eklimafreundlichen\u201c Atomenergie. So \u00fcbernahm das Berner B\u00fcro von Burson-Marsteller die Gesch\u00e4ftsstelle des Schweizer Nuklearforums. Die geschickte Werbebotschaft der AKW-Betreiber soll Akzeptanz f\u00fcr alte und neue AKW schaffen &#8211; ein spannendes Exempel f\u00fcr organisierte Desinformation. Wie in der Klimal\u00fcgenkampagne wird wieder mit Halbwahrheiten gearbeitet und der Erfolg in den Medien ist erneut betr\u00e4chtlich.<\/p>\n<p><strong>Die S\u00fcddeutsche Zeitung beschreibt die aktuelle PR-Arbeit der Kohle- und \u00d6llobbyisten in den USA<\/strong><br \/>\n&#8220;Seine Besucher empf\u00e4ngt der Physiker Kenneth Green in der Mamorhalle des American Institute \u2013 einem Think-Tank der US-Industrie in der noblen 17. Stra\u00dfe der Hauptstadt Washington. Mit Kampagnen kennt er sich aus. Green ist Texaner. Und Green ist Lobbyist. \u201eWaren das Zeiten, als die Staaten noch vern\u00fcnftig regiert wurden\u201c, scherzt er angriffslustig, lacht und schiebt seinen wuchtigen K\u00f6rper in einen Ledersessel. Die Linke macht Stimmung mit ihrer Klimaideologie. Da werde viel dramatisiert, findet Green.<br \/>\nKlar, die Erde heizt sich auf. Aber ist das ein Grund f\u00fcr Aktionismus?\u201c Wenn in Bangladesch der Meerespiegel steige, sei das nicht weiter schlimm. \u201eDie Menschen dort haben ohnehin wenig. Es w\u00fcrde wenig kosten, ihre St\u00e4dte von den K\u00fcsten ins Inland umzusiedeln.\u201c<br \/>\nZynisch findet Green diese Idee keineswegs. \u201eZynisch sind neue Steuern.\u201c Als h\u00e4tten Wissenschaftler die Gefahren der Treibhausemissionen nie belegt und als w\u00e4re George W. Bush noch immer US-Pr\u00e4sident, machen weite Teile der amerikanischen Wirtschaft Front gegen strenge Klimaregeln. 90 Millionen Dollar lie\u00dfen die US-Konzerne die Lobbyarbeit allein 2008 kosten. Eine Studie des unabh\u00e4ngigen Center for Puplic Integrity machte \u00f6ffentlich, wie gro\u00df die Armada der Klima-Meinungsmacher inzwischen ist: 770 Unternehmen haben in den Staaten rund 2340 Souffleure angeheuert, um Druck auf Abgeordnete und Senatoren auszu\u00fcben \u2013 auf jeden Abgeordneten kommen vier Lobbyisten.&#8221; (Zitatende) Quelle: S\u00fcddeutsche Zeitung 22.11.09<\/p>\n<p><strong>Lobbyismus in Deutschland<\/strong><br \/>\nDie Journalisten und Industrielobbyisten Maxeiner und Miersch sind die klassischen Vertreter f\u00fcr die Kampagnen der gut organisierten Klimawandelskeptiker. Sie schreiben<br \/>\nwas die Atom-und Gentechniklobby gerne h\u00f6rt und versuchen die Kampagnen der Kohle-, \u00d6l- und Atomkonzerne aus den USA auf Deutschland zu \u00fcbertragen.<\/p>\n<p><strong>Drei Tage vor dem Kopenhagen-Gipfel <\/strong><br \/>\nsoll in Berlin eine &#8220;Internationale Klimakonferenz&#8221; stattfinden. &#8220;Einer der Veranstalter ist das &#8220;Liberale Institut&#8221; der FDP-nahen Friedrich-Naumann-Stiftung. Skeptikern und Leugnern der Erderw\u00e4rmung wird die Veranstaltung ein Podium bieten &#8211; einige von ihnen stehen seit langem wegen Zuwendungen von US-\u00d6lkonzernen wie Exxon in der Kritik.<br \/>\nDer Mitveranstalter der Berliner &#8220;Klimakonferenz&#8221;, CFACT aus Washington, hat jahrelang Geld von Unternehmen genommen, die an der Zerst\u00f6rung des Weltklimas ganz gut verdienen: Die lobbyisten-kritische US-Website Sourcewatch.org listet beispielsweise Spenden von Chevron (60.500 Dollar), DaimlerChrysler (25.000 Dollar) oder ExxonMobil (587.000 Dollar) auf. CFACT hat es sich zur Aufgabe gemacht, &#8220;Klima-Alarmismus&#8221; und den &#8220;Global Warming Hype&#8221; zu bek\u00e4mpfen. Zu seinem Mitarbeiterstab z\u00e4hlt der Jenaer CDU-Politiker Holger Thuss. Thuss gr\u00fcndete 2004 einen europ\u00e4ischen CFACT-Ableger, der aber bislang nicht durch gro\u00dfe Aktivit\u00e4ten auffiel. Er ist zudem Mitbesitzer eines Verlages f\u00fcr klimaskeptische B\u00fccher. Und er ist &#8220;Pr\u00e4sident&#8221; des Jenaer Vereins EIKE, der ebenfalls als Einlader f\u00fcr die Berliner Konferenz auftritt. &#8220;Nicht das Klima ist bedroht, sondern unsere Freiheit&#8221;, lautet dessen Schlachtruf.&#8221;\u00a0 (Zitatende)<br \/>\nQuelle: <a href=\"http:\/\/www.wir-klimaretter.de\/content\/view\/4380\/256\/\">www.wir-klimaretter.de<\/a><\/p>\n<p><strong>V\u00e1clav Klaus, der umstrittene Pr\u00e4sident Tschechiens <\/strong><br \/>\nund neoliberale Vordenker k\u00e4mpft tapfer gegen &#8220;Sozialdemokratismus, Europ\u00e4ismus, \u00d6kologismus&#8221; und gegen die &#8220;These vom menschengemachten Klimawandel&#8221;. 2008 referierte er bei einer Konferenz der Klimawandelleugner unter dem Titel &#8220;Wir sollten keine gro\u00dfen Fehler beim Klimawandel machen.&#8221; Klaus ist ein bekannter Quertreiber in der Klimapolitik. &#8220;Die Theorie, dass der CO2-Aussto\u00df die Ursache f\u00fcr den relativ kleinen Klimawandel bildet, ist f\u00fcr mich absolut falsch&#8221;, sagte er in einem Interview mit dem &#8220;Handelsblatt&#8221;. Quelle: Spiegel Online 26.11. 2009<\/p>\n<p>Es ist faszinierend und gleichzeitig bedrohlich zu sehen, wie erfolgreich die atomar\u2013fossilen Energiekonzerne und ihre Lobby mit unglaublich viel Geld und mit sich widersprechenden PR-Kampagnen sehr erfolgreich Desinformation betreiben und das notwendige Handeln und fortschrittliche Gesetze und Abmachungen zum Klimaschutz verhindern. Die Umweltbewegung muss sich st\u00e4rker mit solcher Propaganda, mit Greenwash, PR und Lobbyismus auseinander setzen.<\/p>\n<p><em>Axel Mayer \/ Gesch\u00e4ftsf\u00fchrer<\/em><\/p>\n<h3 class='related_post_title'>Verwandte Beitr\u00e4ge:<\/h3><ul class='related_post'><li><a href=\"http:\/\/konsumpf.de\/?p=14377\" title=\"Lesetipps: FDP-Firmengeflecht | Euro-Tode | H\u00e4nde weg von News | Wasserverschwendung\">Lesetipps: FDP-Firmengeflecht | Euro-Tode | H\u00e4nde weg von News | Wasserverschwendung<\/a><\/li><li><a href=\"http:\/\/konsumpf.de\/?p=14305\" title=\"Aldi u.a. Konzerne nutzen B\u00fcrgerentscheide zu ihren Gunsten\">Aldi u.a. Konzerne nutzen B\u00fcrgerentscheide zu ihren Gunsten<\/a><\/li><li><a href=\"http:\/\/konsumpf.de\/?p=14244\" title=\"Bulb Fiction\u00a0\u2013 Die dunkle Seite der Gl\u00fchbirne\">Bulb Fiction\u00a0\u2013 Die dunkle Seite der Gl\u00fchbirne<\/a><\/li><li><a href=\"http:\/\/konsumpf.de\/?p=8023\" title=\"Die Initiative Neue Soziale Marktwirtschaft und ihr Treiben\">Die Initiative Neue Soziale Marktwirtschaft und ihr Treiben<\/a><\/li><li><a href=\"http:\/\/konsumpf.de\/?p=7931\" title=\"Schwarz wie Milch \u2013 Kurzfilm \u00fcber Manipulation in den Medien\">Schwarz wie Milch \u2013 Kurzfilm \u00fcber Manipulation in den Medien<\/a><\/li><\/ul>","protected":false},"excerpt":{"rendered":"<p>Der BUND Regionalverband S\u00fcdlicher Oberrhein ist sehr aktiv, was Informationen \u00fcber aktuelle Umtriebe diverser Lobbyisten und Umwelts\u00fcnder angeht. So setzt er sich in seiner neuesten Pressemitteilung \u201eVon Klimakonferenzen und Klimawandelskeptikern\u201c mit den Kr\u00e4ften auseinander, die seit Jahrzehnten versuchen, die menschlichen Ursachen in Bezug auf die Umwelt- und Klimaver\u00e4nderung mit widerspr\u00fcchlichen Kampagnen herunterzuspielen. Wenn ich auch [&hellip;]<\/p>\n","protected":false},"author":1,"featured_media":0,"comment_status":"open","ping_status":"open","sticky":false,"template":"","format":"standard","meta":{"footnotes":""},"categories":[320,33,54,50,78],"tags":[789,1139,1063,2884,2863,346],"yoast_head":"<!-- This site is optimized with the Yoast SEO plugin v24.4 - https:\/\/yoast.com\/wordpress\/plugins\/seo\/ -->\n<title>Von Klimakonferenzen und Klimawandelskeptikern: Klimaver\u00e4nderung? Alles L\u00fcge. - Konsumpf - Forum f\u00fcr kreative Konsumkritik - Culture Jamming, Nachhaltigkeit, Konzernkritik, Adbusting<\/title>\n<meta name=\"robots\" content=\"index, follow, max-snippet:-1, max-image-preview:large, max-video-preview:-1\" \/>\n<link rel=\"canonical\" href=\"https:\/\/konsumpf.de\/?p=6380\" \/>\n<meta property=\"og:locale\" content=\"de_DE\" \/>\n<meta property=\"og:type\" content=\"article\" \/>\n<meta property=\"og:title\" content=\"Von Klimakonferenzen und Klimawandelskeptikern: Klimaver\u00e4nderung? Alles L\u00fcge. - Konsumpf - Forum f\u00fcr kreative Konsumkritik - Culture Jamming, Nachhaltigkeit, Konzernkritik, Adbusting\" \/>\n<meta property=\"og:description\" content=\"Der BUND Regionalverband S\u00fcdlicher Oberrhein ist sehr aktiv, was Informationen \u00fcber aktuelle Umtriebe diverser Lobbyisten und Umwelts\u00fcnder angeht. So setzt er sich in seiner neuesten Pressemitteilung \u201eVon Klimakonferenzen und Klimawandelskeptikern\u201c mit den Kr\u00e4ften auseinander, die seit Jahrzehnten versuchen, die menschlichen Ursachen in Bezug auf die Umwelt- und Klimaver\u00e4nderung mit widerspr\u00fcchlichen Kampagnen herunterzuspielen. Wenn ich auch [&hellip;]\" \/>\n<meta property=\"og:url\" content=\"https:\/\/konsumpf.de\/?p=6380\" \/>\n<meta property=\"og:site_name\" content=\"Konsumpf - Forum f\u00fcr kreative Konsumkritik - Culture Jamming, Nachhaltigkeit, Konzernkritik, Adbusting\" \/>\n<meta property=\"article:published_time\" content=\"2009-11-30T08:30:50+00:00\" \/>\n<meta property=\"article:modified_time\" content=\"2009-11-30T10:13:40+00:00\" \/>\n<meta property=\"og:image\" content=\"http:\/\/konsumpf.de\/wp-content\/uploads\/2009\/11\/dead_drought_tree.jpg\" \/>\n<meta name=\"author\" content=\"Peter M.\" \/>\n<meta name=\"twitter:card\" content=\"summary_large_image\" \/>\n<meta name=\"twitter:label1\" content=\"Verfasst von\" \/>\n\t<meta name=\"twitter:data1\" content=\"Peter M.\" \/>\n\t<meta name=\"twitter:label2\" content=\"Gesch\u00e4tzte Lesezeit\" \/>\n\t<meta name=\"twitter:data2\" content=\"6\u00a0Minuten\" \/>\n<script type=\"application\/ld+json\" class=\"yoast-schema-graph\">{\"@context\":\"https:\/\/schema.org\",\"@graph\":[{\"@type\":\"WebPage\",\"@id\":\"https:\/\/konsumpf.de\/?p=6380\",\"url\":\"https:\/\/konsumpf.de\/?p=6380\",\"name\":\"Von Klimakonferenzen und Klimawandelskeptikern: Klimaver\u00e4nderung? Alles L\u00fcge. - Konsumpf - Forum f\u00fcr kreative Konsumkritik - Culture Jamming, Nachhaltigkeit, Konzernkritik, Adbusting\",\"isPartOf\":{\"@id\":\"https:\/\/konsumpf.de\/#website\"},\"primaryImageOfPage\":{\"@id\":\"https:\/\/konsumpf.de\/?p=6380#primaryimage\"},\"image\":{\"@id\":\"https:\/\/konsumpf.de\/?p=6380#primaryimage\"},\"thumbnailUrl\":\"http:\/\/konsumpf.de\/wp-content\/uploads\/2009\/11\/dead_drought_tree.jpg\",\"datePublished\":\"2009-11-30T08:30:50+00:00\",\"dateModified\":\"2009-11-30T10:13:40+00:00\",\"author\":{\"@id\":\"https:\/\/konsumpf.de\/#\/schema\/person\/e595a6d286b26994e7e0926d70699070\"},\"breadcrumb\":{\"@id\":\"https:\/\/konsumpf.de\/?p=6380#breadcrumb\"},\"inLanguage\":\"de\",\"potentialAction\":[{\"@type\":\"ReadAction\",\"target\":[\"https:\/\/konsumpf.de\/?p=6380\"]}]},{\"@type\":\"ImageObject\",\"inLanguage\":\"de\",\"@id\":\"https:\/\/konsumpf.de\/?p=6380#primaryimage\",\"url\":\"https:\/\/konsumpf.de\/wp-content\/uploads\/2009\/11\/dead_drought_tree.jpg\",\"contentUrl\":\"https:\/\/konsumpf.de\/wp-content\/uploads\/2009\/11\/dead_drought_tree.jpg\",\"width\":\"300\",\"height\":\"200\"},{\"@type\":\"BreadcrumbList\",\"@id\":\"https:\/\/konsumpf.de\/?p=6380#breadcrumb\",\"itemListElement\":[{\"@type\":\"ListItem\",\"position\":1,\"name\":\"Startseite\",\"item\":\"https:\/\/konsumpf.de\/\"},{\"@type\":\"ListItem\",\"position\":2,\"name\":\"Von Klimakonferenzen und Klimawandelskeptikern: Klimaver\u00e4nderung? Alles L\u00fcge.\"}]},{\"@type\":\"WebSite\",\"@id\":\"https:\/\/konsumpf.de\/#website\",\"url\":\"https:\/\/konsumpf.de\/\",\"name\":\"Konsumpf - Forum f\u00fcr kreative Konsumkritik - Culture Jamming, Nachhaltigkeit, Konzernkritik, Adbusting\",\"description\":\"\",\"potentialAction\":[{\"@type\":\"SearchAction\",\"target\":{\"@type\":\"EntryPoint\",\"urlTemplate\":\"https:\/\/konsumpf.de\/?s={search_term_string}\"},\"query-input\":{\"@type\":\"PropertyValueSpecification\",\"valueRequired\":true,\"valueName\":\"search_term_string\"}}],\"inLanguage\":\"de\"},{\"@type\":\"Person\",\"@id\":\"https:\/\/konsumpf.de\/#\/schema\/person\/e595a6d286b26994e7e0926d70699070\",\"name\":\"Peter M.\",\"sameAs\":[\"http:\/\/konsumpf.de\"]}]}<\/script>\n<!-- \/ Yoast SEO plugin. -->","yoast_head_json":{"title":"Von Klimakonferenzen und Klimawandelskeptikern: Klimaver\u00e4nderung? Alles L\u00fcge. - Konsumpf - Forum f\u00fcr kreative Konsumkritik - Culture Jamming, Nachhaltigkeit, Konzernkritik, Adbusting","robots":{"index":"index","follow":"follow","max-snippet":"max-snippet:-1","max-image-preview":"max-image-preview:large","max-video-preview":"max-video-preview:-1"},"canonical":"https:\/\/konsumpf.de\/?p=6380","og_locale":"de_DE","og_type":"article","og_title":"Von Klimakonferenzen und Klimawandelskeptikern: Klimaver\u00e4nderung? Alles L\u00fcge. - Konsumpf - Forum f\u00fcr kreative Konsumkritik - Culture Jamming, Nachhaltigkeit, Konzernkritik, Adbusting","og_description":"Der BUND Regionalverband S\u00fcdlicher Oberrhein ist sehr aktiv, was Informationen \u00fcber aktuelle Umtriebe diverser Lobbyisten und Umwelts\u00fcnder angeht. So setzt er sich in seiner neuesten Pressemitteilung \u201eVon Klimakonferenzen und Klimawandelskeptikern\u201c mit den Kr\u00e4ften auseinander, die seit Jahrzehnten versuchen, die menschlichen Ursachen in Bezug auf die Umwelt- und Klimaver\u00e4nderung mit widerspr\u00fcchlichen Kampagnen herunterzuspielen. Wenn ich auch [&hellip;]","og_url":"https:\/\/konsumpf.de\/?p=6380","og_site_name":"Konsumpf - Forum f\u00fcr kreative Konsumkritik - Culture Jamming, Nachhaltigkeit, Konzernkritik, Adbusting","article_published_time":"2009-11-30T08:30:50+00:00","article_modified_time":"2009-11-30T10:13:40+00:00","og_image":[{"url":"http:\/\/konsumpf.de\/wp-content\/uploads\/2009\/11\/dead_drought_tree.jpg","type":"","width":"","height":""}],"author":"Peter M.","twitter_card":"summary_large_image","twitter_misc":{"Verfasst von":"Peter M.","Gesch\u00e4tzte Lesezeit":"6\u00a0Minuten"},"schema":{"@context":"https:\/\/schema.org","@graph":[{"@type":"WebPage","@id":"https:\/\/konsumpf.de\/?p=6380","url":"https:\/\/konsumpf.de\/?p=6380","name":"Von Klimakonferenzen und Klimawandelskeptikern: Klimaver\u00e4nderung? Alles L\u00fcge. - Konsumpf - Forum f\u00fcr kreative Konsumkritik - Culture Jamming, Nachhaltigkeit, Konzernkritik, Adbusting","isPartOf":{"@id":"https:\/\/konsumpf.de\/#website"},"primaryImageOfPage":{"@id":"https:\/\/konsumpf.de\/?p=6380#primaryimage"},"image":{"@id":"https:\/\/konsumpf.de\/?p=6380#primaryimage"},"thumbnailUrl":"http:\/\/konsumpf.de\/wp-content\/uploads\/2009\/11\/dead_drought_tree.jpg","datePublished":"2009-11-30T08:30:50+00:00","dateModified":"2009-11-30T10:13:40+00:00","author":{"@id":"https:\/\/konsumpf.de\/#\/schema\/person\/e595a6d286b26994e7e0926d70699070"},"breadcrumb":{"@id":"https:\/\/konsumpf.de\/?p=6380#breadcrumb"},"inLanguage":"de","potentialAction":[{"@type":"ReadAction","target":["https:\/\/konsumpf.de\/?p=6380"]}]},{"@type":"ImageObject","inLanguage":"de","@id":"https:\/\/konsumpf.de\/?p=6380#primaryimage","url":"https:\/\/konsumpf.de\/wp-content\/uploads\/2009\/11\/dead_drought_tree.jpg","contentUrl":"https:\/\/konsumpf.de\/wp-content\/uploads\/2009\/11\/dead_drought_tree.jpg","width":"300","height":"200"},{"@type":"BreadcrumbList","@id":"https:\/\/konsumpf.de\/?p=6380#breadcrumb","itemListElement":[{"@type":"ListItem","position":1,"name":"Startseite","item":"https:\/\/konsumpf.de\/"},{"@type":"ListItem","position":2,"name":"Von Klimakonferenzen und Klimawandelskeptikern: Klimaver\u00e4nderung? Alles L\u00fcge."}]},{"@type":"WebSite","@id":"https:\/\/konsumpf.de\/#website","url":"https:\/\/konsumpf.de\/","name":"Konsumpf - Forum f\u00fcr kreative Konsumkritik - Culture Jamming, Nachhaltigkeit, Konzernkritik, Adbusting","description":"","potentialAction":[{"@type":"SearchAction","target":{"@type":"EntryPoint","urlTemplate":"https:\/\/konsumpf.de\/?s={search_term_string}"},"query-input":{"@type":"PropertyValueSpecification","valueRequired":true,"valueName":"search_term_string"}}],"inLanguage":"de"},{"@type":"Person","@id":"https:\/\/konsumpf.de\/#\/schema\/person\/e595a6d286b26994e7e0926d70699070","name":"Peter M.","sameAs":["http:\/\/konsumpf.de"]}]}},"_links":{"self":[{"href":"https:\/\/konsumpf.de\/index.php?rest_route=\/wp\/v2\/posts\/6380"}],"collection":[{"href":"https:\/\/konsumpf.de\/index.php?rest_route=\/wp\/v2\/posts"}],"about":[{"href":"https:\/\/konsumpf.de\/index.php?rest_route=\/wp\/v2\/types\/post"}],"author":[{"embeddable":true,"href":"https:\/\/konsumpf.de\/index.php?rest_route=\/wp\/v2\/users\/1"}],"replies":[{"embeddable":true,"href":"https:\/\/konsumpf.de\/index.php?rest_route=%2Fwp%2Fv2%2Fcomments&post=6380"}],"version-history":[{"count":5,"href":"https:\/\/konsumpf.de\/index.php?rest_route=\/wp\/v2\/posts\/6380\/revisions"}],"predecessor-version":[{"id":6399,"href":"https:\/\/konsumpf.de\/index.php?rest_route=\/wp\/v2\/posts\/6380\/revisions\/6399"}],"wp:attachment":[{"href":"https:\/\/konsumpf.de\/index.php?rest_route=%2Fwp%2Fv2%2Fmedia&parent=6380"}],"wp:term":[{"taxonomy":"category","embeddable":true,"href":"https:\/\/konsumpf.de\/index.php?rest_route=%2Fwp%2Fv2%2Fcategories&post=6380"},{"taxonomy":"post_tag","embeddable":true,"href":"https:\/\/konsumpf.de\/index.php?rest_route=%2Fwp%2Fv2%2Ftags&post=6380"}],"curies":[{"name":"wp","href":"https:\/\/api.w.org\/{rel}","templated":true}]}}