{"id":6268,"date":"2009-11-13T11:13:38","date_gmt":"2009-11-13T09:13:38","guid":{"rendered":"http:\/\/konsumpf.de\/?p=6268"},"modified":"2009-11-11T20:47:44","modified_gmt":"2009-11-11T18:47:44","slug":"aldi-system-der-angst","status":"publish","type":"post","link":"https:\/\/konsumpf.de\/?p=6268","title":{"rendered":"Aldi &#8211; System der Angst"},"content":{"rendered":"<p>Als Abschluss meiner kleinen Woche der \u201eDiscounter-Information\u201c m\u00f6chte ich heute noch auf einen brandaktuellen Artikel im <strong>Spiegel<\/strong> hinweisen \u2013 \u201e<a href=\"http:\/\/www.spiegel.de\/spiegel\/print\/d-67510049.html\"><strong>System der Angst<\/strong><\/a>\u201c (<a href=\"http:\/\/wissen.spiegel.de\/wissen\/image\/show.html?did=67510049&amp;aref=image040\/2009\/10\/24\/ROSP200904400800082.PDF&amp;thumb=false\">pdf<\/a>), der sehr klar macht, dass <strong>Aldi<\/strong> mitnichten der \u201egute Discounter\u201c im Heer der ganzen schwarzen Schafe ist, sondern dass das generelle Discount-Prinzip GRUNDS\u00c4TZLICH aktiv gegen den Menschen und seine (langfristigen) Bed\u00fcrfnisse gerichtet ist. Nur die (niedrigen) Kosten stehen im Fokus der Macher \u2013 kosten sie (den Rest der Welt), was sie wollen! Wer also dort einkauft, obwohl er sich auch andere Gesch\u00e4fte leisten k\u00f6nnte, unterst\u00fctzt dies direkt und belohnt diese Herren auch noch f\u00fcr ihr Treiben&#8230; Und wie ich schon mal schrieb, ist die Ausbeutung der MitarbeiterInnen nur ein Teil des ganzen perfiden Systems. (Ich verweise auch noch auf den ausf\u00fchrlichen Kommentar des Bloglesers Insider hier bei mir: <a href=\"http:\/\/konsumpf.de\/?p=6237&amp;cpage=1#comment-1943\">&gt;&gt; hier.<\/a>)<\/p>\n<blockquote><p>(&#8230;) Die gelernte Einzelhandelskauffrau hatte keine Vorbehalte gegen den Discounter, als Arbeitgeber bekam Aldi bislang vergleichsweise gute Noten. Im Mai vergangenen Jahres fing sie an. Mittlerweile hat sie ihre Illusionen verloren. &#8220;Das Unternehmen geht genauso miserabel mit seinen Mitarbeitern um wie andere Discounter auch&#8221;, bilanziert die 37-J\u00e4hrige. &#8220;Es kann die Defizite nur besser kaschieren.&#8221; (&#8230;)<\/p><\/blockquote>\n<p>\u00dcbrigens wird die Doku \u201e<strong>Aldi \u2013 Mutter aller Discounter<\/strong>\u201c am 12.12. um 22:30 Uhr auf Phoenix noch einmal ausgestrahlt!<\/p>\n<h3 class='related_post_title'>Verwandte Beitr\u00e4ge:<\/h3><ul class='related_post'><li><a href=\"http:\/\/konsumpf.de\/?p=13677\" title=\"Fernsehtipp: Der Lidl-Check\">Fernsehtipp: Der Lidl-Check<\/a><\/li><li><a href=\"http:\/\/konsumpf.de\/?p=12338\" title=\"Sch\u00f6nf\u00e4rberei konkret bei Discountern\">Sch\u00f6nf\u00e4rberei konkret bei Discountern<\/a><\/li><li><a href=\"http:\/\/konsumpf.de\/?p=11704\" title=\"Billig ist unfair \u2013 Ausbeutung sichtbar machen!\">Billig ist unfair \u2013 Ausbeutung sichtbar machen!<\/a><\/li><li><a href=\"http:\/\/konsumpf.de\/?p=10941\" title=\"Discounter: Reibach auf dem R\u00fccken der Menschen &#8211; Beispiel Netto\">Discounter: Reibach auf dem R\u00fccken der Menschen &#8211; Beispiel Netto<\/a><\/li><li><a href=\"http:\/\/konsumpf.de\/?p=8932\" title=\"Sch\u00f6n! F\u00e4rber! PR ist Augenwischerei\">Sch\u00f6n! F\u00e4rber! PR ist Augenwischerei<\/a><\/li><\/ul>","protected":false},"excerpt":{"rendered":"<p>Als Abschluss meiner kleinen Woche der \u201eDiscounter-Information\u201c m\u00f6chte ich heute noch auf einen brandaktuellen Artikel im Spiegel hinweisen \u2013 \u201eSystem der Angst\u201c (pdf), der sehr klar macht, dass Aldi mitnichten der \u201egute Discounter\u201c im Heer der ganzen schwarzen Schafe ist, sondern dass das generelle Discount-Prinzip GRUNDS\u00c4TZLICH aktiv gegen den Menschen und seine (langfristigen) Bed\u00fcrfnisse gerichtet [&hellip;]<\/p>\n","protected":false},"author":1,"featured_media":0,"comment_status":"open","ping_status":"open","sticky":false,"template":"","format":"standard","meta":{"footnotes":""},"categories":[23,259,78],"tags":[25,603,2860],"yoast_head":"<!-- This site is optimized with the Yoast SEO plugin v24.4 - https:\/\/yoast.com\/wordpress\/plugins\/seo\/ -->\n<title>Aldi - System der Angst - Konsumpf - Forum f\u00fcr kreative Konsumkritik - Culture Jamming, Nachhaltigkeit, Konzernkritik, Adbusting<\/title>\n<meta name=\"robots\" content=\"index, follow, max-snippet:-1, max-image-preview:large, max-video-preview:-1\" \/>\n<link rel=\"canonical\" href=\"https:\/\/konsumpf.de\/?p=6268\" \/>\n<meta property=\"og:locale\" content=\"de_DE\" \/>\n<meta property=\"og:type\" content=\"article\" \/>\n<meta property=\"og:title\" content=\"Aldi - System der Angst - Konsumpf - Forum f\u00fcr kreative Konsumkritik - Culture Jamming, Nachhaltigkeit, Konzernkritik, Adbusting\" \/>\n<meta property=\"og:description\" content=\"Als Abschluss meiner kleinen Woche der \u201eDiscounter-Information\u201c m\u00f6chte ich heute noch auf einen brandaktuellen Artikel im Spiegel hinweisen \u2013 \u201eSystem der Angst\u201c (pdf), der sehr klar macht, dass Aldi mitnichten der \u201egute Discounter\u201c im Heer der ganzen schwarzen Schafe ist, sondern dass das generelle Discount-Prinzip GRUNDS\u00c4TZLICH aktiv gegen den Menschen und seine (langfristigen) Bed\u00fcrfnisse gerichtet [&hellip;]\" \/>\n<meta property=\"og:url\" content=\"https:\/\/konsumpf.de\/?p=6268\" \/>\n<meta property=\"og:site_name\" content=\"Konsumpf - Forum f\u00fcr kreative Konsumkritik - Culture Jamming, Nachhaltigkeit, Konzernkritik, Adbusting\" \/>\n<meta property=\"article:published_time\" content=\"2009-11-13T09:13:38+00:00\" \/>\n<meta name=\"author\" content=\"Peter M.\" \/>\n<meta name=\"twitter:card\" content=\"summary_large_image\" \/>\n<meta name=\"twitter:label1\" content=\"Verfasst von\" \/>\n\t<meta name=\"twitter:data1\" content=\"Peter M.\" \/>\n\t<meta name=\"twitter:label2\" content=\"Gesch\u00e4tzte Lesezeit\" \/>\n\t<meta name=\"twitter:data2\" content=\"1\u00a0Minute\" \/>\n<script type=\"application\/ld+json\" class=\"yoast-schema-graph\">{\"@context\":\"https:\/\/schema.org\",\"@graph\":[{\"@type\":\"WebPage\",\"@id\":\"https:\/\/konsumpf.de\/?p=6268\",\"url\":\"https:\/\/konsumpf.de\/?p=6268\",\"name\":\"Aldi - System der Angst - Konsumpf - Forum f\u00fcr kreative Konsumkritik - Culture Jamming, Nachhaltigkeit, Konzernkritik, Adbusting\",\"isPartOf\":{\"@id\":\"https:\/\/konsumpf.de\/#website\"},\"datePublished\":\"2009-11-13T09:13:38+00:00\",\"author\":{\"@id\":\"https:\/\/konsumpf.de\/#\/schema\/person\/e595a6d286b26994e7e0926d70699070\"},\"breadcrumb\":{\"@id\":\"https:\/\/konsumpf.de\/?p=6268#breadcrumb\"},\"inLanguage\":\"de\",\"potentialAction\":[{\"@type\":\"ReadAction\",\"target\":[\"https:\/\/konsumpf.de\/?p=6268\"]}]},{\"@type\":\"BreadcrumbList\",\"@id\":\"https:\/\/konsumpf.de\/?p=6268#breadcrumb\",\"itemListElement\":[{\"@type\":\"ListItem\",\"position\":1,\"name\":\"Startseite\",\"item\":\"https:\/\/konsumpf.de\/\"},{\"@type\":\"ListItem\",\"position\":2,\"name\":\"Aldi &#8211; System der Angst\"}]},{\"@type\":\"WebSite\",\"@id\":\"https:\/\/konsumpf.de\/#website\",\"url\":\"https:\/\/konsumpf.de\/\",\"name\":\"Konsumpf - Forum f\u00fcr kreative Konsumkritik - Culture Jamming, Nachhaltigkeit, Konzernkritik, Adbusting\",\"description\":\"\",\"potentialAction\":[{\"@type\":\"SearchAction\",\"target\":{\"@type\":\"EntryPoint\",\"urlTemplate\":\"https:\/\/konsumpf.de\/?s={search_term_string}\"},\"query-input\":{\"@type\":\"PropertyValueSpecification\",\"valueRequired\":true,\"valueName\":\"search_term_string\"}}],\"inLanguage\":\"de\"},{\"@type\":\"Person\",\"@id\":\"https:\/\/konsumpf.de\/#\/schema\/person\/e595a6d286b26994e7e0926d70699070\",\"name\":\"Peter M.\",\"sameAs\":[\"http:\/\/konsumpf.de\"]}]}<\/script>\n<!-- \/ Yoast SEO plugin. -->","yoast_head_json":{"title":"Aldi - System der Angst - Konsumpf - Forum f\u00fcr kreative Konsumkritik - Culture Jamming, Nachhaltigkeit, Konzernkritik, Adbusting","robots":{"index":"index","follow":"follow","max-snippet":"max-snippet:-1","max-image-preview":"max-image-preview:large","max-video-preview":"max-video-preview:-1"},"canonical":"https:\/\/konsumpf.de\/?p=6268","og_locale":"de_DE","og_type":"article","og_title":"Aldi - System der Angst - Konsumpf - Forum f\u00fcr kreative Konsumkritik - Culture Jamming, Nachhaltigkeit, Konzernkritik, Adbusting","og_description":"Als Abschluss meiner kleinen Woche der \u201eDiscounter-Information\u201c m\u00f6chte ich heute noch auf einen brandaktuellen Artikel im Spiegel hinweisen \u2013 \u201eSystem der Angst\u201c (pdf), der sehr klar macht, dass Aldi mitnichten der \u201egute Discounter\u201c im Heer der ganzen schwarzen Schafe ist, sondern dass das generelle Discount-Prinzip GRUNDS\u00c4TZLICH aktiv gegen den Menschen und seine (langfristigen) Bed\u00fcrfnisse gerichtet [&hellip;]","og_url":"https:\/\/konsumpf.de\/?p=6268","og_site_name":"Konsumpf - Forum f\u00fcr kreative Konsumkritik - Culture Jamming, Nachhaltigkeit, Konzernkritik, Adbusting","article_published_time":"2009-11-13T09:13:38+00:00","author":"Peter M.","twitter_card":"summary_large_image","twitter_misc":{"Verfasst von":"Peter M.","Gesch\u00e4tzte Lesezeit":"1\u00a0Minute"},"schema":{"@context":"https:\/\/schema.org","@graph":[{"@type":"WebPage","@id":"https:\/\/konsumpf.de\/?p=6268","url":"https:\/\/konsumpf.de\/?p=6268","name":"Aldi - System der Angst - Konsumpf - Forum f\u00fcr kreative Konsumkritik - Culture Jamming, Nachhaltigkeit, Konzernkritik, Adbusting","isPartOf":{"@id":"https:\/\/konsumpf.de\/#website"},"datePublished":"2009-11-13T09:13:38+00:00","author":{"@id":"https:\/\/konsumpf.de\/#\/schema\/person\/e595a6d286b26994e7e0926d70699070"},"breadcrumb":{"@id":"https:\/\/konsumpf.de\/?p=6268#breadcrumb"},"inLanguage":"de","potentialAction":[{"@type":"ReadAction","target":["https:\/\/konsumpf.de\/?p=6268"]}]},{"@type":"BreadcrumbList","@id":"https:\/\/konsumpf.de\/?p=6268#breadcrumb","itemListElement":[{"@type":"ListItem","position":1,"name":"Startseite","item":"https:\/\/konsumpf.de\/"},{"@type":"ListItem","position":2,"name":"Aldi &#8211; System der Angst"}]},{"@type":"WebSite","@id":"https:\/\/konsumpf.de\/#website","url":"https:\/\/konsumpf.de\/","name":"Konsumpf - Forum f\u00fcr kreative Konsumkritik - Culture Jamming, Nachhaltigkeit, Konzernkritik, Adbusting","description":"","potentialAction":[{"@type":"SearchAction","target":{"@type":"EntryPoint","urlTemplate":"https:\/\/konsumpf.de\/?s={search_term_string}"},"query-input":{"@type":"PropertyValueSpecification","valueRequired":true,"valueName":"search_term_string"}}],"inLanguage":"de"},{"@type":"Person","@id":"https:\/\/konsumpf.de\/#\/schema\/person\/e595a6d286b26994e7e0926d70699070","name":"Peter M.","sameAs":["http:\/\/konsumpf.de"]}]}},"_links":{"self":[{"href":"https:\/\/konsumpf.de\/index.php?rest_route=\/wp\/v2\/posts\/6268"}],"collection":[{"href":"https:\/\/konsumpf.de\/index.php?rest_route=\/wp\/v2\/posts"}],"about":[{"href":"https:\/\/konsumpf.de\/index.php?rest_route=\/wp\/v2\/types\/post"}],"author":[{"embeddable":true,"href":"https:\/\/konsumpf.de\/index.php?rest_route=\/wp\/v2\/users\/1"}],"replies":[{"embeddable":true,"href":"https:\/\/konsumpf.de\/index.php?rest_route=%2Fwp%2Fv2%2Fcomments&post=6268"}],"version-history":[{"count":2,"href":"https:\/\/konsumpf.de\/index.php?rest_route=\/wp\/v2\/posts\/6268\/revisions"}],"predecessor-version":[{"id":6270,"href":"https:\/\/konsumpf.de\/index.php?rest_route=\/wp\/v2\/posts\/6268\/revisions\/6270"}],"wp:attachment":[{"href":"https:\/\/konsumpf.de\/index.php?rest_route=%2Fwp%2Fv2%2Fmedia&parent=6268"}],"wp:term":[{"taxonomy":"category","embeddable":true,"href":"https:\/\/konsumpf.de\/index.php?rest_route=%2Fwp%2Fv2%2Fcategories&post=6268"},{"taxonomy":"post_tag","embeddable":true,"href":"https:\/\/konsumpf.de\/index.php?rest_route=%2Fwp%2Fv2%2Ftags&post=6268"}],"curies":[{"name":"wp","href":"https:\/\/api.w.org\/{rel}","templated":true}]}}