{"id":6259,"date":"2009-11-11T13:13:07","date_gmt":"2009-11-11T11:13:07","guid":{"rendered":"http:\/\/konsumpf.de\/?p=6259"},"modified":"2009-11-11T13:13:07","modified_gmt":"2009-11-11T11:13:07","slug":"fernsehtipp-eco-crimes","status":"publish","type":"post","link":"https:\/\/konsumpf.de\/?p=6259","title":{"rendered":"Fernsehtipp: Eco-Crimes"},"content":{"rendered":"<p>Heute l\u00e4uft ausnahmsweise mal wieder was Interessantes im Fernsehen \u2013 die dreiteilige Dokureihe \u201e<strong>Eco-Crimes \u2013 Verbrechen gegen die Natur<\/strong>\u201c. Die <strong>ARD<\/strong> sendet heute ab 23 Uhr eine <a href=\"http:\/\/www.daserste.de\/doku\/beitrag_dyn~uid,wrrf6rq10g677thm~cm.asp\">90 min\u00fctige Zusammenfassung<\/a> der drei, jeweils 45 Minuten langen Teile, und im <strong>WDR<\/strong> werden alle drei Teile \u2013 \u201e<a href=\"http:\/\/www.wdr.de\/tv\/wdr-dok\/sendungsbeitraege\/2009\/1123\/eco_crimes_1.jsp\"><strong>Ozonkiller<\/strong><\/a>\u201c, \u201e<a href=\"http:\/\/www.wdr.de\/tv\/wdr-dok\/sendungsbeitraege\/2009\/1123\/eco_crimes_2.jsp\"><strong>Tibet-Connection<\/strong><\/a>\u201c und \u201e<a href=\"http:\/\/www.wdr.de\/tv\/wdr-dok\/sendungsbeitraege\/2009\/1123\/eco_crimes_3.jsp\"><strong>Piratenfischer<\/strong><\/a>\u201c am Montag, den 23.11. ab 22 Uhr hintereinander weg ausgestrahlt.<\/p>\n<blockquote>\n<div class=\"wsArticleUnit\">\n<p>Aus Anlass der UN-Klimakonferenz in Kopenhagen widmet sich das WDR-Fernsehen dem Thema Umwelt mit einem brisanten Dreiteiler: eco-crimes. Das organisierte Verbrechen hat ein neues Bet\u00e4tigungsfeld. Experten nennen es in einem Atemzug mit Waffen- und Drogenschmuggel. Milliardengesch\u00e4fte zu Lasten des Kostbarsten, was die Natur zu bieten hat. Schwarzhandel mit dem Teuersten, das Umweltgesetze verbieten. Die vielen internationalen Abkommen zum Schutz der Umwelt wiegen die \u00d6ffentlichkeit in tr\u00fcgerischer Sicherheit. Sie k\u00f6nnen nicht verhindern, dass die sch\u00fctzenden Schichten der Atmosph\u00e4re durchl\u00f6chert, Meere leer gefischt und ganze Tierarten ausgerottet werden. Es mangelt nicht an neuen Paragraphen, sondern am politischen Willen, bestehende Gesetze und Konventionen auch durchzusetzen. Es fehlt an Kontrolleuren, Ausr\u00fcstung und Geld, um den Umweltverbrechern das Handwerk zu legen.<\/p><\/div>\n<div class=\"wsArticleUnit\">\n<p>Diese dreiteilige Filmreihe dokumentiert zum ersten Mal, wie inter-national operierende Netzwerke von Wilderern, Piraten, Schmugglern und Kartellen \u00fcber die Sch\u00e4tze der Natur herfallen und dadurch die nat\u00fcrlichen Lebensgrundlagen bedrohen. &#8220;eco-crimes&#8221; zeigen aber auch, wie engagierte Menschen den Kampf gegen diese Umwelt-Mafia aufgenommen haben: hartn\u00e4ckige Zollbeamte, mutige Fischereikontrolleure, entschlossene Staatsanw\u00e4lte und vor allem die Mitarbeiter regierungsunabh\u00e4ngiger Umweltschutzorganisationen, die &#8220;undercover&#8221; recherchieren und dabei ihr Leben riskieren. Mit ihrer Unterst\u00fctzung sowie anhand von Gerichtsakten, Verh\u00f6rprotokollen und Zeugenaussagen zeichnet jede Folge einen authentischen Fall von &#8220;eco-crimes&#8221; nach. Einen, der uns alle betrifft: der Handel mit verbotenen Chemikalien, die die Ozonschicht zerst\u00f6ren &#8211; die illegale Fischerei auf den Weltmeeren &#8211; das Gesch\u00e4ft mit seltenen Tierarten.<\/p><\/div>\n<div class=\"wsArticleUnit\">\n<p>Die Filme sind das Ergebnis einer \u00fcber dreij\u00e4hrigen Recherche der Filmemacher Heinz Greuling und Thomas Weidenbach. Die Dreharbeiten fanden rund um den Globus statt. Die Filmemacher konnten auf seltene und zum gr\u00f6\u00dften Teil noch nie im Fernsehen gezeigte Beweisvideos von Beh\u00f6rden, dem Milit\u00e4r und Umweltdetektiven zur\u00fcckgreifen. Einige Szenen der Filme wurden aufwendig nachgestellt, an den Originalschaupl\u00e4tzen und mit Hilfe der echten Ermittler, die selber vor der Kamera mitwirken.<\/p><\/div>\n<\/blockquote>\n<h3 class='related_post_title'>Verwandte Beitr\u00e4ge:<\/h3><ul class='related_post'><li><a href=\"http:\/\/konsumpf.de\/?p=11386\" title=\"Fernsehtipp: Umweltschutz und Nachhaltigkeit auf ARTE.tv\">Fernsehtipp: Umweltschutz und Nachhaltigkeit auf ARTE.tv<\/a><\/li><li><a href=\"http:\/\/konsumpf.de\/?p=15112\" title=\"Fernsehtipp: Weniger ist mehr \u2013 Die Grenzen des Wachstums und das bessere Leben\">Fernsehtipp: Weniger ist mehr \u2013 Die Grenzen des Wachstums und das bessere Leben<\/a><\/li><li><a href=\"http:\/\/konsumpf.de\/?p=15064\" title=\"Wahlplakat-Adbusting 2013\">Wahlplakat-Adbusting 2013<\/a><\/li><li><a href=\"http:\/\/konsumpf.de\/?p=14510\" title=\"Lesetipps, Internet-Edition: 4 Sheriffs zensieren das Internet | Die Debatte ums Leistungsschutzrecht\">Lesetipps, Internet-Edition: 4 Sheriffs zensieren das Internet | Die Debatte ums Leistungsschutzrecht<\/a><\/li><li><a href=\"http:\/\/konsumpf.de\/?p=14220\" title=\"Abgefahren \u2013 vom Ende des Autos\">Abgefahren \u2013 vom Ende des Autos<\/a><\/li><\/ul>","protected":false},"excerpt":{"rendered":"<p>Heute l\u00e4uft ausnahmsweise mal wieder was Interessantes im Fernsehen \u2013 die dreiteilige Dokureihe \u201eEco-Crimes \u2013 Verbrechen gegen die Natur\u201c. Die ARD sendet heute ab 23 Uhr eine 90 min\u00fctige Zusammenfassung der drei, jeweils 45 Minuten langen Teile, und im WDR werden alle drei Teile \u2013 \u201eOzonkiller\u201c, \u201eTibet-Connection\u201c und \u201ePiratenfischer\u201c am Montag, den 23.11. ab 22 [&hellip;]<\/p>\n","protected":false},"author":1,"featured_media":0,"comment_status":"open","ping_status":"open","sticky":false,"template":"","format":"standard","meta":{"footnotes":""},"categories":[34,259,37,334,50,78],"tags":[1112,656,1113,762,2868,847],"yoast_head":"<!-- This site is optimized with the Yoast SEO plugin v24.4 - https:\/\/yoast.com\/wordpress\/plugins\/seo\/ -->\n<title>Fernsehtipp: Eco-Crimes - Konsumpf - Forum f\u00fcr kreative Konsumkritik - Culture Jamming, Nachhaltigkeit, Konzernkritik, Adbusting<\/title>\n<meta name=\"robots\" content=\"index, follow, max-snippet:-1, max-image-preview:large, max-video-preview:-1\" \/>\n<link rel=\"canonical\" href=\"https:\/\/konsumpf.de\/?p=6259\" \/>\n<meta property=\"og:locale\" content=\"de_DE\" \/>\n<meta property=\"og:type\" content=\"article\" \/>\n<meta property=\"og:title\" content=\"Fernsehtipp: Eco-Crimes - Konsumpf - Forum f\u00fcr kreative Konsumkritik - Culture Jamming, Nachhaltigkeit, Konzernkritik, Adbusting\" \/>\n<meta property=\"og:description\" content=\"Heute l\u00e4uft ausnahmsweise mal wieder was Interessantes im Fernsehen \u2013 die dreiteilige Dokureihe \u201eEco-Crimes \u2013 Verbrechen gegen die Natur\u201c. Die ARD sendet heute ab 23 Uhr eine 90 min\u00fctige Zusammenfassung der drei, jeweils 45 Minuten langen Teile, und im WDR werden alle drei Teile \u2013 \u201eOzonkiller\u201c, \u201eTibet-Connection\u201c und \u201ePiratenfischer\u201c am Montag, den 23.11. ab 22 [&hellip;]\" \/>\n<meta property=\"og:url\" content=\"https:\/\/konsumpf.de\/?p=6259\" \/>\n<meta property=\"og:site_name\" content=\"Konsumpf - Forum f\u00fcr kreative Konsumkritik - Culture Jamming, Nachhaltigkeit, Konzernkritik, Adbusting\" \/>\n<meta property=\"article:published_time\" content=\"2009-11-11T11:13:07+00:00\" \/>\n<meta name=\"author\" content=\"Peter M.\" \/>\n<meta name=\"twitter:card\" content=\"summary_large_image\" \/>\n<meta name=\"twitter:label1\" content=\"Verfasst von\" \/>\n\t<meta name=\"twitter:data1\" content=\"Peter M.\" \/>\n\t<meta name=\"twitter:label2\" content=\"Gesch\u00e4tzte Lesezeit\" \/>\n\t<meta name=\"twitter:data2\" content=\"2\u00a0Minuten\" \/>\n<script type=\"application\/ld+json\" class=\"yoast-schema-graph\">{\"@context\":\"https:\/\/schema.org\",\"@graph\":[{\"@type\":\"WebPage\",\"@id\":\"https:\/\/konsumpf.de\/?p=6259\",\"url\":\"https:\/\/konsumpf.de\/?p=6259\",\"name\":\"Fernsehtipp: Eco-Crimes - Konsumpf - Forum f\u00fcr kreative Konsumkritik - Culture Jamming, Nachhaltigkeit, Konzernkritik, Adbusting\",\"isPartOf\":{\"@id\":\"https:\/\/konsumpf.de\/#website\"},\"datePublished\":\"2009-11-11T11:13:07+00:00\",\"author\":{\"@id\":\"https:\/\/konsumpf.de\/#\/schema\/person\/e595a6d286b26994e7e0926d70699070\"},\"breadcrumb\":{\"@id\":\"https:\/\/konsumpf.de\/?p=6259#breadcrumb\"},\"inLanguage\":\"de\",\"potentialAction\":[{\"@type\":\"ReadAction\",\"target\":[\"https:\/\/konsumpf.de\/?p=6259\"]}]},{\"@type\":\"BreadcrumbList\",\"@id\":\"https:\/\/konsumpf.de\/?p=6259#breadcrumb\",\"itemListElement\":[{\"@type\":\"ListItem\",\"position\":1,\"name\":\"Startseite\",\"item\":\"https:\/\/konsumpf.de\/\"},{\"@type\":\"ListItem\",\"position\":2,\"name\":\"Fernsehtipp: Eco-Crimes\"}]},{\"@type\":\"WebSite\",\"@id\":\"https:\/\/konsumpf.de\/#website\",\"url\":\"https:\/\/konsumpf.de\/\",\"name\":\"Konsumpf - Forum f\u00fcr kreative Konsumkritik - Culture Jamming, Nachhaltigkeit, Konzernkritik, Adbusting\",\"description\":\"\",\"potentialAction\":[{\"@type\":\"SearchAction\",\"target\":{\"@type\":\"EntryPoint\",\"urlTemplate\":\"https:\/\/konsumpf.de\/?s={search_term_string}\"},\"query-input\":{\"@type\":\"PropertyValueSpecification\",\"valueRequired\":true,\"valueName\":\"search_term_string\"}}],\"inLanguage\":\"de\"},{\"@type\":\"Person\",\"@id\":\"https:\/\/konsumpf.de\/#\/schema\/person\/e595a6d286b26994e7e0926d70699070\",\"name\":\"Peter M.\",\"sameAs\":[\"http:\/\/konsumpf.de\"]}]}<\/script>\n<!-- \/ Yoast SEO plugin. -->","yoast_head_json":{"title":"Fernsehtipp: Eco-Crimes - Konsumpf - Forum f\u00fcr kreative Konsumkritik - Culture Jamming, Nachhaltigkeit, Konzernkritik, Adbusting","robots":{"index":"index","follow":"follow","max-snippet":"max-snippet:-1","max-image-preview":"max-image-preview:large","max-video-preview":"max-video-preview:-1"},"canonical":"https:\/\/konsumpf.de\/?p=6259","og_locale":"de_DE","og_type":"article","og_title":"Fernsehtipp: Eco-Crimes - Konsumpf - Forum f\u00fcr kreative Konsumkritik - Culture Jamming, Nachhaltigkeit, Konzernkritik, Adbusting","og_description":"Heute l\u00e4uft ausnahmsweise mal wieder was Interessantes im Fernsehen \u2013 die dreiteilige Dokureihe \u201eEco-Crimes \u2013 Verbrechen gegen die Natur\u201c. Die ARD sendet heute ab 23 Uhr eine 90 min\u00fctige Zusammenfassung der drei, jeweils 45 Minuten langen Teile, und im WDR werden alle drei Teile \u2013 \u201eOzonkiller\u201c, \u201eTibet-Connection\u201c und \u201ePiratenfischer\u201c am Montag, den 23.11. ab 22 [&hellip;]","og_url":"https:\/\/konsumpf.de\/?p=6259","og_site_name":"Konsumpf - Forum f\u00fcr kreative Konsumkritik - Culture Jamming, Nachhaltigkeit, Konzernkritik, Adbusting","article_published_time":"2009-11-11T11:13:07+00:00","author":"Peter M.","twitter_card":"summary_large_image","twitter_misc":{"Verfasst von":"Peter M.","Gesch\u00e4tzte Lesezeit":"2\u00a0Minuten"},"schema":{"@context":"https:\/\/schema.org","@graph":[{"@type":"WebPage","@id":"https:\/\/konsumpf.de\/?p=6259","url":"https:\/\/konsumpf.de\/?p=6259","name":"Fernsehtipp: Eco-Crimes - Konsumpf - Forum f\u00fcr kreative Konsumkritik - Culture Jamming, Nachhaltigkeit, Konzernkritik, Adbusting","isPartOf":{"@id":"https:\/\/konsumpf.de\/#website"},"datePublished":"2009-11-11T11:13:07+00:00","author":{"@id":"https:\/\/konsumpf.de\/#\/schema\/person\/e595a6d286b26994e7e0926d70699070"},"breadcrumb":{"@id":"https:\/\/konsumpf.de\/?p=6259#breadcrumb"},"inLanguage":"de","potentialAction":[{"@type":"ReadAction","target":["https:\/\/konsumpf.de\/?p=6259"]}]},{"@type":"BreadcrumbList","@id":"https:\/\/konsumpf.de\/?p=6259#breadcrumb","itemListElement":[{"@type":"ListItem","position":1,"name":"Startseite","item":"https:\/\/konsumpf.de\/"},{"@type":"ListItem","position":2,"name":"Fernsehtipp: Eco-Crimes"}]},{"@type":"WebSite","@id":"https:\/\/konsumpf.de\/#website","url":"https:\/\/konsumpf.de\/","name":"Konsumpf - Forum f\u00fcr kreative Konsumkritik - Culture Jamming, Nachhaltigkeit, Konzernkritik, Adbusting","description":"","potentialAction":[{"@type":"SearchAction","target":{"@type":"EntryPoint","urlTemplate":"https:\/\/konsumpf.de\/?s={search_term_string}"},"query-input":{"@type":"PropertyValueSpecification","valueRequired":true,"valueName":"search_term_string"}}],"inLanguage":"de"},{"@type":"Person","@id":"https:\/\/konsumpf.de\/#\/schema\/person\/e595a6d286b26994e7e0926d70699070","name":"Peter M.","sameAs":["http:\/\/konsumpf.de"]}]}},"_links":{"self":[{"href":"https:\/\/konsumpf.de\/index.php?rest_route=\/wp\/v2\/posts\/6259"}],"collection":[{"href":"https:\/\/konsumpf.de\/index.php?rest_route=\/wp\/v2\/posts"}],"about":[{"href":"https:\/\/konsumpf.de\/index.php?rest_route=\/wp\/v2\/types\/post"}],"author":[{"embeddable":true,"href":"https:\/\/konsumpf.de\/index.php?rest_route=\/wp\/v2\/users\/1"}],"replies":[{"embeddable":true,"href":"https:\/\/konsumpf.de\/index.php?rest_route=%2Fwp%2Fv2%2Fcomments&post=6259"}],"version-history":[{"count":2,"href":"https:\/\/konsumpf.de\/index.php?rest_route=\/wp\/v2\/posts\/6259\/revisions"}],"predecessor-version":[{"id":6261,"href":"https:\/\/konsumpf.de\/index.php?rest_route=\/wp\/v2\/posts\/6259\/revisions\/6261"}],"wp:attachment":[{"href":"https:\/\/konsumpf.de\/index.php?rest_route=%2Fwp%2Fv2%2Fmedia&parent=6259"}],"wp:term":[{"taxonomy":"category","embeddable":true,"href":"https:\/\/konsumpf.de\/index.php?rest_route=%2Fwp%2Fv2%2Fcategories&post=6259"},{"taxonomy":"post_tag","embeddable":true,"href":"https:\/\/konsumpf.de\/index.php?rest_route=%2Fwp%2Fv2%2Ftags&post=6259"}],"curies":[{"name":"wp","href":"https:\/\/api.w.org\/{rel}","templated":true}]}}