{"id":6237,"date":"2009-11-06T10:32:23","date_gmt":"2009-11-06T08:32:23","guid":{"rendered":"http:\/\/konsumpf.de\/?p=6237"},"modified":"2010-11-03T11:04:15","modified_gmt":"2010-11-03T10:04:15","slug":"aldi-%e2%80%93-mutter-aller-discounter","status":"publish","type":"post","link":"https:\/\/konsumpf.de\/?p=6237","title":{"rendered":"Aldi \u2013 Mutter aller Discounter"},"content":{"rendered":"<p>Leider lief die Doku \u201e<a href=\"http:\/\/www.ndr.de\/kultur\/film\/festivals\/nordische_filmtage\/mutterallerdiscounter100.html\"><strong>Aldi \u2013 Mutter aller Discounter<\/strong><\/a>\u201c vor zwei Tagen im <strong>NDR<\/strong> zu nachtschlafener Zeit, gut versteckt, so dass sie sicherlich kaum jemand gesehen und damit auch niemanden aufgeschreckt haben d\u00fcrfte. Zum Gl\u00fcck gibt es diesen Beitrag zu den Nordischen Filmtagen 2009 noch bis zum, 9. November als Video on Demand auf der NDR-Website zu sehen. So wichtig es auch ist, \u00fcber die Umtriebe der Discounter aufzukl\u00e4ren, so haben einige User im Netz bereits angemerkt, dass die Dokumentation immer noch zu weichgesp\u00fclt ist und das ganze Ausma\u00df an Ausbeutung und Zerst\u00f6rung, die Aldi &amp; all die anderen Discounter (die im Umgang mit den MitartbeiterInnen oft ja sogar noch schlimmer sind als Aldi, siehe eben Lidl oder Schlecker) mit sich bringen (siehe z.B. <a href=\"http:\/\/konsumpf.de\/?p=2353\">HIER<\/a>), letztlich nur andeutet. Es ist auch deprimierend und erschreckend zu sehen, wie einige der Akteure, die dieses Discountkonzept vorantreiben und propagieren, z.B. Dieter Brandes, so komplett ohne jedes Bewusstsein daf\u00fcr sind, was sie damit auf der Welt und in der Gesellschaft anrichten. Auf das <strong>Schwarzbuch Aldi<\/strong>, das in dem Film erw\u00e4hnt wird, darf man jedenfalls schon gespannt sein!<\/p>\n<p><strong>Edit: am 12.12. um 22:30 Uhr strahlt der Fernsehsender Phoenix diese Sendung noch einmal aus!<\/strong><\/p>\n<blockquote><p>Das erfolgreichste deutsche Handelsunternehmen gibt sich auch im 50. Jahr seines Bestehens betont sparsam: Musik und Dekoration suchen die Verbraucher in den Filialen vergeblich. Die Jubil\u00e4umsfeier lassen sich die Br\u00fcder Karl und Theo Albrecht keinen Cent kosten, sie f\u00e4llt schlichtweg aus. Geschickt hat sich der Discounter bisher jedem Blick hinter die Pappkartons entzogen und sich vor \u00f6ffentlicher Kritik versteckt. In seinem NDR Film versucht Rasmus Gerlach erstmals Licht ins Dunkel zu bringen. Der Filmemacher begleitete Gewerkschaftsjournalisten bei ihrer Recherchearbeit f\u00fcr ein &#8220;Schwarzbuch&#8221; zur Situation der Aldi-Belegschaft. Erste Nachforschungen des Teams ergaben, dass Aldi-S\u00fcd die Wahl von Betriebsr\u00e4ten behindert. Aldi-Nord soll massiven Druck auf gewerkschaftlich organisierte Mitarbeiter aus\u00fcben und kritische Angestellte mit gezielten Testk\u00e4ufen mundtot machen. Die Albrecht-Br\u00fcder schafften es an die Weltspitze: Aldi ist heute in 17 Nationen vertreten. Der Konzern exportierte aber auch die N\u00f6te der Belegschaft: St\u00e4ndige Mehrarbeit ist an der Tagesordnung.<\/p><\/blockquote>\n<p><object width=\"500\" height=\"300\"><param name=\"movie\" value=\"http:\/\/www.youtube.com\/v\/nA_Baz7EwwE?fs=1&amp;hl=de_DE\"><\/param><param name=\"allowFullScreen\" value=\"true\"><\/param><param name=\"allowscriptaccess\" value=\"always\"><\/param><embed src=\"http:\/\/www.youtube.com\/v\/nA_Baz7EwwE?fs=1&amp;hl=de_DE\" type=\"application\/x-shockwave-flash\" allowscriptaccess=\"always\" allowfullscreen=\"true\" width=\"500\" height=\"300\"><\/embed><\/object><\/p>\n<h3 class='related_post_title'>Verwandte Beitr\u00e4ge:<\/h3><ul class='related_post'><li><a href=\"http:\/\/konsumpf.de\/?p=10941\" title=\"Discounter: Reibach auf dem R\u00fccken der Menschen &#8211; Beispiel Netto\">Discounter: Reibach auf dem R\u00fccken der Menschen &#8211; Beispiel Netto<\/a><\/li><li><a href=\"http:\/\/konsumpf.de\/?p=5292\" title=\"Brennpunkt billig \u2013\u00a0Ausbeutung zum Schn\u00e4ppchenpreis\">Brennpunkt billig \u2013\u00a0Ausbeutung zum Schn\u00e4ppchenpreis<\/a><\/li><li><a href=\"http:\/\/konsumpf.de\/?p=14937\" title=\"Billig. Billiger. Banane.\">Billig. Billiger. Banane.<\/a><\/li><li><a href=\"http:\/\/konsumpf.de\/?p=13677\" title=\"Fernsehtipp: Der Lidl-Check\">Fernsehtipp: Der Lidl-Check<\/a><\/li><li><a href=\"http:\/\/konsumpf.de\/?p=12338\" title=\"Sch\u00f6nf\u00e4rberei konkret bei Discountern\">Sch\u00f6nf\u00e4rberei konkret bei Discountern<\/a><\/li><\/ul>","protected":false},"excerpt":{"rendered":"<p>Leider lief die Doku \u201eAldi \u2013 Mutter aller Discounter\u201c vor zwei Tagen im NDR zu nachtschlafener Zeit, gut versteckt, so dass sie sicherlich kaum jemand gesehen und damit auch niemanden aufgeschreckt haben d\u00fcrfte. Zum Gl\u00fcck gibt es diesen Beitrag zu den Nordischen Filmtagen 2009 noch bis zum, 9. November als Video on Demand auf der [&hellip;]<\/p>\n","protected":false},"author":1,"featured_media":0,"comment_status":"open","ping_status":"open","sticky":false,"template":"","format":"standard","meta":{"footnotes":""},"categories":[23,78],"tags":[25,603,483,2860,24],"yoast_head":"<!-- This site is optimized with the Yoast SEO plugin v24.4 - https:\/\/yoast.com\/wordpress\/plugins\/seo\/ -->\n<title>Aldi \u2013 Mutter aller Discounter - Konsumpf - Forum f\u00fcr kreative Konsumkritik - Culture Jamming, Nachhaltigkeit, Konzernkritik, Adbusting<\/title>\n<meta name=\"robots\" content=\"index, follow, max-snippet:-1, max-image-preview:large, max-video-preview:-1\" \/>\n<link rel=\"canonical\" href=\"https:\/\/konsumpf.de\/?p=6237\" \/>\n<meta property=\"og:locale\" content=\"de_DE\" \/>\n<meta property=\"og:type\" content=\"article\" \/>\n<meta property=\"og:title\" content=\"Aldi \u2013 Mutter aller Discounter - Konsumpf - Forum f\u00fcr kreative Konsumkritik - Culture Jamming, Nachhaltigkeit, Konzernkritik, Adbusting\" \/>\n<meta property=\"og:description\" content=\"Leider lief die Doku \u201eAldi \u2013 Mutter aller Discounter\u201c vor zwei Tagen im NDR zu nachtschlafener Zeit, gut versteckt, so dass sie sicherlich kaum jemand gesehen und damit auch niemanden aufgeschreckt haben d\u00fcrfte. Zum Gl\u00fcck gibt es diesen Beitrag zu den Nordischen Filmtagen 2009 noch bis zum, 9. November als Video on Demand auf der [&hellip;]\" \/>\n<meta property=\"og:url\" content=\"https:\/\/konsumpf.de\/?p=6237\" \/>\n<meta property=\"og:site_name\" content=\"Konsumpf - Forum f\u00fcr kreative Konsumkritik - Culture Jamming, Nachhaltigkeit, Konzernkritik, Adbusting\" \/>\n<meta property=\"article:published_time\" content=\"2009-11-06T08:32:23+00:00\" \/>\n<meta property=\"article:modified_time\" content=\"2010-11-03T10:04:15+00:00\" \/>\n<meta name=\"author\" content=\"Peter M.\" \/>\n<meta name=\"twitter:card\" content=\"summary_large_image\" \/>\n<meta name=\"twitter:label1\" content=\"Verfasst von\" \/>\n\t<meta name=\"twitter:data1\" content=\"Peter M.\" \/>\n\t<meta name=\"twitter:label2\" content=\"Gesch\u00e4tzte Lesezeit\" \/>\n\t<meta name=\"twitter:data2\" content=\"2\u00a0Minuten\" \/>\n<script type=\"application\/ld+json\" class=\"yoast-schema-graph\">{\"@context\":\"https:\/\/schema.org\",\"@graph\":[{\"@type\":\"WebPage\",\"@id\":\"https:\/\/konsumpf.de\/?p=6237\",\"url\":\"https:\/\/konsumpf.de\/?p=6237\",\"name\":\"Aldi \u2013 Mutter aller Discounter - Konsumpf - Forum f\u00fcr kreative Konsumkritik - Culture Jamming, Nachhaltigkeit, Konzernkritik, Adbusting\",\"isPartOf\":{\"@id\":\"https:\/\/konsumpf.de\/#website\"},\"datePublished\":\"2009-11-06T08:32:23+00:00\",\"dateModified\":\"2010-11-03T10:04:15+00:00\",\"author\":{\"@id\":\"https:\/\/konsumpf.de\/#\/schema\/person\/e595a6d286b26994e7e0926d70699070\"},\"breadcrumb\":{\"@id\":\"https:\/\/konsumpf.de\/?p=6237#breadcrumb\"},\"inLanguage\":\"de\",\"potentialAction\":[{\"@type\":\"ReadAction\",\"target\":[\"https:\/\/konsumpf.de\/?p=6237\"]}]},{\"@type\":\"BreadcrumbList\",\"@id\":\"https:\/\/konsumpf.de\/?p=6237#breadcrumb\",\"itemListElement\":[{\"@type\":\"ListItem\",\"position\":1,\"name\":\"Startseite\",\"item\":\"https:\/\/konsumpf.de\/\"},{\"@type\":\"ListItem\",\"position\":2,\"name\":\"Aldi \u2013 Mutter aller Discounter\"}]},{\"@type\":\"WebSite\",\"@id\":\"https:\/\/konsumpf.de\/#website\",\"url\":\"https:\/\/konsumpf.de\/\",\"name\":\"Konsumpf - Forum f\u00fcr kreative Konsumkritik - Culture Jamming, Nachhaltigkeit, Konzernkritik, Adbusting\",\"description\":\"\",\"potentialAction\":[{\"@type\":\"SearchAction\",\"target\":{\"@type\":\"EntryPoint\",\"urlTemplate\":\"https:\/\/konsumpf.de\/?s={search_term_string}\"},\"query-input\":{\"@type\":\"PropertyValueSpecification\",\"valueRequired\":true,\"valueName\":\"search_term_string\"}}],\"inLanguage\":\"de\"},{\"@type\":\"Person\",\"@id\":\"https:\/\/konsumpf.de\/#\/schema\/person\/e595a6d286b26994e7e0926d70699070\",\"name\":\"Peter M.\",\"sameAs\":[\"http:\/\/konsumpf.de\"]}]}<\/script>\n<!-- \/ Yoast SEO plugin. -->","yoast_head_json":{"title":"Aldi \u2013 Mutter aller Discounter - Konsumpf - Forum f\u00fcr kreative Konsumkritik - Culture Jamming, Nachhaltigkeit, Konzernkritik, Adbusting","robots":{"index":"index","follow":"follow","max-snippet":"max-snippet:-1","max-image-preview":"max-image-preview:large","max-video-preview":"max-video-preview:-1"},"canonical":"https:\/\/konsumpf.de\/?p=6237","og_locale":"de_DE","og_type":"article","og_title":"Aldi \u2013 Mutter aller Discounter - Konsumpf - Forum f\u00fcr kreative Konsumkritik - Culture Jamming, Nachhaltigkeit, Konzernkritik, Adbusting","og_description":"Leider lief die Doku \u201eAldi \u2013 Mutter aller Discounter\u201c vor zwei Tagen im NDR zu nachtschlafener Zeit, gut versteckt, so dass sie sicherlich kaum jemand gesehen und damit auch niemanden aufgeschreckt haben d\u00fcrfte. Zum Gl\u00fcck gibt es diesen Beitrag zu den Nordischen Filmtagen 2009 noch bis zum, 9. November als Video on Demand auf der [&hellip;]","og_url":"https:\/\/konsumpf.de\/?p=6237","og_site_name":"Konsumpf - Forum f\u00fcr kreative Konsumkritik - Culture Jamming, Nachhaltigkeit, Konzernkritik, Adbusting","article_published_time":"2009-11-06T08:32:23+00:00","article_modified_time":"2010-11-03T10:04:15+00:00","author":"Peter M.","twitter_card":"summary_large_image","twitter_misc":{"Verfasst von":"Peter M.","Gesch\u00e4tzte Lesezeit":"2\u00a0Minuten"},"schema":{"@context":"https:\/\/schema.org","@graph":[{"@type":"WebPage","@id":"https:\/\/konsumpf.de\/?p=6237","url":"https:\/\/konsumpf.de\/?p=6237","name":"Aldi \u2013 Mutter aller Discounter - Konsumpf - Forum f\u00fcr kreative Konsumkritik - Culture Jamming, Nachhaltigkeit, Konzernkritik, Adbusting","isPartOf":{"@id":"https:\/\/konsumpf.de\/#website"},"datePublished":"2009-11-06T08:32:23+00:00","dateModified":"2010-11-03T10:04:15+00:00","author":{"@id":"https:\/\/konsumpf.de\/#\/schema\/person\/e595a6d286b26994e7e0926d70699070"},"breadcrumb":{"@id":"https:\/\/konsumpf.de\/?p=6237#breadcrumb"},"inLanguage":"de","potentialAction":[{"@type":"ReadAction","target":["https:\/\/konsumpf.de\/?p=6237"]}]},{"@type":"BreadcrumbList","@id":"https:\/\/konsumpf.de\/?p=6237#breadcrumb","itemListElement":[{"@type":"ListItem","position":1,"name":"Startseite","item":"https:\/\/konsumpf.de\/"},{"@type":"ListItem","position":2,"name":"Aldi \u2013 Mutter aller Discounter"}]},{"@type":"WebSite","@id":"https:\/\/konsumpf.de\/#website","url":"https:\/\/konsumpf.de\/","name":"Konsumpf - Forum f\u00fcr kreative Konsumkritik - Culture Jamming, Nachhaltigkeit, Konzernkritik, Adbusting","description":"","potentialAction":[{"@type":"SearchAction","target":{"@type":"EntryPoint","urlTemplate":"https:\/\/konsumpf.de\/?s={search_term_string}"},"query-input":{"@type":"PropertyValueSpecification","valueRequired":true,"valueName":"search_term_string"}}],"inLanguage":"de"},{"@type":"Person","@id":"https:\/\/konsumpf.de\/#\/schema\/person\/e595a6d286b26994e7e0926d70699070","name":"Peter M.","sameAs":["http:\/\/konsumpf.de"]}]}},"_links":{"self":[{"href":"https:\/\/konsumpf.de\/index.php?rest_route=\/wp\/v2\/posts\/6237"}],"collection":[{"href":"https:\/\/konsumpf.de\/index.php?rest_route=\/wp\/v2\/posts"}],"about":[{"href":"https:\/\/konsumpf.de\/index.php?rest_route=\/wp\/v2\/types\/post"}],"author":[{"embeddable":true,"href":"https:\/\/konsumpf.de\/index.php?rest_route=\/wp\/v2\/users\/1"}],"replies":[{"embeddable":true,"href":"https:\/\/konsumpf.de\/index.php?rest_route=%2Fwp%2Fv2%2Fcomments&post=6237"}],"version-history":[{"count":8,"href":"https:\/\/konsumpf.de\/index.php?rest_route=\/wp\/v2\/posts\/6237\/revisions"}],"predecessor-version":[{"id":9702,"href":"https:\/\/konsumpf.de\/index.php?rest_route=\/wp\/v2\/posts\/6237\/revisions\/9702"}],"wp:attachment":[{"href":"https:\/\/konsumpf.de\/index.php?rest_route=%2Fwp%2Fv2%2Fmedia&parent=6237"}],"wp:term":[{"taxonomy":"category","embeddable":true,"href":"https:\/\/konsumpf.de\/index.php?rest_route=%2Fwp%2Fv2%2Fcategories&post=6237"},{"taxonomy":"post_tag","embeddable":true,"href":"https:\/\/konsumpf.de\/index.php?rest_route=%2Fwp%2Fv2%2Ftags&post=6237"}],"curies":[{"name":"wp","href":"https:\/\/api.w.org\/{rel}","templated":true}]}}