{"id":6226,"date":"2009-11-04T11:16:48","date_gmt":"2009-11-04T09:16:48","guid":{"rendered":"http:\/\/konsumpf.de\/?p=6226"},"modified":"2009-11-04T16:00:19","modified_gmt":"2009-11-04T14:00:19","slug":"rettet-die-haie","status":"publish","type":"post","link":"https:\/\/konsumpf.de\/?p=6226","title":{"rendered":"Rettet die Haie!"},"content":{"rendered":"<p>Eher zuf\u00e4llig stolperte ich gestern im <strong>ZDF<\/strong> auf die Doku \u201e<a href=\"http:\/\/hannesjaenicke.zdf.de\/ZDFde\/inhalt\/3\/0,1872,7912227,00.html?dr=1\"><strong>Hannes Jaenicke: im Einsatz f\u00fcr Haie<\/strong><\/a>\u201c, die mich wieder einmal sehr ersch\u00fcttert hat. Zwar enthielt sie f\u00fcr mich, der ich letztes Jahr auch schon \u201e<a href=\"http:\/\/www.sharkwater.com\/\"><strong>Sharkwater<\/strong><\/a>\u201c gesehen hatte, nicht wirklich viel Neues, aber sie zeigt dennoch eindr\u00fccklich, dass der Mensch das schlimmste und gewissenloseste (und vor allem auch d\u00fcmmste) Raubtier der Erde ist und in seiner grenzenlosen Gier und Ignoranz seinen Mitlebewesen (und in letzter Konsequenz auch sich selbst) \u00fcbel mitspielt. Wer, verblendet von Hollywood-Schrott wie <em>\u201eDer wei\u00dfe Hai\u201c<\/em>, immer noch meint, dass Haie b\u00f6se und gef\u00e4hrlich seien, sollte sich diese Doku auf jeden Fall anschauen \u2013\u00a0jedes Jahr sterben mehr Menschen weltweit an herabfallenden Kokosn\u00fcssen als an Haiangriffen (insgesamt nur eine Handvoll), und gleichzeitig werden vom Menschen 100 Millionen (!) dieser bemerkenswerten und f\u00fcrs \u00dcberleben der gesamten Meeresfauna so wichtigen Tiere bestialisch abgeschlachtet.<\/p>\n<p>Also bitte alle zuk\u00fcnftig keine Haiprodukte mehr kaufen (z.B. Schillerlocken) und jeden in seinem Bekanntenkreis, der sowas noch tut, dar\u00fcber aufkl\u00e4ren, was er damit anrichtet. Die Dokumentation mit teils sehr sch\u00f6nen, teils aber auch den Magen umdrehenden Bildern (wenn die Brutalit\u00e4t der Menschen gezeigt wird) gibt es derzeit noch komplett online auf der ZDF-Seite zu sehen (unten auf den Screenshot klicken).<\/p>\n<blockquote><p>Sie haben ein schlechtes Image und gelten als gef\u00e4hrliche Killer, doch eigentlich h\u00e4tten die Haie mehr Grund den Menschen zu f\u00fcrchten. Mittlerweile sind viele Haiarten vom Aussterben bedroht &#8211; eine Gefahr f\u00fcr die \u00d6kologie der Meere.<\/p><\/blockquote>\n<p><a href=\"http:\/\/hannesjaenicke.zdf.de\/ZDFde\/inhalt\/3\/0,1872,7912227,00.html?dr=1\"><img loading=\"lazy\" decoding=\"async\" class=\"aligncenter size-full wp-image-6233\" title=\"bild-41\" src=\"http:\/\/konsumpf.de\/wp-content\/uploads\/2009\/11\/bild-41.png\" alt=\"bild-41\" width=\"473\" height=\"267\" srcset=\"https:\/\/konsumpf.de\/wp-content\/uploads\/2009\/11\/bild-41.png 473w, https:\/\/konsumpf.de\/wp-content\/uploads\/2009\/11\/bild-41-300x169.png 300w\" sizes=\"(max-width: 473px) 100vw, 473px\" \/><\/a><\/p>\n<h3 class='related_post_title'>Verwandte Beitr\u00e4ge:<\/h3><ul class='related_post'><li><a href=\"http:\/\/konsumpf.de\/?p=14351\" title=\"Neue Blogs und Bekenntnisse eines \u00d6ko-Terroristen\">Neue Blogs und Bekenntnisse eines \u00d6ko-Terroristen<\/a><\/li><li><a href=\"http:\/\/konsumpf.de\/?p=15335\" title=\"Die PARTEI rettet Europa\">Die PARTEI rettet Europa<\/a><\/li><li><a href=\"http:\/\/konsumpf.de\/?p=14777\" title=\"Das neue Tierschutzsiegel als Feigenblatt\">Das neue Tierschutzsiegel als Feigenblatt<\/a><\/li><li><a href=\"http:\/\/konsumpf.de\/?p=13922\" title=\"Am 21.3. Demo in Kiel \u201eBauernh\u00f6fe statt Agrarindustrie\u201c\">Am 21.3. Demo in Kiel \u201eBauernh\u00f6fe statt Agrarindustrie\u201c<\/a><\/li><li><a href=\"http:\/\/konsumpf.de\/?p=10054\" title=\"Zeichen setzen \u2013 Demo zum internationalen Tag zur Abschaffung von Tierversuchen am 30. April 2011\">Zeichen setzen \u2013 Demo zum internationalen Tag zur Abschaffung von Tierversuchen am 30. April 2011<\/a><\/li><\/ul>","protected":false},"excerpt":{"rendered":"<p>Eher zuf\u00e4llig stolperte ich gestern im ZDF auf die Doku \u201eHannes Jaenicke: im Einsatz f\u00fcr Haie\u201c, die mich wieder einmal sehr ersch\u00fcttert hat. Zwar enthielt sie f\u00fcr mich, der ich letztes Jahr auch schon \u201eSharkwater\u201c gesehen hatte, nicht wirklich viel Neues, aber sie zeigt dennoch eindr\u00fccklich, dass der Mensch das schlimmste und gewissenloseste (und vor [&hellip;]<\/p>\n","protected":false},"author":1,"featured_media":0,"comment_status":"open","ping_status":"open","sticky":false,"template":"","format":"standard","meta":{"footnotes":""},"categories":[12,334,50],"tags":[405,1107,2885,1108],"yoast_head":"<!-- This site is optimized with the Yoast SEO plugin v24.4 - https:\/\/yoast.com\/wordpress\/plugins\/seo\/ -->\n<title>Rettet die Haie! - Konsumpf - Forum f\u00fcr kreative Konsumkritik - Culture Jamming, Nachhaltigkeit, Konzernkritik, Adbusting<\/title>\n<meta name=\"robots\" content=\"index, follow, max-snippet:-1, max-image-preview:large, max-video-preview:-1\" \/>\n<link rel=\"canonical\" href=\"https:\/\/konsumpf.de\/?p=6226\" \/>\n<meta property=\"og:locale\" content=\"de_DE\" \/>\n<meta property=\"og:type\" content=\"article\" \/>\n<meta property=\"og:title\" content=\"Rettet die Haie! - Konsumpf - Forum f\u00fcr kreative Konsumkritik - Culture Jamming, Nachhaltigkeit, Konzernkritik, Adbusting\" \/>\n<meta property=\"og:description\" content=\"Eher zuf\u00e4llig stolperte ich gestern im ZDF auf die Doku \u201eHannes Jaenicke: im Einsatz f\u00fcr Haie\u201c, die mich wieder einmal sehr ersch\u00fcttert hat. Zwar enthielt sie f\u00fcr mich, der ich letztes Jahr auch schon \u201eSharkwater\u201c gesehen hatte, nicht wirklich viel Neues, aber sie zeigt dennoch eindr\u00fccklich, dass der Mensch das schlimmste und gewissenloseste (und vor [&hellip;]\" \/>\n<meta property=\"og:url\" content=\"https:\/\/konsumpf.de\/?p=6226\" \/>\n<meta property=\"og:site_name\" content=\"Konsumpf - Forum f\u00fcr kreative Konsumkritik - Culture Jamming, Nachhaltigkeit, Konzernkritik, Adbusting\" \/>\n<meta property=\"article:published_time\" content=\"2009-11-04T09:16:48+00:00\" \/>\n<meta property=\"article:modified_time\" content=\"2009-11-04T14:00:19+00:00\" \/>\n<meta property=\"og:image\" content=\"http:\/\/konsumpf.de\/wp-content\/uploads\/2009\/11\/bild-41.png\" \/>\n<meta name=\"author\" content=\"Peter M.\" \/>\n<meta name=\"twitter:card\" content=\"summary_large_image\" \/>\n<meta name=\"twitter:label1\" content=\"Verfasst von\" \/>\n\t<meta name=\"twitter:data1\" content=\"Peter M.\" \/>\n\t<meta name=\"twitter:label2\" content=\"Gesch\u00e4tzte Lesezeit\" \/>\n\t<meta name=\"twitter:data2\" content=\"1\u00a0Minute\" \/>\n<script type=\"application\/ld+json\" class=\"yoast-schema-graph\">{\"@context\":\"https:\/\/schema.org\",\"@graph\":[{\"@type\":\"WebPage\",\"@id\":\"https:\/\/konsumpf.de\/?p=6226\",\"url\":\"https:\/\/konsumpf.de\/?p=6226\",\"name\":\"Rettet die Haie! - Konsumpf - Forum f\u00fcr kreative Konsumkritik - Culture Jamming, Nachhaltigkeit, Konzernkritik, Adbusting\",\"isPartOf\":{\"@id\":\"https:\/\/konsumpf.de\/#website\"},\"primaryImageOfPage\":{\"@id\":\"https:\/\/konsumpf.de\/?p=6226#primaryimage\"},\"image\":{\"@id\":\"https:\/\/konsumpf.de\/?p=6226#primaryimage\"},\"thumbnailUrl\":\"http:\/\/konsumpf.de\/wp-content\/uploads\/2009\/11\/bild-41.png\",\"datePublished\":\"2009-11-04T09:16:48+00:00\",\"dateModified\":\"2009-11-04T14:00:19+00:00\",\"author\":{\"@id\":\"https:\/\/konsumpf.de\/#\/schema\/person\/e595a6d286b26994e7e0926d70699070\"},\"breadcrumb\":{\"@id\":\"https:\/\/konsumpf.de\/?p=6226#breadcrumb\"},\"inLanguage\":\"de\",\"potentialAction\":[{\"@type\":\"ReadAction\",\"target\":[\"https:\/\/konsumpf.de\/?p=6226\"]}]},{\"@type\":\"ImageObject\",\"inLanguage\":\"de\",\"@id\":\"https:\/\/konsumpf.de\/?p=6226#primaryimage\",\"url\":\"https:\/\/konsumpf.de\/wp-content\/uploads\/2009\/11\/bild-41.png\",\"contentUrl\":\"https:\/\/konsumpf.de\/wp-content\/uploads\/2009\/11\/bild-41.png\",\"width\":\"473\",\"height\":\"267\"},{\"@type\":\"BreadcrumbList\",\"@id\":\"https:\/\/konsumpf.de\/?p=6226#breadcrumb\",\"itemListElement\":[{\"@type\":\"ListItem\",\"position\":1,\"name\":\"Startseite\",\"item\":\"https:\/\/konsumpf.de\/\"},{\"@type\":\"ListItem\",\"position\":2,\"name\":\"Rettet die Haie!\"}]},{\"@type\":\"WebSite\",\"@id\":\"https:\/\/konsumpf.de\/#website\",\"url\":\"https:\/\/konsumpf.de\/\",\"name\":\"Konsumpf - Forum f\u00fcr kreative Konsumkritik - Culture Jamming, Nachhaltigkeit, Konzernkritik, Adbusting\",\"description\":\"\",\"potentialAction\":[{\"@type\":\"SearchAction\",\"target\":{\"@type\":\"EntryPoint\",\"urlTemplate\":\"https:\/\/konsumpf.de\/?s={search_term_string}\"},\"query-input\":{\"@type\":\"PropertyValueSpecification\",\"valueRequired\":true,\"valueName\":\"search_term_string\"}}],\"inLanguage\":\"de\"},{\"@type\":\"Person\",\"@id\":\"https:\/\/konsumpf.de\/#\/schema\/person\/e595a6d286b26994e7e0926d70699070\",\"name\":\"Peter M.\",\"sameAs\":[\"http:\/\/konsumpf.de\"]}]}<\/script>\n<!-- \/ Yoast SEO plugin. -->","yoast_head_json":{"title":"Rettet die Haie! - Konsumpf - Forum f\u00fcr kreative Konsumkritik - Culture Jamming, Nachhaltigkeit, Konzernkritik, Adbusting","robots":{"index":"index","follow":"follow","max-snippet":"max-snippet:-1","max-image-preview":"max-image-preview:large","max-video-preview":"max-video-preview:-1"},"canonical":"https:\/\/konsumpf.de\/?p=6226","og_locale":"de_DE","og_type":"article","og_title":"Rettet die Haie! - Konsumpf - Forum f\u00fcr kreative Konsumkritik - Culture Jamming, Nachhaltigkeit, Konzernkritik, Adbusting","og_description":"Eher zuf\u00e4llig stolperte ich gestern im ZDF auf die Doku \u201eHannes Jaenicke: im Einsatz f\u00fcr Haie\u201c, die mich wieder einmal sehr ersch\u00fcttert hat. Zwar enthielt sie f\u00fcr mich, der ich letztes Jahr auch schon \u201eSharkwater\u201c gesehen hatte, nicht wirklich viel Neues, aber sie zeigt dennoch eindr\u00fccklich, dass der Mensch das schlimmste und gewissenloseste (und vor [&hellip;]","og_url":"https:\/\/konsumpf.de\/?p=6226","og_site_name":"Konsumpf - Forum f\u00fcr kreative Konsumkritik - Culture Jamming, Nachhaltigkeit, Konzernkritik, Adbusting","article_published_time":"2009-11-04T09:16:48+00:00","article_modified_time":"2009-11-04T14:00:19+00:00","og_image":[{"url":"http:\/\/konsumpf.de\/wp-content\/uploads\/2009\/11\/bild-41.png","type":"","width":"","height":""}],"author":"Peter M.","twitter_card":"summary_large_image","twitter_misc":{"Verfasst von":"Peter M.","Gesch\u00e4tzte Lesezeit":"1\u00a0Minute"},"schema":{"@context":"https:\/\/schema.org","@graph":[{"@type":"WebPage","@id":"https:\/\/konsumpf.de\/?p=6226","url":"https:\/\/konsumpf.de\/?p=6226","name":"Rettet die Haie! - Konsumpf - Forum f\u00fcr kreative Konsumkritik - Culture Jamming, Nachhaltigkeit, Konzernkritik, Adbusting","isPartOf":{"@id":"https:\/\/konsumpf.de\/#website"},"primaryImageOfPage":{"@id":"https:\/\/konsumpf.de\/?p=6226#primaryimage"},"image":{"@id":"https:\/\/konsumpf.de\/?p=6226#primaryimage"},"thumbnailUrl":"http:\/\/konsumpf.de\/wp-content\/uploads\/2009\/11\/bild-41.png","datePublished":"2009-11-04T09:16:48+00:00","dateModified":"2009-11-04T14:00:19+00:00","author":{"@id":"https:\/\/konsumpf.de\/#\/schema\/person\/e595a6d286b26994e7e0926d70699070"},"breadcrumb":{"@id":"https:\/\/konsumpf.de\/?p=6226#breadcrumb"},"inLanguage":"de","potentialAction":[{"@type":"ReadAction","target":["https:\/\/konsumpf.de\/?p=6226"]}]},{"@type":"ImageObject","inLanguage":"de","@id":"https:\/\/konsumpf.de\/?p=6226#primaryimage","url":"https:\/\/konsumpf.de\/wp-content\/uploads\/2009\/11\/bild-41.png","contentUrl":"https:\/\/konsumpf.de\/wp-content\/uploads\/2009\/11\/bild-41.png","width":"473","height":"267"},{"@type":"BreadcrumbList","@id":"https:\/\/konsumpf.de\/?p=6226#breadcrumb","itemListElement":[{"@type":"ListItem","position":1,"name":"Startseite","item":"https:\/\/konsumpf.de\/"},{"@type":"ListItem","position":2,"name":"Rettet die Haie!"}]},{"@type":"WebSite","@id":"https:\/\/konsumpf.de\/#website","url":"https:\/\/konsumpf.de\/","name":"Konsumpf - Forum f\u00fcr kreative Konsumkritik - Culture Jamming, Nachhaltigkeit, Konzernkritik, Adbusting","description":"","potentialAction":[{"@type":"SearchAction","target":{"@type":"EntryPoint","urlTemplate":"https:\/\/konsumpf.de\/?s={search_term_string}"},"query-input":{"@type":"PropertyValueSpecification","valueRequired":true,"valueName":"search_term_string"}}],"inLanguage":"de"},{"@type":"Person","@id":"https:\/\/konsumpf.de\/#\/schema\/person\/e595a6d286b26994e7e0926d70699070","name":"Peter M.","sameAs":["http:\/\/konsumpf.de"]}]}},"_links":{"self":[{"href":"https:\/\/konsumpf.de\/index.php?rest_route=\/wp\/v2\/posts\/6226"}],"collection":[{"href":"https:\/\/konsumpf.de\/index.php?rest_route=\/wp\/v2\/posts"}],"about":[{"href":"https:\/\/konsumpf.de\/index.php?rest_route=\/wp\/v2\/types\/post"}],"author":[{"embeddable":true,"href":"https:\/\/konsumpf.de\/index.php?rest_route=\/wp\/v2\/users\/1"}],"replies":[{"embeddable":true,"href":"https:\/\/konsumpf.de\/index.php?rest_route=%2Fwp%2Fv2%2Fcomments&post=6226"}],"version-history":[{"count":6,"href":"https:\/\/konsumpf.de\/index.php?rest_route=\/wp\/v2\/posts\/6226\/revisions"}],"predecessor-version":[{"id":6232,"href":"https:\/\/konsumpf.de\/index.php?rest_route=\/wp\/v2\/posts\/6226\/revisions\/6232"}],"wp:attachment":[{"href":"https:\/\/konsumpf.de\/index.php?rest_route=%2Fwp%2Fv2%2Fmedia&parent=6226"}],"wp:term":[{"taxonomy":"category","embeddable":true,"href":"https:\/\/konsumpf.de\/index.php?rest_route=%2Fwp%2Fv2%2Fcategories&post=6226"},{"taxonomy":"post_tag","embeddable":true,"href":"https:\/\/konsumpf.de\/index.php?rest_route=%2Fwp%2Fv2%2Ftags&post=6226"}],"curies":[{"name":"wp","href":"https:\/\/api.w.org\/{rel}","templated":true}]}}