{"id":6215,"date":"2009-11-03T10:12:43","date_gmt":"2009-11-03T08:12:43","guid":{"rendered":"http:\/\/konsumpf.de\/?p=6215"},"modified":"2009-11-01T21:10:31","modified_gmt":"2009-11-01T19:10:31","slug":"der-krampf-ums-wasser-teil-2-wie-privatisierte-wasserwerke-abkassieren-und-kommunen-bluten-mussen","status":"publish","type":"post","link":"https:\/\/konsumpf.de\/?p=6215","title":{"rendered":"Der K(r)ampf ums Wasser, Teil 2: Wie privatisierte Wasserwerke abkassieren und Kommunen bluten m\u00fcssen"},"content":{"rendered":"<p>Zweiter Teil der aktuellen Medienberichterstattung \u00fcber die Entwicklung auf dem Wassermarkt (auf die Problematik mit dem unsinnigen, durch die halbe Welt gekarrten Wasser in Plastikflaschen oder den <a href=\"http:\/\/konsumpf.de\/?p=4379\">Schmu mit &#8220;Tafelwasser\u201c \u00e0 la Bonaqua<\/a> will ich hier nicht weiter eingehen) \u2013 das Magazin <strong>Nano<\/strong> wurde letzte Woche mal dem Auftrag gerecht, den die \u00f6ffentlich-rechtlichen Sender EIGENTLICH haben, n\u00e4mlich investigativ und kritisch t\u00e4tig zu sein (statt sich in die selben seichten Gew\u00e4sser zu begeben, in denen die privaten TV-Anstalten herumd\u00fcmpeln). Gleich zwei Beitr\u00e4ge in einer Sendung befassten sich mit der Wasserversorgung in Deutschland. In dem ersten Beitrag, \u201e<a href=\"http:\/\/www.3sat.de\/dynamic\/sitegen\/bin\/sitegen.php?tab=2&amp;source=\/nano\/bstuecke\/139009\/index.html\"><strong>Kartellamt \u00fcberpr\u00fcft einige Wasserversorger<\/strong><\/a>\u201c, sieht man sehr \u201esch\u00f6n\u201c, dass die Abzock- und Selbstbedienungsmentalit\u00e4t, die sich aus Oligopolen und Monopolen ergibt, stets nachteilig f\u00fcr die Menschen ist:<\/p>\n<blockquote><p>&#8220;Wir werden schauen, wo Missbrauch stattfindet und konsequent dagegen vorgehen&#8221;, so Posch am 14. Juni 2009. Die Wasserversorger mussten damit ihre Hoffnung auf eine laxere Vorgehensweise des Ministeriums begraben. Das hessische Kartellamt gilt bundesweit als Vorreiter f\u00fcr eine sch\u00e4rfere Preisaufsicht. Verfahren unter anderem gegen die Frankfurter Mainova und die Stadtwerke Kassel hatte Poschs Vorg\u00e4nger Alois Riehl (CDU) angesto\u00dfen, der f\u00fcr sein hartes Vorgehen gegen Energiekonzerne bundesweit bekanntgeworden war.<\/p><\/blockquote>\n<p><object width=\"425\" height=\"344\" data=\"http:\/\/www.youtube.com\/v\/Q-WBha2dFyY&amp;hl=en&amp;fs=1\" type=\"application\/x-shockwave-flash\"><param name=\"allowFullScreen\" value=\"true\" \/><param name=\"allowscriptaccess\" value=\"always\" \/><param name=\"src\" value=\"http:\/\/www.youtube.com\/v\/Q-WBha2dFyY&amp;hl=en&amp;fs=1\" \/><param name=\"allowfullscreen\" value=\"true\" \/><\/object><\/p>\n<p>Im zweiten Beitrag, \u201e<a href=\"http:\/\/www.3sat.de\/dynamic\/sitegen\/bin\/sitegen.php?scsrc=2&amp;date=2009-10-27&amp;division=nano&amp;cx=118\"><strong>Kommunen mussten f\u00fcr die Leasingvertr\u00e4ge b\u00fc\u00dfen \u2013 Cross Border-Leasing bringt vor allem Banken Geld<\/strong><\/a>\u201c, geht es um die uns\u00e4glichen Finanzkonstrukte namens Cross Border-Leasing, also einer neuen Art der Privatisierung der Wasserversorgung, die nicht zuletzt auf Grund der Finanzkrise zu Lasten der B\u00fcrger ging und geht:<\/p>\n<blockquote><p>&#8220;Bei solchen Vertr\u00e4gen gibt es eine Nachhaftung, selbst wenn sie aufgel\u00f6st sind&#8221;, wei\u00df R\u00fcgemer. &#8220;Das betrifft zum Beispiel noch jahrelang Steuerfragen. Zum anderen sind bei allen Cross-Border-Leasing-Vertr\u00e4gen Deutsche Landesbanken beteiligt. Selbst wenn sie aussteigen, pr\u00e4sentieren sie ihre Ausf\u00e4lle in den Rettungspaketen gegen\u00fcber ihren Landesregierungen. Wir haben nur eine Verschiebung auf den Landeshaushalt und letztlich auf den Steuerpflichtigen.&#8221;<\/p><\/blockquote>\n<p><object width=\"425\" height=\"344\"><param name=\"movie\" value=\"http:\/\/www.youtube.com\/v\/OsfIKwS7guE&#038;hl=en&#038;fs=1\"><\/param><param name=\"allowFullScreen\" value=\"true\"><\/param><param name=\"allowscriptaccess\" value=\"always\"><\/param><embed src=\"http:\/\/www.youtube.com\/v\/OsfIKwS7guE&#038;hl=en&#038;fs=1\" type=\"application\/x-shockwave-flash\" allowscriptaccess=\"always\" allowfullscreen=\"true\" width=\"425\" height=\"344\"><\/embed><\/object><\/p>\n<h3 class='related_post_title'>Verwandte Beitr\u00e4ge:<\/h3><ul class='related_post'><li><a href=\"http:\/\/konsumpf.de\/?p=15413\" title=\"Zwei Liter Wasser am Tag? Das irref\u00fchrende Marketing der Konzerne\">Zwei Liter Wasser am Tag? Das irref\u00fchrende Marketing der Konzerne<\/a><\/li><li><a href=\"http:\/\/konsumpf.de\/?p=14692\" title=\"Geheimoperation Wasser \u2013 EU f\u00f6rdert Wasserprivatisierung\">Geheimoperation Wasser \u2013 EU f\u00f6rdert Wasserprivatisierung<\/a><\/li><li><a href=\"http:\/\/konsumpf.de\/?p=14289\" title=\"Bottled Life \u2013 Nestl\u00e9s Gesch\u00e4ft mit Wasser\">Bottled Life \u2013 Nestl\u00e9s Gesch\u00e4ft mit Wasser<\/a><\/li><li><a href=\"http:\/\/konsumpf.de\/?p=13474\" title=\"Die Vitaminfalle\">Die Vitaminfalle<\/a><\/li><li><a href=\"http:\/\/konsumpf.de\/?p=13448\" title=\"Lesetipps: Geheimpapiere der Atomlobby | Wasserverschwendung | Wir Uners\u00e4ttlichen | Apple\">Lesetipps: Geheimpapiere der Atomlobby | Wasserverschwendung | Wir Uners\u00e4ttlichen | Apple<\/a><\/li><\/ul>","protected":false},"excerpt":{"rendered":"<p>Zweiter Teil der aktuellen Medienberichterstattung \u00fcber die Entwicklung auf dem Wassermarkt (auf die Problematik mit dem unsinnigen, durch die halbe Welt gekarrten Wasser in Plastikflaschen oder den Schmu mit &#8220;Tafelwasser\u201c \u00e0 la Bonaqua will ich hier nicht weiter eingehen) \u2013 das Magazin Nano wurde letzte Woche mal dem Auftrag gerecht, den die \u00f6ffentlich-rechtlichen Sender EIGENTLICH [&hellip;]<\/p>\n","protected":false},"author":1,"featured_media":0,"comment_status":"open","ping_status":"open","sticky":false,"template":"","format":"standard","meta":{"footnotes":""},"categories":[16,320,78],"tags":[1106,111,145,1105,785,1104],"yoast_head":"<!-- This site is optimized with the Yoast SEO plugin v24.4 - https:\/\/yoast.com\/wordpress\/plugins\/seo\/ -->\n<title>Der K(r)ampf ums Wasser, Teil 2: Wie privatisierte Wasserwerke abkassieren und Kommunen bluten m\u00fcssen - Konsumpf - Forum f\u00fcr kreative Konsumkritik - Culture Jamming, Nachhaltigkeit, Konzernkritik, Adbusting<\/title>\n<meta name=\"robots\" content=\"index, follow, max-snippet:-1, max-image-preview:large, max-video-preview:-1\" \/>\n<link rel=\"canonical\" href=\"https:\/\/konsumpf.de\/?p=6215\" \/>\n<meta property=\"og:locale\" content=\"de_DE\" \/>\n<meta property=\"og:type\" content=\"article\" \/>\n<meta property=\"og:title\" content=\"Der K(r)ampf ums Wasser, Teil 2: Wie privatisierte Wasserwerke abkassieren und Kommunen bluten m\u00fcssen - Konsumpf - Forum f\u00fcr kreative Konsumkritik - Culture Jamming, Nachhaltigkeit, Konzernkritik, Adbusting\" \/>\n<meta property=\"og:description\" content=\"Zweiter Teil der aktuellen Medienberichterstattung \u00fcber die Entwicklung auf dem Wassermarkt (auf die Problematik mit dem unsinnigen, durch die halbe Welt gekarrten Wasser in Plastikflaschen oder den Schmu mit &#8220;Tafelwasser\u201c \u00e0 la Bonaqua will ich hier nicht weiter eingehen) \u2013 das Magazin Nano wurde letzte Woche mal dem Auftrag gerecht, den die \u00f6ffentlich-rechtlichen Sender EIGENTLICH [&hellip;]\" \/>\n<meta property=\"og:url\" content=\"https:\/\/konsumpf.de\/?p=6215\" \/>\n<meta property=\"og:site_name\" content=\"Konsumpf - Forum f\u00fcr kreative Konsumkritik - Culture Jamming, Nachhaltigkeit, Konzernkritik, Adbusting\" \/>\n<meta property=\"article:published_time\" content=\"2009-11-03T08:12:43+00:00\" \/>\n<meta name=\"author\" content=\"Peter M.\" \/>\n<meta name=\"twitter:card\" content=\"summary_large_image\" \/>\n<meta name=\"twitter:label1\" content=\"Verfasst von\" \/>\n\t<meta name=\"twitter:data1\" content=\"Peter M.\" \/>\n\t<meta name=\"twitter:label2\" content=\"Gesch\u00e4tzte Lesezeit\" \/>\n\t<meta name=\"twitter:data2\" content=\"2\u00a0Minuten\" \/>\n<script type=\"application\/ld+json\" class=\"yoast-schema-graph\">{\"@context\":\"https:\/\/schema.org\",\"@graph\":[{\"@type\":\"WebPage\",\"@id\":\"https:\/\/konsumpf.de\/?p=6215\",\"url\":\"https:\/\/konsumpf.de\/?p=6215\",\"name\":\"Der K(r)ampf ums Wasser, Teil 2: Wie privatisierte Wasserwerke abkassieren und Kommunen bluten m\u00fcssen - Konsumpf - Forum f\u00fcr kreative Konsumkritik - Culture Jamming, Nachhaltigkeit, Konzernkritik, Adbusting\",\"isPartOf\":{\"@id\":\"https:\/\/konsumpf.de\/#website\"},\"datePublished\":\"2009-11-03T08:12:43+00:00\",\"author\":{\"@id\":\"https:\/\/konsumpf.de\/#\/schema\/person\/e595a6d286b26994e7e0926d70699070\"},\"breadcrumb\":{\"@id\":\"https:\/\/konsumpf.de\/?p=6215#breadcrumb\"},\"inLanguage\":\"de\",\"potentialAction\":[{\"@type\":\"ReadAction\",\"target\":[\"https:\/\/konsumpf.de\/?p=6215\"]}]},{\"@type\":\"BreadcrumbList\",\"@id\":\"https:\/\/konsumpf.de\/?p=6215#breadcrumb\",\"itemListElement\":[{\"@type\":\"ListItem\",\"position\":1,\"name\":\"Startseite\",\"item\":\"https:\/\/konsumpf.de\/\"},{\"@type\":\"ListItem\",\"position\":2,\"name\":\"Der K(r)ampf ums Wasser, Teil 2: Wie privatisierte Wasserwerke abkassieren und Kommunen bluten m\u00fcssen\"}]},{\"@type\":\"WebSite\",\"@id\":\"https:\/\/konsumpf.de\/#website\",\"url\":\"https:\/\/konsumpf.de\/\",\"name\":\"Konsumpf - Forum f\u00fcr kreative Konsumkritik - Culture Jamming, Nachhaltigkeit, Konzernkritik, Adbusting\",\"description\":\"\",\"potentialAction\":[{\"@type\":\"SearchAction\",\"target\":{\"@type\":\"EntryPoint\",\"urlTemplate\":\"https:\/\/konsumpf.de\/?s={search_term_string}\"},\"query-input\":{\"@type\":\"PropertyValueSpecification\",\"valueRequired\":true,\"valueName\":\"search_term_string\"}}],\"inLanguage\":\"de\"},{\"@type\":\"Person\",\"@id\":\"https:\/\/konsumpf.de\/#\/schema\/person\/e595a6d286b26994e7e0926d70699070\",\"name\":\"Peter M.\",\"sameAs\":[\"http:\/\/konsumpf.de\"]}]}<\/script>\n<!-- \/ Yoast SEO plugin. -->","yoast_head_json":{"title":"Der K(r)ampf ums Wasser, Teil 2: Wie privatisierte Wasserwerke abkassieren und Kommunen bluten m\u00fcssen - Konsumpf - Forum f\u00fcr kreative Konsumkritik - Culture Jamming, Nachhaltigkeit, Konzernkritik, Adbusting","robots":{"index":"index","follow":"follow","max-snippet":"max-snippet:-1","max-image-preview":"max-image-preview:large","max-video-preview":"max-video-preview:-1"},"canonical":"https:\/\/konsumpf.de\/?p=6215","og_locale":"de_DE","og_type":"article","og_title":"Der K(r)ampf ums Wasser, Teil 2: Wie privatisierte Wasserwerke abkassieren und Kommunen bluten m\u00fcssen - Konsumpf - Forum f\u00fcr kreative Konsumkritik - Culture Jamming, Nachhaltigkeit, Konzernkritik, Adbusting","og_description":"Zweiter Teil der aktuellen Medienberichterstattung \u00fcber die Entwicklung auf dem Wassermarkt (auf die Problematik mit dem unsinnigen, durch die halbe Welt gekarrten Wasser in Plastikflaschen oder den Schmu mit &#8220;Tafelwasser\u201c \u00e0 la Bonaqua will ich hier nicht weiter eingehen) \u2013 das Magazin Nano wurde letzte Woche mal dem Auftrag gerecht, den die \u00f6ffentlich-rechtlichen Sender EIGENTLICH [&hellip;]","og_url":"https:\/\/konsumpf.de\/?p=6215","og_site_name":"Konsumpf - Forum f\u00fcr kreative Konsumkritik - Culture Jamming, Nachhaltigkeit, Konzernkritik, Adbusting","article_published_time":"2009-11-03T08:12:43+00:00","author":"Peter M.","twitter_card":"summary_large_image","twitter_misc":{"Verfasst von":"Peter M.","Gesch\u00e4tzte Lesezeit":"2\u00a0Minuten"},"schema":{"@context":"https:\/\/schema.org","@graph":[{"@type":"WebPage","@id":"https:\/\/konsumpf.de\/?p=6215","url":"https:\/\/konsumpf.de\/?p=6215","name":"Der K(r)ampf ums Wasser, Teil 2: Wie privatisierte Wasserwerke abkassieren und Kommunen bluten m\u00fcssen - Konsumpf - Forum f\u00fcr kreative Konsumkritik - Culture Jamming, Nachhaltigkeit, Konzernkritik, Adbusting","isPartOf":{"@id":"https:\/\/konsumpf.de\/#website"},"datePublished":"2009-11-03T08:12:43+00:00","author":{"@id":"https:\/\/konsumpf.de\/#\/schema\/person\/e595a6d286b26994e7e0926d70699070"},"breadcrumb":{"@id":"https:\/\/konsumpf.de\/?p=6215#breadcrumb"},"inLanguage":"de","potentialAction":[{"@type":"ReadAction","target":["https:\/\/konsumpf.de\/?p=6215"]}]},{"@type":"BreadcrumbList","@id":"https:\/\/konsumpf.de\/?p=6215#breadcrumb","itemListElement":[{"@type":"ListItem","position":1,"name":"Startseite","item":"https:\/\/konsumpf.de\/"},{"@type":"ListItem","position":2,"name":"Der K(r)ampf ums Wasser, Teil 2: Wie privatisierte Wasserwerke abkassieren und Kommunen bluten m\u00fcssen"}]},{"@type":"WebSite","@id":"https:\/\/konsumpf.de\/#website","url":"https:\/\/konsumpf.de\/","name":"Konsumpf - Forum f\u00fcr kreative Konsumkritik - Culture Jamming, Nachhaltigkeit, Konzernkritik, Adbusting","description":"","potentialAction":[{"@type":"SearchAction","target":{"@type":"EntryPoint","urlTemplate":"https:\/\/konsumpf.de\/?s={search_term_string}"},"query-input":{"@type":"PropertyValueSpecification","valueRequired":true,"valueName":"search_term_string"}}],"inLanguage":"de"},{"@type":"Person","@id":"https:\/\/konsumpf.de\/#\/schema\/person\/e595a6d286b26994e7e0926d70699070","name":"Peter M.","sameAs":["http:\/\/konsumpf.de"]}]}},"_links":{"self":[{"href":"https:\/\/konsumpf.de\/index.php?rest_route=\/wp\/v2\/posts\/6215"}],"collection":[{"href":"https:\/\/konsumpf.de\/index.php?rest_route=\/wp\/v2\/posts"}],"about":[{"href":"https:\/\/konsumpf.de\/index.php?rest_route=\/wp\/v2\/types\/post"}],"author":[{"embeddable":true,"href":"https:\/\/konsumpf.de\/index.php?rest_route=\/wp\/v2\/users\/1"}],"replies":[{"embeddable":true,"href":"https:\/\/konsumpf.de\/index.php?rest_route=%2Fwp%2Fv2%2Fcomments&post=6215"}],"version-history":[{"count":8,"href":"https:\/\/konsumpf.de\/index.php?rest_route=\/wp\/v2\/posts\/6215\/revisions"}],"predecessor-version":[{"id":6223,"href":"https:\/\/konsumpf.de\/index.php?rest_route=\/wp\/v2\/posts\/6215\/revisions\/6223"}],"wp:attachment":[{"href":"https:\/\/konsumpf.de\/index.php?rest_route=%2Fwp%2Fv2%2Fmedia&parent=6215"}],"wp:term":[{"taxonomy":"category","embeddable":true,"href":"https:\/\/konsumpf.de\/index.php?rest_route=%2Fwp%2Fv2%2Fcategories&post=6215"},{"taxonomy":"post_tag","embeddable":true,"href":"https:\/\/konsumpf.de\/index.php?rest_route=%2Fwp%2Fv2%2Ftags&post=6215"}],"curies":[{"name":"wp","href":"https:\/\/api.w.org\/{rel}","templated":true}]}}