{"id":6142,"date":"2009-10-29T10:41:00","date_gmt":"2009-10-29T08:41:00","guid":{"rendered":"http:\/\/konsumpf.de\/?p=6142"},"modified":"2009-10-28T13:34:32","modified_gmt":"2009-10-28T11:34:32","slug":"flashmobs-carrotmobs-%e2%80%93-proteste-light","status":"publish","type":"post","link":"https:\/\/konsumpf.de\/?p=6142","title":{"rendered":"Flashmobs &#038; Carrotmobs \u2013 Proteste light?"},"content":{"rendered":"<p><a href=\"http:\/\/konsumpf.de\/wp-content\/uploads\/2009\/10\/flashmob-eu_germany_kiel_weit4_klein.jpg\"><img loading=\"lazy\" decoding=\"async\" class=\"alignright size-medium wp-image-6144\" title=\"flashmob-eu_germany_kiel_weit4_klein\" src=\"http:\/\/konsumpf.de\/wp-content\/uploads\/2009\/10\/flashmob-eu_germany_kiel_weit4_klein-300x225.jpg\" alt=\"flashmob-eu_germany_kiel_weit4_klein\" width=\"300\" height=\"225\" srcset=\"https:\/\/konsumpf.de\/wp-content\/uploads\/2009\/10\/flashmob-eu_germany_kiel_weit4_klein-300x225.jpg 300w, https:\/\/konsumpf.de\/wp-content\/uploads\/2009\/10\/flashmob-eu_germany_kiel_weit4_klein.jpg 600w\" sizes=\"(max-width: 300px) 100vw, 300px\" \/><\/a>Letzte Woche verbreitete ich hier in meinem Blog ja die Infos zu dem <a href=\"http:\/\/www.kn-online.de\/lokales\/kiel\/120069-Spektakel-fuer-das-Weltklima.html\">Weltklimatag-Flashmob in Kiel<\/a> (<a href=\"http:\/\/www.bundjugend-sh.de\/index.php?option=com_content&amp;task=view&amp;id=83&amp;Itemid=1\">an dem ich auch teilnahm<\/a>) und dem Carrotmob in Berlin. Nat\u00fcrlich stellte ich mir auch die Frage, welchen tieferen Sinn diese Aktionsformen haben. Auf der einen Seite ist es, ganz im Sinne der <a href=\"http:\/\/de.wikipedia.org\/wiki\/Situationistische_Internationale\">Situationisten<\/a>, auf die sich auch Culture Jammer beziehen, immer eine gute Idee, f\u00fcr Verwirrung im Getriebe des \u00f6ffentlichen Alltags zu sorgen, zu \u00fcberraschen und eben auch selbst aktiv zu werden. So werden auch Menschen aktiviert, die ansonsten vielleicht nur daheim br\u00e4sig in der Sitzschnecke abh\u00e4ngen w\u00fcrden. Und neue, kreative Formen des Protests k\u00f6nnen nicht schaden, um der Bewegung frisches Leben einzuhauchen.<\/p>\n<p>Andererseits besteht die gro\u00dfe Gefahr, dass so etwas als eine Art \u201eangesagter Trend\u201c oder \u201eFun-Event\u201c angesehen wird und eine tiefere Auseinandersetzung mit den Problemen unserer Zeit und eine intensivere Einmischung ins politische Geschehen (das den Herrschenden unbequem werden k\u00f6nnte) deshalb unterbleibt. Auch besteht die Gefahr, dass ein Umdenken im eigenen Alltag unterbleibt und man sich nur punktuell auf diese Aktionen konzentriert. In diesem Zusammenhang m\u00f6chte ich auf den Artikel \u201e<a href=\"http:\/\/www.taz.de\/1\/leben\/alltag\/artikel\/1\/protest-ohne-herzblut\/\"><strong>Flashmob &amp; Co. \u2013 Proteste ohne Herzblut<\/strong><\/a>\u201c in der taz verweisen, der einige gute kritische Punkte zu diesen Aktionen anbringt. Der redaktionseigene Kommentar, der den Artikel begleitet, fasst dieses ganz treffend (wenn auch viel zu einseitig) zusammen:<\/p>\n<blockquote><p><em>Kommentar<\/em><br \/>\nNiemand hat mehr Lust, auf einer Demo hinter einem Transparent herzutrotten. Der Protestler von Welt will Spa\u00df haben an seiner au\u00dferparlamentarischen Opposition und beruhigt sein gr\u00fcnes Gewissen auf CO2-Partys oder, wie beim Carrotmob, eher nebenher beim Einkaufen. Das kann man kreativ nennen. Tats\u00e4chlich zeigt es aber, mit wie wenig Herzblut &#8211; von den Organisatoren abgesehen &#8211; die gro\u00dfe Masse der Demonstranten die Idee hinter den Spa\u00dfaktionen unterst\u00fctzt. Jeder ist ja irgendwie ein bisschen gegen Klimawandel, und, wenn es so einfach ist, warum auch nicht? Doch Klimapolitik macht man nicht en passant. Es braucht sowohl wirtschaftliche als auch pers\u00f6nliche Opfer. Die B\u00fcrger m\u00fcssten zeigen, dass sie dazu bereit sind. Anders gesagt: Ist es einer Regierung zu ver\u00fcbeln, dass sie ihren W\u00e4hlern die notwendigen Einschnitte nicht zumuten will, wenn die Leidensf\u00e4higkeit selbst bei den Umweltaktivisten so stark abgenommen hat, dass sie f\u00fcr die gr\u00fcne Sache nicht einmal mehr auf die Stra\u00dfe gehen? Sie begreifen es ja bereits als Protest, ihre fair gehandelte Ingwer-Karotten-Suppe in einer hippen Salatbar in Berlin-Mitte aus Einwegsch\u00e4lchen zu l\u00f6ffeln.<\/p><\/blockquote>\n<h3 class='related_post_title'>Verwandte Beitr\u00e4ge:<\/h3><ul class='related_post'><li><a href=\"http:\/\/konsumpf.de\/?p=12383\" title=\"Lesetipps: Manipulative Reklame | Hedonistische Internationale | Kranke Medien | Verst\u00fcmmelte Interviews\">Lesetipps: Manipulative Reklame | Hedonistische Internationale | Kranke Medien | Verst\u00fcmmelte Interviews<\/a><\/li><li><a href=\"http:\/\/konsumpf.de\/?p=6073\" title=\"Zwei Aktionstipps f\u00fcr den Samstag: Flashmob in Kiel und Carrotmob in Berlin\">Zwei Aktionstipps f\u00fcr den Samstag: Flashmob in Kiel und Carrotmob in Berlin<\/a><\/li><li><a href=\"http:\/\/konsumpf.de\/?p=15184\" title=\"Kulturelle St\u00f6rger\u00e4usche \">Kulturelle St\u00f6rger\u00e4usche <\/a><\/li><li><a href=\"http:\/\/konsumpf.de\/?p=15005\" title=\"Revolution? Ach, das passt mir heute aber ganz schlecht.\">Revolution? Ach, das passt mir heute aber ganz schlecht.<\/a><\/li><li><a href=\"http:\/\/konsumpf.de\/?p=14854\" title=\"#GOLDMAN \u2013 Der Beginn einer Revolution?\">#GOLDMAN \u2013 Der Beginn einer Revolution?<\/a><\/li><\/ul>","protected":false},"excerpt":{"rendered":"<p>Letzte Woche verbreitete ich hier in meinem Blog ja die Infos zu dem Weltklimatag-Flashmob in Kiel (an dem ich auch teilnahm) und dem Carrotmob in Berlin. Nat\u00fcrlich stellte ich mir auch die Frage, welchen tieferen Sinn diese Aktionsformen haben. Auf der einen Seite ist es, ganz im Sinne der Situationisten, auf die sich auch Culture [&hellip;]<\/p>\n","protected":false},"author":1,"featured_media":0,"comment_status":"open","ping_status":"open","sticky":false,"template":"","format":"standard","meta":{"footnotes":""},"categories":[1097,259],"tags":[1098,60,716,1099,750,479],"yoast_head":"<!-- This site is optimized with the Yoast SEO plugin v24.4 - https:\/\/yoast.com\/wordpress\/plugins\/seo\/ -->\n<title>Flashmobs &amp; Carrotmobs \u2013 Proteste light? - Konsumpf - Forum f\u00fcr kreative Konsumkritik - Culture Jamming, Nachhaltigkeit, Konzernkritik, Adbusting<\/title>\n<meta name=\"robots\" content=\"index, follow, max-snippet:-1, max-image-preview:large, max-video-preview:-1\" \/>\n<link rel=\"canonical\" href=\"https:\/\/konsumpf.de\/?p=6142\" \/>\n<meta property=\"og:locale\" content=\"de_DE\" \/>\n<meta property=\"og:type\" content=\"article\" \/>\n<meta property=\"og:title\" content=\"Flashmobs &amp; Carrotmobs \u2013 Proteste light? - Konsumpf - Forum f\u00fcr kreative Konsumkritik - Culture Jamming, Nachhaltigkeit, Konzernkritik, Adbusting\" \/>\n<meta property=\"og:description\" content=\"Letzte Woche verbreitete ich hier in meinem Blog ja die Infos zu dem Weltklimatag-Flashmob in Kiel (an dem ich auch teilnahm) und dem Carrotmob in Berlin. Nat\u00fcrlich stellte ich mir auch die Frage, welchen tieferen Sinn diese Aktionsformen haben. Auf der einen Seite ist es, ganz im Sinne der Situationisten, auf die sich auch Culture [&hellip;]\" \/>\n<meta property=\"og:url\" content=\"https:\/\/konsumpf.de\/?p=6142\" \/>\n<meta property=\"og:site_name\" content=\"Konsumpf - Forum f\u00fcr kreative Konsumkritik - Culture Jamming, Nachhaltigkeit, Konzernkritik, Adbusting\" \/>\n<meta property=\"article:published_time\" content=\"2009-10-29T08:41:00+00:00\" \/>\n<meta property=\"og:image\" content=\"http:\/\/konsumpf.de\/wp-content\/uploads\/2009\/10\/flashmob-eu_germany_kiel_weit4_klein-300x225.jpg\" \/>\n<meta name=\"author\" content=\"Peter M.\" \/>\n<meta name=\"twitter:card\" content=\"summary_large_image\" \/>\n<meta name=\"twitter:label1\" content=\"Verfasst von\" \/>\n\t<meta name=\"twitter:data1\" content=\"Peter M.\" \/>\n\t<meta name=\"twitter:label2\" content=\"Gesch\u00e4tzte Lesezeit\" \/>\n\t<meta name=\"twitter:data2\" content=\"2\u00a0Minuten\" \/>\n<script type=\"application\/ld+json\" class=\"yoast-schema-graph\">{\"@context\":\"https:\/\/schema.org\",\"@graph\":[{\"@type\":\"WebPage\",\"@id\":\"https:\/\/konsumpf.de\/?p=6142\",\"url\":\"https:\/\/konsumpf.de\/?p=6142\",\"name\":\"Flashmobs & Carrotmobs \u2013 Proteste light? - Konsumpf - Forum f\u00fcr kreative Konsumkritik - Culture Jamming, Nachhaltigkeit, Konzernkritik, Adbusting\",\"isPartOf\":{\"@id\":\"https:\/\/konsumpf.de\/#website\"},\"primaryImageOfPage\":{\"@id\":\"https:\/\/konsumpf.de\/?p=6142#primaryimage\"},\"image\":{\"@id\":\"https:\/\/konsumpf.de\/?p=6142#primaryimage\"},\"thumbnailUrl\":\"http:\/\/konsumpf.de\/wp-content\/uploads\/2009\/10\/flashmob-eu_germany_kiel_weit4_klein-300x225.jpg\",\"datePublished\":\"2009-10-29T08:41:00+00:00\",\"author\":{\"@id\":\"https:\/\/konsumpf.de\/#\/schema\/person\/e595a6d286b26994e7e0926d70699070\"},\"breadcrumb\":{\"@id\":\"https:\/\/konsumpf.de\/?p=6142#breadcrumb\"},\"inLanguage\":\"de\",\"potentialAction\":[{\"@type\":\"ReadAction\",\"target\":[\"https:\/\/konsumpf.de\/?p=6142\"]}]},{\"@type\":\"ImageObject\",\"inLanguage\":\"de\",\"@id\":\"https:\/\/konsumpf.de\/?p=6142#primaryimage\",\"url\":\"https:\/\/konsumpf.de\/wp-content\/uploads\/2009\/10\/flashmob-eu_germany_kiel_weit4_klein.jpg\",\"contentUrl\":\"https:\/\/konsumpf.de\/wp-content\/uploads\/2009\/10\/flashmob-eu_germany_kiel_weit4_klein.jpg\",\"width\":\"600\",\"height\":\"450\"},{\"@type\":\"BreadcrumbList\",\"@id\":\"https:\/\/konsumpf.de\/?p=6142#breadcrumb\",\"itemListElement\":[{\"@type\":\"ListItem\",\"position\":1,\"name\":\"Startseite\",\"item\":\"https:\/\/konsumpf.de\/\"},{\"@type\":\"ListItem\",\"position\":2,\"name\":\"Flashmobs &#038; Carrotmobs \u2013 Proteste light?\"}]},{\"@type\":\"WebSite\",\"@id\":\"https:\/\/konsumpf.de\/#website\",\"url\":\"https:\/\/konsumpf.de\/\",\"name\":\"Konsumpf - Forum f\u00fcr kreative Konsumkritik - Culture Jamming, Nachhaltigkeit, Konzernkritik, Adbusting\",\"description\":\"\",\"potentialAction\":[{\"@type\":\"SearchAction\",\"target\":{\"@type\":\"EntryPoint\",\"urlTemplate\":\"https:\/\/konsumpf.de\/?s={search_term_string}\"},\"query-input\":{\"@type\":\"PropertyValueSpecification\",\"valueRequired\":true,\"valueName\":\"search_term_string\"}}],\"inLanguage\":\"de\"},{\"@type\":\"Person\",\"@id\":\"https:\/\/konsumpf.de\/#\/schema\/person\/e595a6d286b26994e7e0926d70699070\",\"name\":\"Peter M.\",\"sameAs\":[\"http:\/\/konsumpf.de\"]}]}<\/script>\n<!-- \/ Yoast SEO plugin. -->","yoast_head_json":{"title":"Flashmobs & Carrotmobs \u2013 Proteste light? - Konsumpf - Forum f\u00fcr kreative Konsumkritik - Culture Jamming, Nachhaltigkeit, Konzernkritik, Adbusting","robots":{"index":"index","follow":"follow","max-snippet":"max-snippet:-1","max-image-preview":"max-image-preview:large","max-video-preview":"max-video-preview:-1"},"canonical":"https:\/\/konsumpf.de\/?p=6142","og_locale":"de_DE","og_type":"article","og_title":"Flashmobs & Carrotmobs \u2013 Proteste light? - Konsumpf - Forum f\u00fcr kreative Konsumkritik - Culture Jamming, Nachhaltigkeit, Konzernkritik, Adbusting","og_description":"Letzte Woche verbreitete ich hier in meinem Blog ja die Infos zu dem Weltklimatag-Flashmob in Kiel (an dem ich auch teilnahm) und dem Carrotmob in Berlin. Nat\u00fcrlich stellte ich mir auch die Frage, welchen tieferen Sinn diese Aktionsformen haben. Auf der einen Seite ist es, ganz im Sinne der Situationisten, auf die sich auch Culture [&hellip;]","og_url":"https:\/\/konsumpf.de\/?p=6142","og_site_name":"Konsumpf - Forum f\u00fcr kreative Konsumkritik - Culture Jamming, Nachhaltigkeit, Konzernkritik, Adbusting","article_published_time":"2009-10-29T08:41:00+00:00","og_image":[{"url":"http:\/\/konsumpf.de\/wp-content\/uploads\/2009\/10\/flashmob-eu_germany_kiel_weit4_klein-300x225.jpg","type":"","width":"","height":""}],"author":"Peter M.","twitter_card":"summary_large_image","twitter_misc":{"Verfasst von":"Peter M.","Gesch\u00e4tzte Lesezeit":"2\u00a0Minuten"},"schema":{"@context":"https:\/\/schema.org","@graph":[{"@type":"WebPage","@id":"https:\/\/konsumpf.de\/?p=6142","url":"https:\/\/konsumpf.de\/?p=6142","name":"Flashmobs & Carrotmobs \u2013 Proteste light? - Konsumpf - Forum f\u00fcr kreative Konsumkritik - Culture Jamming, Nachhaltigkeit, Konzernkritik, Adbusting","isPartOf":{"@id":"https:\/\/konsumpf.de\/#website"},"primaryImageOfPage":{"@id":"https:\/\/konsumpf.de\/?p=6142#primaryimage"},"image":{"@id":"https:\/\/konsumpf.de\/?p=6142#primaryimage"},"thumbnailUrl":"http:\/\/konsumpf.de\/wp-content\/uploads\/2009\/10\/flashmob-eu_germany_kiel_weit4_klein-300x225.jpg","datePublished":"2009-10-29T08:41:00+00:00","author":{"@id":"https:\/\/konsumpf.de\/#\/schema\/person\/e595a6d286b26994e7e0926d70699070"},"breadcrumb":{"@id":"https:\/\/konsumpf.de\/?p=6142#breadcrumb"},"inLanguage":"de","potentialAction":[{"@type":"ReadAction","target":["https:\/\/konsumpf.de\/?p=6142"]}]},{"@type":"ImageObject","inLanguage":"de","@id":"https:\/\/konsumpf.de\/?p=6142#primaryimage","url":"https:\/\/konsumpf.de\/wp-content\/uploads\/2009\/10\/flashmob-eu_germany_kiel_weit4_klein.jpg","contentUrl":"https:\/\/konsumpf.de\/wp-content\/uploads\/2009\/10\/flashmob-eu_germany_kiel_weit4_klein.jpg","width":"600","height":"450"},{"@type":"BreadcrumbList","@id":"https:\/\/konsumpf.de\/?p=6142#breadcrumb","itemListElement":[{"@type":"ListItem","position":1,"name":"Startseite","item":"https:\/\/konsumpf.de\/"},{"@type":"ListItem","position":2,"name":"Flashmobs &#038; Carrotmobs \u2013 Proteste light?"}]},{"@type":"WebSite","@id":"https:\/\/konsumpf.de\/#website","url":"https:\/\/konsumpf.de\/","name":"Konsumpf - Forum f\u00fcr kreative Konsumkritik - Culture Jamming, Nachhaltigkeit, Konzernkritik, Adbusting","description":"","potentialAction":[{"@type":"SearchAction","target":{"@type":"EntryPoint","urlTemplate":"https:\/\/konsumpf.de\/?s={search_term_string}"},"query-input":{"@type":"PropertyValueSpecification","valueRequired":true,"valueName":"search_term_string"}}],"inLanguage":"de"},{"@type":"Person","@id":"https:\/\/konsumpf.de\/#\/schema\/person\/e595a6d286b26994e7e0926d70699070","name":"Peter M.","sameAs":["http:\/\/konsumpf.de"]}]}},"_links":{"self":[{"href":"https:\/\/konsumpf.de\/index.php?rest_route=\/wp\/v2\/posts\/6142"}],"collection":[{"href":"https:\/\/konsumpf.de\/index.php?rest_route=\/wp\/v2\/posts"}],"about":[{"href":"https:\/\/konsumpf.de\/index.php?rest_route=\/wp\/v2\/types\/post"}],"author":[{"embeddable":true,"href":"https:\/\/konsumpf.de\/index.php?rest_route=\/wp\/v2\/users\/1"}],"replies":[{"embeddable":true,"href":"https:\/\/konsumpf.de\/index.php?rest_route=%2Fwp%2Fv2%2Fcomments&post=6142"}],"version-history":[{"count":6,"href":"https:\/\/konsumpf.de\/index.php?rest_route=\/wp\/v2\/posts\/6142\/revisions"}],"predecessor-version":[{"id":6149,"href":"https:\/\/konsumpf.de\/index.php?rest_route=\/wp\/v2\/posts\/6142\/revisions\/6149"}],"wp:attachment":[{"href":"https:\/\/konsumpf.de\/index.php?rest_route=%2Fwp%2Fv2%2Fmedia&parent=6142"}],"wp:term":[{"taxonomy":"category","embeddable":true,"href":"https:\/\/konsumpf.de\/index.php?rest_route=%2Fwp%2Fv2%2Fcategories&post=6142"},{"taxonomy":"post_tag","embeddable":true,"href":"https:\/\/konsumpf.de\/index.php?rest_route=%2Fwp%2Fv2%2Ftags&post=6142"}],"curies":[{"name":"wp","href":"https:\/\/api.w.org\/{rel}","templated":true}]}}