{"id":6095,"date":"2009-10-25T09:21:03","date_gmt":"2009-10-25T07:21:03","guid":{"rendered":"http:\/\/konsumpf.de\/?p=6095"},"modified":"2009-10-24T12:52:25","modified_gmt":"2009-10-24T10:52:25","slug":"billigtempel-am-pranger-%e2%80%93-neues-aus-der-schnappchenwelt","status":"publish","type":"post","link":"https:\/\/konsumpf.de\/?p=6095","title":{"rendered":"Billigtempel am Pranger \u2013 Neues aus der Schn\u00e4ppchenwelt"},"content":{"rendered":"<p><a href=\"http:\/\/konsumpf.de\/wp-content\/uploads\/2009\/10\/brennpunkt-2009-09-28_ccc_taz_aktionsz.jpg\"><img loading=\"lazy\" decoding=\"async\" class=\"alignright size-medium wp-image-6098\" title=\"brennpunkt-2009-09-28_ccc_taz_aktionsz\" src=\"http:\/\/konsumpf.de\/wp-content\/uploads\/2009\/10\/brennpunkt-2009-09-28_ccc_taz_aktionsz-300x289.jpg\" alt=\"brennpunkt-2009-09-28_ccc_taz_aktionsz\" width=\"245\" height=\"235\" srcset=\"https:\/\/konsumpf.de\/wp-content\/uploads\/2009\/10\/brennpunkt-2009-09-28_ccc_taz_aktionsz-300x289.jpg 300w, https:\/\/konsumpf.de\/wp-content\/uploads\/2009\/10\/brennpunkt-2009-09-28_ccc_taz_aktionsz.jpg 363w\" sizes=\"(max-width: 245px) 100vw, 245px\" \/><\/a>Es gibt mal wieder Neues an der Discounter-Widerstands-Front \u2013 w\u00e4hrend die Billigheimer weiterhin mit harten Bandagen und im Falle von Lidl nun auch mit sch\u00f6nf\u00e4rberischer, verlogener Fernsehreklame k\u00e4mpfen, wird dieser Preiskrieg um so mehr auf dem R\u00fccken von Angestellten und Zulieferern (und in letzter Konsequenz auf unser aller R\u00fccken) ausgetragen. So ist es erfreulich, dass auch der Widerstand gegen dieses Gesch\u00e4ftsmodell weiter w\u00e4chst. So gibt es eine neue Aktionszeitung der <strong>Kampagne f\u00fcr Saubere Kleidung<\/strong>: \u201e<a href=\"http:\/\/www.sauberekleidung.de\/2009\/ccc_09-09-28_ma_neue-aktionszeitung_brennpunkt.html\"><strong>Brennpunkt \u2013 Geiz war geil: Billigtempel am Pranger<\/strong><\/a>\u201c, die man sich (gegen R\u00fcckporto) bei der CIR bestellen kann (<a href=\"http:\/\/www.ci-romero.de\/material\/\">HIER<\/a>). Sie enth\u00e4lt eine ganze Menge interessanter Artikel, die vor allem die Zust\u00e4nde in den Herstellerl\u00e4ndern beleuchten und zeigen, wieso Aldi &amp; Co. so billig sein k\u00f6nnen:<\/p>\n<blockquote><p>In der\u00a0neuen Aktionszeitung der Kampagne f\u00fcr Saubere Kleidung gibt es aktuelle Informationen zu den Arbeitsbedingungen bei Aldi, Lidl und KiK.<\/p>\n<p>G\u00fcnther Wallraff schildert in seinem Artikel die Arbeitsbedingungen bei einem Lidl Zulieferbetrieb in Deutschland.<\/p>\n<p>Aber auch die Arbeitsbedingungen in den Zulieferbetrieben im S\u00fcden stehen im Fokus. Wie dort der tagt\u00e4gliche Arbeitskampf aussieht schildern Kamala Nehru und Usha Ravikumar, zwei Textilarbeiterinnen und NGO-Aktivistinnen aus Bangalore. Beide Frauen,\u00a0die zu Gast in Deutschland sind, informieren in\u00a0 Vortr\u00e4gen \u00fcber Arbeitsbedingungen und\u00a0Hungerl\u00f6hne\u00a0in Indien sowie \u00fcber die Asiatische\u00a0Grundlohnkampagne (AFW).<\/p>\n<p>Die Asiatische Grundlohnkampagne zeigt neue Wege auf, das weltweite Lohndumping\u00a0zu stoppen. Vorschl\u00e4ge wie AktivsitInnen hier aktiv werden, zeigt die Zeitung ebenfalls auf.<\/p><\/blockquote>\n<p>Von der KFSK stammt auch die neue <strong>Lidl-Adbusting-Kundenzeitung: \u201e<a href=\"http:\/\/www.sauberekleidung.de\/ccc-50_materialien\/ccc-51_aktionsmaterial.html#lidladbusting\">Lidl lohnt sich \u2013 nicht f\u00fcr MitarbeiterInnen<\/a>\u201c<\/strong>, die man sich direkt als pdf herunterladen kann (<a href=\"http:\/\/www.sauberekleidung.de\/downloads\/2009-06_Lidl_adbusting_mail.pdf\">HIER<\/a>):<\/p>\n<blockquote><p>Das etwas andere Faltblatt will verwirren, aufmerksam machen, informieren und zum aktiv werden anregen. Verbreitung tut gut. Denn mit fair ist es bei Lidl nicht weit her.<\/p>\n<p style=\"text-align: center;\"><a href=\"http:\/\/www.sauberekleidung.de\/downloads\/2009-06_Lidl_adbusting_mail.pdf\"><img loading=\"lazy\" decoding=\"async\" class=\"aligncenter size-full wp-image-6099\" title=\"2009-06_lidl_adbusing_1\" src=\"http:\/\/konsumpf.de\/wp-content\/uploads\/2009\/10\/2009-06_lidl_adbusing_1.jpg\" alt=\"2009-06_lidl_adbusing_1\" width=\"265\" height=\"188\" \/><\/a><\/p>\n<\/blockquote>\n<p style=\"text-align: left;\">Und dann hat <strong>Attac <\/strong>auch das neue <strong>Faltblatt \u201e<a href=\"http:\/\/shop.attac.de\/product_info.php?products_id=651\">Schn\u00e4ppchen weltweit<\/a>\u201c<\/strong> herausgebracht, das man f\u00fcr f\u00fcr 0 \u20ac im Attac-Shop \u201ekaufen\u201c kann (ich habe da auch mal angefragt, ob es eventuell eine M\u00f6glichkeit gibt, den Flyer auch als pdf zu bekommen, das w\u00fcrde das Procedere doch etwas vereinfachen):<\/p>\n<blockquote><p>&#8220;Nachrichten aus der Welt des Agrobusiness!&#8221; verspricht das im Stil eines Verramsch-Bl\u00e4ttchens aufgemachte Attac-Faltblatt. &#8220;Schn\u00e4ppchen weltweit &#8230;zwischen Supermarktregalen und Zapfs\u00e4ulen&#8221; stehen zum Verkauf, und wir erfahren, wer an Lebensmittelknappheit verdient, was Auto fahren mit Hunger zu tun hat, was der Klimawandel auch f\u00fcr die Nahrungsmittelproduktion f\u00fcr Auswirkungen hat, warum Milch hier spottbillig wird, w\u00e4hrend am anderen Ende der Welt die Getreidepreise explodieren und vieles mehr, kurz: Wie Hunger gemacht wird.<\/p>\n<p><a href=\"http:\/\/konsumpf.de\/wp-content\/uploads\/2009\/10\/attac-schnaeppchen-weltweit.jpg\"><img loading=\"lazy\" decoding=\"async\" class=\"aligncenter size-full wp-image-6100\" title=\"attac-schnaeppchen-weltweit\" src=\"http:\/\/konsumpf.de\/wp-content\/uploads\/2009\/10\/attac-schnaeppchen-weltweit.jpg\" alt=\"attac-schnaeppchen-weltweit\" width=\"424\" height=\"212\" srcset=\"https:\/\/konsumpf.de\/wp-content\/uploads\/2009\/10\/attac-schnaeppchen-weltweit.jpg 547w, https:\/\/konsumpf.de\/wp-content\/uploads\/2009\/10\/attac-schnaeppchen-weltweit-300x150.jpg 300w\" sizes=\"(max-width: 424px) 100vw, 424px\" \/><\/a><\/p><\/blockquote>\n<h3 class='related_post_title'>Verwandte Beitr\u00e4ge:<\/h3><ul class='related_post'><li><a href=\"http:\/\/konsumpf.de\/?p=12338\" title=\"Sch\u00f6nf\u00e4rberei konkret bei Discountern\">Sch\u00f6nf\u00e4rberei konkret bei Discountern<\/a><\/li><li><a href=\"http:\/\/konsumpf.de\/?p=14937\" title=\"Billig. Billiger. Banane.\">Billig. Billiger. Banane.<\/a><\/li><li><a href=\"http:\/\/konsumpf.de\/?p=10941\" title=\"Discounter: Reibach auf dem R\u00fccken der Menschen &#8211; Beispiel Netto\">Discounter: Reibach auf dem R\u00fccken der Menschen &#8211; Beispiel Netto<\/a><\/li><li><a href=\"http:\/\/konsumpf.de\/?p=8932\" title=\"Sch\u00f6n! F\u00e4rber! PR ist Augenwischerei\">Sch\u00f6n! F\u00e4rber! PR ist Augenwischerei<\/a><\/li><li><a href=\"http:\/\/konsumpf.de\/?p=8621\" title=\"Fernsehtipp: Hauptsache billig\">Fernsehtipp: Hauptsache billig<\/a><\/li><\/ul>","protected":false},"excerpt":{"rendered":"<p>Es gibt mal wieder Neues an der Discounter-Widerstands-Front \u2013 w\u00e4hrend die Billigheimer weiterhin mit harten Bandagen und im Falle von Lidl nun auch mit sch\u00f6nf\u00e4rberischer, verlogener Fernsehreklame k\u00e4mpfen, wird dieser Preiskrieg um so mehr auf dem R\u00fccken von Angestellten und Zulieferern (und in letzter Konsequenz auf unser aller R\u00fccken) ausgetragen. So ist es erfreulich, dass [&hellip;]<\/p>\n","protected":false},"author":1,"featured_media":0,"comment_status":"open","ping_status":"open","sticky":false,"template":"","format":"standard","meta":{"footnotes":""},"categories":[23,259,37,20,78],"tags":[25,90,483,1090,2860,193,24,935],"yoast_head":"<!-- This site is optimized with the Yoast SEO plugin v24.4 - https:\/\/yoast.com\/wordpress\/plugins\/seo\/ -->\n<title>Billigtempel am Pranger \u2013 Neues aus der Schn\u00e4ppchenwelt - Konsumpf - Forum f\u00fcr kreative Konsumkritik - Culture Jamming, Nachhaltigkeit, Konzernkritik, Adbusting<\/title>\n<meta name=\"robots\" content=\"index, follow, max-snippet:-1, max-image-preview:large, max-video-preview:-1\" \/>\n<link rel=\"canonical\" href=\"https:\/\/konsumpf.de\/?p=6095\" \/>\n<meta property=\"og:locale\" content=\"de_DE\" \/>\n<meta property=\"og:type\" content=\"article\" \/>\n<meta property=\"og:title\" content=\"Billigtempel am Pranger \u2013 Neues aus der Schn\u00e4ppchenwelt - Konsumpf - Forum f\u00fcr kreative Konsumkritik - Culture Jamming, Nachhaltigkeit, Konzernkritik, Adbusting\" \/>\n<meta property=\"og:description\" content=\"Es gibt mal wieder Neues an der Discounter-Widerstands-Front \u2013 w\u00e4hrend die Billigheimer weiterhin mit harten Bandagen und im Falle von Lidl nun auch mit sch\u00f6nf\u00e4rberischer, verlogener Fernsehreklame k\u00e4mpfen, wird dieser Preiskrieg um so mehr auf dem R\u00fccken von Angestellten und Zulieferern (und in letzter Konsequenz auf unser aller R\u00fccken) ausgetragen. So ist es erfreulich, dass [&hellip;]\" \/>\n<meta property=\"og:url\" content=\"https:\/\/konsumpf.de\/?p=6095\" \/>\n<meta property=\"og:site_name\" content=\"Konsumpf - Forum f\u00fcr kreative Konsumkritik - Culture Jamming, Nachhaltigkeit, Konzernkritik, Adbusting\" \/>\n<meta property=\"article:published_time\" content=\"2009-10-25T07:21:03+00:00\" \/>\n<meta property=\"og:image\" content=\"http:\/\/konsumpf.de\/wp-content\/uploads\/2009\/10\/brennpunkt-2009-09-28_ccc_taz_aktionsz-300x289.jpg\" \/>\n<meta name=\"author\" content=\"Peter M.\" \/>\n<meta name=\"twitter:card\" content=\"summary_large_image\" \/>\n<meta name=\"twitter:label1\" content=\"Verfasst von\" \/>\n\t<meta name=\"twitter:data1\" content=\"Peter M.\" \/>\n\t<meta name=\"twitter:label2\" content=\"Gesch\u00e4tzte Lesezeit\" \/>\n\t<meta name=\"twitter:data2\" content=\"2\u00a0Minuten\" \/>\n<script type=\"application\/ld+json\" class=\"yoast-schema-graph\">{\"@context\":\"https:\/\/schema.org\",\"@graph\":[{\"@type\":\"WebPage\",\"@id\":\"https:\/\/konsumpf.de\/?p=6095\",\"url\":\"https:\/\/konsumpf.de\/?p=6095\",\"name\":\"Billigtempel am Pranger \u2013 Neues aus der Schn\u00e4ppchenwelt - Konsumpf - Forum f\u00fcr kreative Konsumkritik - Culture Jamming, Nachhaltigkeit, Konzernkritik, Adbusting\",\"isPartOf\":{\"@id\":\"https:\/\/konsumpf.de\/#website\"},\"primaryImageOfPage\":{\"@id\":\"https:\/\/konsumpf.de\/?p=6095#primaryimage\"},\"image\":{\"@id\":\"https:\/\/konsumpf.de\/?p=6095#primaryimage\"},\"thumbnailUrl\":\"http:\/\/konsumpf.de\/wp-content\/uploads\/2009\/10\/brennpunkt-2009-09-28_ccc_taz_aktionsz-300x289.jpg\",\"datePublished\":\"2009-10-25T07:21:03+00:00\",\"author\":{\"@id\":\"https:\/\/konsumpf.de\/#\/schema\/person\/e595a6d286b26994e7e0926d70699070\"},\"breadcrumb\":{\"@id\":\"https:\/\/konsumpf.de\/?p=6095#breadcrumb\"},\"inLanguage\":\"de\",\"potentialAction\":[{\"@type\":\"ReadAction\",\"target\":[\"https:\/\/konsumpf.de\/?p=6095\"]}]},{\"@type\":\"ImageObject\",\"inLanguage\":\"de\",\"@id\":\"https:\/\/konsumpf.de\/?p=6095#primaryimage\",\"url\":\"https:\/\/konsumpf.de\/wp-content\/uploads\/2009\/10\/brennpunkt-2009-09-28_ccc_taz_aktionsz.jpg\",\"contentUrl\":\"https:\/\/konsumpf.de\/wp-content\/uploads\/2009\/10\/brennpunkt-2009-09-28_ccc_taz_aktionsz.jpg\",\"width\":\"363\",\"height\":\"350\"},{\"@type\":\"BreadcrumbList\",\"@id\":\"https:\/\/konsumpf.de\/?p=6095#breadcrumb\",\"itemListElement\":[{\"@type\":\"ListItem\",\"position\":1,\"name\":\"Startseite\",\"item\":\"https:\/\/konsumpf.de\/\"},{\"@type\":\"ListItem\",\"position\":2,\"name\":\"Billigtempel am Pranger \u2013 Neues aus der Schn\u00e4ppchenwelt\"}]},{\"@type\":\"WebSite\",\"@id\":\"https:\/\/konsumpf.de\/#website\",\"url\":\"https:\/\/konsumpf.de\/\",\"name\":\"Konsumpf - Forum f\u00fcr kreative Konsumkritik - Culture Jamming, Nachhaltigkeit, Konzernkritik, Adbusting\",\"description\":\"\",\"potentialAction\":[{\"@type\":\"SearchAction\",\"target\":{\"@type\":\"EntryPoint\",\"urlTemplate\":\"https:\/\/konsumpf.de\/?s={search_term_string}\"},\"query-input\":{\"@type\":\"PropertyValueSpecification\",\"valueRequired\":true,\"valueName\":\"search_term_string\"}}],\"inLanguage\":\"de\"},{\"@type\":\"Person\",\"@id\":\"https:\/\/konsumpf.de\/#\/schema\/person\/e595a6d286b26994e7e0926d70699070\",\"name\":\"Peter M.\",\"sameAs\":[\"http:\/\/konsumpf.de\"]}]}<\/script>\n<!-- \/ Yoast SEO plugin. -->","yoast_head_json":{"title":"Billigtempel am Pranger \u2013 Neues aus der Schn\u00e4ppchenwelt - Konsumpf - Forum f\u00fcr kreative Konsumkritik - Culture Jamming, Nachhaltigkeit, Konzernkritik, Adbusting","robots":{"index":"index","follow":"follow","max-snippet":"max-snippet:-1","max-image-preview":"max-image-preview:large","max-video-preview":"max-video-preview:-1"},"canonical":"https:\/\/konsumpf.de\/?p=6095","og_locale":"de_DE","og_type":"article","og_title":"Billigtempel am Pranger \u2013 Neues aus der Schn\u00e4ppchenwelt - Konsumpf - Forum f\u00fcr kreative Konsumkritik - Culture Jamming, Nachhaltigkeit, Konzernkritik, Adbusting","og_description":"Es gibt mal wieder Neues an der Discounter-Widerstands-Front \u2013 w\u00e4hrend die Billigheimer weiterhin mit harten Bandagen und im Falle von Lidl nun auch mit sch\u00f6nf\u00e4rberischer, verlogener Fernsehreklame k\u00e4mpfen, wird dieser Preiskrieg um so mehr auf dem R\u00fccken von Angestellten und Zulieferern (und in letzter Konsequenz auf unser aller R\u00fccken) ausgetragen. So ist es erfreulich, dass [&hellip;]","og_url":"https:\/\/konsumpf.de\/?p=6095","og_site_name":"Konsumpf - Forum f\u00fcr kreative Konsumkritik - Culture Jamming, Nachhaltigkeit, Konzernkritik, Adbusting","article_published_time":"2009-10-25T07:21:03+00:00","og_image":[{"url":"http:\/\/konsumpf.de\/wp-content\/uploads\/2009\/10\/brennpunkt-2009-09-28_ccc_taz_aktionsz-300x289.jpg","type":"","width":"","height":""}],"author":"Peter M.","twitter_card":"summary_large_image","twitter_misc":{"Verfasst von":"Peter M.","Gesch\u00e4tzte Lesezeit":"2\u00a0Minuten"},"schema":{"@context":"https:\/\/schema.org","@graph":[{"@type":"WebPage","@id":"https:\/\/konsumpf.de\/?p=6095","url":"https:\/\/konsumpf.de\/?p=6095","name":"Billigtempel am Pranger \u2013 Neues aus der Schn\u00e4ppchenwelt - Konsumpf - Forum f\u00fcr kreative Konsumkritik - Culture Jamming, Nachhaltigkeit, Konzernkritik, Adbusting","isPartOf":{"@id":"https:\/\/konsumpf.de\/#website"},"primaryImageOfPage":{"@id":"https:\/\/konsumpf.de\/?p=6095#primaryimage"},"image":{"@id":"https:\/\/konsumpf.de\/?p=6095#primaryimage"},"thumbnailUrl":"http:\/\/konsumpf.de\/wp-content\/uploads\/2009\/10\/brennpunkt-2009-09-28_ccc_taz_aktionsz-300x289.jpg","datePublished":"2009-10-25T07:21:03+00:00","author":{"@id":"https:\/\/konsumpf.de\/#\/schema\/person\/e595a6d286b26994e7e0926d70699070"},"breadcrumb":{"@id":"https:\/\/konsumpf.de\/?p=6095#breadcrumb"},"inLanguage":"de","potentialAction":[{"@type":"ReadAction","target":["https:\/\/konsumpf.de\/?p=6095"]}]},{"@type":"ImageObject","inLanguage":"de","@id":"https:\/\/konsumpf.de\/?p=6095#primaryimage","url":"https:\/\/konsumpf.de\/wp-content\/uploads\/2009\/10\/brennpunkt-2009-09-28_ccc_taz_aktionsz.jpg","contentUrl":"https:\/\/konsumpf.de\/wp-content\/uploads\/2009\/10\/brennpunkt-2009-09-28_ccc_taz_aktionsz.jpg","width":"363","height":"350"},{"@type":"BreadcrumbList","@id":"https:\/\/konsumpf.de\/?p=6095#breadcrumb","itemListElement":[{"@type":"ListItem","position":1,"name":"Startseite","item":"https:\/\/konsumpf.de\/"},{"@type":"ListItem","position":2,"name":"Billigtempel am Pranger \u2013 Neues aus der Schn\u00e4ppchenwelt"}]},{"@type":"WebSite","@id":"https:\/\/konsumpf.de\/#website","url":"https:\/\/konsumpf.de\/","name":"Konsumpf - Forum f\u00fcr kreative Konsumkritik - Culture Jamming, Nachhaltigkeit, Konzernkritik, Adbusting","description":"","potentialAction":[{"@type":"SearchAction","target":{"@type":"EntryPoint","urlTemplate":"https:\/\/konsumpf.de\/?s={search_term_string}"},"query-input":{"@type":"PropertyValueSpecification","valueRequired":true,"valueName":"search_term_string"}}],"inLanguage":"de"},{"@type":"Person","@id":"https:\/\/konsumpf.de\/#\/schema\/person\/e595a6d286b26994e7e0926d70699070","name":"Peter M.","sameAs":["http:\/\/konsumpf.de"]}]}},"_links":{"self":[{"href":"https:\/\/konsumpf.de\/index.php?rest_route=\/wp\/v2\/posts\/6095"}],"collection":[{"href":"https:\/\/konsumpf.de\/index.php?rest_route=\/wp\/v2\/posts"}],"about":[{"href":"https:\/\/konsumpf.de\/index.php?rest_route=\/wp\/v2\/types\/post"}],"author":[{"embeddable":true,"href":"https:\/\/konsumpf.de\/index.php?rest_route=\/wp\/v2\/users\/1"}],"replies":[{"embeddable":true,"href":"https:\/\/konsumpf.de\/index.php?rest_route=%2Fwp%2Fv2%2Fcomments&post=6095"}],"version-history":[{"count":5,"href":"https:\/\/konsumpf.de\/index.php?rest_route=\/wp\/v2\/posts\/6095\/revisions"}],"predecessor-version":[{"id":6103,"href":"https:\/\/konsumpf.de\/index.php?rest_route=\/wp\/v2\/posts\/6095\/revisions\/6103"}],"wp:attachment":[{"href":"https:\/\/konsumpf.de\/index.php?rest_route=%2Fwp%2Fv2%2Fmedia&parent=6095"}],"wp:term":[{"taxonomy":"category","embeddable":true,"href":"https:\/\/konsumpf.de\/index.php?rest_route=%2Fwp%2Fv2%2Fcategories&post=6095"},{"taxonomy":"post_tag","embeddable":true,"href":"https:\/\/konsumpf.de\/index.php?rest_route=%2Fwp%2Fv2%2Ftags&post=6095"}],"curies":[{"name":"wp","href":"https:\/\/api.w.org\/{rel}","templated":true}]}}